{"id":6753,"date":"2023-10-06T20:42:07","date_gmt":"2023-10-06T18:42:07","guid":{"rendered":"https:\/\/pscsvh.com\/ciutats-defensores-dels-drets-humans\/"},"modified":"2023-11-21T12:28:36","modified_gmt":"2023-11-21T11:28:36","slug":"ciutats-defensores-dels-drets-humans","status":"publish","type":"post","link":"https:\/\/pscsvh.com\/ca\/ciutats-defensores-dels-drets-humans\/","title":{"rendered":"Ciutats defensores dels drets humans"},"content":{"rendered":"\n<p>Aquesta tarda hem conegut les experi\u00e8ncies de les activistes Diana i Adenike, gr\u00e0cies al programa de les ciutats defensores dels drets humans.<\/p>\n\n<p>L&#8217;alcalde Miguel Comino al mat\u00ed va tenir l&#8217;oportunitat de participar a la inauguraci\u00f3 de la remodelaci\u00f3 del Taller Ocupacional de la Fundaci\u00f3 Iris.<\/p>\n\n<p>Moltes felicitats pel resultat i moltes gr\u00e0cies per la gran tasca social que feu!<\/p>\n\n<p><\/p>\n\n<figure class=\"wp-block-gallery has-nested-images columns-default is-cropped wp-block-gallery-1 is-layout-flex wp-block-gallery-is-layout-flex\">\n<figure class=\"wp-block-image size-large\"><a href=\"https:\/\/pscsvh.com\/wp-content\/uploads\/2023\/10\/08-1.jpg\"><img loading=\"lazy\" decoding=\"async\" width=\"1024\" height=\"683\" data-id=\"6661\" src=\"https:\/\/pscsvh.com\/wp-content\/uploads\/2023\/10\/08-1-1024x683.jpg\" alt=\"\" class=\"wp-image-6661\" srcset=\"https:\/\/pscsvh.com\/wp-content\/uploads\/2023\/10\/08-1-1024x683.jpg 1024w, https:\/\/pscsvh.com\/wp-content\/uploads\/2023\/10\/08-1-300x200.jpg 300w, https:\/\/pscsvh.com\/wp-content\/uploads\/2023\/10\/08-1-768x512.jpg 768w, https:\/\/pscsvh.com\/wp-content\/uploads\/2023\/10\/08-1.jpg 1440w\" sizes=\"auto, (max-width: 1024px) 100vw, 1024px\" \/><\/a><\/figure>\n\n\n\n<figure class=\"wp-block-image size-large\"><a href=\"https:\/\/pscsvh.com\/wp-content\/uploads\/2023\/10\/07-3.jpg\"><img loading=\"lazy\" decoding=\"async\" width=\"1024\" height=\"683\" data-id=\"6669\" src=\"https:\/\/pscsvh.com\/wp-content\/uploads\/2023\/10\/07-3-1024x683.jpg\" alt=\"\" class=\"wp-image-6669\" srcset=\"https:\/\/pscsvh.com\/wp-content\/uploads\/2023\/10\/07-3-1024x683.jpg 1024w, https:\/\/pscsvh.com\/wp-content\/uploads\/2023\/10\/07-3-300x200.jpg 300w, https:\/\/pscsvh.com\/wp-content\/uploads\/2023\/10\/07-3-768x512.jpg 768w, https:\/\/pscsvh.com\/wp-content\/uploads\/2023\/10\/07-3.jpg 1440w\" sizes=\"auto, (max-width: 1024px) 100vw, 1024px\" \/><\/a><\/figure>\n\n\n\n<figure class=\"wp-block-image size-large\"><a href=\"https:\/\/pscsvh.com\/wp-content\/uploads\/2023\/10\/06-4.jpg\"><img loading=\"lazy\" decoding=\"async\" width=\"1024\" height=\"683\" data-id=\"6671\" src=\"https:\/\/pscsvh.com\/wp-content\/uploads\/2023\/10\/06-4-1024x683.jpg\" alt=\"\" class=\"wp-image-6671\" srcset=\"https:\/\/pscsvh.com\/wp-content\/uploads\/2023\/10\/06-4-1024x683.jpg 1024w, https:\/\/pscsvh.com\/wp-content\/uploads\/2023\/10\/06-4-300x200.jpg 300w, https:\/\/pscsvh.com\/wp-content\/uploads\/2023\/10\/06-4-768x513.jpg 768w, https:\/\/pscsvh.com\/wp-content\/uploads\/2023\/10\/06-4.jpg 1440w\" sizes=\"auto, (max-width: 1024px) 100vw, 1024px\" \/><\/a><\/figure>\n\n\n\n<figure class=\"wp-block-image size-large\"><a href=\"https:\/\/pscsvh.com\/wp-content\/uploads\/2023\/10\/05-5.jpg\"><img loading=\"lazy\" decoding=\"async\" width=\"1024\" height=\"683\" data-id=\"6663\" src=\"https:\/\/pscsvh.com\/wp-content\/uploads\/2023\/10\/05-5-1024x683.jpg\" alt=\"\" class=\"wp-image-6663\" srcset=\"https:\/\/pscsvh.com\/wp-content\/uploads\/2023\/10\/05-5-1024x683.jpg 1024w, https:\/\/pscsvh.com\/wp-content\/uploads\/2023\/10\/05-5-300x200.jpg 300w, https:\/\/pscsvh.com\/wp-content\/uploads\/2023\/10\/05-5-768x512.jpg 768w, https:\/\/pscsvh.com\/wp-content\/uploads\/2023\/10\/05-5.jpg 1440w\" sizes=\"auto, (max-width: 1024px) 100vw, 1024px\" \/><\/a><\/figure>\n\n\n\n<figure class=\"wp-block-image size-large\"><a href=\"https:\/\/pscsvh.com\/wp-content\/uploads\/2023\/10\/04-6.jpg\"><img loading=\"lazy\" decoding=\"async\" width=\"1024\" height=\"682\" data-id=\"6665\" src=\"https:\/\/pscsvh.com\/wp-content\/uploads\/2023\/10\/04-6-1024x682.jpg\" alt=\"\" class=\"wp-image-6665\" srcset=\"https:\/\/pscsvh.com\/wp-content\/uploads\/2023\/10\/04-6-1024x682.jpg 1024w, https:\/\/pscsvh.com\/wp-content\/uploads\/2023\/10\/04-6-300x200.jpg 300w, https:\/\/pscsvh.com\/wp-content\/uploads\/2023\/10\/04-6-768x511.jpg 768w, https:\/\/pscsvh.com\/wp-content\/uploads\/2023\/10\/04-6.jpg 1440w\" sizes=\"auto, (max-width: 1024px) 100vw, 1024px\" \/><\/a><\/figure>\n\n\n\n<figure class=\"wp-block-image size-large\"><a href=\"https:\/\/pscsvh.com\/wp-content\/uploads\/2023\/10\/03-7.jpg\"><img loading=\"lazy\" decoding=\"async\" width=\"1024\" height=\"683\" data-id=\"6659\" src=\"https:\/\/pscsvh.com\/wp-content\/uploads\/2023\/10\/03-7-1024x683.jpg\" alt=\"\" class=\"wp-image-6659\" srcset=\"https:\/\/pscsvh.com\/wp-content\/uploads\/2023\/10\/03-7-1024x683.jpg 1024w, https:\/\/pscsvh.com\/wp-content\/uploads\/2023\/10\/03-7-300x200.jpg 300w, https:\/\/pscsvh.com\/wp-content\/uploads\/2023\/10\/03-7-768x512.jpg 768w, https:\/\/pscsvh.com\/wp-content\/uploads\/2023\/10\/03-7.jpg 1440w\" sizes=\"auto, (max-width: 1024px) 100vw, 1024px\" \/><\/a><\/figure>\n\n\n\n<figure class=\"wp-block-image size-large\"><a href=\"https:\/\/pscsvh.com\/wp-content\/uploads\/2023\/10\/02-7.jpg\"><img loading=\"lazy\" decoding=\"async\" width=\"1024\" height=\"682\" data-id=\"6666\" src=\"https:\/\/pscsvh.com\/wp-content\/uploads\/2023\/10\/02-7-1024x682.jpg\" alt=\"\" class=\"wp-image-6666\" srcset=\"https:\/\/pscsvh.com\/wp-content\/uploads\/2023\/10\/02-7-1024x682.jpg 1024w, https:\/\/pscsvh.com\/wp-content\/uploads\/2023\/10\/02-7-300x200.jpg 300w, https:\/\/pscsvh.com\/wp-content\/uploads\/2023\/10\/02-7-768x511.jpg 768w, https:\/\/pscsvh.com\/wp-content\/uploads\/2023\/10\/02-7.jpg 1440w\" sizes=\"auto, (max-width: 1024px) 100vw, 1024px\" \/><\/a><\/figure>\n<\/figure>\n","protected":false},"excerpt":{"rendered":"<p>Aquesta tarda hem conegut les experi\u00e8ncies de les activistes Diana i Adenike, gr\u00e0cies al programa de les ciutats defensores dels drets humans.<\/p>\n","protected":false},"author":2,"featured_media":6668,"comment_status":"open","ping_status":"closed","sticky":false,"template":"","format":"standard","meta":{"_citadela_custom_class":"","footnotes":""},"categories":[347],"tags":[],"citadela-post-location":[42],"class_list":["post-6753","post","type-post","status-publish","format-standard","has-post-thumbnail","hentry","category-cultura-ca"],"yoast_head":"<!-- This site is optimized with the Yoast SEO plugin v24.7 - https:\/\/yoast.com\/wordpress\/plugins\/seo\/ -->\n<title>Ciutats defensores dels drets humans - PSC SVH<\/title>\n<meta name=\"description\" content=\"Ciutats defensores dels drets humans. Aquesta tarda hem conegut les experi\u00e8ncies de les activistes Diana i Adenike, gr\u00e0cies al programa de les ciutats defensores dels drets humans.\" \/>\n<meta name=\"robots\" content=\"index, follow, max-snippet:-1, max-image-preview:large, max-video-preview:-1\" \/>\n<link rel=\"canonical\" href=\"https:\/\/pscsvh.com\/ca\/ciutats-defensores-dels-drets-humans\/\" \/>\n<meta property=\"og:locale\" content=\"ca_ES\" \/>\n<meta property=\"og:type\" content=\"article\" \/>\n<meta property=\"og:title\" content=\"Ciutats defensores dels drets humans - PSC SVH\" \/>\n<meta property=\"og:description\" content=\"Ciutats defensores dels drets humans. Aquesta tarda hem conegut les experi\u00e8ncies de les activistes Diana i Adenike, gr\u00e0cies al programa de les ciutats defensores dels drets humans.\" \/>\n<meta property=\"og:url\" content=\"https:\/\/pscsvh.com\/ca\/ciutats-defensores-dels-drets-humans\/\" \/>\n<meta property=\"og:site_name\" content=\"PSC SVH\" \/>\n<meta property=\"article:published_time\" content=\"2023-10-06T18:42:07+00:00\" \/>\n<meta property=\"article:modified_time\" content=\"2023-11-21T11:28:36+00:00\" \/>\n<meta property=\"og:image\" content=\"https:\/\/pscsvh.com\/wp-content\/uploads\/2023\/10\/02-7.jpg\" \/>\n\t<meta property=\"og:image:width\" content=\"1440\" \/>\n\t<meta property=\"og:image:height\" content=\"959\" \/>\n\t<meta property=\"og:image:type\" content=\"image\/jpeg\" \/>\n<meta name=\"author\" content=\"PSC SVH\" \/>\n<meta name=\"twitter:card\" content=\"summary_large_image\" \/>\n<meta name=\"twitter:label1\" content=\"Escrit per\" \/>\n\t<meta name=\"twitter:data1\" content=\"PSC SVH\" \/>\n<script type=\"application\/ld+json\" class=\"yoast-schema-graph\">{\"@context\":\"https:\/\/schema.org\",\"@graph\":[{\"@type\":\"Article\",\"@id\":\"https:\/\/pscsvh.com\/ca\/ciutats-defensores-dels-drets-humans\/#article\",\"isPartOf\":{\"@id\":\"https:\/\/pscsvh.com\/ca\/ciutats-defensores-dels-drets-humans\/\"},\"author\":{\"name\":\"PSC SVH\",\"@id\":\"https:\/\/pscsvh.com\/ca\/#\/schema\/person\/6ad2cedf14b82878e2897de3ed64f1f9\"},\"headline\":\"Ciutats defensores dels drets humans\",\"datePublished\":\"2023-10-06T18:42:07+00:00\",\"dateModified\":\"2023-11-21T11:28:36+00:00\",\"mainEntityOfPage\":{\"@id\":\"https:\/\/pscsvh.com\/ca\/ciutats-defensores-dels-drets-humans\/\"},\"wordCount\":69,\"commentCount\":0,\"publisher\":{\"@id\":\"https:\/\/pscsvh.com\/ca\/#organization\"},\"image\":{\"@id\":\"https:\/\/pscsvh.com\/ca\/ciutats-defensores-dels-drets-humans\/#primaryimage\"},\"thumbnailUrl\":\"https:\/\/pscsvh.com\/wp-content\/uploads\/2023\/10\/02-7.jpg\",\"articleSection\":[\"Cultura\"],\"inLanguage\":\"ca\",\"potentialAction\":[{\"@type\":\"CommentAction\",\"name\":\"Comment\",\"target\":[\"https:\/\/pscsvh.com\/ca\/ciutats-defensores-dels-drets-humans\/#respond\"]}]},{\"@type\":\"WebPage\",\"@id\":\"https:\/\/pscsvh.com\/ca\/ciutats-defensores-dels-drets-humans\/\",\"url\":\"https:\/\/pscsvh.com\/ca\/ciutats-defensores-dels-drets-humans\/\",\"name\":\"Ciutats defensores dels drets humans - PSC SVH\",\"isPartOf\":{\"@id\":\"https:\/\/pscsvh.com\/ca\/#website\"},\"primaryImageOfPage\":{\"@id\":\"https:\/\/pscsvh.com\/ca\/ciutats-defensores-dels-drets-humans\/#primaryimage\"},\"image\":{\"@id\":\"https:\/\/pscsvh.com\/ca\/ciutats-defensores-dels-drets-humans\/#primaryimage\"},\"thumbnailUrl\":\"https:\/\/pscsvh.com\/wp-content\/uploads\/2023\/10\/02-7.jpg\",\"datePublished\":\"2023-10-06T18:42:07+00:00\",\"dateModified\":\"2023-11-21T11:28:36+00:00\",\"description\":\"Ciutats defensores dels drets humans. Aquesta tarda hem conegut les experi\u00e8ncies de les activistes Diana i Adenike, gr\u00e0cies al programa de les ciutats defensores dels drets humans.\",\"breadcrumb\":{\"@id\":\"https:\/\/pscsvh.com\/ca\/ciutats-defensores-dels-drets-humans\/#breadcrumb\"},\"inLanguage\":\"ca\",\"potentialAction\":[{\"@type\":\"ReadAction\",\"target\":[\"https:\/\/pscsvh.com\/ca\/ciutats-defensores-dels-drets-humans\/\"]}]},{\"@type\":\"ImageObject\",\"inLanguage\":\"ca\",\"@id\":\"https:\/\/pscsvh.com\/ca\/ciutats-defensores-dels-drets-humans\/#primaryimage\",\"url\":\"https:\/\/pscsvh.com\/wp-content\/uploads\/2023\/10\/02-7.jpg\",\"contentUrl\":\"https:\/\/pscsvh.com\/wp-content\/uploads\/2023\/10\/02-7.jpg\",\"width\":1440,\"height\":959,\"caption\":\"Esta tarde hemos conocido las experiencias de las activistas Diana y Adenike, gracias al programa de las Ciudades defensoras de los derechos humanos.\"},{\"@type\":\"BreadcrumbList\",\"@id\":\"https:\/\/pscsvh.com\/ca\/ciutats-defensores-dels-drets-humans\/#breadcrumb\",\"itemListElement\":[{\"@type\":\"ListItem\",\"position\":1,\"name\":\"Portada\",\"item\":\"https:\/\/pscsvh.com\/ca\/\"},{\"@type\":\"ListItem\",\"position\":2,\"name\":\"Ciutats defensores dels drets humans\"}]},{\"@type\":\"WebSite\",\"@id\":\"https:\/\/pscsvh.com\/ca\/#website\",\"url\":\"https:\/\/pscsvh.com\/ca\/\",\"name\":\"PSC SVH\",\"description\":\"El cambio que suma\",\"publisher\":{\"@id\":\"https:\/\/pscsvh.com\/ca\/#organization\"},\"potentialAction\":[{\"@type\":\"SearchAction\",\"target\":{\"@type\":\"EntryPoint\",\"urlTemplate\":\"https:\/\/pscsvh.com\/ca\/?s={search_term_string}\"},\"query-input\":{\"@type\":\"PropertyValueSpecification\",\"valueRequired\":true,\"valueName\":\"search_term_string\"}}],\"inLanguage\":\"ca\"},{\"@type\":\"Organization\",\"@id\":\"https:\/\/pscsvh.com\/ca\/#organization\",\"name\":\"PSC SVH\",\"url\":\"https:\/\/pscsvh.com\/ca\/\",\"logo\":{\"@type\":\"ImageObject\",\"inLanguage\":\"ca\",\"@id\":\"https:\/\/pscsvh.com\/ca\/#\/schema\/logo\/image\/\",\"url\":\"https:\/\/pscsvh.com\/wp-content\/uploads\/2022\/06\/cropped-Logo_SVh2-300x158-1.png\",\"contentUrl\":\"https:\/\/pscsvh.com\/wp-content\/uploads\/2022\/06\/cropped-Logo_SVh2-300x158-1.png\",\"width\":300,\"height\":158,\"caption\":\"PSC SVH\"},\"image\":{\"@id\":\"https:\/\/pscsvh.com\/ca\/#\/schema\/logo\/image\/\"}},{\"@type\":\"Person\",\"@id\":\"https:\/\/pscsvh.com\/ca\/#\/schema\/person\/6ad2cedf14b82878e2897de3ed64f1f9\",\"name\":\"PSC SVH\",\"image\":{\"@type\":\"ImageObject\",\"inLanguage\":\"ca\",\"@id\":\"https:\/\/pscsvh.com\/ca\/#\/schema\/person\/image\/\",\"url\":\"https:\/\/secure.gravatar.com\/avatar\/a019c39072cc7d669be4d6e2cda099b4e834789e55938a3ec58bef829a37db42?s=96&d=mm&r=g\",\"contentUrl\":\"https:\/\/secure.gravatar.com\/avatar\/a019c39072cc7d669be4d6e2cda099b4e834789e55938a3ec58bef829a37db42?s=96&d=mm&r=g\",\"caption\":\"PSC SVH\"},\"url\":\"https:\/\/pscsvh.com\/ca\/author\/admin-2\/\"}]}<\/script>\n<!-- \/ Yoast SEO plugin. -->","yoast_head_json":{"title":"Ciutats defensores dels drets humans - PSC SVH","description":"Ciutats defensores dels drets humans. Aquesta tarda hem conegut les experi\u00e8ncies de les activistes Diana i Adenike, gr\u00e0cies al programa de les ciutats defensores dels drets humans.","robots":{"index":"index","follow":"follow","max-snippet":"max-snippet:-1","max-image-preview":"max-image-preview:large","max-video-preview":"max-video-preview:-1"},"canonical":"https:\/\/pscsvh.com\/ca\/ciutats-defensores-dels-drets-humans\/","og_locale":"ca_ES","og_type":"article","og_title":"Ciutats defensores dels drets humans - PSC SVH","og_description":"Ciutats defensores dels drets humans. Aquesta tarda hem conegut les experi\u00e8ncies de les activistes Diana i Adenike, gr\u00e0cies al programa de les ciutats defensores dels drets humans.","og_url":"https:\/\/pscsvh.com\/ca\/ciutats-defensores-dels-drets-humans\/","og_site_name":"PSC SVH","article_published_time":"2023-10-06T18:42:07+00:00","article_modified_time":"2023-11-21T11:28:36+00:00","og_image":[{"width":1440,"height":959,"url":"https:\/\/pscsvh.com\/wp-content\/uploads\/2023\/10\/02-7.jpg","type":"image\/jpeg"}],"author":"PSC SVH","twitter_card":"summary_large_image","twitter_misc":{"Escrit per":"PSC SVH"},"schema":{"@context":"https:\/\/schema.org","@graph":[{"@type":"Article","@id":"https:\/\/pscsvh.com\/ca\/ciutats-defensores-dels-drets-humans\/#article","isPartOf":{"@id":"https:\/\/pscsvh.com\/ca\/ciutats-defensores-dels-drets-humans\/"},"author":{"name":"PSC SVH","@id":"https:\/\/pscsvh.com\/ca\/#\/schema\/person\/6ad2cedf14b82878e2897de3ed64f1f9"},"headline":"Ciutats defensores dels drets humans","datePublished":"2023-10-06T18:42:07+00:00","dateModified":"2023-11-21T11:28:36+00:00","mainEntityOfPage":{"@id":"https:\/\/pscsvh.com\/ca\/ciutats-defensores-dels-drets-humans\/"},"wordCount":69,"commentCount":0,"publisher":{"@id":"https:\/\/pscsvh.com\/ca\/#organization"},"image":{"@id":"https:\/\/pscsvh.com\/ca\/ciutats-defensores-dels-drets-humans\/#primaryimage"},"thumbnailUrl":"https:\/\/pscsvh.com\/wp-content\/uploads\/2023\/10\/02-7.jpg","articleSection":["Cultura"],"inLanguage":"ca","potentialAction":[{"@type":"CommentAction","name":"Comment","target":["https:\/\/pscsvh.com\/ca\/ciutats-defensores-dels-drets-humans\/#respond"]}]},{"@type":"WebPage","@id":"https:\/\/pscsvh.com\/ca\/ciutats-defensores-dels-drets-humans\/","url":"https:\/\/pscsvh.com\/ca\/ciutats-defensores-dels-drets-humans\/","name":"Ciutats defensores dels drets humans - PSC SVH","isPartOf":{"@id":"https:\/\/pscsvh.com\/ca\/#website"},"primaryImageOfPage":{"@id":"https:\/\/pscsvh.com\/ca\/ciutats-defensores-dels-drets-humans\/#primaryimage"},"image":{"@id":"https:\/\/pscsvh.com\/ca\/ciutats-defensores-dels-drets-humans\/#primaryimage"},"thumbnailUrl":"https:\/\/pscsvh.com\/wp-content\/uploads\/2023\/10\/02-7.jpg","datePublished":"2023-10-06T18:42:07+00:00","dateModified":"2023-11-21T11:28:36+00:00","description":"Ciutats defensores dels drets humans. Aquesta tarda hem conegut les experi\u00e8ncies de les activistes Diana i Adenike, gr\u00e0cies al programa de les ciutats defensores dels drets humans.","breadcrumb":{"@id":"https:\/\/pscsvh.com\/ca\/ciutats-defensores-dels-drets-humans\/#breadcrumb"},"inLanguage":"ca","potentialAction":[{"@type":"ReadAction","target":["https:\/\/pscsvh.com\/ca\/ciutats-defensores-dels-drets-humans\/"]}]},{"@type":"ImageObject","inLanguage":"ca","@id":"https:\/\/pscsvh.com\/ca\/ciutats-defensores-dels-drets-humans\/#primaryimage","url":"https:\/\/pscsvh.com\/wp-content\/uploads\/2023\/10\/02-7.jpg","contentUrl":"https:\/\/pscsvh.com\/wp-content\/uploads\/2023\/10\/02-7.jpg","width":1440,"height":959,"caption":"Esta tarde hemos conocido las experiencias de las activistas Diana y Adenike, gracias al programa de las Ciudades defensoras de los derechos humanos."},{"@type":"BreadcrumbList","@id":"https:\/\/pscsvh.com\/ca\/ciutats-defensores-dels-drets-humans\/#breadcrumb","itemListElement":[{"@type":"ListItem","position":1,"name":"Portada","item":"https:\/\/pscsvh.com\/ca\/"},{"@type":"ListItem","position":2,"name":"Ciutats defensores dels drets humans"}]},{"@type":"WebSite","@id":"https:\/\/pscsvh.com\/ca\/#website","url":"https:\/\/pscsvh.com\/ca\/","name":"PSC SVH","description":"El cambio que suma","publisher":{"@id":"https:\/\/pscsvh.com\/ca\/#organization"},"potentialAction":[{"@type":"SearchAction","target":{"@type":"EntryPoint","urlTemplate":"https:\/\/pscsvh.com\/ca\/?s={search_term_string}"},"query-input":{"@type":"PropertyValueSpecification","valueRequired":true,"valueName":"search_term_string"}}],"inLanguage":"ca"},{"@type":"Organization","@id":"https:\/\/pscsvh.com\/ca\/#organization","name":"PSC SVH","url":"https:\/\/pscsvh.com\/ca\/","logo":{"@type":"ImageObject","inLanguage":"ca","@id":"https:\/\/pscsvh.com\/ca\/#\/schema\/logo\/image\/","url":"https:\/\/pscsvh.com\/wp-content\/uploads\/2022\/06\/cropped-Logo_SVh2-300x158-1.png","contentUrl":"https:\/\/pscsvh.com\/wp-content\/uploads\/2022\/06\/cropped-Logo_SVh2-300x158-1.png","width":300,"height":158,"caption":"PSC SVH"},"image":{"@id":"https:\/\/pscsvh.com\/ca\/#\/schema\/logo\/image\/"}},{"@type":"Person","@id":"https:\/\/pscsvh.com\/ca\/#\/schema\/person\/6ad2cedf14b82878e2897de3ed64f1f9","name":"PSC SVH","image":{"@type":"ImageObject","inLanguage":"ca","@id":"https:\/\/pscsvh.com\/ca\/#\/schema\/person\/image\/","url":"https:\/\/secure.gravatar.com\/avatar\/a019c39072cc7d669be4d6e2cda099b4e834789e55938a3ec58bef829a37db42?s=96&d=mm&r=g","contentUrl":"https:\/\/secure.gravatar.com\/avatar\/a019c39072cc7d669be4d6e2cda099b4e834789e55938a3ec58bef829a37db42?s=96&d=mm&r=g","caption":"PSC SVH"},"url":"https:\/\/pscsvh.com\/ca\/author\/admin-2\/"}]}},"_links":{"self":[{"href":"https:\/\/pscsvh.com\/ca\/wp-json\/wp\/v2\/posts\/6753","targetHints":{"allow":["GET"]}}],"collection":[{"href":"https:\/\/pscsvh.com\/ca\/wp-json\/wp\/v2\/posts"}],"about":[{"href":"https:\/\/pscsvh.com\/ca\/wp-json\/wp\/v2\/types\/post"}],"author":[{"embeddable":true,"href":"https:\/\/pscsvh.com\/ca\/wp-json\/wp\/v2\/users\/2"}],"replies":[{"embeddable":true,"href":"https:\/\/pscsvh.com\/ca\/wp-json\/wp\/v2\/comments?post=6753"}],"version-history":[{"count":1,"href":"https:\/\/pscsvh.com\/ca\/wp-json\/wp\/v2\/posts\/6753\/revisions"}],"predecessor-version":[{"id":6754,"href":"https:\/\/pscsvh.com\/ca\/wp-json\/wp\/v2\/posts\/6753\/revisions\/6754"}],"wp:featuredmedia":[{"embeddable":true,"href":"https:\/\/pscsvh.com\/ca\/wp-json\/wp\/v2\/media\/6668"}],"wp:attachment":[{"href":"https:\/\/pscsvh.com\/ca\/wp-json\/wp\/v2\/media?parent=6753"}],"wp:term":[{"taxonomy":"category","embeddable":true,"href":"https:\/\/pscsvh.com\/ca\/wp-json\/wp\/v2\/categories?post=6753"},{"taxonomy":"post_tag","embeddable":true,"href":"https:\/\/pscsvh.com\/ca\/wp-json\/wp\/v2\/tags?post=6753"},{"taxonomy":"citadela-post-location","embeddable":true,"href":"https:\/\/pscsvh.com\/ca\/wp-json\/wp\/v2\/citadela-post-location?post=6753"}],"curies":[{"name":"wp","href":"https:\/\/api.w.org\/{rel}","templated":true}]}}