{"id":6731,"date":"2023-11-09T20:38:45","date_gmt":"2023-11-09T19:38:45","guid":{"rendered":"https:\/\/pscsvh.com\/primer-bicibox-a-sant-vicenc\/"},"modified":"2023-11-13T10:53:14","modified_gmt":"2023-11-13T09:53:14","slug":"primer-bicibox-a-sant-vicenc","status":"publish","type":"post","link":"https:\/\/pscsvh.com\/ca\/primer-bicibox-a-sant-vicenc\/","title":{"rendered":"Primer Bicibox a Sant Vicen\u00e7"},"content":{"rendered":"\n<p><strong>Davant del CCC Virg\u00ednia Amposta hem instal\u00b7lat el primer Bicibox de Sant Vicen\u00e7 dels Horts<\/strong><\/p>\n\n<p>Gran not\u00edcia per als entusiastes de la mobilitat sostenible a Sant Vicen\u00e7 dels Horts! Just davant del CCC Virg\u00ednia Amposta, hem inaugurat el primer Bicibox de la localitat, una iniciativa pionera que marca una fita en la promoci\u00f3 del transport ecol\u00f2gic.<\/p>\n\n<p>Aquest innovador Bicibox, una col\u00b7laboraci\u00f3 entre AMB Mobilitat i l&#8217;\u00c0rea Metropolitana de Barcelona, \u200b\u200bofereix als ciutadans un lloc segur i pr\u00e0ctic per desar bicicletes i patinets. Amb aquest sistema, es vol fomentar l&#8217;\u00fas de mitjans de transport no contaminants, alineant-se amb les tend\u00e8ncies globals cap a una mobilitat m\u00e9s verda i sostenible.<\/p>\n\n<p>El Bicibox no \u00e9s nom\u00e9s un simple espai demmagatzematge; representa un pas endavant en la nostra visi\u00f3 d\u00b4un futur m\u00e9s net i saludable. Aquest servei brinda comoditat i seguretat als usuaris, animant-los a optar per mitjans de transport alternatius al cotxe.<\/p>\n\n<figure class=\"wp-block-gallery has-nested-images columns-default is-cropped wp-block-gallery-1 is-layout-flex wp-block-gallery-is-layout-flex\">\n<figure class=\"wp-block-image size-large\"><img loading=\"lazy\" decoding=\"async\" width=\"1024\" height=\"1024\" data-id=\"6695\" src=\"https:\/\/pscsvh.com\/wp-content\/uploads\/2023\/11\/15-1024x1024.jpg\" alt=\"\" class=\"wp-image-6695\" srcset=\"https:\/\/pscsvh.com\/wp-content\/uploads\/2023\/11\/15-1024x1024.jpg 1024w, https:\/\/pscsvh.com\/wp-content\/uploads\/2023\/11\/15-300x300.jpg 300w, https:\/\/pscsvh.com\/wp-content\/uploads\/2023\/11\/15-150x150.jpg 150w, https:\/\/pscsvh.com\/wp-content\/uploads\/2023\/11\/15-768x768.jpg 768w, https:\/\/pscsvh.com\/wp-content\/uploads\/2023\/11\/15.jpg 1440w\" sizes=\"auto, (max-width: 1024px) 100vw, 1024px\" \/><\/figure>\n\n\n\n<figure class=\"wp-block-image size-large\"><img loading=\"lazy\" decoding=\"async\" width=\"1024\" height=\"1024\" data-id=\"6703\" src=\"https:\/\/pscsvh.com\/wp-content\/uploads\/2023\/11\/14-1024x1024.jpg\" alt=\"\" class=\"wp-image-6703\" srcset=\"https:\/\/pscsvh.com\/wp-content\/uploads\/2023\/11\/14-1024x1024.jpg 1024w, https:\/\/pscsvh.com\/wp-content\/uploads\/2023\/11\/14-300x300.jpg 300w, https:\/\/pscsvh.com\/wp-content\/uploads\/2023\/11\/14-150x150.jpg 150w, https:\/\/pscsvh.com\/wp-content\/uploads\/2023\/11\/14-768x768.jpg 768w, https:\/\/pscsvh.com\/wp-content\/uploads\/2023\/11\/14.jpg 1440w\" sizes=\"auto, (max-width: 1024px) 100vw, 1024px\" \/><\/figure>\n\n\n\n<figure class=\"wp-block-image size-large\"><img loading=\"lazy\" decoding=\"async\" width=\"1024\" height=\"1024\" data-id=\"6699\" src=\"https:\/\/pscsvh.com\/wp-content\/uploads\/2023\/11\/13-1024x1024.jpg\" alt=\"\" class=\"wp-image-6699\" srcset=\"https:\/\/pscsvh.com\/wp-content\/uploads\/2023\/11\/13-1024x1024.jpg 1024w, https:\/\/pscsvh.com\/wp-content\/uploads\/2023\/11\/13-300x300.jpg 300w, https:\/\/pscsvh.com\/wp-content\/uploads\/2023\/11\/13-150x150.jpg 150w, https:\/\/pscsvh.com\/wp-content\/uploads\/2023\/11\/13-768x768.jpg 768w, https:\/\/pscsvh.com\/wp-content\/uploads\/2023\/11\/13.jpg 1440w\" sizes=\"auto, (max-width: 1024px) 100vw, 1024px\" \/><\/figure>\n\n\n\n<figure class=\"wp-block-image size-large\"><img loading=\"lazy\" decoding=\"async\" width=\"1024\" height=\"1024\" data-id=\"6693\" src=\"https:\/\/pscsvh.com\/wp-content\/uploads\/2023\/11\/12-1024x1024.jpg\" alt=\"\" class=\"wp-image-6693\" srcset=\"https:\/\/pscsvh.com\/wp-content\/uploads\/2023\/11\/12-1024x1024.jpg 1024w, https:\/\/pscsvh.com\/wp-content\/uploads\/2023\/11\/12-300x300.jpg 300w, https:\/\/pscsvh.com\/wp-content\/uploads\/2023\/11\/12-150x150.jpg 150w, https:\/\/pscsvh.com\/wp-content\/uploads\/2023\/11\/12-768x768.jpg 768w, https:\/\/pscsvh.com\/wp-content\/uploads\/2023\/11\/12.jpg 1440w\" sizes=\"auto, (max-width: 1024px) 100vw, 1024px\" \/><\/figure>\n\n\n\n<figure class=\"wp-block-image size-large\"><img loading=\"lazy\" decoding=\"async\" width=\"1024\" height=\"1024\" data-id=\"6697\" src=\"https:\/\/pscsvh.com\/wp-content\/uploads\/2023\/11\/11-1024x1024.jpg\" alt=\"\" class=\"wp-image-6697\" srcset=\"https:\/\/pscsvh.com\/wp-content\/uploads\/2023\/11\/11-1024x1024.jpg 1024w, https:\/\/pscsvh.com\/wp-content\/uploads\/2023\/11\/11-300x300.jpg 300w, https:\/\/pscsvh.com\/wp-content\/uploads\/2023\/11\/11-150x150.jpg 150w, https:\/\/pscsvh.com\/wp-content\/uploads\/2023\/11\/11-768x768.jpg 768w, https:\/\/pscsvh.com\/wp-content\/uploads\/2023\/11\/11.jpg 1440w\" sizes=\"auto, (max-width: 1024px) 100vw, 1024px\" \/><\/figure>\n\n\n\n<figure class=\"wp-block-image size-large\"><img loading=\"lazy\" decoding=\"async\" width=\"1024\" height=\"1024\" data-id=\"6700\" src=\"https:\/\/pscsvh.com\/wp-content\/uploads\/2023\/11\/10-1024x1024.jpg\" alt=\"\" class=\"wp-image-6700\" srcset=\"https:\/\/pscsvh.com\/wp-content\/uploads\/2023\/11\/10-1024x1024.jpg 1024w, https:\/\/pscsvh.com\/wp-content\/uploads\/2023\/11\/10-300x300.jpg 300w, https:\/\/pscsvh.com\/wp-content\/uploads\/2023\/11\/10-150x150.jpg 150w, https:\/\/pscsvh.com\/wp-content\/uploads\/2023\/11\/10-768x768.jpg 768w, https:\/\/pscsvh.com\/wp-content\/uploads\/2023\/11\/10.jpg 1440w\" sizes=\"auto, (max-width: 1024px) 100vw, 1024px\" \/><\/figure>\n<\/figure>\n","protected":false},"excerpt":{"rendered":"<p>Davant del CCC Virg\u00ednia Amposta hem instal\u00b7lat el primer Bicibox de Sant Vicen\u00e7 dels Horts<\/p>\n","protected":false},"author":2,"featured_media":6701,"comment_status":"open","ping_status":"closed","sticky":false,"template":"","format":"standard","meta":{"_citadela_custom_class":"","footnotes":""},"categories":[306],"tags":[],"citadela-post-location":[42],"class_list":["post-6731","post","type-post","status-publish","format-standard","has-post-thumbnail","hentry","category-mobilitat"],"yoast_head":"<!-- This site is optimized with the Yoast SEO plugin v24.7 - https:\/\/yoast.com\/wordpress\/plugins\/seo\/ -->\n<title>Primer Bicibox a Sant Vicen\u00e7 - PSC SVH<\/title>\n<meta name=\"description\" content=\"Primer Bicibox a Sant Vicen\u00e7. Davant del CCC Virg\u00ednia Amposta hem instal\u00b7lat el primer Bicibox de Sant Vicen\u00e7 dels Horts\" \/>\n<meta name=\"robots\" content=\"index, follow, max-snippet:-1, max-image-preview:large, max-video-preview:-1\" \/>\n<link rel=\"canonical\" href=\"https:\/\/pscsvh.com\/ca\/primer-bicibox-a-sant-vicenc\/\" \/>\n<meta property=\"og:locale\" content=\"ca_ES\" \/>\n<meta property=\"og:type\" content=\"article\" \/>\n<meta property=\"og:title\" content=\"Primer Bicibox a Sant Vicen\u00e7 - PSC SVH\" \/>\n<meta property=\"og:description\" content=\"Primer Bicibox a Sant Vicen\u00e7. Davant del CCC Virg\u00ednia Amposta hem instal\u00b7lat el primer Bicibox de Sant Vicen\u00e7 dels Horts\" \/>\n<meta property=\"og:url\" content=\"https:\/\/pscsvh.com\/ca\/primer-bicibox-a-sant-vicenc\/\" \/>\n<meta property=\"og:site_name\" content=\"PSC SVH\" \/>\n<meta property=\"article:published_time\" content=\"2023-11-09T19:38:45+00:00\" \/>\n<meta property=\"article:modified_time\" content=\"2023-11-13T09:53:14+00:00\" \/>\n<meta property=\"og:image\" content=\"https:\/\/pscsvh.com\/wp-content\/uploads\/2023\/11\/13.jpg\" \/>\n\t<meta property=\"og:image:width\" content=\"1440\" \/>\n\t<meta property=\"og:image:height\" content=\"1440\" \/>\n\t<meta property=\"og:image:type\" content=\"image\/jpeg\" \/>\n<meta name=\"author\" content=\"PSC SVH\" \/>\n<meta name=\"twitter:card\" content=\"summary_large_image\" \/>\n<meta name=\"twitter:label1\" content=\"Escrit per\" \/>\n\t<meta name=\"twitter:data1\" content=\"PSC SVH\" \/>\n\t<meta name=\"twitter:label2\" content=\"Temps estimat de lectura\" \/>\n\t<meta name=\"twitter:data2\" content=\"1 minut\" \/>\n<script type=\"application\/ld+json\" class=\"yoast-schema-graph\">{\"@context\":\"https:\/\/schema.org\",\"@graph\":[{\"@type\":\"Article\",\"@id\":\"https:\/\/pscsvh.com\/ca\/primer-bicibox-a-sant-vicenc\/#article\",\"isPartOf\":{\"@id\":\"https:\/\/pscsvh.com\/ca\/primer-bicibox-a-sant-vicenc\/\"},\"author\":{\"name\":\"PSC SVH\",\"@id\":\"https:\/\/pscsvh.com\/ca\/#\/schema\/person\/6ad2cedf14b82878e2897de3ed64f1f9\"},\"headline\":\"Primer Bicibox a Sant Vicen\u00e7\",\"datePublished\":\"2023-11-09T19:38:45+00:00\",\"dateModified\":\"2023-11-13T09:53:14+00:00\",\"mainEntityOfPage\":{\"@id\":\"https:\/\/pscsvh.com\/ca\/primer-bicibox-a-sant-vicenc\/\"},\"wordCount\":168,\"commentCount\":0,\"publisher\":{\"@id\":\"https:\/\/pscsvh.com\/ca\/#organization\"},\"image\":{\"@id\":\"https:\/\/pscsvh.com\/ca\/primer-bicibox-a-sant-vicenc\/#primaryimage\"},\"thumbnailUrl\":\"https:\/\/pscsvh.com\/wp-content\/uploads\/2023\/11\/13.jpg\",\"articleSection\":[\"Mobilitat\"],\"inLanguage\":\"ca\",\"potentialAction\":[{\"@type\":\"CommentAction\",\"name\":\"Comment\",\"target\":[\"https:\/\/pscsvh.com\/ca\/primer-bicibox-a-sant-vicenc\/#respond\"]}]},{\"@type\":\"WebPage\",\"@id\":\"https:\/\/pscsvh.com\/ca\/primer-bicibox-a-sant-vicenc\/\",\"url\":\"https:\/\/pscsvh.com\/ca\/primer-bicibox-a-sant-vicenc\/\",\"name\":\"Primer Bicibox a Sant Vicen\u00e7 - PSC SVH\",\"isPartOf\":{\"@id\":\"https:\/\/pscsvh.com\/ca\/#website\"},\"primaryImageOfPage\":{\"@id\":\"https:\/\/pscsvh.com\/ca\/primer-bicibox-a-sant-vicenc\/#primaryimage\"},\"image\":{\"@id\":\"https:\/\/pscsvh.com\/ca\/primer-bicibox-a-sant-vicenc\/#primaryimage\"},\"thumbnailUrl\":\"https:\/\/pscsvh.com\/wp-content\/uploads\/2023\/11\/13.jpg\",\"datePublished\":\"2023-11-09T19:38:45+00:00\",\"dateModified\":\"2023-11-13T09:53:14+00:00\",\"description\":\"Primer Bicibox a Sant Vicen\u00e7. Davant del CCC Virg\u00ednia Amposta hem instal\u00b7lat el primer Bicibox de Sant Vicen\u00e7 dels Horts\",\"breadcrumb\":{\"@id\":\"https:\/\/pscsvh.com\/ca\/primer-bicibox-a-sant-vicenc\/#breadcrumb\"},\"inLanguage\":\"ca\",\"potentialAction\":[{\"@type\":\"ReadAction\",\"target\":[\"https:\/\/pscsvh.com\/ca\/primer-bicibox-a-sant-vicenc\/\"]}]},{\"@type\":\"ImageObject\",\"inLanguage\":\"ca\",\"@id\":\"https:\/\/pscsvh.com\/ca\/primer-bicibox-a-sant-vicenc\/#primaryimage\",\"url\":\"https:\/\/pscsvh.com\/wp-content\/uploads\/2023\/11\/13.jpg\",\"contentUrl\":\"https:\/\/pscsvh.com\/wp-content\/uploads\/2023\/11\/13.jpg\",\"width\":1440,\"height\":1440,\"caption\":\"\u00a1Gran noticia para los entusiastas de la movilidad sostenible en Sant Vicen\u00e7 dels Horts! Justo delante del CCC Virg\u00ednia Amposta, hemos inaugurado el primer Bicibox de la localidad, una iniciativa pionera que marca un hito en la promoci\u00f3n del transporte ecol\u00f3gico.\"},{\"@type\":\"BreadcrumbList\",\"@id\":\"https:\/\/pscsvh.com\/ca\/primer-bicibox-a-sant-vicenc\/#breadcrumb\",\"itemListElement\":[{\"@type\":\"ListItem\",\"position\":1,\"name\":\"Portada\",\"item\":\"https:\/\/pscsvh.com\/ca\/\"},{\"@type\":\"ListItem\",\"position\":2,\"name\":\"Primer Bicibox a Sant Vicen\u00e7\"}]},{\"@type\":\"WebSite\",\"@id\":\"https:\/\/pscsvh.com\/ca\/#website\",\"url\":\"https:\/\/pscsvh.com\/ca\/\",\"name\":\"PSC SVH\",\"description\":\"El cambio que suma\",\"publisher\":{\"@id\":\"https:\/\/pscsvh.com\/ca\/#organization\"},\"potentialAction\":[{\"@type\":\"SearchAction\",\"target\":{\"@type\":\"EntryPoint\",\"urlTemplate\":\"https:\/\/pscsvh.com\/ca\/?s={search_term_string}\"},\"query-input\":{\"@type\":\"PropertyValueSpecification\",\"valueRequired\":true,\"valueName\":\"search_term_string\"}}],\"inLanguage\":\"ca\"},{\"@type\":\"Organization\",\"@id\":\"https:\/\/pscsvh.com\/ca\/#organization\",\"name\":\"PSC SVH\",\"url\":\"https:\/\/pscsvh.com\/ca\/\",\"logo\":{\"@type\":\"ImageObject\",\"inLanguage\":\"ca\",\"@id\":\"https:\/\/pscsvh.com\/ca\/#\/schema\/logo\/image\/\",\"url\":\"https:\/\/pscsvh.com\/wp-content\/uploads\/2022\/06\/cropped-Logo_SVh2-300x158-1.png\",\"contentUrl\":\"https:\/\/pscsvh.com\/wp-content\/uploads\/2022\/06\/cropped-Logo_SVh2-300x158-1.png\",\"width\":300,\"height\":158,\"caption\":\"PSC SVH\"},\"image\":{\"@id\":\"https:\/\/pscsvh.com\/ca\/#\/schema\/logo\/image\/\"}},{\"@type\":\"Person\",\"@id\":\"https:\/\/pscsvh.com\/ca\/#\/schema\/person\/6ad2cedf14b82878e2897de3ed64f1f9\",\"name\":\"PSC SVH\",\"image\":{\"@type\":\"ImageObject\",\"inLanguage\":\"ca\",\"@id\":\"https:\/\/pscsvh.com\/ca\/#\/schema\/person\/image\/\",\"url\":\"https:\/\/secure.gravatar.com\/avatar\/a019c39072cc7d669be4d6e2cda099b4e834789e55938a3ec58bef829a37db42?s=96&d=mm&r=g\",\"contentUrl\":\"https:\/\/secure.gravatar.com\/avatar\/a019c39072cc7d669be4d6e2cda099b4e834789e55938a3ec58bef829a37db42?s=96&d=mm&r=g\",\"caption\":\"PSC SVH\"},\"url\":\"https:\/\/pscsvh.com\/ca\/author\/admin-2\/\"}]}<\/script>\n<!-- \/ Yoast SEO plugin. -->","yoast_head_json":{"title":"Primer Bicibox a Sant Vicen\u00e7 - PSC SVH","description":"Primer Bicibox a Sant Vicen\u00e7. Davant del CCC Virg\u00ednia Amposta hem instal\u00b7lat el primer Bicibox de Sant Vicen\u00e7 dels Horts","robots":{"index":"index","follow":"follow","max-snippet":"max-snippet:-1","max-image-preview":"max-image-preview:large","max-video-preview":"max-video-preview:-1"},"canonical":"https:\/\/pscsvh.com\/ca\/primer-bicibox-a-sant-vicenc\/","og_locale":"ca_ES","og_type":"article","og_title":"Primer Bicibox a Sant Vicen\u00e7 - PSC SVH","og_description":"Primer Bicibox a Sant Vicen\u00e7. Davant del CCC Virg\u00ednia Amposta hem instal\u00b7lat el primer Bicibox de Sant Vicen\u00e7 dels Horts","og_url":"https:\/\/pscsvh.com\/ca\/primer-bicibox-a-sant-vicenc\/","og_site_name":"PSC SVH","article_published_time":"2023-11-09T19:38:45+00:00","article_modified_time":"2023-11-13T09:53:14+00:00","og_image":[{"width":1440,"height":1440,"url":"https:\/\/pscsvh.com\/wp-content\/uploads\/2023\/11\/13.jpg","type":"image\/jpeg"}],"author":"PSC SVH","twitter_card":"summary_large_image","twitter_misc":{"Escrit per":"PSC SVH","Temps estimat de lectura":"1 minut"},"schema":{"@context":"https:\/\/schema.org","@graph":[{"@type":"Article","@id":"https:\/\/pscsvh.com\/ca\/primer-bicibox-a-sant-vicenc\/#article","isPartOf":{"@id":"https:\/\/pscsvh.com\/ca\/primer-bicibox-a-sant-vicenc\/"},"author":{"name":"PSC SVH","@id":"https:\/\/pscsvh.com\/ca\/#\/schema\/person\/6ad2cedf14b82878e2897de3ed64f1f9"},"headline":"Primer Bicibox a Sant Vicen\u00e7","datePublished":"2023-11-09T19:38:45+00:00","dateModified":"2023-11-13T09:53:14+00:00","mainEntityOfPage":{"@id":"https:\/\/pscsvh.com\/ca\/primer-bicibox-a-sant-vicenc\/"},"wordCount":168,"commentCount":0,"publisher":{"@id":"https:\/\/pscsvh.com\/ca\/#organization"},"image":{"@id":"https:\/\/pscsvh.com\/ca\/primer-bicibox-a-sant-vicenc\/#primaryimage"},"thumbnailUrl":"https:\/\/pscsvh.com\/wp-content\/uploads\/2023\/11\/13.jpg","articleSection":["Mobilitat"],"inLanguage":"ca","potentialAction":[{"@type":"CommentAction","name":"Comment","target":["https:\/\/pscsvh.com\/ca\/primer-bicibox-a-sant-vicenc\/#respond"]}]},{"@type":"WebPage","@id":"https:\/\/pscsvh.com\/ca\/primer-bicibox-a-sant-vicenc\/","url":"https:\/\/pscsvh.com\/ca\/primer-bicibox-a-sant-vicenc\/","name":"Primer Bicibox a Sant Vicen\u00e7 - PSC SVH","isPartOf":{"@id":"https:\/\/pscsvh.com\/ca\/#website"},"primaryImageOfPage":{"@id":"https:\/\/pscsvh.com\/ca\/primer-bicibox-a-sant-vicenc\/#primaryimage"},"image":{"@id":"https:\/\/pscsvh.com\/ca\/primer-bicibox-a-sant-vicenc\/#primaryimage"},"thumbnailUrl":"https:\/\/pscsvh.com\/wp-content\/uploads\/2023\/11\/13.jpg","datePublished":"2023-11-09T19:38:45+00:00","dateModified":"2023-11-13T09:53:14+00:00","description":"Primer Bicibox a Sant Vicen\u00e7. Davant del CCC Virg\u00ednia Amposta hem instal\u00b7lat el primer Bicibox de Sant Vicen\u00e7 dels Horts","breadcrumb":{"@id":"https:\/\/pscsvh.com\/ca\/primer-bicibox-a-sant-vicenc\/#breadcrumb"},"inLanguage":"ca","potentialAction":[{"@type":"ReadAction","target":["https:\/\/pscsvh.com\/ca\/primer-bicibox-a-sant-vicenc\/"]}]},{"@type":"ImageObject","inLanguage":"ca","@id":"https:\/\/pscsvh.com\/ca\/primer-bicibox-a-sant-vicenc\/#primaryimage","url":"https:\/\/pscsvh.com\/wp-content\/uploads\/2023\/11\/13.jpg","contentUrl":"https:\/\/pscsvh.com\/wp-content\/uploads\/2023\/11\/13.jpg","width":1440,"height":1440,"caption":"\u00a1Gran noticia para los entusiastas de la movilidad sostenible en Sant Vicen\u00e7 dels Horts! Justo delante del CCC Virg\u00ednia Amposta, hemos inaugurado el primer Bicibox de la localidad, una iniciativa pionera que marca un hito en la promoci\u00f3n del transporte ecol\u00f3gico."},{"@type":"BreadcrumbList","@id":"https:\/\/pscsvh.com\/ca\/primer-bicibox-a-sant-vicenc\/#breadcrumb","itemListElement":[{"@type":"ListItem","position":1,"name":"Portada","item":"https:\/\/pscsvh.com\/ca\/"},{"@type":"ListItem","position":2,"name":"Primer Bicibox a Sant Vicen\u00e7"}]},{"@type":"WebSite","@id":"https:\/\/pscsvh.com\/ca\/#website","url":"https:\/\/pscsvh.com\/ca\/","name":"PSC SVH","description":"El cambio que suma","publisher":{"@id":"https:\/\/pscsvh.com\/ca\/#organization"},"potentialAction":[{"@type":"SearchAction","target":{"@type":"EntryPoint","urlTemplate":"https:\/\/pscsvh.com\/ca\/?s={search_term_string}"},"query-input":{"@type":"PropertyValueSpecification","valueRequired":true,"valueName":"search_term_string"}}],"inLanguage":"ca"},{"@type":"Organization","@id":"https:\/\/pscsvh.com\/ca\/#organization","name":"PSC SVH","url":"https:\/\/pscsvh.com\/ca\/","logo":{"@type":"ImageObject","inLanguage":"ca","@id":"https:\/\/pscsvh.com\/ca\/#\/schema\/logo\/image\/","url":"https:\/\/pscsvh.com\/wp-content\/uploads\/2022\/06\/cropped-Logo_SVh2-300x158-1.png","contentUrl":"https:\/\/pscsvh.com\/wp-content\/uploads\/2022\/06\/cropped-Logo_SVh2-300x158-1.png","width":300,"height":158,"caption":"PSC SVH"},"image":{"@id":"https:\/\/pscsvh.com\/ca\/#\/schema\/logo\/image\/"}},{"@type":"Person","@id":"https:\/\/pscsvh.com\/ca\/#\/schema\/person\/6ad2cedf14b82878e2897de3ed64f1f9","name":"PSC SVH","image":{"@type":"ImageObject","inLanguage":"ca","@id":"https:\/\/pscsvh.com\/ca\/#\/schema\/person\/image\/","url":"https:\/\/secure.gravatar.com\/avatar\/a019c39072cc7d669be4d6e2cda099b4e834789e55938a3ec58bef829a37db42?s=96&d=mm&r=g","contentUrl":"https:\/\/secure.gravatar.com\/avatar\/a019c39072cc7d669be4d6e2cda099b4e834789e55938a3ec58bef829a37db42?s=96&d=mm&r=g","caption":"PSC SVH"},"url":"https:\/\/pscsvh.com\/ca\/author\/admin-2\/"}]}},"_links":{"self":[{"href":"https:\/\/pscsvh.com\/ca\/wp-json\/wp\/v2\/posts\/6731","targetHints":{"allow":["GET"]}}],"collection":[{"href":"https:\/\/pscsvh.com\/ca\/wp-json\/wp\/v2\/posts"}],"about":[{"href":"https:\/\/pscsvh.com\/ca\/wp-json\/wp\/v2\/types\/post"}],"author":[{"embeddable":true,"href":"https:\/\/pscsvh.com\/ca\/wp-json\/wp\/v2\/users\/2"}],"replies":[{"embeddable":true,"href":"https:\/\/pscsvh.com\/ca\/wp-json\/wp\/v2\/comments?post=6731"}],"version-history":[{"count":3,"href":"https:\/\/pscsvh.com\/ca\/wp-json\/wp\/v2\/posts\/6731\/revisions"}],"predecessor-version":[{"id":6734,"href":"https:\/\/pscsvh.com\/ca\/wp-json\/wp\/v2\/posts\/6731\/revisions\/6734"}],"wp:featuredmedia":[{"embeddable":true,"href":"https:\/\/pscsvh.com\/ca\/wp-json\/wp\/v2\/media\/6701"}],"wp:attachment":[{"href":"https:\/\/pscsvh.com\/ca\/wp-json\/wp\/v2\/media?parent=6731"}],"wp:term":[{"taxonomy":"category","embeddable":true,"href":"https:\/\/pscsvh.com\/ca\/wp-json\/wp\/v2\/categories?post=6731"},{"taxonomy":"post_tag","embeddable":true,"href":"https:\/\/pscsvh.com\/ca\/wp-json\/wp\/v2\/tags?post=6731"},{"taxonomy":"citadela-post-location","embeddable":true,"href":"https:\/\/pscsvh.com\/ca\/wp-json\/wp\/v2\/citadela-post-location?post=6731"}],"curies":[{"name":"wp","href":"https:\/\/api.w.org\/{rel}","templated":true}]}}