{"id":6566,"date":"2023-10-01T20:17:13","date_gmt":"2023-10-01T18:17:13","guid":{"rendered":"https:\/\/pscsvh.com\/club-amatent-a-les-vi-olimpiades-ludiques\/"},"modified":"2023-10-03T10:51:45","modified_gmt":"2023-10-03T08:51:45","slug":"club-amatent-a-les-vi-olimpiades-ludiques","status":"publish","type":"post","link":"https:\/\/pscsvh.com\/ca\/club-amatent-a-les-vi-olimpiades-ludiques\/","title":{"rendered":"Club Amatent a les VI olimp\u00edades l\u00fadiques"},"content":{"rendered":"\n<p>Aquesta tarda hem acompanyat el Club Amatent a les VI olimp\u00edades l\u00fadiques i al Casal de la Gu\u00e0rdia en la trobada organitzada a la Pla\u00e7a de la Pau.  <\/p>\n\n<p>Moltes felicitats a les dues entitats per l&#8217;\u00e8xit de participaci\u00f3.<\/p>\n\n<figure class=\"wp-block-gallery has-nested-images columns-default is-cropped wp-block-gallery-1 is-layout-flex wp-block-gallery-is-layout-flex\">\n<figure class=\"wp-block-image size-large\"><img loading=\"lazy\" decoding=\"async\" width=\"1024\" height=\"1024\" data-id=\"6536\" src=\"https:\/\/pscsvh.com\/wp-content\/uploads\/2023\/10\/2-1024x1024.jpg\" alt=\"\" class=\"wp-image-6536\" srcset=\"https:\/\/pscsvh.com\/wp-content\/uploads\/2023\/10\/2-1024x1024.jpg 1024w, https:\/\/pscsvh.com\/wp-content\/uploads\/2023\/10\/2-300x300.jpg 300w, https:\/\/pscsvh.com\/wp-content\/uploads\/2023\/10\/2-150x150.jpg 150w, https:\/\/pscsvh.com\/wp-content\/uploads\/2023\/10\/2-768x767.jpg 768w, https:\/\/pscsvh.com\/wp-content\/uploads\/2023\/10\/2.jpg 1440w\" sizes=\"auto, (max-width: 1024px) 100vw, 1024px\" \/><\/figure>\n\n\n\n<figure class=\"wp-block-image size-large\"><img loading=\"lazy\" decoding=\"async\" width=\"1024\" height=\"1024\" data-id=\"6538\" src=\"https:\/\/pscsvh.com\/wp-content\/uploads\/2023\/10\/01-1-1024x1024.jpg\" alt=\"\" class=\"wp-image-6538\" srcset=\"https:\/\/pscsvh.com\/wp-content\/uploads\/2023\/10\/01-1-1024x1024.jpg 1024w, https:\/\/pscsvh.com\/wp-content\/uploads\/2023\/10\/01-1-300x300.jpg 300w, https:\/\/pscsvh.com\/wp-content\/uploads\/2023\/10\/01-1-150x150.jpg 150w, https:\/\/pscsvh.com\/wp-content\/uploads\/2023\/10\/01-1-768x768.jpg 768w, https:\/\/pscsvh.com\/wp-content\/uploads\/2023\/10\/01-1.jpg 1440w\" sizes=\"auto, (max-width: 1024px) 100vw, 1024px\" \/><\/figure>\n<\/figure>\n","protected":false},"excerpt":{"rendered":"<p>Aquesta tarda hem acompanyat el Club Amatent a les VI olimp\u00edades l\u00fadiques i al Casal de la Gu\u00e0rdia en la trobada organitzada a la Pla\u00e7a de la Pau.<\/p>\n","protected":false},"author":2,"featured_media":6537,"comment_status":"open","ping_status":"closed","sticky":false,"template":"","format":"standard","meta":{"_citadela_custom_class":"","footnotes":""},"categories":[334],"tags":[],"citadela-post-location":[42],"class_list":["post-6566","post","type-post","status-publish","format-standard","has-post-thumbnail","hentry","category-entitats"],"yoast_head":"<!-- This site is optimized with the Yoast SEO plugin v24.7 - https:\/\/yoast.com\/wordpress\/plugins\/seo\/ -->\n<title>Club Amatent a les VI olimp\u00edades l\u00fadiques - PSC SVH<\/title>\n<meta name=\"description\" content=\"Club Amatent a les VI olimp\u00edades l\u00fadiques. Aquesta tarda hem acompanyat el Club Amatent a les VI olimp\u00edades l\u00fadiques i al Casal de la Gu\u00e0rdia en la trobada organitzada a la Pla\u00e7a de la Pau.\" \/>\n<meta name=\"robots\" content=\"index, follow, max-snippet:-1, max-image-preview:large, max-video-preview:-1\" \/>\n<link rel=\"canonical\" href=\"https:\/\/pscsvh.com\/ca\/club-amatent-a-les-vi-olimpiades-ludiques\/\" \/>\n<meta property=\"og:locale\" content=\"ca_ES\" \/>\n<meta property=\"og:type\" content=\"article\" \/>\n<meta property=\"og:title\" content=\"Club Amatent a les VI olimp\u00edades l\u00fadiques - PSC SVH\" \/>\n<meta property=\"og:description\" content=\"Club Amatent a les VI olimp\u00edades l\u00fadiques. Aquesta tarda hem acompanyat el Club Amatent a les VI olimp\u00edades l\u00fadiques i al Casal de la Gu\u00e0rdia en la trobada organitzada a la Pla\u00e7a de la Pau.\" \/>\n<meta property=\"og:url\" content=\"https:\/\/pscsvh.com\/ca\/club-amatent-a-les-vi-olimpiades-ludiques\/\" \/>\n<meta property=\"og:site_name\" content=\"PSC SVH\" \/>\n<meta property=\"article:published_time\" content=\"2023-10-01T18:17:13+00:00\" \/>\n<meta property=\"article:modified_time\" content=\"2023-10-03T08:51:45+00:00\" \/>\n<meta property=\"og:image\" content=\"https:\/\/pscsvh.com\/wp-content\/uploads\/2023\/10\/2.jpg\" \/>\n\t<meta property=\"og:image:width\" content=\"1440\" \/>\n\t<meta property=\"og:image:height\" content=\"1439\" \/>\n\t<meta property=\"og:image:type\" content=\"image\/jpeg\" \/>\n<meta name=\"author\" content=\"PSC SVH\" \/>\n<meta name=\"twitter:card\" content=\"summary_large_image\" \/>\n<meta name=\"twitter:label1\" content=\"Escrit per\" \/>\n\t<meta name=\"twitter:data1\" content=\"PSC SVH\" \/>\n<script type=\"application\/ld+json\" class=\"yoast-schema-graph\">{\"@context\":\"https:\/\/schema.org\",\"@graph\":[{\"@type\":\"Article\",\"@id\":\"https:\/\/pscsvh.com\/ca\/club-amatent-a-les-vi-olimpiades-ludiques\/#article\",\"isPartOf\":{\"@id\":\"https:\/\/pscsvh.com\/ca\/club-amatent-a-les-vi-olimpiades-ludiques\/\"},\"author\":{\"name\":\"PSC SVH\",\"@id\":\"https:\/\/pscsvh.com\/ca\/#\/schema\/person\/6ad2cedf14b82878e2897de3ed64f1f9\"},\"headline\":\"Club Amatent a les VI olimp\u00edades l\u00fadiques\",\"datePublished\":\"2023-10-01T18:17:13+00:00\",\"dateModified\":\"2023-10-03T08:51:45+00:00\",\"mainEntityOfPage\":{\"@id\":\"https:\/\/pscsvh.com\/ca\/club-amatent-a-les-vi-olimpiades-ludiques\/\"},\"wordCount\":52,\"commentCount\":0,\"publisher\":{\"@id\":\"https:\/\/pscsvh.com\/ca\/#organization\"},\"image\":{\"@id\":\"https:\/\/pscsvh.com\/ca\/club-amatent-a-les-vi-olimpiades-ludiques\/#primaryimage\"},\"thumbnailUrl\":\"https:\/\/pscsvh.com\/wp-content\/uploads\/2023\/10\/2.jpg\",\"articleSection\":[\"Entitats\"],\"inLanguage\":\"ca\",\"potentialAction\":[{\"@type\":\"CommentAction\",\"name\":\"Comment\",\"target\":[\"https:\/\/pscsvh.com\/ca\/club-amatent-a-les-vi-olimpiades-ludiques\/#respond\"]}]},{\"@type\":\"WebPage\",\"@id\":\"https:\/\/pscsvh.com\/ca\/club-amatent-a-les-vi-olimpiades-ludiques\/\",\"url\":\"https:\/\/pscsvh.com\/ca\/club-amatent-a-les-vi-olimpiades-ludiques\/\",\"name\":\"Club Amatent a les VI olimp\u00edades l\u00fadiques - PSC SVH\",\"isPartOf\":{\"@id\":\"https:\/\/pscsvh.com\/ca\/#website\"},\"primaryImageOfPage\":{\"@id\":\"https:\/\/pscsvh.com\/ca\/club-amatent-a-les-vi-olimpiades-ludiques\/#primaryimage\"},\"image\":{\"@id\":\"https:\/\/pscsvh.com\/ca\/club-amatent-a-les-vi-olimpiades-ludiques\/#primaryimage\"},\"thumbnailUrl\":\"https:\/\/pscsvh.com\/wp-content\/uploads\/2023\/10\/2.jpg\",\"datePublished\":\"2023-10-01T18:17:13+00:00\",\"dateModified\":\"2023-10-03T08:51:45+00:00\",\"description\":\"Club Amatent a les VI olimp\u00edades l\u00fadiques. Aquesta tarda hem acompanyat el Club Amatent a les VI olimp\u00edades l\u00fadiques i al Casal de la Gu\u00e0rdia en la trobada organitzada a la Pla\u00e7a de la Pau.\",\"breadcrumb\":{\"@id\":\"https:\/\/pscsvh.com\/ca\/club-amatent-a-les-vi-olimpiades-ludiques\/#breadcrumb\"},\"inLanguage\":\"ca\",\"potentialAction\":[{\"@type\":\"ReadAction\",\"target\":[\"https:\/\/pscsvh.com\/ca\/club-amatent-a-les-vi-olimpiades-ludiques\/\"]}]},{\"@type\":\"ImageObject\",\"inLanguage\":\"ca\",\"@id\":\"https:\/\/pscsvh.com\/ca\/club-amatent-a-les-vi-olimpiades-ludiques\/#primaryimage\",\"url\":\"https:\/\/pscsvh.com\/wp-content\/uploads\/2023\/10\/2.jpg\",\"contentUrl\":\"https:\/\/pscsvh.com\/wp-content\/uploads\/2023\/10\/2.jpg\",\"width\":1440,\"height\":1439,\"caption\":\"Esta tarde hemos acompa\u00f1ado al Club Amatent en las VI olimpiadas l\u00fadicas y al Casal de la Gu\u00e0rdia en el encuentro organizado en la Pla\u00e7a de la Pau.\"},{\"@type\":\"BreadcrumbList\",\"@id\":\"https:\/\/pscsvh.com\/ca\/club-amatent-a-les-vi-olimpiades-ludiques\/#breadcrumb\",\"itemListElement\":[{\"@type\":\"ListItem\",\"position\":1,\"name\":\"Portada\",\"item\":\"https:\/\/pscsvh.com\/ca\/\"},{\"@type\":\"ListItem\",\"position\":2,\"name\":\"Club Amatent a les VI olimp\u00edades l\u00fadiques\"}]},{\"@type\":\"WebSite\",\"@id\":\"https:\/\/pscsvh.com\/ca\/#website\",\"url\":\"https:\/\/pscsvh.com\/ca\/\",\"name\":\"PSC SVH\",\"description\":\"El cambio que suma\",\"publisher\":{\"@id\":\"https:\/\/pscsvh.com\/ca\/#organization\"},\"potentialAction\":[{\"@type\":\"SearchAction\",\"target\":{\"@type\":\"EntryPoint\",\"urlTemplate\":\"https:\/\/pscsvh.com\/ca\/?s={search_term_string}\"},\"query-input\":{\"@type\":\"PropertyValueSpecification\",\"valueRequired\":true,\"valueName\":\"search_term_string\"}}],\"inLanguage\":\"ca\"},{\"@type\":\"Organization\",\"@id\":\"https:\/\/pscsvh.com\/ca\/#organization\",\"name\":\"PSC SVH\",\"url\":\"https:\/\/pscsvh.com\/ca\/\",\"logo\":{\"@type\":\"ImageObject\",\"inLanguage\":\"ca\",\"@id\":\"https:\/\/pscsvh.com\/ca\/#\/schema\/logo\/image\/\",\"url\":\"https:\/\/pscsvh.com\/wp-content\/uploads\/2022\/06\/cropped-Logo_SVh2-300x158-1.png\",\"contentUrl\":\"https:\/\/pscsvh.com\/wp-content\/uploads\/2022\/06\/cropped-Logo_SVh2-300x158-1.png\",\"width\":300,\"height\":158,\"caption\":\"PSC SVH\"},\"image\":{\"@id\":\"https:\/\/pscsvh.com\/ca\/#\/schema\/logo\/image\/\"}},{\"@type\":\"Person\",\"@id\":\"https:\/\/pscsvh.com\/ca\/#\/schema\/person\/6ad2cedf14b82878e2897de3ed64f1f9\",\"name\":\"PSC SVH\",\"image\":{\"@type\":\"ImageObject\",\"inLanguage\":\"ca\",\"@id\":\"https:\/\/pscsvh.com\/ca\/#\/schema\/person\/image\/\",\"url\":\"https:\/\/secure.gravatar.com\/avatar\/a019c39072cc7d669be4d6e2cda099b4e834789e55938a3ec58bef829a37db42?s=96&d=mm&r=g\",\"contentUrl\":\"https:\/\/secure.gravatar.com\/avatar\/a019c39072cc7d669be4d6e2cda099b4e834789e55938a3ec58bef829a37db42?s=96&d=mm&r=g\",\"caption\":\"PSC SVH\"},\"url\":\"https:\/\/pscsvh.com\/ca\/author\/admin-2\/\"}]}<\/script>\n<!-- \/ Yoast SEO plugin. -->","yoast_head_json":{"title":"Club Amatent a les VI olimp\u00edades l\u00fadiques - PSC SVH","description":"Club Amatent a les VI olimp\u00edades l\u00fadiques. Aquesta tarda hem acompanyat el Club Amatent a les VI olimp\u00edades l\u00fadiques i al Casal de la Gu\u00e0rdia en la trobada organitzada a la Pla\u00e7a de la Pau.","robots":{"index":"index","follow":"follow","max-snippet":"max-snippet:-1","max-image-preview":"max-image-preview:large","max-video-preview":"max-video-preview:-1"},"canonical":"https:\/\/pscsvh.com\/ca\/club-amatent-a-les-vi-olimpiades-ludiques\/","og_locale":"ca_ES","og_type":"article","og_title":"Club Amatent a les VI olimp\u00edades l\u00fadiques - PSC SVH","og_description":"Club Amatent a les VI olimp\u00edades l\u00fadiques. Aquesta tarda hem acompanyat el Club Amatent a les VI olimp\u00edades l\u00fadiques i al Casal de la Gu\u00e0rdia en la trobada organitzada a la Pla\u00e7a de la Pau.","og_url":"https:\/\/pscsvh.com\/ca\/club-amatent-a-les-vi-olimpiades-ludiques\/","og_site_name":"PSC SVH","article_published_time":"2023-10-01T18:17:13+00:00","article_modified_time":"2023-10-03T08:51:45+00:00","og_image":[{"width":1440,"height":1439,"url":"https:\/\/pscsvh.com\/wp-content\/uploads\/2023\/10\/2.jpg","type":"image\/jpeg"}],"author":"PSC SVH","twitter_card":"summary_large_image","twitter_misc":{"Escrit per":"PSC SVH"},"schema":{"@context":"https:\/\/schema.org","@graph":[{"@type":"Article","@id":"https:\/\/pscsvh.com\/ca\/club-amatent-a-les-vi-olimpiades-ludiques\/#article","isPartOf":{"@id":"https:\/\/pscsvh.com\/ca\/club-amatent-a-les-vi-olimpiades-ludiques\/"},"author":{"name":"PSC SVH","@id":"https:\/\/pscsvh.com\/ca\/#\/schema\/person\/6ad2cedf14b82878e2897de3ed64f1f9"},"headline":"Club Amatent a les VI olimp\u00edades l\u00fadiques","datePublished":"2023-10-01T18:17:13+00:00","dateModified":"2023-10-03T08:51:45+00:00","mainEntityOfPage":{"@id":"https:\/\/pscsvh.com\/ca\/club-amatent-a-les-vi-olimpiades-ludiques\/"},"wordCount":52,"commentCount":0,"publisher":{"@id":"https:\/\/pscsvh.com\/ca\/#organization"},"image":{"@id":"https:\/\/pscsvh.com\/ca\/club-amatent-a-les-vi-olimpiades-ludiques\/#primaryimage"},"thumbnailUrl":"https:\/\/pscsvh.com\/wp-content\/uploads\/2023\/10\/2.jpg","articleSection":["Entitats"],"inLanguage":"ca","potentialAction":[{"@type":"CommentAction","name":"Comment","target":["https:\/\/pscsvh.com\/ca\/club-amatent-a-les-vi-olimpiades-ludiques\/#respond"]}]},{"@type":"WebPage","@id":"https:\/\/pscsvh.com\/ca\/club-amatent-a-les-vi-olimpiades-ludiques\/","url":"https:\/\/pscsvh.com\/ca\/club-amatent-a-les-vi-olimpiades-ludiques\/","name":"Club Amatent a les VI olimp\u00edades l\u00fadiques - PSC SVH","isPartOf":{"@id":"https:\/\/pscsvh.com\/ca\/#website"},"primaryImageOfPage":{"@id":"https:\/\/pscsvh.com\/ca\/club-amatent-a-les-vi-olimpiades-ludiques\/#primaryimage"},"image":{"@id":"https:\/\/pscsvh.com\/ca\/club-amatent-a-les-vi-olimpiades-ludiques\/#primaryimage"},"thumbnailUrl":"https:\/\/pscsvh.com\/wp-content\/uploads\/2023\/10\/2.jpg","datePublished":"2023-10-01T18:17:13+00:00","dateModified":"2023-10-03T08:51:45+00:00","description":"Club Amatent a les VI olimp\u00edades l\u00fadiques. Aquesta tarda hem acompanyat el Club Amatent a les VI olimp\u00edades l\u00fadiques i al Casal de la Gu\u00e0rdia en la trobada organitzada a la Pla\u00e7a de la Pau.","breadcrumb":{"@id":"https:\/\/pscsvh.com\/ca\/club-amatent-a-les-vi-olimpiades-ludiques\/#breadcrumb"},"inLanguage":"ca","potentialAction":[{"@type":"ReadAction","target":["https:\/\/pscsvh.com\/ca\/club-amatent-a-les-vi-olimpiades-ludiques\/"]}]},{"@type":"ImageObject","inLanguage":"ca","@id":"https:\/\/pscsvh.com\/ca\/club-amatent-a-les-vi-olimpiades-ludiques\/#primaryimage","url":"https:\/\/pscsvh.com\/wp-content\/uploads\/2023\/10\/2.jpg","contentUrl":"https:\/\/pscsvh.com\/wp-content\/uploads\/2023\/10\/2.jpg","width":1440,"height":1439,"caption":"Esta tarde hemos acompa\u00f1ado al Club Amatent en las VI olimpiadas l\u00fadicas y al Casal de la Gu\u00e0rdia en el encuentro organizado en la Pla\u00e7a de la Pau."},{"@type":"BreadcrumbList","@id":"https:\/\/pscsvh.com\/ca\/club-amatent-a-les-vi-olimpiades-ludiques\/#breadcrumb","itemListElement":[{"@type":"ListItem","position":1,"name":"Portada","item":"https:\/\/pscsvh.com\/ca\/"},{"@type":"ListItem","position":2,"name":"Club Amatent a les VI olimp\u00edades l\u00fadiques"}]},{"@type":"WebSite","@id":"https:\/\/pscsvh.com\/ca\/#website","url":"https:\/\/pscsvh.com\/ca\/","name":"PSC SVH","description":"El cambio que suma","publisher":{"@id":"https:\/\/pscsvh.com\/ca\/#organization"},"potentialAction":[{"@type":"SearchAction","target":{"@type":"EntryPoint","urlTemplate":"https:\/\/pscsvh.com\/ca\/?s={search_term_string}"},"query-input":{"@type":"PropertyValueSpecification","valueRequired":true,"valueName":"search_term_string"}}],"inLanguage":"ca"},{"@type":"Organization","@id":"https:\/\/pscsvh.com\/ca\/#organization","name":"PSC SVH","url":"https:\/\/pscsvh.com\/ca\/","logo":{"@type":"ImageObject","inLanguage":"ca","@id":"https:\/\/pscsvh.com\/ca\/#\/schema\/logo\/image\/","url":"https:\/\/pscsvh.com\/wp-content\/uploads\/2022\/06\/cropped-Logo_SVh2-300x158-1.png","contentUrl":"https:\/\/pscsvh.com\/wp-content\/uploads\/2022\/06\/cropped-Logo_SVh2-300x158-1.png","width":300,"height":158,"caption":"PSC SVH"},"image":{"@id":"https:\/\/pscsvh.com\/ca\/#\/schema\/logo\/image\/"}},{"@type":"Person","@id":"https:\/\/pscsvh.com\/ca\/#\/schema\/person\/6ad2cedf14b82878e2897de3ed64f1f9","name":"PSC SVH","image":{"@type":"ImageObject","inLanguage":"ca","@id":"https:\/\/pscsvh.com\/ca\/#\/schema\/person\/image\/","url":"https:\/\/secure.gravatar.com\/avatar\/a019c39072cc7d669be4d6e2cda099b4e834789e55938a3ec58bef829a37db42?s=96&d=mm&r=g","contentUrl":"https:\/\/secure.gravatar.com\/avatar\/a019c39072cc7d669be4d6e2cda099b4e834789e55938a3ec58bef829a37db42?s=96&d=mm&r=g","caption":"PSC SVH"},"url":"https:\/\/pscsvh.com\/ca\/author\/admin-2\/"}]}},"_links":{"self":[{"href":"https:\/\/pscsvh.com\/ca\/wp-json\/wp\/v2\/posts\/6566","targetHints":{"allow":["GET"]}}],"collection":[{"href":"https:\/\/pscsvh.com\/ca\/wp-json\/wp\/v2\/posts"}],"about":[{"href":"https:\/\/pscsvh.com\/ca\/wp-json\/wp\/v2\/types\/post"}],"author":[{"embeddable":true,"href":"https:\/\/pscsvh.com\/ca\/wp-json\/wp\/v2\/users\/2"}],"replies":[{"embeddable":true,"href":"https:\/\/pscsvh.com\/ca\/wp-json\/wp\/v2\/comments?post=6566"}],"version-history":[{"count":1,"href":"https:\/\/pscsvh.com\/ca\/wp-json\/wp\/v2\/posts\/6566\/revisions"}],"predecessor-version":[{"id":6567,"href":"https:\/\/pscsvh.com\/ca\/wp-json\/wp\/v2\/posts\/6566\/revisions\/6567"}],"wp:featuredmedia":[{"embeddable":true,"href":"https:\/\/pscsvh.com\/ca\/wp-json\/wp\/v2\/media\/6537"}],"wp:attachment":[{"href":"https:\/\/pscsvh.com\/ca\/wp-json\/wp\/v2\/media?parent=6566"}],"wp:term":[{"taxonomy":"category","embeddable":true,"href":"https:\/\/pscsvh.com\/ca\/wp-json\/wp\/v2\/categories?post=6566"},{"taxonomy":"post_tag","embeddable":true,"href":"https:\/\/pscsvh.com\/ca\/wp-json\/wp\/v2\/tags?post=6566"},{"taxonomy":"citadela-post-location","embeddable":true,"href":"https:\/\/pscsvh.com\/ca\/wp-json\/wp\/v2\/citadela-post-location?post=6566"}],"curies":[{"name":"wp","href":"https:\/\/api.w.org\/{rel}","templated":true}]}}