{"id":6446,"date":"2023-09-02T11:06:17","date_gmt":"2023-09-02T09:06:17","guid":{"rendered":"https:\/\/pscsvh.com\/reforc-del-santvibus\/"},"modified":"2023-09-12T09:05:16","modified_gmt":"2023-09-12T07:05:16","slug":"reforc-del-santvibus","status":"publish","type":"post","link":"https:\/\/pscsvh.com\/ca\/reforc-del-santvibus\/","title":{"rendered":"Refor\u00e7 del SantviBus"},"content":{"rendered":"\n<p>L&#8217; \u00c0rea Metropolitana de Barcelona refor\u00e7ar\u00e0 el servei de bus urb\u00e0 de les l\u00ednies SV2, SV3 i ESC als matins de dilluns a divendres a petici\u00f3 de l&#8217; Ajuntament de Sant Vicen\u00e7 dels Horts, per l&#8217; elevada demanda que t\u00e9 el servei durant el curs escolar.<\/p>\n\n<p>Aquest refor\u00e7 es posar\u00e0 en marxa el 6 de setembre, amb l&#8217;inici de les classes, i incorporar\u00e0 una expedici\u00f3 m\u00e9s a la l\u00ednia ESC que iniciar\u00e0 el servei a Can Ros, un punt en qu\u00e8 el servei acumula for\u00e7a passatge.<\/p>\n\n<p>Sortir\u00e0 a les 7.30 h de la parada al costat del pol\u00edgon de la Bofarull i arribar\u00e0 a les 7.50 h al Frederic Mompou<\/p>\n\n<p>Afegir\u00e0 una parada al Cementiri Municipal per assumir passatge de les l\u00ednies SV2 i SV3 i evitar col\u00b7lapsar el servei.<\/p>\n","protected":false},"excerpt":{"rendered":"<p>L&#8217; \u00c0rea Metropolitana de Barcelona refor\u00e7ar\u00e0 el servei de bus urb\u00e0 de les l\u00ednies SV2, SV3 i ESC als matins de dilluns a divendres<\/p>\n","protected":false},"author":2,"featured_media":6374,"comment_status":"open","ping_status":"closed","sticky":false,"template":"","format":"standard","meta":{"_citadela_custom_class":"","footnotes":""},"categories":[306],"tags":[],"citadela-post-location":[42],"class_list":["post-6446","post","type-post","status-publish","format-standard","has-post-thumbnail","hentry","category-mobilitat"],"yoast_head":"<!-- This site is optimized with the Yoast SEO plugin v24.7 - https:\/\/yoast.com\/wordpress\/plugins\/seo\/ -->\n<title>Refor\u00e7 del SantviBus - PSC SVH<\/title>\n<meta name=\"description\" content=\"Refor\u00e7 del SantviBus. L&#039; \u00c0rea Metropolitana de Barcelona refor\u00e7ar\u00e0 el servei de bus urb\u00e0 de les l\u00ednies SV2, SV3 i ESC als matins de dilluns a divendres\" \/>\n<meta name=\"robots\" content=\"index, follow, max-snippet:-1, max-image-preview:large, max-video-preview:-1\" \/>\n<link rel=\"canonical\" href=\"https:\/\/pscsvh.com\/ca\/reforc-del-santvibus\/\" \/>\n<meta property=\"og:locale\" content=\"ca_ES\" \/>\n<meta property=\"og:type\" content=\"article\" \/>\n<meta property=\"og:title\" content=\"Refor\u00e7 del SantviBus - PSC SVH\" \/>\n<meta property=\"og:description\" content=\"Refor\u00e7 del SantviBus. L&#039; \u00c0rea Metropolitana de Barcelona refor\u00e7ar\u00e0 el servei de bus urb\u00e0 de les l\u00ednies SV2, SV3 i ESC als matins de dilluns a divendres\" \/>\n<meta property=\"og:url\" content=\"https:\/\/pscsvh.com\/ca\/reforc-del-santvibus\/\" \/>\n<meta property=\"og:site_name\" content=\"PSC SVH\" \/>\n<meta property=\"article:published_time\" content=\"2023-09-02T09:06:17+00:00\" \/>\n<meta property=\"article:modified_time\" content=\"2023-09-12T07:05:16+00:00\" \/>\n<meta property=\"og:image\" content=\"https:\/\/pscsvh.com\/wp-content\/uploads\/2023\/09\/369732761_620154326964573_4394903639425668323_n.jpg\" \/>\n\t<meta property=\"og:image:width\" content=\"1406\" \/>\n\t<meta property=\"og:image:height\" content=\"960\" \/>\n\t<meta property=\"og:image:type\" content=\"image\/jpeg\" \/>\n<meta name=\"author\" content=\"PSC SVH\" \/>\n<meta name=\"twitter:card\" content=\"summary_large_image\" \/>\n<meta name=\"twitter:label1\" content=\"Escrit per\" \/>\n\t<meta name=\"twitter:data1\" content=\"PSC SVH\" \/>\n\t<meta name=\"twitter:label2\" content=\"Temps estimat de lectura\" \/>\n\t<meta name=\"twitter:data2\" content=\"1 minut\" \/>\n<script type=\"application\/ld+json\" class=\"yoast-schema-graph\">{\"@context\":\"https:\/\/schema.org\",\"@graph\":[{\"@type\":\"Article\",\"@id\":\"https:\/\/pscsvh.com\/ca\/reforc-del-santvibus\/#article\",\"isPartOf\":{\"@id\":\"https:\/\/pscsvh.com\/ca\/reforc-del-santvibus\/\"},\"author\":{\"name\":\"PSC SVH\",\"@id\":\"https:\/\/pscsvh.com\/ca\/#\/schema\/person\/6ad2cedf14b82878e2897de3ed64f1f9\"},\"headline\":\"Refor\u00e7 del SantviBus\",\"datePublished\":\"2023-09-02T09:06:17+00:00\",\"dateModified\":\"2023-09-12T07:05:16+00:00\",\"mainEntityOfPage\":{\"@id\":\"https:\/\/pscsvh.com\/ca\/reforc-del-santvibus\/\"},\"wordCount\":139,\"commentCount\":0,\"publisher\":{\"@id\":\"https:\/\/pscsvh.com\/ca\/#organization\"},\"image\":{\"@id\":\"https:\/\/pscsvh.com\/ca\/reforc-del-santvibus\/#primaryimage\"},\"thumbnailUrl\":\"https:\/\/pscsvh.com\/wp-content\/uploads\/2023\/09\/369732761_620154326964573_4394903639425668323_n.jpg\",\"articleSection\":[\"Mobilitat\"],\"inLanguage\":\"ca\",\"potentialAction\":[{\"@type\":\"CommentAction\",\"name\":\"Comment\",\"target\":[\"https:\/\/pscsvh.com\/ca\/reforc-del-santvibus\/#respond\"]}]},{\"@type\":\"WebPage\",\"@id\":\"https:\/\/pscsvh.com\/ca\/reforc-del-santvibus\/\",\"url\":\"https:\/\/pscsvh.com\/ca\/reforc-del-santvibus\/\",\"name\":\"Refor\u00e7 del SantviBus - PSC SVH\",\"isPartOf\":{\"@id\":\"https:\/\/pscsvh.com\/ca\/#website\"},\"primaryImageOfPage\":{\"@id\":\"https:\/\/pscsvh.com\/ca\/reforc-del-santvibus\/#primaryimage\"},\"image\":{\"@id\":\"https:\/\/pscsvh.com\/ca\/reforc-del-santvibus\/#primaryimage\"},\"thumbnailUrl\":\"https:\/\/pscsvh.com\/wp-content\/uploads\/2023\/09\/369732761_620154326964573_4394903639425668323_n.jpg\",\"datePublished\":\"2023-09-02T09:06:17+00:00\",\"dateModified\":\"2023-09-12T07:05:16+00:00\",\"description\":\"Refor\u00e7 del SantviBus. L' \u00c0rea Metropolitana de Barcelona refor\u00e7ar\u00e0 el servei de bus urb\u00e0 de les l\u00ednies SV2, SV3 i ESC als matins de dilluns a divendres\",\"breadcrumb\":{\"@id\":\"https:\/\/pscsvh.com\/ca\/reforc-del-santvibus\/#breadcrumb\"},\"inLanguage\":\"ca\",\"potentialAction\":[{\"@type\":\"ReadAction\",\"target\":[\"https:\/\/pscsvh.com\/ca\/reforc-del-santvibus\/\"]}]},{\"@type\":\"ImageObject\",\"inLanguage\":\"ca\",\"@id\":\"https:\/\/pscsvh.com\/ca\/reforc-del-santvibus\/#primaryimage\",\"url\":\"https:\/\/pscsvh.com\/wp-content\/uploads\/2023\/09\/369732761_620154326964573_4394903639425668323_n.jpg\",\"contentUrl\":\"https:\/\/pscsvh.com\/wp-content\/uploads\/2023\/09\/369732761_620154326964573_4394903639425668323_n.jpg\",\"width\":1406,\"height\":960,\"caption\":\"Este refuerzo se pondr\u00e1 en marcha el 6 de septiembre, con el inicio de las clases, e incorporar\u00e1 una expedici\u00f3n m\u00e1s a la l\u00ednea ESC que iniciar\u00e1 el servicio en Can Ros, un punto en el que el servicio acumula bastante pasaje.\"},{\"@type\":\"BreadcrumbList\",\"@id\":\"https:\/\/pscsvh.com\/ca\/reforc-del-santvibus\/#breadcrumb\",\"itemListElement\":[{\"@type\":\"ListItem\",\"position\":1,\"name\":\"Portada\",\"item\":\"https:\/\/pscsvh.com\/ca\/\"},{\"@type\":\"ListItem\",\"position\":2,\"name\":\"Refor\u00e7 del SantviBus\"}]},{\"@type\":\"WebSite\",\"@id\":\"https:\/\/pscsvh.com\/ca\/#website\",\"url\":\"https:\/\/pscsvh.com\/ca\/\",\"name\":\"PSC SVH\",\"description\":\"El cambio que suma\",\"publisher\":{\"@id\":\"https:\/\/pscsvh.com\/ca\/#organization\"},\"potentialAction\":[{\"@type\":\"SearchAction\",\"target\":{\"@type\":\"EntryPoint\",\"urlTemplate\":\"https:\/\/pscsvh.com\/ca\/?s={search_term_string}\"},\"query-input\":{\"@type\":\"PropertyValueSpecification\",\"valueRequired\":true,\"valueName\":\"search_term_string\"}}],\"inLanguage\":\"ca\"},{\"@type\":\"Organization\",\"@id\":\"https:\/\/pscsvh.com\/ca\/#organization\",\"name\":\"PSC SVH\",\"url\":\"https:\/\/pscsvh.com\/ca\/\",\"logo\":{\"@type\":\"ImageObject\",\"inLanguage\":\"ca\",\"@id\":\"https:\/\/pscsvh.com\/ca\/#\/schema\/logo\/image\/\",\"url\":\"https:\/\/pscsvh.com\/wp-content\/uploads\/2022\/06\/cropped-Logo_SVh2-300x158-1.png\",\"contentUrl\":\"https:\/\/pscsvh.com\/wp-content\/uploads\/2022\/06\/cropped-Logo_SVh2-300x158-1.png\",\"width\":300,\"height\":158,\"caption\":\"PSC SVH\"},\"image\":{\"@id\":\"https:\/\/pscsvh.com\/ca\/#\/schema\/logo\/image\/\"}},{\"@type\":\"Person\",\"@id\":\"https:\/\/pscsvh.com\/ca\/#\/schema\/person\/6ad2cedf14b82878e2897de3ed64f1f9\",\"name\":\"PSC SVH\",\"image\":{\"@type\":\"ImageObject\",\"inLanguage\":\"ca\",\"@id\":\"https:\/\/pscsvh.com\/ca\/#\/schema\/person\/image\/\",\"url\":\"https:\/\/secure.gravatar.com\/avatar\/a019c39072cc7d669be4d6e2cda099b4e834789e55938a3ec58bef829a37db42?s=96&d=mm&r=g\",\"contentUrl\":\"https:\/\/secure.gravatar.com\/avatar\/a019c39072cc7d669be4d6e2cda099b4e834789e55938a3ec58bef829a37db42?s=96&d=mm&r=g\",\"caption\":\"PSC SVH\"},\"url\":\"https:\/\/pscsvh.com\/ca\/author\/admin-2\/\"}]}<\/script>\n<!-- \/ Yoast SEO plugin. -->","yoast_head_json":{"title":"Refor\u00e7 del SantviBus - PSC SVH","description":"Refor\u00e7 del SantviBus. L' \u00c0rea Metropolitana de Barcelona refor\u00e7ar\u00e0 el servei de bus urb\u00e0 de les l\u00ednies SV2, SV3 i ESC als matins de dilluns a divendres","robots":{"index":"index","follow":"follow","max-snippet":"max-snippet:-1","max-image-preview":"max-image-preview:large","max-video-preview":"max-video-preview:-1"},"canonical":"https:\/\/pscsvh.com\/ca\/reforc-del-santvibus\/","og_locale":"ca_ES","og_type":"article","og_title":"Refor\u00e7 del SantviBus - PSC SVH","og_description":"Refor\u00e7 del SantviBus. L' \u00c0rea Metropolitana de Barcelona refor\u00e7ar\u00e0 el servei de bus urb\u00e0 de les l\u00ednies SV2, SV3 i ESC als matins de dilluns a divendres","og_url":"https:\/\/pscsvh.com\/ca\/reforc-del-santvibus\/","og_site_name":"PSC SVH","article_published_time":"2023-09-02T09:06:17+00:00","article_modified_time":"2023-09-12T07:05:16+00:00","og_image":[{"width":1406,"height":960,"url":"https:\/\/pscsvh.com\/wp-content\/uploads\/2023\/09\/369732761_620154326964573_4394903639425668323_n.jpg","type":"image\/jpeg"}],"author":"PSC SVH","twitter_card":"summary_large_image","twitter_misc":{"Escrit per":"PSC SVH","Temps estimat de lectura":"1 minut"},"schema":{"@context":"https:\/\/schema.org","@graph":[{"@type":"Article","@id":"https:\/\/pscsvh.com\/ca\/reforc-del-santvibus\/#article","isPartOf":{"@id":"https:\/\/pscsvh.com\/ca\/reforc-del-santvibus\/"},"author":{"name":"PSC SVH","@id":"https:\/\/pscsvh.com\/ca\/#\/schema\/person\/6ad2cedf14b82878e2897de3ed64f1f9"},"headline":"Refor\u00e7 del SantviBus","datePublished":"2023-09-02T09:06:17+00:00","dateModified":"2023-09-12T07:05:16+00:00","mainEntityOfPage":{"@id":"https:\/\/pscsvh.com\/ca\/reforc-del-santvibus\/"},"wordCount":139,"commentCount":0,"publisher":{"@id":"https:\/\/pscsvh.com\/ca\/#organization"},"image":{"@id":"https:\/\/pscsvh.com\/ca\/reforc-del-santvibus\/#primaryimage"},"thumbnailUrl":"https:\/\/pscsvh.com\/wp-content\/uploads\/2023\/09\/369732761_620154326964573_4394903639425668323_n.jpg","articleSection":["Mobilitat"],"inLanguage":"ca","potentialAction":[{"@type":"CommentAction","name":"Comment","target":["https:\/\/pscsvh.com\/ca\/reforc-del-santvibus\/#respond"]}]},{"@type":"WebPage","@id":"https:\/\/pscsvh.com\/ca\/reforc-del-santvibus\/","url":"https:\/\/pscsvh.com\/ca\/reforc-del-santvibus\/","name":"Refor\u00e7 del SantviBus - PSC SVH","isPartOf":{"@id":"https:\/\/pscsvh.com\/ca\/#website"},"primaryImageOfPage":{"@id":"https:\/\/pscsvh.com\/ca\/reforc-del-santvibus\/#primaryimage"},"image":{"@id":"https:\/\/pscsvh.com\/ca\/reforc-del-santvibus\/#primaryimage"},"thumbnailUrl":"https:\/\/pscsvh.com\/wp-content\/uploads\/2023\/09\/369732761_620154326964573_4394903639425668323_n.jpg","datePublished":"2023-09-02T09:06:17+00:00","dateModified":"2023-09-12T07:05:16+00:00","description":"Refor\u00e7 del SantviBus. L' \u00c0rea Metropolitana de Barcelona refor\u00e7ar\u00e0 el servei de bus urb\u00e0 de les l\u00ednies SV2, SV3 i ESC als matins de dilluns a divendres","breadcrumb":{"@id":"https:\/\/pscsvh.com\/ca\/reforc-del-santvibus\/#breadcrumb"},"inLanguage":"ca","potentialAction":[{"@type":"ReadAction","target":["https:\/\/pscsvh.com\/ca\/reforc-del-santvibus\/"]}]},{"@type":"ImageObject","inLanguage":"ca","@id":"https:\/\/pscsvh.com\/ca\/reforc-del-santvibus\/#primaryimage","url":"https:\/\/pscsvh.com\/wp-content\/uploads\/2023\/09\/369732761_620154326964573_4394903639425668323_n.jpg","contentUrl":"https:\/\/pscsvh.com\/wp-content\/uploads\/2023\/09\/369732761_620154326964573_4394903639425668323_n.jpg","width":1406,"height":960,"caption":"Este refuerzo se pondr\u00e1 en marcha el 6 de septiembre, con el inicio de las clases, e incorporar\u00e1 una expedici\u00f3n m\u00e1s a la l\u00ednea ESC que iniciar\u00e1 el servicio en Can Ros, un punto en el que el servicio acumula bastante pasaje."},{"@type":"BreadcrumbList","@id":"https:\/\/pscsvh.com\/ca\/reforc-del-santvibus\/#breadcrumb","itemListElement":[{"@type":"ListItem","position":1,"name":"Portada","item":"https:\/\/pscsvh.com\/ca\/"},{"@type":"ListItem","position":2,"name":"Refor\u00e7 del SantviBus"}]},{"@type":"WebSite","@id":"https:\/\/pscsvh.com\/ca\/#website","url":"https:\/\/pscsvh.com\/ca\/","name":"PSC SVH","description":"El cambio que suma","publisher":{"@id":"https:\/\/pscsvh.com\/ca\/#organization"},"potentialAction":[{"@type":"SearchAction","target":{"@type":"EntryPoint","urlTemplate":"https:\/\/pscsvh.com\/ca\/?s={search_term_string}"},"query-input":{"@type":"PropertyValueSpecification","valueRequired":true,"valueName":"search_term_string"}}],"inLanguage":"ca"},{"@type":"Organization","@id":"https:\/\/pscsvh.com\/ca\/#organization","name":"PSC SVH","url":"https:\/\/pscsvh.com\/ca\/","logo":{"@type":"ImageObject","inLanguage":"ca","@id":"https:\/\/pscsvh.com\/ca\/#\/schema\/logo\/image\/","url":"https:\/\/pscsvh.com\/wp-content\/uploads\/2022\/06\/cropped-Logo_SVh2-300x158-1.png","contentUrl":"https:\/\/pscsvh.com\/wp-content\/uploads\/2022\/06\/cropped-Logo_SVh2-300x158-1.png","width":300,"height":158,"caption":"PSC SVH"},"image":{"@id":"https:\/\/pscsvh.com\/ca\/#\/schema\/logo\/image\/"}},{"@type":"Person","@id":"https:\/\/pscsvh.com\/ca\/#\/schema\/person\/6ad2cedf14b82878e2897de3ed64f1f9","name":"PSC SVH","image":{"@type":"ImageObject","inLanguage":"ca","@id":"https:\/\/pscsvh.com\/ca\/#\/schema\/person\/image\/","url":"https:\/\/secure.gravatar.com\/avatar\/a019c39072cc7d669be4d6e2cda099b4e834789e55938a3ec58bef829a37db42?s=96&d=mm&r=g","contentUrl":"https:\/\/secure.gravatar.com\/avatar\/a019c39072cc7d669be4d6e2cda099b4e834789e55938a3ec58bef829a37db42?s=96&d=mm&r=g","caption":"PSC SVH"},"url":"https:\/\/pscsvh.com\/ca\/author\/admin-2\/"}]}},"_links":{"self":[{"href":"https:\/\/pscsvh.com\/ca\/wp-json\/wp\/v2\/posts\/6446","targetHints":{"allow":["GET"]}}],"collection":[{"href":"https:\/\/pscsvh.com\/ca\/wp-json\/wp\/v2\/posts"}],"about":[{"href":"https:\/\/pscsvh.com\/ca\/wp-json\/wp\/v2\/types\/post"}],"author":[{"embeddable":true,"href":"https:\/\/pscsvh.com\/ca\/wp-json\/wp\/v2\/users\/2"}],"replies":[{"embeddable":true,"href":"https:\/\/pscsvh.com\/ca\/wp-json\/wp\/v2\/comments?post=6446"}],"version-history":[{"count":1,"href":"https:\/\/pscsvh.com\/ca\/wp-json\/wp\/v2\/posts\/6446\/revisions"}],"predecessor-version":[{"id":6447,"href":"https:\/\/pscsvh.com\/ca\/wp-json\/wp\/v2\/posts\/6446\/revisions\/6447"}],"wp:featuredmedia":[{"embeddable":true,"href":"https:\/\/pscsvh.com\/ca\/wp-json\/wp\/v2\/media\/6374"}],"wp:attachment":[{"href":"https:\/\/pscsvh.com\/ca\/wp-json\/wp\/v2\/media?parent=6446"}],"wp:term":[{"taxonomy":"category","embeddable":true,"href":"https:\/\/pscsvh.com\/ca\/wp-json\/wp\/v2\/categories?post=6446"},{"taxonomy":"post_tag","embeddable":true,"href":"https:\/\/pscsvh.com\/ca\/wp-json\/wp\/v2\/tags?post=6446"},{"taxonomy":"citadela-post-location","embeddable":true,"href":"https:\/\/pscsvh.com\/ca\/wp-json\/wp\/v2\/citadela-post-location?post=6446"}],"curies":[{"name":"wp","href":"https:\/\/api.w.org\/{rel}","templated":true}]}}