{"id":6329,"date":"2023-07-23T19:58:51","date_gmt":"2023-07-23T17:58:51","guid":{"rendered":"https:\/\/pscsvh.com\/el-psc-guanya-les-eleccions-a-sant-vicenc\/"},"modified":"2023-08-28T10:07:56","modified_gmt":"2023-08-28T08:07:56","slug":"el-psc-guanya-les-eleccions-a-sant-vicenc","status":"publish","type":"post","link":"https:\/\/pscsvh.com\/ca\/el-psc-guanya-les-eleccions-a-sant-vicenc\/","title":{"rendered":"El PSC guanya les eleccions a Sant Vicen\u00e7"},"content":{"rendered":"\n<p>El PSC guanya les eleccions generals a Sant Vicen\u00e7 dels Horts, amb 5.299 vots (39,15%) i guanyant a totes les meses electorals.<\/p>\n\n<figure class=\"wp-block-gallery has-nested-images columns-1 is-cropped wp-block-gallery-1 is-layout-flex wp-block-gallery-is-layout-flex\">\n<figure class=\"wp-block-image size-large\"><img loading=\"lazy\" decoding=\"async\" width=\"1024\" height=\"917\" data-id=\"6297\" src=\"https:\/\/pscsvh.com\/wp-content\/uploads\/2023\/07\/359856960_10232517195851564_917275913794854207_n-1024x917.jpg\" alt=\"\" class=\"wp-image-6297\" srcset=\"https:\/\/pscsvh.com\/wp-content\/uploads\/2023\/07\/359856960_10232517195851564_917275913794854207_n-1024x917.jpg 1024w, https:\/\/pscsvh.com\/wp-content\/uploads\/2023\/07\/359856960_10232517195851564_917275913794854207_n-300x269.jpg 300w, https:\/\/pscsvh.com\/wp-content\/uploads\/2023\/07\/359856960_10232517195851564_917275913794854207_n-768x688.jpg 768w, https:\/\/pscsvh.com\/wp-content\/uploads\/2023\/07\/359856960_10232517195851564_917275913794854207_n.jpg 1080w\" sizes=\"auto, (max-width: 1024px) 100vw, 1024px\" \/><\/figure>\n\n\n\n<figure class=\"wp-block-image size-large\"><img loading=\"lazy\" decoding=\"async\" width=\"847\" height=\"960\" data-id=\"6295\" src=\"https:\/\/pscsvh.com\/wp-content\/uploads\/2023\/07\/363284335_10232517194691535_4791293796660233771_n.jpg\" alt=\"\" class=\"wp-image-6295\" srcset=\"https:\/\/pscsvh.com\/wp-content\/uploads\/2023\/07\/363284335_10232517194691535_4791293796660233771_n.jpg 847w, https:\/\/pscsvh.com\/wp-content\/uploads\/2023\/07\/363284335_10232517194691535_4791293796660233771_n-265x300.jpg 265w, https:\/\/pscsvh.com\/wp-content\/uploads\/2023\/07\/363284335_10232517194691535_4791293796660233771_n-768x870.jpg 768w\" sizes=\"auto, (max-width: 847px) 100vw, 847px\" \/><\/figure>\n\n\n\n<figure class=\"wp-block-image size-large\"><img loading=\"lazy\" decoding=\"async\" width=\"1024\" height=\"753\" data-id=\"6293\" src=\"https:\/\/pscsvh.com\/wp-content\/uploads\/2023\/07\/362981320_10232517158890640_6142978600715885599_n-1024x753.jpg\" alt=\"\" class=\"wp-image-6293\" srcset=\"https:\/\/pscsvh.com\/wp-content\/uploads\/2023\/07\/362981320_10232517158890640_6142978600715885599_n-1024x753.jpg 1024w, https:\/\/pscsvh.com\/wp-content\/uploads\/2023\/07\/362981320_10232517158890640_6142978600715885599_n-300x221.jpg 300w, https:\/\/pscsvh.com\/wp-content\/uploads\/2023\/07\/362981320_10232517158890640_6142978600715885599_n-768x565.jpg 768w, https:\/\/pscsvh.com\/wp-content\/uploads\/2023\/07\/362981320_10232517158890640_6142978600715885599_n.jpg 1080w\" sizes=\"auto, (max-width: 1024px) 100vw, 1024px\" \/><\/figure>\n<\/figure>\n","protected":false},"excerpt":{"rendered":"<p>El PSC guanya les eleccions generals a Sant Vicen\u00e7 dels Horts, amb 5.299 vots (39,15%) i guanyant a totes les meses electorals.<\/p>\n","protected":false},"author":2,"featured_media":6300,"comment_status":"open","ping_status":"closed","sticky":false,"template":"","format":"standard","meta":{"_citadela_custom_class":"","footnotes":""},"categories":[217],"tags":[],"citadela-post-location":[42],"class_list":["post-6329","post","type-post","status-publish","format-standard","has-post-thumbnail","hentry","category-psc-svh-ca"],"yoast_head":"<!-- This site is optimized with the Yoast SEO plugin v24.7 - https:\/\/yoast.com\/wordpress\/plugins\/seo\/ -->\n<title>El PSC guanya les eleccions a Sant Vicen\u00e7 - PSC SVH<\/title>\n<meta name=\"description\" content=\"El PSC guanya les eleccions a Sant Vicen\u00e7. El PSC guanya les eleccions generals a Sant Vicen\u00e7 dels Horts, amb 5.299 vots (39,15%) i guanyant a totes les meses electorals.\" \/>\n<meta name=\"robots\" content=\"index, follow, max-snippet:-1, max-image-preview:large, max-video-preview:-1\" \/>\n<link rel=\"canonical\" href=\"https:\/\/pscsvh.com\/ca\/el-psc-guanya-les-eleccions-a-sant-vicenc\/\" \/>\n<meta property=\"og:locale\" content=\"ca_ES\" \/>\n<meta property=\"og:type\" content=\"article\" \/>\n<meta property=\"og:title\" content=\"El PSC guanya les eleccions a Sant Vicen\u00e7 - PSC SVH\" \/>\n<meta property=\"og:description\" content=\"El PSC guanya les eleccions a Sant Vicen\u00e7. El PSC guanya les eleccions generals a Sant Vicen\u00e7 dels Horts, amb 5.299 vots (39,15%) i guanyant a totes les meses electorals.\" \/>\n<meta property=\"og:url\" content=\"https:\/\/pscsvh.com\/ca\/el-psc-guanya-les-eleccions-a-sant-vicenc\/\" \/>\n<meta property=\"og:site_name\" content=\"PSC SVH\" \/>\n<meta property=\"article:published_time\" content=\"2023-07-23T17:58:51+00:00\" \/>\n<meta property=\"article:modified_time\" content=\"2023-08-28T08:07:56+00:00\" \/>\n<meta property=\"og:image\" content=\"https:\/\/pscsvh.com\/wp-content\/uploads\/2023\/07\/362889347_10232512870703438_6479989363912191630_n.jpg\" \/>\n\t<meta property=\"og:image:width\" content=\"843\" \/>\n\t<meta property=\"og:image:height\" content=\"843\" \/>\n\t<meta property=\"og:image:type\" content=\"image\/jpeg\" \/>\n<meta name=\"author\" content=\"PSC SVH\" \/>\n<meta name=\"twitter:card\" content=\"summary_large_image\" \/>\n<meta name=\"twitter:label1\" content=\"Escrit per\" \/>\n\t<meta name=\"twitter:data1\" content=\"PSC SVH\" \/>\n<script type=\"application\/ld+json\" class=\"yoast-schema-graph\">{\"@context\":\"https:\/\/schema.org\",\"@graph\":[{\"@type\":\"Article\",\"@id\":\"https:\/\/pscsvh.com\/ca\/el-psc-guanya-les-eleccions-a-sant-vicenc\/#article\",\"isPartOf\":{\"@id\":\"https:\/\/pscsvh.com\/ca\/el-psc-guanya-les-eleccions-a-sant-vicenc\/\"},\"author\":{\"name\":\"PSC SVH\",\"@id\":\"https:\/\/pscsvh.com\/ca\/#\/schema\/person\/6ad2cedf14b82878e2897de3ed64f1f9\"},\"headline\":\"El PSC guanya les eleccions a Sant Vicen\u00e7\",\"datePublished\":\"2023-07-23T17:58:51+00:00\",\"dateModified\":\"2023-08-28T08:07:56+00:00\",\"mainEntityOfPage\":{\"@id\":\"https:\/\/pscsvh.com\/ca\/el-psc-guanya-les-eleccions-a-sant-vicenc\/\"},\"wordCount\":28,\"commentCount\":0,\"publisher\":{\"@id\":\"https:\/\/pscsvh.com\/ca\/#organization\"},\"image\":{\"@id\":\"https:\/\/pscsvh.com\/ca\/el-psc-guanya-les-eleccions-a-sant-vicenc\/#primaryimage\"},\"thumbnailUrl\":\"https:\/\/pscsvh.com\/wp-content\/uploads\/2023\/07\/362889347_10232512870703438_6479989363912191630_n.jpg\",\"articleSection\":[\"PSC SVH\"],\"inLanguage\":\"ca\",\"potentialAction\":[{\"@type\":\"CommentAction\",\"name\":\"Comment\",\"target\":[\"https:\/\/pscsvh.com\/ca\/el-psc-guanya-les-eleccions-a-sant-vicenc\/#respond\"]}]},{\"@type\":\"WebPage\",\"@id\":\"https:\/\/pscsvh.com\/ca\/el-psc-guanya-les-eleccions-a-sant-vicenc\/\",\"url\":\"https:\/\/pscsvh.com\/ca\/el-psc-guanya-les-eleccions-a-sant-vicenc\/\",\"name\":\"El PSC guanya les eleccions a Sant Vicen\u00e7 - PSC SVH\",\"isPartOf\":{\"@id\":\"https:\/\/pscsvh.com\/ca\/#website\"},\"primaryImageOfPage\":{\"@id\":\"https:\/\/pscsvh.com\/ca\/el-psc-guanya-les-eleccions-a-sant-vicenc\/#primaryimage\"},\"image\":{\"@id\":\"https:\/\/pscsvh.com\/ca\/el-psc-guanya-les-eleccions-a-sant-vicenc\/#primaryimage\"},\"thumbnailUrl\":\"https:\/\/pscsvh.com\/wp-content\/uploads\/2023\/07\/362889347_10232512870703438_6479989363912191630_n.jpg\",\"datePublished\":\"2023-07-23T17:58:51+00:00\",\"dateModified\":\"2023-08-28T08:07:56+00:00\",\"description\":\"El PSC guanya les eleccions a Sant Vicen\u00e7. El PSC guanya les eleccions generals a Sant Vicen\u00e7 dels Horts, amb 5.299 vots (39,15%) i guanyant a totes les meses electorals.\",\"breadcrumb\":{\"@id\":\"https:\/\/pscsvh.com\/ca\/el-psc-guanya-les-eleccions-a-sant-vicenc\/#breadcrumb\"},\"inLanguage\":\"ca\",\"potentialAction\":[{\"@type\":\"ReadAction\",\"target\":[\"https:\/\/pscsvh.com\/ca\/el-psc-guanya-les-eleccions-a-sant-vicenc\/\"]}]},{\"@type\":\"ImageObject\",\"inLanguage\":\"ca\",\"@id\":\"https:\/\/pscsvh.com\/ca\/el-psc-guanya-les-eleccions-a-sant-vicenc\/#primaryimage\",\"url\":\"https:\/\/pscsvh.com\/wp-content\/uploads\/2023\/07\/362889347_10232512870703438_6479989363912191630_n.jpg\",\"contentUrl\":\"https:\/\/pscsvh.com\/wp-content\/uploads\/2023\/07\/362889347_10232512870703438_6479989363912191630_n.jpg\",\"width\":843,\"height\":843,\"caption\":\"El PSC gana las elecciones generales en Sant Vicen\u00e7 dels Horts, con 5.299 votos (39,15%) y ganando en todas las mesas electorales.\"},{\"@type\":\"BreadcrumbList\",\"@id\":\"https:\/\/pscsvh.com\/ca\/el-psc-guanya-les-eleccions-a-sant-vicenc\/#breadcrumb\",\"itemListElement\":[{\"@type\":\"ListItem\",\"position\":1,\"name\":\"Portada\",\"item\":\"https:\/\/pscsvh.com\/ca\/\"},{\"@type\":\"ListItem\",\"position\":2,\"name\":\"El PSC guanya les eleccions a Sant Vicen\u00e7\"}]},{\"@type\":\"WebSite\",\"@id\":\"https:\/\/pscsvh.com\/ca\/#website\",\"url\":\"https:\/\/pscsvh.com\/ca\/\",\"name\":\"PSC SVH\",\"description\":\"El cambio que suma\",\"publisher\":{\"@id\":\"https:\/\/pscsvh.com\/ca\/#organization\"},\"potentialAction\":[{\"@type\":\"SearchAction\",\"target\":{\"@type\":\"EntryPoint\",\"urlTemplate\":\"https:\/\/pscsvh.com\/ca\/?s={search_term_string}\"},\"query-input\":{\"@type\":\"PropertyValueSpecification\",\"valueRequired\":true,\"valueName\":\"search_term_string\"}}],\"inLanguage\":\"ca\"},{\"@type\":\"Organization\",\"@id\":\"https:\/\/pscsvh.com\/ca\/#organization\",\"name\":\"PSC SVH\",\"url\":\"https:\/\/pscsvh.com\/ca\/\",\"logo\":{\"@type\":\"ImageObject\",\"inLanguage\":\"ca\",\"@id\":\"https:\/\/pscsvh.com\/ca\/#\/schema\/logo\/image\/\",\"url\":\"https:\/\/pscsvh.com\/wp-content\/uploads\/2022\/06\/cropped-Logo_SVh2-300x158-1.png\",\"contentUrl\":\"https:\/\/pscsvh.com\/wp-content\/uploads\/2022\/06\/cropped-Logo_SVh2-300x158-1.png\",\"width\":300,\"height\":158,\"caption\":\"PSC SVH\"},\"image\":{\"@id\":\"https:\/\/pscsvh.com\/ca\/#\/schema\/logo\/image\/\"}},{\"@type\":\"Person\",\"@id\":\"https:\/\/pscsvh.com\/ca\/#\/schema\/person\/6ad2cedf14b82878e2897de3ed64f1f9\",\"name\":\"PSC SVH\",\"image\":{\"@type\":\"ImageObject\",\"inLanguage\":\"ca\",\"@id\":\"https:\/\/pscsvh.com\/ca\/#\/schema\/person\/image\/\",\"url\":\"https:\/\/secure.gravatar.com\/avatar\/a019c39072cc7d669be4d6e2cda099b4e834789e55938a3ec58bef829a37db42?s=96&d=mm&r=g\",\"contentUrl\":\"https:\/\/secure.gravatar.com\/avatar\/a019c39072cc7d669be4d6e2cda099b4e834789e55938a3ec58bef829a37db42?s=96&d=mm&r=g\",\"caption\":\"PSC SVH\"},\"url\":\"https:\/\/pscsvh.com\/ca\/author\/admin-2\/\"}]}<\/script>\n<!-- \/ Yoast SEO plugin. -->","yoast_head_json":{"title":"El PSC guanya les eleccions a Sant Vicen\u00e7 - PSC SVH","description":"El PSC guanya les eleccions a Sant Vicen\u00e7. El PSC guanya les eleccions generals a Sant Vicen\u00e7 dels Horts, amb 5.299 vots (39,15%) i guanyant a totes les meses electorals.","robots":{"index":"index","follow":"follow","max-snippet":"max-snippet:-1","max-image-preview":"max-image-preview:large","max-video-preview":"max-video-preview:-1"},"canonical":"https:\/\/pscsvh.com\/ca\/el-psc-guanya-les-eleccions-a-sant-vicenc\/","og_locale":"ca_ES","og_type":"article","og_title":"El PSC guanya les eleccions a Sant Vicen\u00e7 - PSC SVH","og_description":"El PSC guanya les eleccions a Sant Vicen\u00e7. El PSC guanya les eleccions generals a Sant Vicen\u00e7 dels Horts, amb 5.299 vots (39,15%) i guanyant a totes les meses electorals.","og_url":"https:\/\/pscsvh.com\/ca\/el-psc-guanya-les-eleccions-a-sant-vicenc\/","og_site_name":"PSC SVH","article_published_time":"2023-07-23T17:58:51+00:00","article_modified_time":"2023-08-28T08:07:56+00:00","og_image":[{"width":843,"height":843,"url":"https:\/\/pscsvh.com\/wp-content\/uploads\/2023\/07\/362889347_10232512870703438_6479989363912191630_n.jpg","type":"image\/jpeg"}],"author":"PSC SVH","twitter_card":"summary_large_image","twitter_misc":{"Escrit per":"PSC SVH"},"schema":{"@context":"https:\/\/schema.org","@graph":[{"@type":"Article","@id":"https:\/\/pscsvh.com\/ca\/el-psc-guanya-les-eleccions-a-sant-vicenc\/#article","isPartOf":{"@id":"https:\/\/pscsvh.com\/ca\/el-psc-guanya-les-eleccions-a-sant-vicenc\/"},"author":{"name":"PSC SVH","@id":"https:\/\/pscsvh.com\/ca\/#\/schema\/person\/6ad2cedf14b82878e2897de3ed64f1f9"},"headline":"El PSC guanya les eleccions a Sant Vicen\u00e7","datePublished":"2023-07-23T17:58:51+00:00","dateModified":"2023-08-28T08:07:56+00:00","mainEntityOfPage":{"@id":"https:\/\/pscsvh.com\/ca\/el-psc-guanya-les-eleccions-a-sant-vicenc\/"},"wordCount":28,"commentCount":0,"publisher":{"@id":"https:\/\/pscsvh.com\/ca\/#organization"},"image":{"@id":"https:\/\/pscsvh.com\/ca\/el-psc-guanya-les-eleccions-a-sant-vicenc\/#primaryimage"},"thumbnailUrl":"https:\/\/pscsvh.com\/wp-content\/uploads\/2023\/07\/362889347_10232512870703438_6479989363912191630_n.jpg","articleSection":["PSC SVH"],"inLanguage":"ca","potentialAction":[{"@type":"CommentAction","name":"Comment","target":["https:\/\/pscsvh.com\/ca\/el-psc-guanya-les-eleccions-a-sant-vicenc\/#respond"]}]},{"@type":"WebPage","@id":"https:\/\/pscsvh.com\/ca\/el-psc-guanya-les-eleccions-a-sant-vicenc\/","url":"https:\/\/pscsvh.com\/ca\/el-psc-guanya-les-eleccions-a-sant-vicenc\/","name":"El PSC guanya les eleccions a Sant Vicen\u00e7 - PSC SVH","isPartOf":{"@id":"https:\/\/pscsvh.com\/ca\/#website"},"primaryImageOfPage":{"@id":"https:\/\/pscsvh.com\/ca\/el-psc-guanya-les-eleccions-a-sant-vicenc\/#primaryimage"},"image":{"@id":"https:\/\/pscsvh.com\/ca\/el-psc-guanya-les-eleccions-a-sant-vicenc\/#primaryimage"},"thumbnailUrl":"https:\/\/pscsvh.com\/wp-content\/uploads\/2023\/07\/362889347_10232512870703438_6479989363912191630_n.jpg","datePublished":"2023-07-23T17:58:51+00:00","dateModified":"2023-08-28T08:07:56+00:00","description":"El PSC guanya les eleccions a Sant Vicen\u00e7. El PSC guanya les eleccions generals a Sant Vicen\u00e7 dels Horts, amb 5.299 vots (39,15%) i guanyant a totes les meses electorals.","breadcrumb":{"@id":"https:\/\/pscsvh.com\/ca\/el-psc-guanya-les-eleccions-a-sant-vicenc\/#breadcrumb"},"inLanguage":"ca","potentialAction":[{"@type":"ReadAction","target":["https:\/\/pscsvh.com\/ca\/el-psc-guanya-les-eleccions-a-sant-vicenc\/"]}]},{"@type":"ImageObject","inLanguage":"ca","@id":"https:\/\/pscsvh.com\/ca\/el-psc-guanya-les-eleccions-a-sant-vicenc\/#primaryimage","url":"https:\/\/pscsvh.com\/wp-content\/uploads\/2023\/07\/362889347_10232512870703438_6479989363912191630_n.jpg","contentUrl":"https:\/\/pscsvh.com\/wp-content\/uploads\/2023\/07\/362889347_10232512870703438_6479989363912191630_n.jpg","width":843,"height":843,"caption":"El PSC gana las elecciones generales en Sant Vicen\u00e7 dels Horts, con 5.299 votos (39,15%) y ganando en todas las mesas electorales."},{"@type":"BreadcrumbList","@id":"https:\/\/pscsvh.com\/ca\/el-psc-guanya-les-eleccions-a-sant-vicenc\/#breadcrumb","itemListElement":[{"@type":"ListItem","position":1,"name":"Portada","item":"https:\/\/pscsvh.com\/ca\/"},{"@type":"ListItem","position":2,"name":"El PSC guanya les eleccions a Sant Vicen\u00e7"}]},{"@type":"WebSite","@id":"https:\/\/pscsvh.com\/ca\/#website","url":"https:\/\/pscsvh.com\/ca\/","name":"PSC SVH","description":"El cambio que suma","publisher":{"@id":"https:\/\/pscsvh.com\/ca\/#organization"},"potentialAction":[{"@type":"SearchAction","target":{"@type":"EntryPoint","urlTemplate":"https:\/\/pscsvh.com\/ca\/?s={search_term_string}"},"query-input":{"@type":"PropertyValueSpecification","valueRequired":true,"valueName":"search_term_string"}}],"inLanguage":"ca"},{"@type":"Organization","@id":"https:\/\/pscsvh.com\/ca\/#organization","name":"PSC SVH","url":"https:\/\/pscsvh.com\/ca\/","logo":{"@type":"ImageObject","inLanguage":"ca","@id":"https:\/\/pscsvh.com\/ca\/#\/schema\/logo\/image\/","url":"https:\/\/pscsvh.com\/wp-content\/uploads\/2022\/06\/cropped-Logo_SVh2-300x158-1.png","contentUrl":"https:\/\/pscsvh.com\/wp-content\/uploads\/2022\/06\/cropped-Logo_SVh2-300x158-1.png","width":300,"height":158,"caption":"PSC SVH"},"image":{"@id":"https:\/\/pscsvh.com\/ca\/#\/schema\/logo\/image\/"}},{"@type":"Person","@id":"https:\/\/pscsvh.com\/ca\/#\/schema\/person\/6ad2cedf14b82878e2897de3ed64f1f9","name":"PSC SVH","image":{"@type":"ImageObject","inLanguage":"ca","@id":"https:\/\/pscsvh.com\/ca\/#\/schema\/person\/image\/","url":"https:\/\/secure.gravatar.com\/avatar\/a019c39072cc7d669be4d6e2cda099b4e834789e55938a3ec58bef829a37db42?s=96&d=mm&r=g","contentUrl":"https:\/\/secure.gravatar.com\/avatar\/a019c39072cc7d669be4d6e2cda099b4e834789e55938a3ec58bef829a37db42?s=96&d=mm&r=g","caption":"PSC SVH"},"url":"https:\/\/pscsvh.com\/ca\/author\/admin-2\/"}]}},"_links":{"self":[{"href":"https:\/\/pscsvh.com\/ca\/wp-json\/wp\/v2\/posts\/6329","targetHints":{"allow":["GET"]}}],"collection":[{"href":"https:\/\/pscsvh.com\/ca\/wp-json\/wp\/v2\/posts"}],"about":[{"href":"https:\/\/pscsvh.com\/ca\/wp-json\/wp\/v2\/types\/post"}],"author":[{"embeddable":true,"href":"https:\/\/pscsvh.com\/ca\/wp-json\/wp\/v2\/users\/2"}],"replies":[{"embeddable":true,"href":"https:\/\/pscsvh.com\/ca\/wp-json\/wp\/v2\/comments?post=6329"}],"version-history":[{"count":1,"href":"https:\/\/pscsvh.com\/ca\/wp-json\/wp\/v2\/posts\/6329\/revisions"}],"predecessor-version":[{"id":6330,"href":"https:\/\/pscsvh.com\/ca\/wp-json\/wp\/v2\/posts\/6329\/revisions\/6330"}],"wp:featuredmedia":[{"embeddable":true,"href":"https:\/\/pscsvh.com\/ca\/wp-json\/wp\/v2\/media\/6300"}],"wp:attachment":[{"href":"https:\/\/pscsvh.com\/ca\/wp-json\/wp\/v2\/media?parent=6329"}],"wp:term":[{"taxonomy":"category","embeddable":true,"href":"https:\/\/pscsvh.com\/ca\/wp-json\/wp\/v2\/categories?post=6329"},{"taxonomy":"post_tag","embeddable":true,"href":"https:\/\/pscsvh.com\/ca\/wp-json\/wp\/v2\/tags?post=6329"},{"taxonomy":"citadela-post-location","embeddable":true,"href":"https:\/\/pscsvh.com\/ca\/wp-json\/wp\/v2\/citadela-post-location?post=6329"}],"curies":[{"name":"wp","href":"https:\/\/api.w.org\/{rel}","templated":true}]}}