{"id":6185,"date":"2023-07-09T09:27:26","date_gmt":"2023-07-09T07:27:26","guid":{"rendered":"https:\/\/pscsvh.com\/sopar-solidari-sant-vicenc-amb-el-sahara\/"},"modified":"2023-07-10T11:26:48","modified_gmt":"2023-07-10T09:26:48","slug":"sopar-solidari-sant-vicenc-amb-el-sahara","status":"publish","type":"post","link":"https:\/\/pscsvh.com\/ca\/sopar-solidari-sant-vicenc-amb-el-sahara\/","title":{"rendered":"Sopar solidari &#8220;Sant Vicen\u00e7 amb el S\u00e0hara&#8221;"},"content":{"rendered":"\n<p>Com cada any, hem participat al sopar solidari organitzat per Sant Vicen\u00e7 amb el S\u00e0hara de benvinguda als nens i nenes que v\u00e9nen a passar l&#8217;estiu amb les fam\u00edlies d&#8217;acollida dins del projecte &#8216;Vacances en Pau&#8217;.<\/p>\n\n<p>Aquest any, problemes administratius han fet que els nens i nenes encara no siguin aqu\u00ed, encara que se n&#8217;espera l&#8217;arribada a principis de la setmana que ve.<\/p>\n\n<p>Moltes gr\u00e0cies a l&#8217;entitat ia les fam\u00edlies per fer-ho possible.<\/p>\n\n<p>Sant Vicen\u00e7 dels Horts, poble solidari!<\/p>\n\n<figure class=\"wp-block-gallery has-nested-images columns-default is-cropped wp-block-gallery-1 is-layout-flex wp-block-gallery-is-layout-flex\">\n<figure class=\"wp-block-image size-large\"><a href=\"https:\/\/pscsvh.com\/wp-content\/uploads\/2023\/07\/25.jpg\"><img loading=\"lazy\" decoding=\"async\" width=\"1024\" height=\"682\" data-id=\"6181\" src=\"https:\/\/pscsvh.com\/wp-content\/uploads\/2023\/07\/25-1024x682.jpg\" alt=\"\" class=\"wp-image-6181\" srcset=\"https:\/\/pscsvh.com\/wp-content\/uploads\/2023\/07\/25-1024x682.jpg 1024w, https:\/\/pscsvh.com\/wp-content\/uploads\/2023\/07\/25-300x200.jpg 300w, https:\/\/pscsvh.com\/wp-content\/uploads\/2023\/07\/25-768x511.jpg 768w, https:\/\/pscsvh.com\/wp-content\/uploads\/2023\/07\/25.jpg 1440w\" sizes=\"auto, (max-width: 1024px) 100vw, 1024px\" \/><\/a><\/figure>\n\n\n\n<figure class=\"wp-block-image size-large\"><a href=\"https:\/\/pscsvh.com\/wp-content\/uploads\/2023\/07\/24.jpg\"><img loading=\"lazy\" decoding=\"async\" width=\"995\" height=\"663\" data-id=\"6171\" src=\"https:\/\/pscsvh.com\/wp-content\/uploads\/2023\/07\/24.jpg\" alt=\"\" class=\"wp-image-6171\" srcset=\"https:\/\/pscsvh.com\/wp-content\/uploads\/2023\/07\/24.jpg 995w, https:\/\/pscsvh.com\/wp-content\/uploads\/2023\/07\/24-300x200.jpg 300w, https:\/\/pscsvh.com\/wp-content\/uploads\/2023\/07\/24-768x512.jpg 768w\" sizes=\"auto, (max-width: 995px) 100vw, 995px\" \/><\/a><\/figure>\n\n\n\n<figure class=\"wp-block-image size-large\"><a href=\"https:\/\/pscsvh.com\/wp-content\/uploads\/2023\/07\/23.jpg\"><img loading=\"lazy\" decoding=\"async\" width=\"1024\" height=\"682\" data-id=\"6173\" src=\"https:\/\/pscsvh.com\/wp-content\/uploads\/2023\/07\/23-1024x682.jpg\" alt=\"\" class=\"wp-image-6173\" srcset=\"https:\/\/pscsvh.com\/wp-content\/uploads\/2023\/07\/23-1024x682.jpg 1024w, https:\/\/pscsvh.com\/wp-content\/uploads\/2023\/07\/23-300x200.jpg 300w, https:\/\/pscsvh.com\/wp-content\/uploads\/2023\/07\/23-768x511.jpg 768w, https:\/\/pscsvh.com\/wp-content\/uploads\/2023\/07\/23.jpg 1440w\" sizes=\"auto, (max-width: 1024px) 100vw, 1024px\" \/><\/a><\/figure>\n\n\n\n<figure class=\"wp-block-image size-large\"><a href=\"https:\/\/pscsvh.com\/wp-content\/uploads\/2023\/07\/22.jpg\"><img loading=\"lazy\" decoding=\"async\" width=\"1024\" height=\"682\" data-id=\"6179\" src=\"https:\/\/pscsvh.com\/wp-content\/uploads\/2023\/07\/22-1024x682.jpg\" alt=\"\" class=\"wp-image-6179\" srcset=\"https:\/\/pscsvh.com\/wp-content\/uploads\/2023\/07\/22-1024x682.jpg 1024w, https:\/\/pscsvh.com\/wp-content\/uploads\/2023\/07\/22-300x200.jpg 300w, https:\/\/pscsvh.com\/wp-content\/uploads\/2023\/07\/22-768x511.jpg 768w, https:\/\/pscsvh.com\/wp-content\/uploads\/2023\/07\/22.jpg 1440w\" sizes=\"auto, (max-width: 1024px) 100vw, 1024px\" \/><\/a><\/figure>\n\n\n\n<figure class=\"wp-block-image size-large\"><a href=\"https:\/\/pscsvh.com\/wp-content\/uploads\/2023\/07\/21.jpg\"><img loading=\"lazy\" decoding=\"async\" width=\"1024\" height=\"682\" data-id=\"6177\" src=\"https:\/\/pscsvh.com\/wp-content\/uploads\/2023\/07\/21-1024x682.jpg\" alt=\"\" class=\"wp-image-6177\" srcset=\"https:\/\/pscsvh.com\/wp-content\/uploads\/2023\/07\/21-1024x682.jpg 1024w, https:\/\/pscsvh.com\/wp-content\/uploads\/2023\/07\/21-300x200.jpg 300w, https:\/\/pscsvh.com\/wp-content\/uploads\/2023\/07\/21-768x511.jpg 768w, https:\/\/pscsvh.com\/wp-content\/uploads\/2023\/07\/21.jpg 1440w\" sizes=\"auto, (max-width: 1024px) 100vw, 1024px\" \/><\/a><\/figure>\n\n\n\n<figure class=\"wp-block-image size-large\"><a href=\"https:\/\/pscsvh.com\/wp-content\/uploads\/2023\/07\/20.jpg\"><img loading=\"lazy\" decoding=\"async\" width=\"1024\" height=\"682\" data-id=\"6175\" src=\"https:\/\/pscsvh.com\/wp-content\/uploads\/2023\/07\/20-1024x682.jpg\" alt=\"\" class=\"wp-image-6175\" srcset=\"https:\/\/pscsvh.com\/wp-content\/uploads\/2023\/07\/20-1024x682.jpg 1024w, https:\/\/pscsvh.com\/wp-content\/uploads\/2023\/07\/20-300x200.jpg 300w, https:\/\/pscsvh.com\/wp-content\/uploads\/2023\/07\/20-768x511.jpg 768w, https:\/\/pscsvh.com\/wp-content\/uploads\/2023\/07\/20.jpg 1440w\" sizes=\"auto, (max-width: 1024px) 100vw, 1024px\" \/><\/a><\/figure>\n<\/figure>\n","protected":false},"excerpt":{"rendered":"<p>Sopar solidari organitzat per Sant Vicen\u00e7 amb el S\u00e0hara de benvinguda als nens i nenes que v\u00e9nen a passar l&#8217;estiu.<\/p>\n","protected":false},"author":2,"featured_media":6172,"comment_status":"open","ping_status":"closed","sticky":false,"template":"","format":"standard","meta":{"_citadela_custom_class":"","footnotes":""},"categories":[334],"tags":[],"citadela-post-location":[42],"class_list":["post-6185","post","type-post","status-publish","format-standard","has-post-thumbnail","hentry","category-entitats"],"yoast_head":"<!-- This site is optimized with the Yoast SEO plugin v24.7 - https:\/\/yoast.com\/wordpress\/plugins\/seo\/ -->\n<title>Sopar solidari &quot;Sant Vicen\u00e7 amb el S\u00e0hara&quot; - PSC SVH<\/title>\n<meta name=\"description\" content=\"Sopar solidari &quot;Sant Vicen\u00e7 amb el S\u00e0hara&quot;\" \/>\n<meta name=\"robots\" content=\"index, follow, max-snippet:-1, max-image-preview:large, max-video-preview:-1\" \/>\n<link rel=\"canonical\" href=\"https:\/\/pscsvh.com\/ca\/sopar-solidari-sant-vicenc-amb-el-sahara\/\" \/>\n<meta property=\"og:locale\" content=\"ca_ES\" \/>\n<meta property=\"og:type\" content=\"article\" \/>\n<meta property=\"og:title\" content=\"Sopar solidari &quot;Sant Vicen\u00e7 amb el S\u00e0hara&quot; - PSC SVH\" \/>\n<meta property=\"og:description\" content=\"Sopar solidari &quot;Sant Vicen\u00e7 amb el S\u00e0hara&quot;\" \/>\n<meta property=\"og:url\" content=\"https:\/\/pscsvh.com\/ca\/sopar-solidari-sant-vicenc-amb-el-sahara\/\" \/>\n<meta property=\"og:site_name\" content=\"PSC SVH\" \/>\n<meta property=\"article:published_time\" content=\"2023-07-09T07:27:26+00:00\" \/>\n<meta property=\"article:modified_time\" content=\"2023-07-10T09:26:48+00:00\" \/>\n<meta property=\"og:image\" content=\"https:\/\/pscsvh.com\/wp-content\/uploads\/2023\/07\/24.jpg\" \/>\n\t<meta property=\"og:image:width\" content=\"995\" \/>\n\t<meta property=\"og:image:height\" content=\"663\" \/>\n\t<meta property=\"og:image:type\" content=\"image\/jpeg\" \/>\n<meta name=\"author\" content=\"PSC SVH\" \/>\n<meta name=\"twitter:card\" content=\"summary_large_image\" \/>\n<meta name=\"twitter:label1\" content=\"Escrit per\" \/>\n\t<meta name=\"twitter:data1\" content=\"PSC SVH\" \/>\n<script type=\"application\/ld+json\" class=\"yoast-schema-graph\">{\"@context\":\"https:\/\/schema.org\",\"@graph\":[{\"@type\":\"Article\",\"@id\":\"https:\/\/pscsvh.com\/ca\/sopar-solidari-sant-vicenc-amb-el-sahara\/#article\",\"isPartOf\":{\"@id\":\"https:\/\/pscsvh.com\/ca\/sopar-solidari-sant-vicenc-amb-el-sahara\/\"},\"author\":{\"name\":\"PSC SVH\",\"@id\":\"https:\/\/pscsvh.com\/ca\/#\/schema\/person\/6ad2cedf14b82878e2897de3ed64f1f9\"},\"headline\":\"Sopar solidari &#8220;Sant Vicen\u00e7 amb el S\u00e0hara&#8221;\",\"datePublished\":\"2023-07-09T07:27:26+00:00\",\"dateModified\":\"2023-07-10T09:26:48+00:00\",\"mainEntityOfPage\":{\"@id\":\"https:\/\/pscsvh.com\/ca\/sopar-solidari-sant-vicenc-amb-el-sahara\/\"},\"wordCount\":97,\"commentCount\":0,\"publisher\":{\"@id\":\"https:\/\/pscsvh.com\/ca\/#organization\"},\"image\":{\"@id\":\"https:\/\/pscsvh.com\/ca\/sopar-solidari-sant-vicenc-amb-el-sahara\/#primaryimage\"},\"thumbnailUrl\":\"https:\/\/pscsvh.com\/wp-content\/uploads\/2023\/07\/24.jpg\",\"articleSection\":[\"Entitats\"],\"inLanguage\":\"ca\",\"potentialAction\":[{\"@type\":\"CommentAction\",\"name\":\"Comment\",\"target\":[\"https:\/\/pscsvh.com\/ca\/sopar-solidari-sant-vicenc-amb-el-sahara\/#respond\"]}]},{\"@type\":\"WebPage\",\"@id\":\"https:\/\/pscsvh.com\/ca\/sopar-solidari-sant-vicenc-amb-el-sahara\/\",\"url\":\"https:\/\/pscsvh.com\/ca\/sopar-solidari-sant-vicenc-amb-el-sahara\/\",\"name\":\"Sopar solidari \\\"Sant Vicen\u00e7 amb el S\u00e0hara\\\" - PSC SVH\",\"isPartOf\":{\"@id\":\"https:\/\/pscsvh.com\/ca\/#website\"},\"primaryImageOfPage\":{\"@id\":\"https:\/\/pscsvh.com\/ca\/sopar-solidari-sant-vicenc-amb-el-sahara\/#primaryimage\"},\"image\":{\"@id\":\"https:\/\/pscsvh.com\/ca\/sopar-solidari-sant-vicenc-amb-el-sahara\/#primaryimage\"},\"thumbnailUrl\":\"https:\/\/pscsvh.com\/wp-content\/uploads\/2023\/07\/24.jpg\",\"datePublished\":\"2023-07-09T07:27:26+00:00\",\"dateModified\":\"2023-07-10T09:26:48+00:00\",\"description\":\"Sopar solidari \\\"Sant Vicen\u00e7 amb el S\u00e0hara\\\"\",\"breadcrumb\":{\"@id\":\"https:\/\/pscsvh.com\/ca\/sopar-solidari-sant-vicenc-amb-el-sahara\/#breadcrumb\"},\"inLanguage\":\"ca\",\"potentialAction\":[{\"@type\":\"ReadAction\",\"target\":[\"https:\/\/pscsvh.com\/ca\/sopar-solidari-sant-vicenc-amb-el-sahara\/\"]}]},{\"@type\":\"ImageObject\",\"inLanguage\":\"ca\",\"@id\":\"https:\/\/pscsvh.com\/ca\/sopar-solidari-sant-vicenc-amb-el-sahara\/#primaryimage\",\"url\":\"https:\/\/pscsvh.com\/wp-content\/uploads\/2023\/07\/24.jpg\",\"contentUrl\":\"https:\/\/pscsvh.com\/wp-content\/uploads\/2023\/07\/24.jpg\",\"width\":995,\"height\":663,\"caption\":\"Como cada a\u00f1o, hemos participado en la cena solidaria organizada por Sant Vicen\u00e7 amb el S\u00e0hara de bienvenida a los ni\u00f1os y ni\u00f1as que vienen a pasar el verano con sus familias de acogida dentro del proyecto \u2018Vacances en Pau\u2019.\"},{\"@type\":\"BreadcrumbList\",\"@id\":\"https:\/\/pscsvh.com\/ca\/sopar-solidari-sant-vicenc-amb-el-sahara\/#breadcrumb\",\"itemListElement\":[{\"@type\":\"ListItem\",\"position\":1,\"name\":\"Portada\",\"item\":\"https:\/\/pscsvh.com\/ca\/\"},{\"@type\":\"ListItem\",\"position\":2,\"name\":\"Sopar solidari &#8220;Sant Vicen\u00e7 amb el S\u00e0hara&#8221;\"}]},{\"@type\":\"WebSite\",\"@id\":\"https:\/\/pscsvh.com\/ca\/#website\",\"url\":\"https:\/\/pscsvh.com\/ca\/\",\"name\":\"PSC SVH\",\"description\":\"El cambio que suma\",\"publisher\":{\"@id\":\"https:\/\/pscsvh.com\/ca\/#organization\"},\"potentialAction\":[{\"@type\":\"SearchAction\",\"target\":{\"@type\":\"EntryPoint\",\"urlTemplate\":\"https:\/\/pscsvh.com\/ca\/?s={search_term_string}\"},\"query-input\":{\"@type\":\"PropertyValueSpecification\",\"valueRequired\":true,\"valueName\":\"search_term_string\"}}],\"inLanguage\":\"ca\"},{\"@type\":\"Organization\",\"@id\":\"https:\/\/pscsvh.com\/ca\/#organization\",\"name\":\"PSC SVH\",\"url\":\"https:\/\/pscsvh.com\/ca\/\",\"logo\":{\"@type\":\"ImageObject\",\"inLanguage\":\"ca\",\"@id\":\"https:\/\/pscsvh.com\/ca\/#\/schema\/logo\/image\/\",\"url\":\"https:\/\/pscsvh.com\/wp-content\/uploads\/2022\/06\/cropped-Logo_SVh2-300x158-1.png\",\"contentUrl\":\"https:\/\/pscsvh.com\/wp-content\/uploads\/2022\/06\/cropped-Logo_SVh2-300x158-1.png\",\"width\":300,\"height\":158,\"caption\":\"PSC SVH\"},\"image\":{\"@id\":\"https:\/\/pscsvh.com\/ca\/#\/schema\/logo\/image\/\"}},{\"@type\":\"Person\",\"@id\":\"https:\/\/pscsvh.com\/ca\/#\/schema\/person\/6ad2cedf14b82878e2897de3ed64f1f9\",\"name\":\"PSC SVH\",\"image\":{\"@type\":\"ImageObject\",\"inLanguage\":\"ca\",\"@id\":\"https:\/\/pscsvh.com\/ca\/#\/schema\/person\/image\/\",\"url\":\"https:\/\/secure.gravatar.com\/avatar\/a019c39072cc7d669be4d6e2cda099b4e834789e55938a3ec58bef829a37db42?s=96&d=mm&r=g\",\"contentUrl\":\"https:\/\/secure.gravatar.com\/avatar\/a019c39072cc7d669be4d6e2cda099b4e834789e55938a3ec58bef829a37db42?s=96&d=mm&r=g\",\"caption\":\"PSC SVH\"},\"url\":\"https:\/\/pscsvh.com\/ca\/author\/admin-2\/\"}]}<\/script>\n<!-- \/ Yoast SEO plugin. -->","yoast_head_json":{"title":"Sopar solidari \"Sant Vicen\u00e7 amb el S\u00e0hara\" - PSC SVH","description":"Sopar solidari \"Sant Vicen\u00e7 amb el S\u00e0hara\"","robots":{"index":"index","follow":"follow","max-snippet":"max-snippet:-1","max-image-preview":"max-image-preview:large","max-video-preview":"max-video-preview:-1"},"canonical":"https:\/\/pscsvh.com\/ca\/sopar-solidari-sant-vicenc-amb-el-sahara\/","og_locale":"ca_ES","og_type":"article","og_title":"Sopar solidari \"Sant Vicen\u00e7 amb el S\u00e0hara\" - PSC SVH","og_description":"Sopar solidari \"Sant Vicen\u00e7 amb el S\u00e0hara\"","og_url":"https:\/\/pscsvh.com\/ca\/sopar-solidari-sant-vicenc-amb-el-sahara\/","og_site_name":"PSC SVH","article_published_time":"2023-07-09T07:27:26+00:00","article_modified_time":"2023-07-10T09:26:48+00:00","og_image":[{"width":995,"height":663,"url":"https:\/\/pscsvh.com\/wp-content\/uploads\/2023\/07\/24.jpg","type":"image\/jpeg"}],"author":"PSC SVH","twitter_card":"summary_large_image","twitter_misc":{"Escrit per":"PSC SVH"},"schema":{"@context":"https:\/\/schema.org","@graph":[{"@type":"Article","@id":"https:\/\/pscsvh.com\/ca\/sopar-solidari-sant-vicenc-amb-el-sahara\/#article","isPartOf":{"@id":"https:\/\/pscsvh.com\/ca\/sopar-solidari-sant-vicenc-amb-el-sahara\/"},"author":{"name":"PSC SVH","@id":"https:\/\/pscsvh.com\/ca\/#\/schema\/person\/6ad2cedf14b82878e2897de3ed64f1f9"},"headline":"Sopar solidari &#8220;Sant Vicen\u00e7 amb el S\u00e0hara&#8221;","datePublished":"2023-07-09T07:27:26+00:00","dateModified":"2023-07-10T09:26:48+00:00","mainEntityOfPage":{"@id":"https:\/\/pscsvh.com\/ca\/sopar-solidari-sant-vicenc-amb-el-sahara\/"},"wordCount":97,"commentCount":0,"publisher":{"@id":"https:\/\/pscsvh.com\/ca\/#organization"},"image":{"@id":"https:\/\/pscsvh.com\/ca\/sopar-solidari-sant-vicenc-amb-el-sahara\/#primaryimage"},"thumbnailUrl":"https:\/\/pscsvh.com\/wp-content\/uploads\/2023\/07\/24.jpg","articleSection":["Entitats"],"inLanguage":"ca","potentialAction":[{"@type":"CommentAction","name":"Comment","target":["https:\/\/pscsvh.com\/ca\/sopar-solidari-sant-vicenc-amb-el-sahara\/#respond"]}]},{"@type":"WebPage","@id":"https:\/\/pscsvh.com\/ca\/sopar-solidari-sant-vicenc-amb-el-sahara\/","url":"https:\/\/pscsvh.com\/ca\/sopar-solidari-sant-vicenc-amb-el-sahara\/","name":"Sopar solidari \"Sant Vicen\u00e7 amb el S\u00e0hara\" - PSC SVH","isPartOf":{"@id":"https:\/\/pscsvh.com\/ca\/#website"},"primaryImageOfPage":{"@id":"https:\/\/pscsvh.com\/ca\/sopar-solidari-sant-vicenc-amb-el-sahara\/#primaryimage"},"image":{"@id":"https:\/\/pscsvh.com\/ca\/sopar-solidari-sant-vicenc-amb-el-sahara\/#primaryimage"},"thumbnailUrl":"https:\/\/pscsvh.com\/wp-content\/uploads\/2023\/07\/24.jpg","datePublished":"2023-07-09T07:27:26+00:00","dateModified":"2023-07-10T09:26:48+00:00","description":"Sopar solidari \"Sant Vicen\u00e7 amb el S\u00e0hara\"","breadcrumb":{"@id":"https:\/\/pscsvh.com\/ca\/sopar-solidari-sant-vicenc-amb-el-sahara\/#breadcrumb"},"inLanguage":"ca","potentialAction":[{"@type":"ReadAction","target":["https:\/\/pscsvh.com\/ca\/sopar-solidari-sant-vicenc-amb-el-sahara\/"]}]},{"@type":"ImageObject","inLanguage":"ca","@id":"https:\/\/pscsvh.com\/ca\/sopar-solidari-sant-vicenc-amb-el-sahara\/#primaryimage","url":"https:\/\/pscsvh.com\/wp-content\/uploads\/2023\/07\/24.jpg","contentUrl":"https:\/\/pscsvh.com\/wp-content\/uploads\/2023\/07\/24.jpg","width":995,"height":663,"caption":"Como cada a\u00f1o, hemos participado en la cena solidaria organizada por Sant Vicen\u00e7 amb el S\u00e0hara de bienvenida a los ni\u00f1os y ni\u00f1as que vienen a pasar el verano con sus familias de acogida dentro del proyecto \u2018Vacances en Pau\u2019."},{"@type":"BreadcrumbList","@id":"https:\/\/pscsvh.com\/ca\/sopar-solidari-sant-vicenc-amb-el-sahara\/#breadcrumb","itemListElement":[{"@type":"ListItem","position":1,"name":"Portada","item":"https:\/\/pscsvh.com\/ca\/"},{"@type":"ListItem","position":2,"name":"Sopar solidari &#8220;Sant Vicen\u00e7 amb el S\u00e0hara&#8221;"}]},{"@type":"WebSite","@id":"https:\/\/pscsvh.com\/ca\/#website","url":"https:\/\/pscsvh.com\/ca\/","name":"PSC SVH","description":"El cambio que suma","publisher":{"@id":"https:\/\/pscsvh.com\/ca\/#organization"},"potentialAction":[{"@type":"SearchAction","target":{"@type":"EntryPoint","urlTemplate":"https:\/\/pscsvh.com\/ca\/?s={search_term_string}"},"query-input":{"@type":"PropertyValueSpecification","valueRequired":true,"valueName":"search_term_string"}}],"inLanguage":"ca"},{"@type":"Organization","@id":"https:\/\/pscsvh.com\/ca\/#organization","name":"PSC SVH","url":"https:\/\/pscsvh.com\/ca\/","logo":{"@type":"ImageObject","inLanguage":"ca","@id":"https:\/\/pscsvh.com\/ca\/#\/schema\/logo\/image\/","url":"https:\/\/pscsvh.com\/wp-content\/uploads\/2022\/06\/cropped-Logo_SVh2-300x158-1.png","contentUrl":"https:\/\/pscsvh.com\/wp-content\/uploads\/2022\/06\/cropped-Logo_SVh2-300x158-1.png","width":300,"height":158,"caption":"PSC SVH"},"image":{"@id":"https:\/\/pscsvh.com\/ca\/#\/schema\/logo\/image\/"}},{"@type":"Person","@id":"https:\/\/pscsvh.com\/ca\/#\/schema\/person\/6ad2cedf14b82878e2897de3ed64f1f9","name":"PSC SVH","image":{"@type":"ImageObject","inLanguage":"ca","@id":"https:\/\/pscsvh.com\/ca\/#\/schema\/person\/image\/","url":"https:\/\/secure.gravatar.com\/avatar\/a019c39072cc7d669be4d6e2cda099b4e834789e55938a3ec58bef829a37db42?s=96&d=mm&r=g","contentUrl":"https:\/\/secure.gravatar.com\/avatar\/a019c39072cc7d669be4d6e2cda099b4e834789e55938a3ec58bef829a37db42?s=96&d=mm&r=g","caption":"PSC SVH"},"url":"https:\/\/pscsvh.com\/ca\/author\/admin-2\/"}]}},"_links":{"self":[{"href":"https:\/\/pscsvh.com\/ca\/wp-json\/wp\/v2\/posts\/6185","targetHints":{"allow":["GET"]}}],"collection":[{"href":"https:\/\/pscsvh.com\/ca\/wp-json\/wp\/v2\/posts"}],"about":[{"href":"https:\/\/pscsvh.com\/ca\/wp-json\/wp\/v2\/types\/post"}],"author":[{"embeddable":true,"href":"https:\/\/pscsvh.com\/ca\/wp-json\/wp\/v2\/users\/2"}],"replies":[{"embeddable":true,"href":"https:\/\/pscsvh.com\/ca\/wp-json\/wp\/v2\/comments?post=6185"}],"version-history":[{"count":3,"href":"https:\/\/pscsvh.com\/ca\/wp-json\/wp\/v2\/posts\/6185\/revisions"}],"predecessor-version":[{"id":6188,"href":"https:\/\/pscsvh.com\/ca\/wp-json\/wp\/v2\/posts\/6185\/revisions\/6188"}],"wp:featuredmedia":[{"embeddable":true,"href":"https:\/\/pscsvh.com\/ca\/wp-json\/wp\/v2\/media\/6172"}],"wp:attachment":[{"href":"https:\/\/pscsvh.com\/ca\/wp-json\/wp\/v2\/media?parent=6185"}],"wp:term":[{"taxonomy":"category","embeddable":true,"href":"https:\/\/pscsvh.com\/ca\/wp-json\/wp\/v2\/categories?post=6185"},{"taxonomy":"post_tag","embeddable":true,"href":"https:\/\/pscsvh.com\/ca\/wp-json\/wp\/v2\/tags?post=6185"},{"taxonomy":"citadela-post-location","embeddable":true,"href":"https:\/\/pscsvh.com\/ca\/wp-json\/wp\/v2\/citadela-post-location?post=6185"}],"curies":[{"name":"wp","href":"https:\/\/api.w.org\/{rel}","templated":true}]}}