{"id":6088,"date":"2023-06-22T11:28:51","date_gmt":"2023-06-22T09:28:51","guid":{"rendered":"https:\/\/pscsvh.com\/dispositiu-per-a-prevencio-dincendis\/"},"modified":"2023-06-23T11:42:27","modified_gmt":"2023-06-23T09:42:27","slug":"dispositiu-per-a-prevencio-dincendis","status":"publish","type":"post","link":"https:\/\/pscsvh.com\/ca\/dispositiu-per-a-prevencio-dincendis\/","title":{"rendered":"Dispositiu per a prevenci\u00f3 d&#8217;incendis"},"content":{"rendered":"\n<p>Com cada any, de la m\u00e0 de Diputaci\u00f3 de Barcelona, s&#8217;ha engegat el dispositiu especial de prevenci\u00f3 d&#8217;incendis a Sant Vicen\u00e7 dels Horts.<\/p>\n\n<p>Aquest dispositiu disposa de tasques de sensibilitzaci\u00f3, dissuasi\u00f3 i vigil\u00e0ncia fins al 31 dagost.<\/p>\n\n<blockquote class=\"wp-block-quote is-layout-flow wp-block-quote-is-layout-flow\">\n<p>Preguem m\u00e0xima precauci\u00f3 sempre, per\u00f2 especialment en aquests mesos de calor.<\/p>\n<cite>Miguel Comino<\/cite><\/blockquote>\n\n<figure class=\"wp-block-gallery has-nested-images columns-default is-cropped wp-block-gallery-1 is-layout-flex wp-block-gallery-is-layout-flex\">\n<figure class=\"wp-block-image size-large\"><a href=\"https:\/\/pscsvh.com\/wp-content\/uploads\/2023\/06\/01-3.jpg\"><img loading=\"lazy\" decoding=\"async\" width=\"930\" height=\"720\" data-id=\"6075\" src=\"https:\/\/pscsvh.com\/wp-content\/uploads\/2023\/06\/01-3.jpg\" alt=\"\" class=\"wp-image-6075\" srcset=\"https:\/\/pscsvh.com\/wp-content\/uploads\/2023\/06\/01-3.jpg 930w, https:\/\/pscsvh.com\/wp-content\/uploads\/2023\/06\/01-3-300x232.jpg 300w, https:\/\/pscsvh.com\/wp-content\/uploads\/2023\/06\/01-3-768x595.jpg 768w\" sizes=\"auto, (max-width: 930px) 100vw, 930px\" \/><\/a><\/figure>\n\n\n\n<figure class=\"wp-block-image size-large\"><a href=\"https:\/\/pscsvh.com\/wp-content\/uploads\/2023\/06\/03-3.jpg\"><img loading=\"lazy\" decoding=\"async\" width=\"1024\" height=\"793\" data-id=\"6077\" src=\"https:\/\/pscsvh.com\/wp-content\/uploads\/2023\/06\/03-3-1024x793.jpg\" alt=\"\" class=\"wp-image-6077\" srcset=\"https:\/\/pscsvh.com\/wp-content\/uploads\/2023\/06\/03-3-1024x793.jpg 1024w, https:\/\/pscsvh.com\/wp-content\/uploads\/2023\/06\/03-3-300x232.jpg 300w, https:\/\/pscsvh.com\/wp-content\/uploads\/2023\/06\/03-3-768x595.jpg 768w, https:\/\/pscsvh.com\/wp-content\/uploads\/2023\/06\/03-3.jpg 1377w\" sizes=\"auto, (max-width: 1024px) 100vw, 1024px\" \/><\/a><\/figure>\n\n\n\n<figure class=\"wp-block-image size-large\"><a href=\"https:\/\/pscsvh.com\/wp-content\/uploads\/2023\/06\/02-3.jpg\"><img loading=\"lazy\" decoding=\"async\" width=\"1024\" height=\"793\" data-id=\"6079\" src=\"https:\/\/pscsvh.com\/wp-content\/uploads\/2023\/06\/02-3-1024x793.jpg\" alt=\"\" class=\"wp-image-6079\" srcset=\"https:\/\/pscsvh.com\/wp-content\/uploads\/2023\/06\/02-3-1024x793.jpg 1024w, https:\/\/pscsvh.com\/wp-content\/uploads\/2023\/06\/02-3-300x232.jpg 300w, https:\/\/pscsvh.com\/wp-content\/uploads\/2023\/06\/02-3-768x595.jpg 768w, https:\/\/pscsvh.com\/wp-content\/uploads\/2023\/06\/02-3.jpg 1377w\" sizes=\"auto, (max-width: 1024px) 100vw, 1024px\" \/><\/a><\/figure>\n\n\n\n<figure class=\"wp-block-image size-large\"><a href=\"https:\/\/pscsvh.com\/wp-content\/uploads\/2023\/06\/04-2.jpg\"><img loading=\"lazy\" decoding=\"async\" width=\"1024\" height=\"793\" data-id=\"6083\" src=\"https:\/\/pscsvh.com\/wp-content\/uploads\/2023\/06\/04-2-1024x793.jpg\" alt=\"\" class=\"wp-image-6083\" srcset=\"https:\/\/pscsvh.com\/wp-content\/uploads\/2023\/06\/04-2-1024x793.jpg 1024w, https:\/\/pscsvh.com\/wp-content\/uploads\/2023\/06\/04-2-300x232.jpg 300w, https:\/\/pscsvh.com\/wp-content\/uploads\/2023\/06\/04-2-768x595.jpg 768w, https:\/\/pscsvh.com\/wp-content\/uploads\/2023\/06\/04-2.jpg 1271w\" sizes=\"auto, (max-width: 1024px) 100vw, 1024px\" \/><\/a><\/figure>\n<\/figure>\n","protected":false},"excerpt":{"rendered":"<p>Com cada any, de la m\u00e0 de Diputaci\u00f3 de Barcelona, s&#8217;ha engegat el dispositiu especial de prevenci\u00f3 d&#8217;incendis a Sant Vicen\u00e7 dels Horts.<\/p>\n","protected":false},"author":2,"featured_media":6084,"comment_status":"open","ping_status":"closed","sticky":false,"template":"","format":"standard","meta":{"_citadela_custom_class":"","footnotes":""},"categories":[270],"tags":[],"citadela-post-location":[42],"class_list":["post-6088","post","type-post","status-publish","format-standard","has-post-thumbnail","hentry","category-medi-ambient"],"yoast_head":"<!-- This site is optimized with the Yoast SEO plugin v24.7 - https:\/\/yoast.com\/wordpress\/plugins\/seo\/ -->\n<title>Dispositiu per a prevenci\u00f3 d&#039;incendis - PSC SVH<\/title>\n<meta name=\"description\" content=\"Dispositiu per a prevenci\u00f3 dincendis. Com cada any, de la m\u00e0 de Diputaci\u00f3 de Barcelona, s&#039;ha engegat el dispositiu especial de prevenci\u00f3 d&#039;incendis a Sant Vicen\u00e7 dels Horts.\" \/>\n<meta name=\"robots\" content=\"index, follow, max-snippet:-1, max-image-preview:large, max-video-preview:-1\" \/>\n<link rel=\"canonical\" href=\"https:\/\/pscsvh.com\/ca\/dispositiu-per-a-prevencio-dincendis\/\" \/>\n<meta property=\"og:locale\" content=\"ca_ES\" \/>\n<meta property=\"og:type\" content=\"article\" \/>\n<meta property=\"og:title\" content=\"Dispositiu per a prevenci\u00f3 d&#039;incendis - PSC SVH\" \/>\n<meta property=\"og:description\" content=\"Dispositiu per a prevenci\u00f3 dincendis. Com cada any, de la m\u00e0 de Diputaci\u00f3 de Barcelona, s&#039;ha engegat el dispositiu especial de prevenci\u00f3 d&#039;incendis a Sant Vicen\u00e7 dels Horts.\" \/>\n<meta property=\"og:url\" content=\"https:\/\/pscsvh.com\/ca\/dispositiu-per-a-prevencio-dincendis\/\" \/>\n<meta property=\"og:site_name\" content=\"PSC SVH\" \/>\n<meta property=\"article:published_time\" content=\"2023-06-22T09:28:51+00:00\" \/>\n<meta property=\"article:modified_time\" content=\"2023-06-23T09:42:27+00:00\" \/>\n<meta property=\"og:image\" content=\"https:\/\/pscsvh.com\/wp-content\/uploads\/2023\/06\/04-2.jpg\" \/>\n\t<meta property=\"og:image:width\" content=\"1271\" \/>\n\t<meta property=\"og:image:height\" content=\"984\" \/>\n\t<meta property=\"og:image:type\" content=\"image\/jpeg\" \/>\n<meta name=\"author\" content=\"PSC SVH\" \/>\n<meta name=\"twitter:card\" content=\"summary_large_image\" \/>\n<meta name=\"twitter:label1\" content=\"Escrit per\" \/>\n\t<meta name=\"twitter:data1\" content=\"PSC SVH\" \/>\n<script type=\"application\/ld+json\" class=\"yoast-schema-graph\">{\"@context\":\"https:\/\/schema.org\",\"@graph\":[{\"@type\":\"Article\",\"@id\":\"https:\/\/pscsvh.com\/ca\/dispositiu-per-a-prevencio-dincendis\/#article\",\"isPartOf\":{\"@id\":\"https:\/\/pscsvh.com\/ca\/dispositiu-per-a-prevencio-dincendis\/\"},\"author\":{\"name\":\"PSC SVH\",\"@id\":\"https:\/\/pscsvh.com\/ca\/#\/schema\/person\/6ad2cedf14b82878e2897de3ed64f1f9\"},\"headline\":\"Dispositiu per a prevenci\u00f3 d&#8217;incendis\",\"datePublished\":\"2023-06-22T09:28:51+00:00\",\"dateModified\":\"2023-06-23T09:42:27+00:00\",\"mainEntityOfPage\":{\"@id\":\"https:\/\/pscsvh.com\/ca\/dispositiu-per-a-prevencio-dincendis\/\"},\"wordCount\":59,\"commentCount\":0,\"publisher\":{\"@id\":\"https:\/\/pscsvh.com\/ca\/#organization\"},\"image\":{\"@id\":\"https:\/\/pscsvh.com\/ca\/dispositiu-per-a-prevencio-dincendis\/#primaryimage\"},\"thumbnailUrl\":\"https:\/\/pscsvh.com\/wp-content\/uploads\/2023\/06\/04-2.jpg\",\"articleSection\":[\"Medi Ambient\"],\"inLanguage\":\"ca\",\"potentialAction\":[{\"@type\":\"CommentAction\",\"name\":\"Comment\",\"target\":[\"https:\/\/pscsvh.com\/ca\/dispositiu-per-a-prevencio-dincendis\/#respond\"]}]},{\"@type\":\"WebPage\",\"@id\":\"https:\/\/pscsvh.com\/ca\/dispositiu-per-a-prevencio-dincendis\/\",\"url\":\"https:\/\/pscsvh.com\/ca\/dispositiu-per-a-prevencio-dincendis\/\",\"name\":\"Dispositiu per a prevenci\u00f3 d'incendis - PSC SVH\",\"isPartOf\":{\"@id\":\"https:\/\/pscsvh.com\/ca\/#website\"},\"primaryImageOfPage\":{\"@id\":\"https:\/\/pscsvh.com\/ca\/dispositiu-per-a-prevencio-dincendis\/#primaryimage\"},\"image\":{\"@id\":\"https:\/\/pscsvh.com\/ca\/dispositiu-per-a-prevencio-dincendis\/#primaryimage\"},\"thumbnailUrl\":\"https:\/\/pscsvh.com\/wp-content\/uploads\/2023\/06\/04-2.jpg\",\"datePublished\":\"2023-06-22T09:28:51+00:00\",\"dateModified\":\"2023-06-23T09:42:27+00:00\",\"description\":\"Dispositiu per a prevenci\u00f3 dincendis. Com cada any, de la m\u00e0 de Diputaci\u00f3 de Barcelona, s'ha engegat el dispositiu especial de prevenci\u00f3 d'incendis a Sant Vicen\u00e7 dels Horts.\",\"breadcrumb\":{\"@id\":\"https:\/\/pscsvh.com\/ca\/dispositiu-per-a-prevencio-dincendis\/#breadcrumb\"},\"inLanguage\":\"ca\",\"potentialAction\":[{\"@type\":\"ReadAction\",\"target\":[\"https:\/\/pscsvh.com\/ca\/dispositiu-per-a-prevencio-dincendis\/\"]}]},{\"@type\":\"ImageObject\",\"inLanguage\":\"ca\",\"@id\":\"https:\/\/pscsvh.com\/ca\/dispositiu-per-a-prevencio-dincendis\/#primaryimage\",\"url\":\"https:\/\/pscsvh.com\/wp-content\/uploads\/2023\/06\/04-2.jpg\",\"contentUrl\":\"https:\/\/pscsvh.com\/wp-content\/uploads\/2023\/06\/04-2.jpg\",\"width\":1271,\"height\":984,\"caption\":\"Dispositivo para prevenci\u00f3n de incendios Como cada a\u00f1o, de la mano de Diputaci\u00f3 de Barcelona, se ha puesto en marcha el dispositivo especial de prevenci\u00f3n de incendios en Sant Vicen\u00e7 dels Horts. Este dispositivo dispone de tareas de sensibilizaci\u00f3n, disuasi\u00f3n y vigilancia hasta el 31 de agosto. Rogamos m\u00e1xima precauci\u00f3n siempre, pero especialmente en estos meses de calor. MIGUEL COMINO\"},{\"@type\":\"BreadcrumbList\",\"@id\":\"https:\/\/pscsvh.com\/ca\/dispositiu-per-a-prevencio-dincendis\/#breadcrumb\",\"itemListElement\":[{\"@type\":\"ListItem\",\"position\":1,\"name\":\"Portada\",\"item\":\"https:\/\/pscsvh.com\/ca\/\"},{\"@type\":\"ListItem\",\"position\":2,\"name\":\"Dispositiu per a prevenci\u00f3 d&#8217;incendis\"}]},{\"@type\":\"WebSite\",\"@id\":\"https:\/\/pscsvh.com\/ca\/#website\",\"url\":\"https:\/\/pscsvh.com\/ca\/\",\"name\":\"PSC SVH\",\"description\":\"El cambio que suma\",\"publisher\":{\"@id\":\"https:\/\/pscsvh.com\/ca\/#organization\"},\"potentialAction\":[{\"@type\":\"SearchAction\",\"target\":{\"@type\":\"EntryPoint\",\"urlTemplate\":\"https:\/\/pscsvh.com\/ca\/?s={search_term_string}\"},\"query-input\":{\"@type\":\"PropertyValueSpecification\",\"valueRequired\":true,\"valueName\":\"search_term_string\"}}],\"inLanguage\":\"ca\"},{\"@type\":\"Organization\",\"@id\":\"https:\/\/pscsvh.com\/ca\/#organization\",\"name\":\"PSC SVH\",\"url\":\"https:\/\/pscsvh.com\/ca\/\",\"logo\":{\"@type\":\"ImageObject\",\"inLanguage\":\"ca\",\"@id\":\"https:\/\/pscsvh.com\/ca\/#\/schema\/logo\/image\/\",\"url\":\"https:\/\/pscsvh.com\/wp-content\/uploads\/2022\/06\/cropped-Logo_SVh2-300x158-1.png\",\"contentUrl\":\"https:\/\/pscsvh.com\/wp-content\/uploads\/2022\/06\/cropped-Logo_SVh2-300x158-1.png\",\"width\":300,\"height\":158,\"caption\":\"PSC SVH\"},\"image\":{\"@id\":\"https:\/\/pscsvh.com\/ca\/#\/schema\/logo\/image\/\"}},{\"@type\":\"Person\",\"@id\":\"https:\/\/pscsvh.com\/ca\/#\/schema\/person\/6ad2cedf14b82878e2897de3ed64f1f9\",\"name\":\"PSC SVH\",\"image\":{\"@type\":\"ImageObject\",\"inLanguage\":\"ca\",\"@id\":\"https:\/\/pscsvh.com\/ca\/#\/schema\/person\/image\/\",\"url\":\"https:\/\/secure.gravatar.com\/avatar\/a019c39072cc7d669be4d6e2cda099b4e834789e55938a3ec58bef829a37db42?s=96&d=mm&r=g\",\"contentUrl\":\"https:\/\/secure.gravatar.com\/avatar\/a019c39072cc7d669be4d6e2cda099b4e834789e55938a3ec58bef829a37db42?s=96&d=mm&r=g\",\"caption\":\"PSC SVH\"},\"url\":\"https:\/\/pscsvh.com\/ca\/author\/admin-2\/\"}]}<\/script>\n<!-- \/ Yoast SEO plugin. -->","yoast_head_json":{"title":"Dispositiu per a prevenci\u00f3 d'incendis - PSC SVH","description":"Dispositiu per a prevenci\u00f3 dincendis. Com cada any, de la m\u00e0 de Diputaci\u00f3 de Barcelona, s'ha engegat el dispositiu especial de prevenci\u00f3 d'incendis a Sant Vicen\u00e7 dels Horts.","robots":{"index":"index","follow":"follow","max-snippet":"max-snippet:-1","max-image-preview":"max-image-preview:large","max-video-preview":"max-video-preview:-1"},"canonical":"https:\/\/pscsvh.com\/ca\/dispositiu-per-a-prevencio-dincendis\/","og_locale":"ca_ES","og_type":"article","og_title":"Dispositiu per a prevenci\u00f3 d'incendis - PSC SVH","og_description":"Dispositiu per a prevenci\u00f3 dincendis. Com cada any, de la m\u00e0 de Diputaci\u00f3 de Barcelona, s'ha engegat el dispositiu especial de prevenci\u00f3 d'incendis a Sant Vicen\u00e7 dels Horts.","og_url":"https:\/\/pscsvh.com\/ca\/dispositiu-per-a-prevencio-dincendis\/","og_site_name":"PSC SVH","article_published_time":"2023-06-22T09:28:51+00:00","article_modified_time":"2023-06-23T09:42:27+00:00","og_image":[{"width":1271,"height":984,"url":"https:\/\/pscsvh.com\/wp-content\/uploads\/2023\/06\/04-2.jpg","type":"image\/jpeg"}],"author":"PSC SVH","twitter_card":"summary_large_image","twitter_misc":{"Escrit per":"PSC SVH"},"schema":{"@context":"https:\/\/schema.org","@graph":[{"@type":"Article","@id":"https:\/\/pscsvh.com\/ca\/dispositiu-per-a-prevencio-dincendis\/#article","isPartOf":{"@id":"https:\/\/pscsvh.com\/ca\/dispositiu-per-a-prevencio-dincendis\/"},"author":{"name":"PSC SVH","@id":"https:\/\/pscsvh.com\/ca\/#\/schema\/person\/6ad2cedf14b82878e2897de3ed64f1f9"},"headline":"Dispositiu per a prevenci\u00f3 d&#8217;incendis","datePublished":"2023-06-22T09:28:51+00:00","dateModified":"2023-06-23T09:42:27+00:00","mainEntityOfPage":{"@id":"https:\/\/pscsvh.com\/ca\/dispositiu-per-a-prevencio-dincendis\/"},"wordCount":59,"commentCount":0,"publisher":{"@id":"https:\/\/pscsvh.com\/ca\/#organization"},"image":{"@id":"https:\/\/pscsvh.com\/ca\/dispositiu-per-a-prevencio-dincendis\/#primaryimage"},"thumbnailUrl":"https:\/\/pscsvh.com\/wp-content\/uploads\/2023\/06\/04-2.jpg","articleSection":["Medi Ambient"],"inLanguage":"ca","potentialAction":[{"@type":"CommentAction","name":"Comment","target":["https:\/\/pscsvh.com\/ca\/dispositiu-per-a-prevencio-dincendis\/#respond"]}]},{"@type":"WebPage","@id":"https:\/\/pscsvh.com\/ca\/dispositiu-per-a-prevencio-dincendis\/","url":"https:\/\/pscsvh.com\/ca\/dispositiu-per-a-prevencio-dincendis\/","name":"Dispositiu per a prevenci\u00f3 d'incendis - PSC SVH","isPartOf":{"@id":"https:\/\/pscsvh.com\/ca\/#website"},"primaryImageOfPage":{"@id":"https:\/\/pscsvh.com\/ca\/dispositiu-per-a-prevencio-dincendis\/#primaryimage"},"image":{"@id":"https:\/\/pscsvh.com\/ca\/dispositiu-per-a-prevencio-dincendis\/#primaryimage"},"thumbnailUrl":"https:\/\/pscsvh.com\/wp-content\/uploads\/2023\/06\/04-2.jpg","datePublished":"2023-06-22T09:28:51+00:00","dateModified":"2023-06-23T09:42:27+00:00","description":"Dispositiu per a prevenci\u00f3 dincendis. Com cada any, de la m\u00e0 de Diputaci\u00f3 de Barcelona, s'ha engegat el dispositiu especial de prevenci\u00f3 d'incendis a Sant Vicen\u00e7 dels Horts.","breadcrumb":{"@id":"https:\/\/pscsvh.com\/ca\/dispositiu-per-a-prevencio-dincendis\/#breadcrumb"},"inLanguage":"ca","potentialAction":[{"@type":"ReadAction","target":["https:\/\/pscsvh.com\/ca\/dispositiu-per-a-prevencio-dincendis\/"]}]},{"@type":"ImageObject","inLanguage":"ca","@id":"https:\/\/pscsvh.com\/ca\/dispositiu-per-a-prevencio-dincendis\/#primaryimage","url":"https:\/\/pscsvh.com\/wp-content\/uploads\/2023\/06\/04-2.jpg","contentUrl":"https:\/\/pscsvh.com\/wp-content\/uploads\/2023\/06\/04-2.jpg","width":1271,"height":984,"caption":"Dispositivo para prevenci\u00f3n de incendios Como cada a\u00f1o, de la mano de Diputaci\u00f3 de Barcelona, se ha puesto en marcha el dispositivo especial de prevenci\u00f3n de incendios en Sant Vicen\u00e7 dels Horts. Este dispositivo dispone de tareas de sensibilizaci\u00f3n, disuasi\u00f3n y vigilancia hasta el 31 de agosto. Rogamos m\u00e1xima precauci\u00f3n siempre, pero especialmente en estos meses de calor. MIGUEL COMINO"},{"@type":"BreadcrumbList","@id":"https:\/\/pscsvh.com\/ca\/dispositiu-per-a-prevencio-dincendis\/#breadcrumb","itemListElement":[{"@type":"ListItem","position":1,"name":"Portada","item":"https:\/\/pscsvh.com\/ca\/"},{"@type":"ListItem","position":2,"name":"Dispositiu per a prevenci\u00f3 d&#8217;incendis"}]},{"@type":"WebSite","@id":"https:\/\/pscsvh.com\/ca\/#website","url":"https:\/\/pscsvh.com\/ca\/","name":"PSC SVH","description":"El cambio que suma","publisher":{"@id":"https:\/\/pscsvh.com\/ca\/#organization"},"potentialAction":[{"@type":"SearchAction","target":{"@type":"EntryPoint","urlTemplate":"https:\/\/pscsvh.com\/ca\/?s={search_term_string}"},"query-input":{"@type":"PropertyValueSpecification","valueRequired":true,"valueName":"search_term_string"}}],"inLanguage":"ca"},{"@type":"Organization","@id":"https:\/\/pscsvh.com\/ca\/#organization","name":"PSC SVH","url":"https:\/\/pscsvh.com\/ca\/","logo":{"@type":"ImageObject","inLanguage":"ca","@id":"https:\/\/pscsvh.com\/ca\/#\/schema\/logo\/image\/","url":"https:\/\/pscsvh.com\/wp-content\/uploads\/2022\/06\/cropped-Logo_SVh2-300x158-1.png","contentUrl":"https:\/\/pscsvh.com\/wp-content\/uploads\/2022\/06\/cropped-Logo_SVh2-300x158-1.png","width":300,"height":158,"caption":"PSC SVH"},"image":{"@id":"https:\/\/pscsvh.com\/ca\/#\/schema\/logo\/image\/"}},{"@type":"Person","@id":"https:\/\/pscsvh.com\/ca\/#\/schema\/person\/6ad2cedf14b82878e2897de3ed64f1f9","name":"PSC SVH","image":{"@type":"ImageObject","inLanguage":"ca","@id":"https:\/\/pscsvh.com\/ca\/#\/schema\/person\/image\/","url":"https:\/\/secure.gravatar.com\/avatar\/a019c39072cc7d669be4d6e2cda099b4e834789e55938a3ec58bef829a37db42?s=96&d=mm&r=g","contentUrl":"https:\/\/secure.gravatar.com\/avatar\/a019c39072cc7d669be4d6e2cda099b4e834789e55938a3ec58bef829a37db42?s=96&d=mm&r=g","caption":"PSC SVH"},"url":"https:\/\/pscsvh.com\/ca\/author\/admin-2\/"}]}},"_links":{"self":[{"href":"https:\/\/pscsvh.com\/ca\/wp-json\/wp\/v2\/posts\/6088","targetHints":{"allow":["GET"]}}],"collection":[{"href":"https:\/\/pscsvh.com\/ca\/wp-json\/wp\/v2\/posts"}],"about":[{"href":"https:\/\/pscsvh.com\/ca\/wp-json\/wp\/v2\/types\/post"}],"author":[{"embeddable":true,"href":"https:\/\/pscsvh.com\/ca\/wp-json\/wp\/v2\/users\/2"}],"replies":[{"embeddable":true,"href":"https:\/\/pscsvh.com\/ca\/wp-json\/wp\/v2\/comments?post=6088"}],"version-history":[{"count":1,"href":"https:\/\/pscsvh.com\/ca\/wp-json\/wp\/v2\/posts\/6088\/revisions"}],"predecessor-version":[{"id":6089,"href":"https:\/\/pscsvh.com\/ca\/wp-json\/wp\/v2\/posts\/6088\/revisions\/6089"}],"wp:featuredmedia":[{"embeddable":true,"href":"https:\/\/pscsvh.com\/ca\/wp-json\/wp\/v2\/media\/6084"}],"wp:attachment":[{"href":"https:\/\/pscsvh.com\/ca\/wp-json\/wp\/v2\/media?parent=6088"}],"wp:term":[{"taxonomy":"category","embeddable":true,"href":"https:\/\/pscsvh.com\/ca\/wp-json\/wp\/v2\/categories?post=6088"},{"taxonomy":"post_tag","embeddable":true,"href":"https:\/\/pscsvh.com\/ca\/wp-json\/wp\/v2\/tags?post=6088"},{"taxonomy":"citadela-post-location","embeddable":true,"href":"https:\/\/pscsvh.com\/ca\/wp-json\/wp\/v2\/citadela-post-location?post=6088"}],"curies":[{"name":"wp","href":"https:\/\/api.w.org\/{rel}","templated":true}]}}