{"id":6086,"date":"2023-06-22T11:15:02","date_gmt":"2023-06-22T09:15:02","guid":{"rendered":"https:\/\/pscsvh.com\/delegacio-de-competencies-als-regidors-i-regidores-de-govern\/"},"modified":"2023-06-23T11:40:35","modified_gmt":"2023-06-23T09:40:35","slug":"delegacio-de-competencies-als-regidors-i-regidores-de-govern","status":"publish","type":"post","link":"https:\/\/pscsvh.com\/ca\/delegacio-de-competencies-als-regidors-i-regidores-de-govern\/","title":{"rendered":"Delegaci\u00f3 de compet\u00e8ncies als regidors i regidores de govern"},"content":{"rendered":"\n<p><strong>L&#8217;alcalde, Miguel Comino ha signat la delegaci\u00f3 de compet\u00e8ncies als regidors i regidores que formaran l&#8217;equip de govern municipal durant els propers quatre anys.<\/strong><\/p>\n\n<p>Un nou govern municipal, de coalici\u00f3 i de progr\u00e9s que treballar\u00e0 de manera incansable per millorar Sant Vicen\u00e7 dels Horts sobre la base del model de ciutat que volem consolidar:<\/p>\n\n<ul class=\"wp-block-list\">\n<li>Just\u00edcia social<\/li>\n<\/ul>\n\n<ul class=\"wp-block-list\">\n<li>Millora dels serveis p\u00fablics<\/li>\n<\/ul>\n\n<ul class=\"wp-block-list\">\n<li>Sostenibilitat ambiental<\/li>\n<\/ul>\n\n<ul class=\"wp-block-list\">\n<li>Seguretat ciutadana<\/li>\n<\/ul>\n\n<ul class=\"wp-block-list\">\n<li>Transformaci\u00f3<\/li>\n<\/ul>\n","protected":false},"excerpt":{"rendered":"<p>L&#8217;alcalde, Miguel Comino ha signat la delegaci\u00f3 de compet\u00e8ncies als regidors i regidores que formaran l&#8217;equip de govern municipal durant els propers quatre anys.<\/p>\n","protected":false},"author":2,"featured_media":6072,"comment_status":"open","ping_status":"closed","sticky":false,"template":"","format":"standard","meta":{"_citadela_custom_class":"","footnotes":""},"categories":[57],"tags":[],"citadela-post-location":[42],"class_list":["post-6086","post","type-post","status-publish","format-standard","has-post-thumbnail","hentry","category-actualitat-vicentina"],"yoast_head":"<!-- This site is optimized with the Yoast SEO plugin v24.7 - https:\/\/yoast.com\/wordpress\/plugins\/seo\/ -->\n<title>Delegaci\u00f3 de compet\u00e8ncies als regidors i regidores de govern - PSC SVH<\/title>\n<meta name=\"description\" content=\"Delegaci\u00f3 de compet\u00e8ncies als regidors i regidores de govern. L&#039;alcalde, Miguel Comino ha signat la delegaci\u00f3 de compet\u00e8ncies als regidors i regidores que formaran l&#039;equip de govern municipal durant els propers quatre anys.\" \/>\n<meta name=\"robots\" content=\"index, follow, max-snippet:-1, max-image-preview:large, max-video-preview:-1\" \/>\n<link rel=\"canonical\" href=\"https:\/\/pscsvh.com\/ca\/delegacio-de-competencies-als-regidors-i-regidores-de-govern\/\" \/>\n<meta property=\"og:locale\" content=\"ca_ES\" \/>\n<meta property=\"og:type\" content=\"article\" \/>\n<meta property=\"og:title\" content=\"Delegaci\u00f3 de compet\u00e8ncies als regidors i regidores de govern - PSC SVH\" \/>\n<meta property=\"og:description\" content=\"Delegaci\u00f3 de compet\u00e8ncies als regidors i regidores de govern. L&#039;alcalde, Miguel Comino ha signat la delegaci\u00f3 de compet\u00e8ncies als regidors i regidores que formaran l&#039;equip de govern municipal durant els propers quatre anys.\" \/>\n<meta property=\"og:url\" content=\"https:\/\/pscsvh.com\/ca\/delegacio-de-competencies-als-regidors-i-regidores-de-govern\/\" \/>\n<meta property=\"og:site_name\" content=\"PSC SVH\" \/>\n<meta property=\"article:published_time\" content=\"2023-06-22T09:15:02+00:00\" \/>\n<meta property=\"article:modified_time\" content=\"2023-06-23T09:40:35+00:00\" \/>\n<meta property=\"og:image\" content=\"https:\/\/pscsvh.com\/wp-content\/uploads\/2023\/06\/355340247_10232251958740802_3061090149631146607_n.jpg\" \/>\n\t<meta property=\"og:image:width\" content=\"843\" \/>\n\t<meta property=\"og:image:height\" content=\"843\" \/>\n\t<meta property=\"og:image:type\" content=\"image\/jpeg\" \/>\n<meta name=\"author\" content=\"PSC SVH\" \/>\n<meta name=\"twitter:card\" content=\"summary_large_image\" \/>\n<meta name=\"twitter:label1\" content=\"Escrit per\" \/>\n\t<meta name=\"twitter:data1\" content=\"PSC SVH\" \/>\n<script type=\"application\/ld+json\" class=\"yoast-schema-graph\">{\"@context\":\"https:\/\/schema.org\",\"@graph\":[{\"@type\":\"Article\",\"@id\":\"https:\/\/pscsvh.com\/ca\/delegacio-de-competencies-als-regidors-i-regidores-de-govern\/#article\",\"isPartOf\":{\"@id\":\"https:\/\/pscsvh.com\/ca\/delegacio-de-competencies-als-regidors-i-regidores-de-govern\/\"},\"author\":{\"name\":\"PSC SVH\",\"@id\":\"https:\/\/pscsvh.com\/ca\/#\/schema\/person\/6ad2cedf14b82878e2897de3ed64f1f9\"},\"headline\":\"Delegaci\u00f3 de compet\u00e8ncies als regidors i regidores de govern\",\"datePublished\":\"2023-06-22T09:15:02+00:00\",\"dateModified\":\"2023-06-23T09:40:35+00:00\",\"mainEntityOfPage\":{\"@id\":\"https:\/\/pscsvh.com\/ca\/delegacio-de-competencies-als-regidors-i-regidores-de-govern\/\"},\"wordCount\":81,\"commentCount\":0,\"publisher\":{\"@id\":\"https:\/\/pscsvh.com\/ca\/#organization\"},\"image\":{\"@id\":\"https:\/\/pscsvh.com\/ca\/delegacio-de-competencies-als-regidors-i-regidores-de-govern\/#primaryimage\"},\"thumbnailUrl\":\"https:\/\/pscsvh.com\/wp-content\/uploads\/2023\/06\/355340247_10232251958740802_3061090149631146607_n.jpg\",\"articleSection\":[\"Actualitat Vicentina\"],\"inLanguage\":\"ca\",\"potentialAction\":[{\"@type\":\"CommentAction\",\"name\":\"Comment\",\"target\":[\"https:\/\/pscsvh.com\/ca\/delegacio-de-competencies-als-regidors-i-regidores-de-govern\/#respond\"]}]},{\"@type\":\"WebPage\",\"@id\":\"https:\/\/pscsvh.com\/ca\/delegacio-de-competencies-als-regidors-i-regidores-de-govern\/\",\"url\":\"https:\/\/pscsvh.com\/ca\/delegacio-de-competencies-als-regidors-i-regidores-de-govern\/\",\"name\":\"Delegaci\u00f3 de compet\u00e8ncies als regidors i regidores de govern - PSC SVH\",\"isPartOf\":{\"@id\":\"https:\/\/pscsvh.com\/ca\/#website\"},\"primaryImageOfPage\":{\"@id\":\"https:\/\/pscsvh.com\/ca\/delegacio-de-competencies-als-regidors-i-regidores-de-govern\/#primaryimage\"},\"image\":{\"@id\":\"https:\/\/pscsvh.com\/ca\/delegacio-de-competencies-als-regidors-i-regidores-de-govern\/#primaryimage\"},\"thumbnailUrl\":\"https:\/\/pscsvh.com\/wp-content\/uploads\/2023\/06\/355340247_10232251958740802_3061090149631146607_n.jpg\",\"datePublished\":\"2023-06-22T09:15:02+00:00\",\"dateModified\":\"2023-06-23T09:40:35+00:00\",\"description\":\"Delegaci\u00f3 de compet\u00e8ncies als regidors i regidores de govern. L'alcalde, Miguel Comino ha signat la delegaci\u00f3 de compet\u00e8ncies als regidors i regidores que formaran l'equip de govern municipal durant els propers quatre anys.\",\"breadcrumb\":{\"@id\":\"https:\/\/pscsvh.com\/ca\/delegacio-de-competencies-als-regidors-i-regidores-de-govern\/#breadcrumb\"},\"inLanguage\":\"ca\",\"potentialAction\":[{\"@type\":\"ReadAction\",\"target\":[\"https:\/\/pscsvh.com\/ca\/delegacio-de-competencies-als-regidors-i-regidores-de-govern\/\"]}]},{\"@type\":\"ImageObject\",\"inLanguage\":\"ca\",\"@id\":\"https:\/\/pscsvh.com\/ca\/delegacio-de-competencies-als-regidors-i-regidores-de-govern\/#primaryimage\",\"url\":\"https:\/\/pscsvh.com\/wp-content\/uploads\/2023\/06\/355340247_10232251958740802_3061090149631146607_n.jpg\",\"contentUrl\":\"https:\/\/pscsvh.com\/wp-content\/uploads\/2023\/06\/355340247_10232251958740802_3061090149631146607_n.jpg\",\"width\":843,\"height\":843,\"caption\":\"El alcalde, Miguel Comino ha firmado la delegaci\u00f3n de competencias en los concejales y concejalas que formar\u00e1n el equipo de gobierno municipal durante los pr\u00f3ximos cuatro a\u00f1os.\"},{\"@type\":\"BreadcrumbList\",\"@id\":\"https:\/\/pscsvh.com\/ca\/delegacio-de-competencies-als-regidors-i-regidores-de-govern\/#breadcrumb\",\"itemListElement\":[{\"@type\":\"ListItem\",\"position\":1,\"name\":\"Portada\",\"item\":\"https:\/\/pscsvh.com\/ca\/\"},{\"@type\":\"ListItem\",\"position\":2,\"name\":\"Delegaci\u00f3 de compet\u00e8ncies als regidors i regidores de govern\"}]},{\"@type\":\"WebSite\",\"@id\":\"https:\/\/pscsvh.com\/ca\/#website\",\"url\":\"https:\/\/pscsvh.com\/ca\/\",\"name\":\"PSC SVH\",\"description\":\"El cambio que suma\",\"publisher\":{\"@id\":\"https:\/\/pscsvh.com\/ca\/#organization\"},\"potentialAction\":[{\"@type\":\"SearchAction\",\"target\":{\"@type\":\"EntryPoint\",\"urlTemplate\":\"https:\/\/pscsvh.com\/ca\/?s={search_term_string}\"},\"query-input\":{\"@type\":\"PropertyValueSpecification\",\"valueRequired\":true,\"valueName\":\"search_term_string\"}}],\"inLanguage\":\"ca\"},{\"@type\":\"Organization\",\"@id\":\"https:\/\/pscsvh.com\/ca\/#organization\",\"name\":\"PSC SVH\",\"url\":\"https:\/\/pscsvh.com\/ca\/\",\"logo\":{\"@type\":\"ImageObject\",\"inLanguage\":\"ca\",\"@id\":\"https:\/\/pscsvh.com\/ca\/#\/schema\/logo\/image\/\",\"url\":\"https:\/\/pscsvh.com\/wp-content\/uploads\/2022\/06\/cropped-Logo_SVh2-300x158-1.png\",\"contentUrl\":\"https:\/\/pscsvh.com\/wp-content\/uploads\/2022\/06\/cropped-Logo_SVh2-300x158-1.png\",\"width\":300,\"height\":158,\"caption\":\"PSC SVH\"},\"image\":{\"@id\":\"https:\/\/pscsvh.com\/ca\/#\/schema\/logo\/image\/\"}},{\"@type\":\"Person\",\"@id\":\"https:\/\/pscsvh.com\/ca\/#\/schema\/person\/6ad2cedf14b82878e2897de3ed64f1f9\",\"name\":\"PSC SVH\",\"image\":{\"@type\":\"ImageObject\",\"inLanguage\":\"ca\",\"@id\":\"https:\/\/pscsvh.com\/ca\/#\/schema\/person\/image\/\",\"url\":\"https:\/\/secure.gravatar.com\/avatar\/a019c39072cc7d669be4d6e2cda099b4e834789e55938a3ec58bef829a37db42?s=96&d=mm&r=g\",\"contentUrl\":\"https:\/\/secure.gravatar.com\/avatar\/a019c39072cc7d669be4d6e2cda099b4e834789e55938a3ec58bef829a37db42?s=96&d=mm&r=g\",\"caption\":\"PSC SVH\"},\"url\":\"https:\/\/pscsvh.com\/ca\/author\/admin-2\/\"}]}<\/script>\n<!-- \/ Yoast SEO plugin. -->","yoast_head_json":{"title":"Delegaci\u00f3 de compet\u00e8ncies als regidors i regidores de govern - PSC SVH","description":"Delegaci\u00f3 de compet\u00e8ncies als regidors i regidores de govern. L'alcalde, Miguel Comino ha signat la delegaci\u00f3 de compet\u00e8ncies als regidors i regidores que formaran l'equip de govern municipal durant els propers quatre anys.","robots":{"index":"index","follow":"follow","max-snippet":"max-snippet:-1","max-image-preview":"max-image-preview:large","max-video-preview":"max-video-preview:-1"},"canonical":"https:\/\/pscsvh.com\/ca\/delegacio-de-competencies-als-regidors-i-regidores-de-govern\/","og_locale":"ca_ES","og_type":"article","og_title":"Delegaci\u00f3 de compet\u00e8ncies als regidors i regidores de govern - PSC SVH","og_description":"Delegaci\u00f3 de compet\u00e8ncies als regidors i regidores de govern. L'alcalde, Miguel Comino ha signat la delegaci\u00f3 de compet\u00e8ncies als regidors i regidores que formaran l'equip de govern municipal durant els propers quatre anys.","og_url":"https:\/\/pscsvh.com\/ca\/delegacio-de-competencies-als-regidors-i-regidores-de-govern\/","og_site_name":"PSC SVH","article_published_time":"2023-06-22T09:15:02+00:00","article_modified_time":"2023-06-23T09:40:35+00:00","og_image":[{"width":843,"height":843,"url":"https:\/\/pscsvh.com\/wp-content\/uploads\/2023\/06\/355340247_10232251958740802_3061090149631146607_n.jpg","type":"image\/jpeg"}],"author":"PSC SVH","twitter_card":"summary_large_image","twitter_misc":{"Escrit per":"PSC SVH"},"schema":{"@context":"https:\/\/schema.org","@graph":[{"@type":"Article","@id":"https:\/\/pscsvh.com\/ca\/delegacio-de-competencies-als-regidors-i-regidores-de-govern\/#article","isPartOf":{"@id":"https:\/\/pscsvh.com\/ca\/delegacio-de-competencies-als-regidors-i-regidores-de-govern\/"},"author":{"name":"PSC SVH","@id":"https:\/\/pscsvh.com\/ca\/#\/schema\/person\/6ad2cedf14b82878e2897de3ed64f1f9"},"headline":"Delegaci\u00f3 de compet\u00e8ncies als regidors i regidores de govern","datePublished":"2023-06-22T09:15:02+00:00","dateModified":"2023-06-23T09:40:35+00:00","mainEntityOfPage":{"@id":"https:\/\/pscsvh.com\/ca\/delegacio-de-competencies-als-regidors-i-regidores-de-govern\/"},"wordCount":81,"commentCount":0,"publisher":{"@id":"https:\/\/pscsvh.com\/ca\/#organization"},"image":{"@id":"https:\/\/pscsvh.com\/ca\/delegacio-de-competencies-als-regidors-i-regidores-de-govern\/#primaryimage"},"thumbnailUrl":"https:\/\/pscsvh.com\/wp-content\/uploads\/2023\/06\/355340247_10232251958740802_3061090149631146607_n.jpg","articleSection":["Actualitat Vicentina"],"inLanguage":"ca","potentialAction":[{"@type":"CommentAction","name":"Comment","target":["https:\/\/pscsvh.com\/ca\/delegacio-de-competencies-als-regidors-i-regidores-de-govern\/#respond"]}]},{"@type":"WebPage","@id":"https:\/\/pscsvh.com\/ca\/delegacio-de-competencies-als-regidors-i-regidores-de-govern\/","url":"https:\/\/pscsvh.com\/ca\/delegacio-de-competencies-als-regidors-i-regidores-de-govern\/","name":"Delegaci\u00f3 de compet\u00e8ncies als regidors i regidores de govern - PSC SVH","isPartOf":{"@id":"https:\/\/pscsvh.com\/ca\/#website"},"primaryImageOfPage":{"@id":"https:\/\/pscsvh.com\/ca\/delegacio-de-competencies-als-regidors-i-regidores-de-govern\/#primaryimage"},"image":{"@id":"https:\/\/pscsvh.com\/ca\/delegacio-de-competencies-als-regidors-i-regidores-de-govern\/#primaryimage"},"thumbnailUrl":"https:\/\/pscsvh.com\/wp-content\/uploads\/2023\/06\/355340247_10232251958740802_3061090149631146607_n.jpg","datePublished":"2023-06-22T09:15:02+00:00","dateModified":"2023-06-23T09:40:35+00:00","description":"Delegaci\u00f3 de compet\u00e8ncies als regidors i regidores de govern. L'alcalde, Miguel Comino ha signat la delegaci\u00f3 de compet\u00e8ncies als regidors i regidores que formaran l'equip de govern municipal durant els propers quatre anys.","breadcrumb":{"@id":"https:\/\/pscsvh.com\/ca\/delegacio-de-competencies-als-regidors-i-regidores-de-govern\/#breadcrumb"},"inLanguage":"ca","potentialAction":[{"@type":"ReadAction","target":["https:\/\/pscsvh.com\/ca\/delegacio-de-competencies-als-regidors-i-regidores-de-govern\/"]}]},{"@type":"ImageObject","inLanguage":"ca","@id":"https:\/\/pscsvh.com\/ca\/delegacio-de-competencies-als-regidors-i-regidores-de-govern\/#primaryimage","url":"https:\/\/pscsvh.com\/wp-content\/uploads\/2023\/06\/355340247_10232251958740802_3061090149631146607_n.jpg","contentUrl":"https:\/\/pscsvh.com\/wp-content\/uploads\/2023\/06\/355340247_10232251958740802_3061090149631146607_n.jpg","width":843,"height":843,"caption":"El alcalde, Miguel Comino ha firmado la delegaci\u00f3n de competencias en los concejales y concejalas que formar\u00e1n el equipo de gobierno municipal durante los pr\u00f3ximos cuatro a\u00f1os."},{"@type":"BreadcrumbList","@id":"https:\/\/pscsvh.com\/ca\/delegacio-de-competencies-als-regidors-i-regidores-de-govern\/#breadcrumb","itemListElement":[{"@type":"ListItem","position":1,"name":"Portada","item":"https:\/\/pscsvh.com\/ca\/"},{"@type":"ListItem","position":2,"name":"Delegaci\u00f3 de compet\u00e8ncies als regidors i regidores de govern"}]},{"@type":"WebSite","@id":"https:\/\/pscsvh.com\/ca\/#website","url":"https:\/\/pscsvh.com\/ca\/","name":"PSC SVH","description":"El cambio que suma","publisher":{"@id":"https:\/\/pscsvh.com\/ca\/#organization"},"potentialAction":[{"@type":"SearchAction","target":{"@type":"EntryPoint","urlTemplate":"https:\/\/pscsvh.com\/ca\/?s={search_term_string}"},"query-input":{"@type":"PropertyValueSpecification","valueRequired":true,"valueName":"search_term_string"}}],"inLanguage":"ca"},{"@type":"Organization","@id":"https:\/\/pscsvh.com\/ca\/#organization","name":"PSC SVH","url":"https:\/\/pscsvh.com\/ca\/","logo":{"@type":"ImageObject","inLanguage":"ca","@id":"https:\/\/pscsvh.com\/ca\/#\/schema\/logo\/image\/","url":"https:\/\/pscsvh.com\/wp-content\/uploads\/2022\/06\/cropped-Logo_SVh2-300x158-1.png","contentUrl":"https:\/\/pscsvh.com\/wp-content\/uploads\/2022\/06\/cropped-Logo_SVh2-300x158-1.png","width":300,"height":158,"caption":"PSC SVH"},"image":{"@id":"https:\/\/pscsvh.com\/ca\/#\/schema\/logo\/image\/"}},{"@type":"Person","@id":"https:\/\/pscsvh.com\/ca\/#\/schema\/person\/6ad2cedf14b82878e2897de3ed64f1f9","name":"PSC SVH","image":{"@type":"ImageObject","inLanguage":"ca","@id":"https:\/\/pscsvh.com\/ca\/#\/schema\/person\/image\/","url":"https:\/\/secure.gravatar.com\/avatar\/a019c39072cc7d669be4d6e2cda099b4e834789e55938a3ec58bef829a37db42?s=96&d=mm&r=g","contentUrl":"https:\/\/secure.gravatar.com\/avatar\/a019c39072cc7d669be4d6e2cda099b4e834789e55938a3ec58bef829a37db42?s=96&d=mm&r=g","caption":"PSC SVH"},"url":"https:\/\/pscsvh.com\/ca\/author\/admin-2\/"}]}},"_links":{"self":[{"href":"https:\/\/pscsvh.com\/ca\/wp-json\/wp\/v2\/posts\/6086","targetHints":{"allow":["GET"]}}],"collection":[{"href":"https:\/\/pscsvh.com\/ca\/wp-json\/wp\/v2\/posts"}],"about":[{"href":"https:\/\/pscsvh.com\/ca\/wp-json\/wp\/v2\/types\/post"}],"author":[{"embeddable":true,"href":"https:\/\/pscsvh.com\/ca\/wp-json\/wp\/v2\/users\/2"}],"replies":[{"embeddable":true,"href":"https:\/\/pscsvh.com\/ca\/wp-json\/wp\/v2\/comments?post=6086"}],"version-history":[{"count":1,"href":"https:\/\/pscsvh.com\/ca\/wp-json\/wp\/v2\/posts\/6086\/revisions"}],"predecessor-version":[{"id":6087,"href":"https:\/\/pscsvh.com\/ca\/wp-json\/wp\/v2\/posts\/6086\/revisions\/6087"}],"wp:featuredmedia":[{"embeddable":true,"href":"https:\/\/pscsvh.com\/ca\/wp-json\/wp\/v2\/media\/6072"}],"wp:attachment":[{"href":"https:\/\/pscsvh.com\/ca\/wp-json\/wp\/v2\/media?parent=6086"}],"wp:term":[{"taxonomy":"category","embeddable":true,"href":"https:\/\/pscsvh.com\/ca\/wp-json\/wp\/v2\/categories?post=6086"},{"taxonomy":"post_tag","embeddable":true,"href":"https:\/\/pscsvh.com\/ca\/wp-json\/wp\/v2\/tags?post=6086"},{"taxonomy":"citadela-post-location","embeddable":true,"href":"https:\/\/pscsvh.com\/ca\/wp-json\/wp\/v2\/citadela-post-location?post=6086"}],"curies":[{"name":"wp","href":"https:\/\/api.w.org\/{rel}","templated":true}]}}