{"id":6051,"date":"2023-06-11T09:29:14","date_gmt":"2023-06-11T07:29:14","guid":{"rendered":"https:\/\/pscsvh.com\/dia-del-medi-ambient-i-la-salut\/"},"modified":"2023-06-19T13:17:06","modified_gmt":"2023-06-19T11:17:06","slug":"dia-del-medi-ambient-i-la-salut","status":"publish","type":"post","link":"https:\/\/pscsvh.com\/ca\/dia-del-medi-ambient-i-la-salut\/","title":{"rendered":"Dia del Medi Ambient i la Salut"},"content":{"rendered":"\n<p><strong>Avui s&#8217;ha fet conjuntament el dia del medi ambient i el dia de la salut.<\/strong> L&#8217;alcalde Miguel Comino i la regidora de Medi Ambient Mar\u00eda Pel\u00e1ez van assistir a la celebraci\u00f3 i van estar intercanviant opinions amb totes les entitats que hi van participar.<\/p>\n\n<p>Les trobades van ser a la Pla\u00e7a Narc\u00eds Dilluns i al Parc del Pi Gros amb ciutadania i entitats amb qu\u00e8 treballem de la m\u00e0.<\/p>\n\n<blockquote class=\"wp-block-quote is-layout-flow wp-block-quote-is-layout-flow\">\n<p>Gr\u00e0cies a tothom que ho ha fet possible!<\/p>\n<cite>Miguel Comino<\/cite><\/blockquote>\n\n<figure class=\"wp-block-gallery has-nested-images columns-default is-cropped wp-block-gallery-1 is-layout-flex wp-block-gallery-is-layout-flex\">\n<figure class=\"wp-block-image size-large\"><img loading=\"lazy\" decoding=\"async\" width=\"1024\" height=\"683\" data-id=\"6013\" src=\"https:\/\/pscsvh.com\/wp-content\/uploads\/2023\/06\/09-1024x683.jpeg\" alt=\"\" class=\"wp-image-6013\" srcset=\"https:\/\/pscsvh.com\/wp-content\/uploads\/2023\/06\/09-1024x683.jpeg 1024w, https:\/\/pscsvh.com\/wp-content\/uploads\/2023\/06\/09-300x200.jpeg 300w, https:\/\/pscsvh.com\/wp-content\/uploads\/2023\/06\/09-768x512.jpeg 768w, https:\/\/pscsvh.com\/wp-content\/uploads\/2023\/06\/09.jpeg 1500w\" sizes=\"auto, (max-width: 1024px) 100vw, 1024px\" \/><\/figure>\n\n\n\n<figure class=\"wp-block-image size-large\"><img loading=\"lazy\" decoding=\"async\" width=\"1024\" height=\"683\" data-id=\"6021\" src=\"https:\/\/pscsvh.com\/wp-content\/uploads\/2023\/06\/08-1024x683.jpeg\" alt=\"\" class=\"wp-image-6021\" srcset=\"https:\/\/pscsvh.com\/wp-content\/uploads\/2023\/06\/08-1024x683.jpeg 1024w, https:\/\/pscsvh.com\/wp-content\/uploads\/2023\/06\/08-300x200.jpeg 300w, https:\/\/pscsvh.com\/wp-content\/uploads\/2023\/06\/08-768x512.jpeg 768w, https:\/\/pscsvh.com\/wp-content\/uploads\/2023\/06\/08.jpeg 1500w\" sizes=\"auto, (max-width: 1024px) 100vw, 1024px\" \/><\/figure>\n\n\n\n<figure class=\"wp-block-image size-large\"><img loading=\"lazy\" decoding=\"async\" width=\"1024\" height=\"683\" data-id=\"6007\" src=\"https:\/\/pscsvh.com\/wp-content\/uploads\/2023\/06\/07-1024x683.jpeg\" alt=\"\" class=\"wp-image-6007\" srcset=\"https:\/\/pscsvh.com\/wp-content\/uploads\/2023\/06\/07-1024x683.jpeg 1024w, https:\/\/pscsvh.com\/wp-content\/uploads\/2023\/06\/07-300x200.jpeg 300w, https:\/\/pscsvh.com\/wp-content\/uploads\/2023\/06\/07-768x512.jpeg 768w, https:\/\/pscsvh.com\/wp-content\/uploads\/2023\/06\/07.jpeg 1500w\" sizes=\"auto, (max-width: 1024px) 100vw, 1024px\" \/><\/figure>\n\n\n\n<figure class=\"wp-block-image size-large\"><img loading=\"lazy\" decoding=\"async\" width=\"1024\" height=\"683\" data-id=\"6015\" src=\"https:\/\/pscsvh.com\/wp-content\/uploads\/2023\/06\/06-1024x683.jpeg\" alt=\"\" class=\"wp-image-6015\" srcset=\"https:\/\/pscsvh.com\/wp-content\/uploads\/2023\/06\/06-1024x683.jpeg 1024w, https:\/\/pscsvh.com\/wp-content\/uploads\/2023\/06\/06-300x200.jpeg 300w, https:\/\/pscsvh.com\/wp-content\/uploads\/2023\/06\/06-768x512.jpeg 768w, https:\/\/pscsvh.com\/wp-content\/uploads\/2023\/06\/06.jpeg 1500w\" sizes=\"auto, (max-width: 1024px) 100vw, 1024px\" \/><\/figure>\n\n\n\n<figure class=\"wp-block-image size-large\"><img loading=\"lazy\" decoding=\"async\" width=\"1024\" height=\"683\" data-id=\"6011\" src=\"https:\/\/pscsvh.com\/wp-content\/uploads\/2023\/06\/05-1024x683.jpeg\" alt=\"\" class=\"wp-image-6011\" srcset=\"https:\/\/pscsvh.com\/wp-content\/uploads\/2023\/06\/05-1024x683.jpeg 1024w, https:\/\/pscsvh.com\/wp-content\/uploads\/2023\/06\/05-300x200.jpeg 300w, https:\/\/pscsvh.com\/wp-content\/uploads\/2023\/06\/05-768x512.jpeg 768w, https:\/\/pscsvh.com\/wp-content\/uploads\/2023\/06\/05.jpeg 1500w\" sizes=\"auto, (max-width: 1024px) 100vw, 1024px\" \/><\/figure>\n\n\n\n<figure class=\"wp-block-image size-large\"><img loading=\"lazy\" decoding=\"async\" width=\"1024\" height=\"683\" data-id=\"6019\" src=\"https:\/\/pscsvh.com\/wp-content\/uploads\/2023\/06\/04-1024x683.jpeg\" alt=\"\" class=\"wp-image-6019\" srcset=\"https:\/\/pscsvh.com\/wp-content\/uploads\/2023\/06\/04-1024x683.jpeg 1024w, https:\/\/pscsvh.com\/wp-content\/uploads\/2023\/06\/04-300x200.jpeg 300w, https:\/\/pscsvh.com\/wp-content\/uploads\/2023\/06\/04-768x512.jpeg 768w, https:\/\/pscsvh.com\/wp-content\/uploads\/2023\/06\/04.jpeg 1500w\" sizes=\"auto, (max-width: 1024px) 100vw, 1024px\" \/><\/figure>\n\n\n\n<figure class=\"wp-block-image size-large\"><img loading=\"lazy\" decoding=\"async\" width=\"1024\" height=\"683\" data-id=\"6005\" src=\"https:\/\/pscsvh.com\/wp-content\/uploads\/2023\/06\/03-1024x683.jpeg\" alt=\"\" class=\"wp-image-6005\" srcset=\"https:\/\/pscsvh.com\/wp-content\/uploads\/2023\/06\/03-1024x683.jpeg 1024w, https:\/\/pscsvh.com\/wp-content\/uploads\/2023\/06\/03-300x200.jpeg 300w, https:\/\/pscsvh.com\/wp-content\/uploads\/2023\/06\/03-768x512.jpeg 768w, https:\/\/pscsvh.com\/wp-content\/uploads\/2023\/06\/03.jpeg 1500w\" sizes=\"auto, (max-width: 1024px) 100vw, 1024px\" \/><\/figure>\n\n\n\n<figure class=\"wp-block-image size-large\"><img loading=\"lazy\" decoding=\"async\" width=\"1024\" height=\"683\" data-id=\"6017\" src=\"https:\/\/pscsvh.com\/wp-content\/uploads\/2023\/06\/02-1024x683.jpeg\" alt=\"\" class=\"wp-image-6017\" srcset=\"https:\/\/pscsvh.com\/wp-content\/uploads\/2023\/06\/02-1024x683.jpeg 1024w, https:\/\/pscsvh.com\/wp-content\/uploads\/2023\/06\/02-300x200.jpeg 300w, https:\/\/pscsvh.com\/wp-content\/uploads\/2023\/06\/02-768x512.jpeg 768w, https:\/\/pscsvh.com\/wp-content\/uploads\/2023\/06\/02.jpeg 1500w\" sizes=\"auto, (max-width: 1024px) 100vw, 1024px\" \/><\/figure>\n\n\n\n<figure class=\"wp-block-image size-large\"><img loading=\"lazy\" decoding=\"async\" width=\"960\" height=\"640\" data-id=\"6009\" src=\"https:\/\/pscsvh.com\/wp-content\/uploads\/2023\/06\/01.jpeg\" alt=\"\" class=\"wp-image-6009\" srcset=\"https:\/\/pscsvh.com\/wp-content\/uploads\/2023\/06\/01.jpeg 960w, https:\/\/pscsvh.com\/wp-content\/uploads\/2023\/06\/01-300x200.jpeg 300w, https:\/\/pscsvh.com\/wp-content\/uploads\/2023\/06\/01-768x512.jpeg 768w\" sizes=\"auto, (max-width: 960px) 100vw, 960px\" \/><\/figure>\n<\/figure>\n","protected":false},"excerpt":{"rendered":"<p>Avui s&#8217;ha fet conjuntament el dia del medi ambient i el dia de la salut.<\/p>\n","protected":false},"author":2,"featured_media":6012,"comment_status":"open","ping_status":"closed","sticky":false,"template":"","format":"standard","meta":{"_citadela_custom_class":"","footnotes":""},"categories":[270],"tags":[],"citadela-post-location":[42],"class_list":["post-6051","post","type-post","status-publish","format-standard","has-post-thumbnail","hentry","category-medi-ambient"],"yoast_head":"<!-- This site is optimized with the Yoast SEO plugin v24.7 - https:\/\/yoast.com\/wordpress\/plugins\/seo\/ -->\n<title>Dia del Medi Ambient i la Salut - PSC SVH<\/title>\n<meta name=\"description\" content=\"Dia del Medi Ambient i la Salut. Avui s&#039;ha fet conjuntament el dia del medi ambient i el dia de la salut.\" \/>\n<meta name=\"robots\" content=\"index, follow, max-snippet:-1, max-image-preview:large, max-video-preview:-1\" \/>\n<link rel=\"canonical\" href=\"https:\/\/pscsvh.com\/ca\/dia-del-medi-ambient-i-la-salut\/\" \/>\n<meta property=\"og:locale\" content=\"ca_ES\" \/>\n<meta property=\"og:type\" content=\"article\" \/>\n<meta property=\"og:title\" content=\"Dia del Medi Ambient i la Salut - PSC SVH\" \/>\n<meta property=\"og:description\" content=\"Dia del Medi Ambient i la Salut. Avui s&#039;ha fet conjuntament el dia del medi ambient i el dia de la salut.\" \/>\n<meta property=\"og:url\" content=\"https:\/\/pscsvh.com\/ca\/dia-del-medi-ambient-i-la-salut\/\" \/>\n<meta property=\"og:site_name\" content=\"PSC SVH\" \/>\n<meta property=\"article:published_time\" content=\"2023-06-11T07:29:14+00:00\" \/>\n<meta property=\"article:modified_time\" content=\"2023-06-19T11:17:06+00:00\" \/>\n<meta property=\"og:image\" content=\"https:\/\/pscsvh.com\/wp-content\/uploads\/2023\/06\/05.jpeg\" \/>\n\t<meta property=\"og:image:width\" content=\"1500\" \/>\n\t<meta property=\"og:image:height\" content=\"1000\" \/>\n\t<meta property=\"og:image:type\" content=\"image\/jpeg\" \/>\n<meta name=\"author\" content=\"PSC SVH\" \/>\n<meta name=\"twitter:card\" content=\"summary_large_image\" \/>\n<meta name=\"twitter:label1\" content=\"Escrit per\" \/>\n\t<meta name=\"twitter:data1\" content=\"PSC SVH\" \/>\n<script type=\"application\/ld+json\" class=\"yoast-schema-graph\">{\"@context\":\"https:\/\/schema.org\",\"@graph\":[{\"@type\":\"Article\",\"@id\":\"https:\/\/pscsvh.com\/ca\/dia-del-medi-ambient-i-la-salut\/#article\",\"isPartOf\":{\"@id\":\"https:\/\/pscsvh.com\/ca\/dia-del-medi-ambient-i-la-salut\/\"},\"author\":{\"name\":\"PSC SVH\",\"@id\":\"https:\/\/pscsvh.com\/ca\/#\/schema\/person\/6ad2cedf14b82878e2897de3ed64f1f9\"},\"headline\":\"Dia del Medi Ambient i la Salut\",\"datePublished\":\"2023-06-11T07:29:14+00:00\",\"dateModified\":\"2023-06-19T11:17:06+00:00\",\"mainEntityOfPage\":{\"@id\":\"https:\/\/pscsvh.com\/ca\/dia-del-medi-ambient-i-la-salut\/\"},\"wordCount\":93,\"commentCount\":0,\"publisher\":{\"@id\":\"https:\/\/pscsvh.com\/ca\/#organization\"},\"image\":{\"@id\":\"https:\/\/pscsvh.com\/ca\/dia-del-medi-ambient-i-la-salut\/#primaryimage\"},\"thumbnailUrl\":\"https:\/\/pscsvh.com\/wp-content\/uploads\/2023\/06\/05.jpeg\",\"articleSection\":[\"Medi Ambient\"],\"inLanguage\":\"ca\",\"potentialAction\":[{\"@type\":\"CommentAction\",\"name\":\"Comment\",\"target\":[\"https:\/\/pscsvh.com\/ca\/dia-del-medi-ambient-i-la-salut\/#respond\"]}]},{\"@type\":\"WebPage\",\"@id\":\"https:\/\/pscsvh.com\/ca\/dia-del-medi-ambient-i-la-salut\/\",\"url\":\"https:\/\/pscsvh.com\/ca\/dia-del-medi-ambient-i-la-salut\/\",\"name\":\"Dia del Medi Ambient i la Salut - PSC SVH\",\"isPartOf\":{\"@id\":\"https:\/\/pscsvh.com\/ca\/#website\"},\"primaryImageOfPage\":{\"@id\":\"https:\/\/pscsvh.com\/ca\/dia-del-medi-ambient-i-la-salut\/#primaryimage\"},\"image\":{\"@id\":\"https:\/\/pscsvh.com\/ca\/dia-del-medi-ambient-i-la-salut\/#primaryimage\"},\"thumbnailUrl\":\"https:\/\/pscsvh.com\/wp-content\/uploads\/2023\/06\/05.jpeg\",\"datePublished\":\"2023-06-11T07:29:14+00:00\",\"dateModified\":\"2023-06-19T11:17:06+00:00\",\"description\":\"Dia del Medi Ambient i la Salut. Avui s'ha fet conjuntament el dia del medi ambient i el dia de la salut.\",\"breadcrumb\":{\"@id\":\"https:\/\/pscsvh.com\/ca\/dia-del-medi-ambient-i-la-salut\/#breadcrumb\"},\"inLanguage\":\"ca\",\"potentialAction\":[{\"@type\":\"ReadAction\",\"target\":[\"https:\/\/pscsvh.com\/ca\/dia-del-medi-ambient-i-la-salut\/\"]}]},{\"@type\":\"ImageObject\",\"inLanguage\":\"ca\",\"@id\":\"https:\/\/pscsvh.com\/ca\/dia-del-medi-ambient-i-la-salut\/#primaryimage\",\"url\":\"https:\/\/pscsvh.com\/wp-content\/uploads\/2023\/06\/05.jpeg\",\"contentUrl\":\"https:\/\/pscsvh.com\/wp-content\/uploads\/2023\/06\/05.jpeg\",\"width\":1500,\"height\":1000,\"caption\":\"Hoy se ha celebrado conjuntamente el d\u00eda del medio ambiente y el d\u00eda de la salud. El alcalde Miguel Comino y la concejala de Medio Ambiente Mar\u00eda Pel\u00e1ez asistieron a la celebraci\u00f3n y estuvieron intercambiando opiniones con todas las entidades que participaron.\"},{\"@type\":\"BreadcrumbList\",\"@id\":\"https:\/\/pscsvh.com\/ca\/dia-del-medi-ambient-i-la-salut\/#breadcrumb\",\"itemListElement\":[{\"@type\":\"ListItem\",\"position\":1,\"name\":\"Portada\",\"item\":\"https:\/\/pscsvh.com\/ca\/\"},{\"@type\":\"ListItem\",\"position\":2,\"name\":\"Dia del Medi Ambient i la Salut\"}]},{\"@type\":\"WebSite\",\"@id\":\"https:\/\/pscsvh.com\/ca\/#website\",\"url\":\"https:\/\/pscsvh.com\/ca\/\",\"name\":\"PSC SVH\",\"description\":\"El cambio que suma\",\"publisher\":{\"@id\":\"https:\/\/pscsvh.com\/ca\/#organization\"},\"potentialAction\":[{\"@type\":\"SearchAction\",\"target\":{\"@type\":\"EntryPoint\",\"urlTemplate\":\"https:\/\/pscsvh.com\/ca\/?s={search_term_string}\"},\"query-input\":{\"@type\":\"PropertyValueSpecification\",\"valueRequired\":true,\"valueName\":\"search_term_string\"}}],\"inLanguage\":\"ca\"},{\"@type\":\"Organization\",\"@id\":\"https:\/\/pscsvh.com\/ca\/#organization\",\"name\":\"PSC SVH\",\"url\":\"https:\/\/pscsvh.com\/ca\/\",\"logo\":{\"@type\":\"ImageObject\",\"inLanguage\":\"ca\",\"@id\":\"https:\/\/pscsvh.com\/ca\/#\/schema\/logo\/image\/\",\"url\":\"https:\/\/pscsvh.com\/wp-content\/uploads\/2022\/06\/cropped-Logo_SVh2-300x158-1.png\",\"contentUrl\":\"https:\/\/pscsvh.com\/wp-content\/uploads\/2022\/06\/cropped-Logo_SVh2-300x158-1.png\",\"width\":300,\"height\":158,\"caption\":\"PSC SVH\"},\"image\":{\"@id\":\"https:\/\/pscsvh.com\/ca\/#\/schema\/logo\/image\/\"}},{\"@type\":\"Person\",\"@id\":\"https:\/\/pscsvh.com\/ca\/#\/schema\/person\/6ad2cedf14b82878e2897de3ed64f1f9\",\"name\":\"PSC SVH\",\"image\":{\"@type\":\"ImageObject\",\"inLanguage\":\"ca\",\"@id\":\"https:\/\/pscsvh.com\/ca\/#\/schema\/person\/image\/\",\"url\":\"https:\/\/secure.gravatar.com\/avatar\/a019c39072cc7d669be4d6e2cda099b4e834789e55938a3ec58bef829a37db42?s=96&d=mm&r=g\",\"contentUrl\":\"https:\/\/secure.gravatar.com\/avatar\/a019c39072cc7d669be4d6e2cda099b4e834789e55938a3ec58bef829a37db42?s=96&d=mm&r=g\",\"caption\":\"PSC SVH\"},\"url\":\"https:\/\/pscsvh.com\/ca\/author\/admin-2\/\"}]}<\/script>\n<!-- \/ Yoast SEO plugin. -->","yoast_head_json":{"title":"Dia del Medi Ambient i la Salut - PSC SVH","description":"Dia del Medi Ambient i la Salut. Avui s'ha fet conjuntament el dia del medi ambient i el dia de la salut.","robots":{"index":"index","follow":"follow","max-snippet":"max-snippet:-1","max-image-preview":"max-image-preview:large","max-video-preview":"max-video-preview:-1"},"canonical":"https:\/\/pscsvh.com\/ca\/dia-del-medi-ambient-i-la-salut\/","og_locale":"ca_ES","og_type":"article","og_title":"Dia del Medi Ambient i la Salut - PSC SVH","og_description":"Dia del Medi Ambient i la Salut. Avui s'ha fet conjuntament el dia del medi ambient i el dia de la salut.","og_url":"https:\/\/pscsvh.com\/ca\/dia-del-medi-ambient-i-la-salut\/","og_site_name":"PSC SVH","article_published_time":"2023-06-11T07:29:14+00:00","article_modified_time":"2023-06-19T11:17:06+00:00","og_image":[{"width":1500,"height":1000,"url":"https:\/\/pscsvh.com\/wp-content\/uploads\/2023\/06\/05.jpeg","type":"image\/jpeg"}],"author":"PSC SVH","twitter_card":"summary_large_image","twitter_misc":{"Escrit per":"PSC SVH"},"schema":{"@context":"https:\/\/schema.org","@graph":[{"@type":"Article","@id":"https:\/\/pscsvh.com\/ca\/dia-del-medi-ambient-i-la-salut\/#article","isPartOf":{"@id":"https:\/\/pscsvh.com\/ca\/dia-del-medi-ambient-i-la-salut\/"},"author":{"name":"PSC SVH","@id":"https:\/\/pscsvh.com\/ca\/#\/schema\/person\/6ad2cedf14b82878e2897de3ed64f1f9"},"headline":"Dia del Medi Ambient i la Salut","datePublished":"2023-06-11T07:29:14+00:00","dateModified":"2023-06-19T11:17:06+00:00","mainEntityOfPage":{"@id":"https:\/\/pscsvh.com\/ca\/dia-del-medi-ambient-i-la-salut\/"},"wordCount":93,"commentCount":0,"publisher":{"@id":"https:\/\/pscsvh.com\/ca\/#organization"},"image":{"@id":"https:\/\/pscsvh.com\/ca\/dia-del-medi-ambient-i-la-salut\/#primaryimage"},"thumbnailUrl":"https:\/\/pscsvh.com\/wp-content\/uploads\/2023\/06\/05.jpeg","articleSection":["Medi Ambient"],"inLanguage":"ca","potentialAction":[{"@type":"CommentAction","name":"Comment","target":["https:\/\/pscsvh.com\/ca\/dia-del-medi-ambient-i-la-salut\/#respond"]}]},{"@type":"WebPage","@id":"https:\/\/pscsvh.com\/ca\/dia-del-medi-ambient-i-la-salut\/","url":"https:\/\/pscsvh.com\/ca\/dia-del-medi-ambient-i-la-salut\/","name":"Dia del Medi Ambient i la Salut - PSC SVH","isPartOf":{"@id":"https:\/\/pscsvh.com\/ca\/#website"},"primaryImageOfPage":{"@id":"https:\/\/pscsvh.com\/ca\/dia-del-medi-ambient-i-la-salut\/#primaryimage"},"image":{"@id":"https:\/\/pscsvh.com\/ca\/dia-del-medi-ambient-i-la-salut\/#primaryimage"},"thumbnailUrl":"https:\/\/pscsvh.com\/wp-content\/uploads\/2023\/06\/05.jpeg","datePublished":"2023-06-11T07:29:14+00:00","dateModified":"2023-06-19T11:17:06+00:00","description":"Dia del Medi Ambient i la Salut. Avui s'ha fet conjuntament el dia del medi ambient i el dia de la salut.","breadcrumb":{"@id":"https:\/\/pscsvh.com\/ca\/dia-del-medi-ambient-i-la-salut\/#breadcrumb"},"inLanguage":"ca","potentialAction":[{"@type":"ReadAction","target":["https:\/\/pscsvh.com\/ca\/dia-del-medi-ambient-i-la-salut\/"]}]},{"@type":"ImageObject","inLanguage":"ca","@id":"https:\/\/pscsvh.com\/ca\/dia-del-medi-ambient-i-la-salut\/#primaryimage","url":"https:\/\/pscsvh.com\/wp-content\/uploads\/2023\/06\/05.jpeg","contentUrl":"https:\/\/pscsvh.com\/wp-content\/uploads\/2023\/06\/05.jpeg","width":1500,"height":1000,"caption":"Hoy se ha celebrado conjuntamente el d\u00eda del medio ambiente y el d\u00eda de la salud. El alcalde Miguel Comino y la concejala de Medio Ambiente Mar\u00eda Pel\u00e1ez asistieron a la celebraci\u00f3n y estuvieron intercambiando opiniones con todas las entidades que participaron."},{"@type":"BreadcrumbList","@id":"https:\/\/pscsvh.com\/ca\/dia-del-medi-ambient-i-la-salut\/#breadcrumb","itemListElement":[{"@type":"ListItem","position":1,"name":"Portada","item":"https:\/\/pscsvh.com\/ca\/"},{"@type":"ListItem","position":2,"name":"Dia del Medi Ambient i la Salut"}]},{"@type":"WebSite","@id":"https:\/\/pscsvh.com\/ca\/#website","url":"https:\/\/pscsvh.com\/ca\/","name":"PSC SVH","description":"El cambio que suma","publisher":{"@id":"https:\/\/pscsvh.com\/ca\/#organization"},"potentialAction":[{"@type":"SearchAction","target":{"@type":"EntryPoint","urlTemplate":"https:\/\/pscsvh.com\/ca\/?s={search_term_string}"},"query-input":{"@type":"PropertyValueSpecification","valueRequired":true,"valueName":"search_term_string"}}],"inLanguage":"ca"},{"@type":"Organization","@id":"https:\/\/pscsvh.com\/ca\/#organization","name":"PSC SVH","url":"https:\/\/pscsvh.com\/ca\/","logo":{"@type":"ImageObject","inLanguage":"ca","@id":"https:\/\/pscsvh.com\/ca\/#\/schema\/logo\/image\/","url":"https:\/\/pscsvh.com\/wp-content\/uploads\/2022\/06\/cropped-Logo_SVh2-300x158-1.png","contentUrl":"https:\/\/pscsvh.com\/wp-content\/uploads\/2022\/06\/cropped-Logo_SVh2-300x158-1.png","width":300,"height":158,"caption":"PSC SVH"},"image":{"@id":"https:\/\/pscsvh.com\/ca\/#\/schema\/logo\/image\/"}},{"@type":"Person","@id":"https:\/\/pscsvh.com\/ca\/#\/schema\/person\/6ad2cedf14b82878e2897de3ed64f1f9","name":"PSC SVH","image":{"@type":"ImageObject","inLanguage":"ca","@id":"https:\/\/pscsvh.com\/ca\/#\/schema\/person\/image\/","url":"https:\/\/secure.gravatar.com\/avatar\/a019c39072cc7d669be4d6e2cda099b4e834789e55938a3ec58bef829a37db42?s=96&d=mm&r=g","contentUrl":"https:\/\/secure.gravatar.com\/avatar\/a019c39072cc7d669be4d6e2cda099b4e834789e55938a3ec58bef829a37db42?s=96&d=mm&r=g","caption":"PSC SVH"},"url":"https:\/\/pscsvh.com\/ca\/author\/admin-2\/"}]}},"_links":{"self":[{"href":"https:\/\/pscsvh.com\/ca\/wp-json\/wp\/v2\/posts\/6051","targetHints":{"allow":["GET"]}}],"collection":[{"href":"https:\/\/pscsvh.com\/ca\/wp-json\/wp\/v2\/posts"}],"about":[{"href":"https:\/\/pscsvh.com\/ca\/wp-json\/wp\/v2\/types\/post"}],"author":[{"embeddable":true,"href":"https:\/\/pscsvh.com\/ca\/wp-json\/wp\/v2\/users\/2"}],"replies":[{"embeddable":true,"href":"https:\/\/pscsvh.com\/ca\/wp-json\/wp\/v2\/comments?post=6051"}],"version-history":[{"count":3,"href":"https:\/\/pscsvh.com\/ca\/wp-json\/wp\/v2\/posts\/6051\/revisions"}],"predecessor-version":[{"id":6054,"href":"https:\/\/pscsvh.com\/ca\/wp-json\/wp\/v2\/posts\/6051\/revisions\/6054"}],"wp:featuredmedia":[{"embeddable":true,"href":"https:\/\/pscsvh.com\/ca\/wp-json\/wp\/v2\/media\/6012"}],"wp:attachment":[{"href":"https:\/\/pscsvh.com\/ca\/wp-json\/wp\/v2\/media?parent=6051"}],"wp:term":[{"taxonomy":"category","embeddable":true,"href":"https:\/\/pscsvh.com\/ca\/wp-json\/wp\/v2\/categories?post=6051"},{"taxonomy":"post_tag","embeddable":true,"href":"https:\/\/pscsvh.com\/ca\/wp-json\/wp\/v2\/tags?post=6051"},{"taxonomy":"citadela-post-location","embeddable":true,"href":"https:\/\/pscsvh.com\/ca\/wp-json\/wp\/v2\/citadela-post-location?post=6051"}],"curies":[{"name":"wp","href":"https:\/\/api.w.org\/{rel}","templated":true}]}}