{"id":6047,"date":"2023-06-17T13:00:00","date_gmt":"2023-06-17T11:00:00","guid":{"rendered":"https:\/\/pscsvh.com\/miguel-comino-reelegit-alcalde\/"},"modified":"2023-06-19T13:08:47","modified_gmt":"2023-06-19T11:08:47","slug":"miguel-comino-reelegit-alcalde","status":"publish","type":"post","link":"https:\/\/pscsvh.com\/ca\/miguel-comino-reelegit-alcalde\/","title":{"rendered":"Miguel Comino reelegit alcalde"},"content":{"rendered":"\n<p><strong>Este s\u00e1bado por la ma\u00f1ana, en el Pleno de Constituci\u00f3n del nuevo Ayuntamiento, Miguel Comino, ha sido reelegido alcalde de Sant Vicen\u00e7 dels Horts<\/strong>.<\/p>\n\n<p>Just abans del Ple de Constituci\u00f3 del nou mandat, hem signat l&#8217;acord de govern amb els companys i companyes de Sant Vicen\u00e7 a Com\u00fa &#8211; Podem, gr\u00e0cies al qual els seus dos regidors formaran part del nou govern municipal progressista, i un acord amb Junts per Sant Vicen\u00e7 que ens compromet a buscar acords, facilitar la tasca de l&#8217;oposici\u00f3 i marcar dist\u00e0ncies clares amb l&#8217;extrema dreta que, per primer cop, \u00e9s present a les nostres institucions.<\/p>\n\n<p>Que tinguem un bon mandat 2023-2027 i sobretot que sigui profit\u00f3s per a la ciutadania.<\/p>\n\n<blockquote class=\"wp-block-quote is-layout-flow wp-block-quote-is-layout-flow\">\n<p>No hi ha m\u00e9s orgull que poder servir el teu poble. Moltes gr\u00e0cies a tothom que ha treballat per fer-ho possible.<\/p>\n<cite>Miguel Comino<\/cite><\/blockquote>\n\n<p>Visca Sant Vicen\u00e7 dels Horts!<\/p>\n\n<p><\/p>\n\n<figure class=\"wp-block-gallery has-nested-images columns-default is-cropped wp-block-gallery-1 is-layout-flex wp-block-gallery-is-layout-flex\">\n<figure class=\"wp-block-image size-large\"><a href=\"https:\/\/pscsvh.com\/wp-content\/uploads\/2023\/06\/354264434_10232220568876075_3388468152400621537_n.jpg\"><img loading=\"lazy\" decoding=\"async\" width=\"970\" height=\"614\" data-id=\"6028\" src=\"https:\/\/pscsvh.com\/wp-content\/uploads\/2023\/06\/354264434_10232220568876075_3388468152400621537_n.jpg\" alt=\"\" class=\"wp-image-6028\" srcset=\"https:\/\/pscsvh.com\/wp-content\/uploads\/2023\/06\/354264434_10232220568876075_3388468152400621537_n.jpg 970w, https:\/\/pscsvh.com\/wp-content\/uploads\/2023\/06\/354264434_10232220568876075_3388468152400621537_n-300x190.jpg 300w, https:\/\/pscsvh.com\/wp-content\/uploads\/2023\/06\/354264434_10232220568876075_3388468152400621537_n-768x486.jpg 768w\" sizes=\"auto, (max-width: 970px) 100vw, 970px\" \/><\/a><\/figure>\n\n\n\n<figure class=\"wp-block-image size-large\"><a href=\"https:\/\/pscsvh.com\/wp-content\/uploads\/2023\/06\/354426669_10232220568956077_2973905971423248099_n.jpg\"><img loading=\"lazy\" decoding=\"async\" width=\"1024\" height=\"648\" data-id=\"6040\" src=\"https:\/\/pscsvh.com\/wp-content\/uploads\/2023\/06\/354426669_10232220568956077_2973905971423248099_n-1024x648.jpg\" alt=\"\" class=\"wp-image-6040\" srcset=\"https:\/\/pscsvh.com\/wp-content\/uploads\/2023\/06\/354426669_10232220568956077_2973905971423248099_n-1024x648.jpg 1024w, https:\/\/pscsvh.com\/wp-content\/uploads\/2023\/06\/354426669_10232220568956077_2973905971423248099_n-300x190.jpg 300w, https:\/\/pscsvh.com\/wp-content\/uploads\/2023\/06\/354426669_10232220568956077_2973905971423248099_n-768x486.jpg 768w, https:\/\/pscsvh.com\/wp-content\/uploads\/2023\/06\/354426669_10232220568956077_2973905971423248099_n.jpg 1440w\" sizes=\"auto, (max-width: 1024px) 100vw, 1024px\" \/><\/a><\/figure>\n\n\n\n<figure class=\"wp-block-image size-large\"><a href=\"https:\/\/pscsvh.com\/wp-content\/uploads\/2023\/06\/354470107_10232220568756072_1207890021280719755_n.jpg\"><img loading=\"lazy\" decoding=\"async\" width=\"1024\" height=\"648\" data-id=\"6038\" src=\"https:\/\/pscsvh.com\/wp-content\/uploads\/2023\/06\/354470107_10232220568756072_1207890021280719755_n-1024x648.jpg\" alt=\"\" class=\"wp-image-6038\" srcset=\"https:\/\/pscsvh.com\/wp-content\/uploads\/2023\/06\/354470107_10232220568756072_1207890021280719755_n-1024x648.jpg 1024w, https:\/\/pscsvh.com\/wp-content\/uploads\/2023\/06\/354470107_10232220568756072_1207890021280719755_n-300x190.jpg 300w, https:\/\/pscsvh.com\/wp-content\/uploads\/2023\/06\/354470107_10232220568756072_1207890021280719755_n-768x486.jpg 768w, https:\/\/pscsvh.com\/wp-content\/uploads\/2023\/06\/354470107_10232220568756072_1207890021280719755_n.jpg 1440w\" sizes=\"auto, (max-width: 1024px) 100vw, 1024px\" \/><\/a><\/figure>\n\n\n\n<figure class=\"wp-block-image size-large\"><a href=\"https:\/\/pscsvh.com\/wp-content\/uploads\/2023\/06\/354644503_10232220569076080_8873750668025562679_n.jpg\"><img loading=\"lazy\" decoding=\"async\" width=\"1024\" height=\"647\" data-id=\"6034\" src=\"https:\/\/pscsvh.com\/wp-content\/uploads\/2023\/06\/354644503_10232220569076080_8873750668025562679_n-1024x647.jpg\" alt=\"\" class=\"wp-image-6034\" srcset=\"https:\/\/pscsvh.com\/wp-content\/uploads\/2023\/06\/354644503_10232220569076080_8873750668025562679_n-1024x647.jpg 1024w, https:\/\/pscsvh.com\/wp-content\/uploads\/2023\/06\/354644503_10232220569076080_8873750668025562679_n-300x190.jpg 300w, https:\/\/pscsvh.com\/wp-content\/uploads\/2023\/06\/354644503_10232220569076080_8873750668025562679_n-768x486.jpg 768w, https:\/\/pscsvh.com\/wp-content\/uploads\/2023\/06\/354644503_10232220569076080_8873750668025562679_n.jpg 1267w\" sizes=\"auto, (max-width: 1024px) 100vw, 1024px\" \/><\/a><\/figure>\n\n\n\n<figure class=\"wp-block-image size-large\"><a href=\"https:\/\/pscsvh.com\/wp-content\/uploads\/2023\/06\/354456295_10232220568836074_3914975116575922553_n-1024x648.jpg\"><img loading=\"lazy\" decoding=\"async\" width=\"1024\" height=\"648\" data-id=\"6042\" src=\"https:\/\/pscsvh.com\/wp-content\/uploads\/2023\/06\/354456295_10232220568836074_3914975116575922553_n-1024x648.jpg\" alt=\"\" class=\"wp-image-6042\" srcset=\"https:\/\/pscsvh.com\/wp-content\/uploads\/2023\/06\/354456295_10232220568836074_3914975116575922553_n-1024x648.jpg 1024w, https:\/\/pscsvh.com\/wp-content\/uploads\/2023\/06\/354456295_10232220568836074_3914975116575922553_n-300x190.jpg 300w, https:\/\/pscsvh.com\/wp-content\/uploads\/2023\/06\/354456295_10232220568836074_3914975116575922553_n-768x486.jpg 768w, https:\/\/pscsvh.com\/wp-content\/uploads\/2023\/06\/354456295_10232220568836074_3914975116575922553_n.jpg 1266w\" sizes=\"auto, (max-width: 1024px) 100vw, 1024px\" \/><\/a><\/figure>\n\n\n\n<figure class=\"wp-block-image size-large\"><a href=\"https:\/\/pscsvh.com\/wp-content\/uploads\/2023\/06\/354460635_10232220569036079_1668817630689086584_n.jpg\"><img loading=\"lazy\" decoding=\"async\" width=\"1024\" height=\"648\" data-id=\"6044\" src=\"https:\/\/pscsvh.com\/wp-content\/uploads\/2023\/06\/354460635_10232220569036079_1668817630689086584_n-1024x648.jpg\" alt=\"\" class=\"wp-image-6044\" srcset=\"https:\/\/pscsvh.com\/wp-content\/uploads\/2023\/06\/354460635_10232220569036079_1668817630689086584_n-1024x648.jpg 1024w, https:\/\/pscsvh.com\/wp-content\/uploads\/2023\/06\/354460635_10232220569036079_1668817630689086584_n-300x190.jpg 300w, https:\/\/pscsvh.com\/wp-content\/uploads\/2023\/06\/354460635_10232220569036079_1668817630689086584_n-768x486.jpg 768w, https:\/\/pscsvh.com\/wp-content\/uploads\/2023\/06\/354460635_10232220569036079_1668817630689086584_n.jpg 1440w\" sizes=\"auto, (max-width: 1024px) 100vw, 1024px\" \/><\/a><\/figure>\n\n\n\n<figure class=\"wp-block-image size-large\"><a href=\"https:\/\/pscsvh.com\/wp-content\/uploads\/2023\/06\/354448416_10232220568796073_8285481849830294397_n.jpg\"><img loading=\"lazy\" decoding=\"async\" width=\"1024\" height=\"648\" data-id=\"6030\" src=\"https:\/\/pscsvh.com\/wp-content\/uploads\/2023\/06\/354448416_10232220568796073_8285481849830294397_n-1024x648.jpg\" alt=\"\" class=\"wp-image-6030\" srcset=\"https:\/\/pscsvh.com\/wp-content\/uploads\/2023\/06\/354448416_10232220568796073_8285481849830294397_n-1024x648.jpg 1024w, https:\/\/pscsvh.com\/wp-content\/uploads\/2023\/06\/354448416_10232220568796073_8285481849830294397_n-300x190.jpg 300w, https:\/\/pscsvh.com\/wp-content\/uploads\/2023\/06\/354448416_10232220568796073_8285481849830294397_n-768x486.jpg 768w, https:\/\/pscsvh.com\/wp-content\/uploads\/2023\/06\/354448416_10232220568796073_8285481849830294397_n.jpg 1271w\" sizes=\"auto, (max-width: 1024px) 100vw, 1024px\" \/><\/a><\/figure>\n\n\n\n<figure class=\"wp-block-image size-large\"><a href=\"https:\/\/pscsvh.com\/wp-content\/uploads\/2023\/06\/354451669_10232220568916076_5695426412981228449_n.jpg\"><img loading=\"lazy\" decoding=\"async\" width=\"1024\" height=\"648\" data-id=\"6036\" src=\"https:\/\/pscsvh.com\/wp-content\/uploads\/2023\/06\/354451669_10232220568916076_5695426412981228449_n-1024x648.jpg\" alt=\"\" class=\"wp-image-6036\" srcset=\"https:\/\/pscsvh.com\/wp-content\/uploads\/2023\/06\/354451669_10232220568916076_5695426412981228449_n-1024x648.jpg 1024w, https:\/\/pscsvh.com\/wp-content\/uploads\/2023\/06\/354451669_10232220568916076_5695426412981228449_n-300x190.jpg 300w, https:\/\/pscsvh.com\/wp-content\/uploads\/2023\/06\/354451669_10232220568916076_5695426412981228449_n-768x486.jpg 768w, https:\/\/pscsvh.com\/wp-content\/uploads\/2023\/06\/354451669_10232220568916076_5695426412981228449_n.jpg 1250w\" sizes=\"auto, (max-width: 1024px) 100vw, 1024px\" \/><\/a><\/figure>\n<\/figure>\n","protected":false},"excerpt":{"rendered":"<p>Aquest dissabte al mat\u00ed, al Ple de Constituci\u00f3 del nou Ajuntament, Miguel Comino, ha estat reelegit alcalde de Sant Vicen\u00e7 dels Horts.<\/p>\n","protected":false},"author":2,"featured_media":6029,"comment_status":"open","ping_status":"closed","sticky":false,"template":"","format":"standard","meta":{"_citadela_custom_class":"","footnotes":""},"categories":[217],"tags":[],"citadela-post-location":[42],"class_list":["post-6047","post","type-post","status-publish","format-standard","has-post-thumbnail","hentry","category-psc-svh-ca"],"yoast_head":"<!-- This site is optimized with the Yoast SEO plugin v24.7 - https:\/\/yoast.com\/wordpress\/plugins\/seo\/ -->\n<title>Miguel Comino reelegit alcalde - PSC SVH<\/title>\n<meta name=\"description\" content=\"Miguel Comino reelegit alcalde. Aquest dissabte al mat\u00ed, al Ple de Constituci\u00f3 del nou Ajuntament, Miguel Comino, ha estat reelegit alcalde de Sant Vicen\u00e7 dels Horts\" \/>\n<meta name=\"robots\" content=\"index, follow, max-snippet:-1, max-image-preview:large, max-video-preview:-1\" \/>\n<link rel=\"canonical\" href=\"https:\/\/pscsvh.com\/ca\/miguel-comino-reelegit-alcalde\/\" \/>\n<meta property=\"og:locale\" content=\"ca_ES\" \/>\n<meta property=\"og:type\" content=\"article\" \/>\n<meta property=\"og:title\" content=\"Miguel Comino reelegit alcalde - PSC SVH\" \/>\n<meta property=\"og:description\" content=\"Miguel Comino reelegit alcalde. Aquest dissabte al mat\u00ed, al Ple de Constituci\u00f3 del nou Ajuntament, Miguel Comino, ha estat reelegit alcalde de Sant Vicen\u00e7 dels Horts\" \/>\n<meta property=\"og:url\" content=\"https:\/\/pscsvh.com\/ca\/miguel-comino-reelegit-alcalde\/\" \/>\n<meta property=\"og:site_name\" content=\"PSC SVH\" \/>\n<meta property=\"article:published_time\" content=\"2023-06-17T11:00:00+00:00\" \/>\n<meta property=\"article:modified_time\" content=\"2023-06-19T11:08:47+00:00\" \/>\n<meta property=\"og:image\" content=\"https:\/\/pscsvh.com\/wp-content\/uploads\/2023\/06\/354264434_10232220568876075_3388468152400621537_n.jpg\" \/>\n\t<meta property=\"og:image:width\" content=\"970\" \/>\n\t<meta property=\"og:image:height\" content=\"614\" \/>\n\t<meta property=\"og:image:type\" content=\"image\/jpeg\" \/>\n<meta name=\"author\" content=\"PSC SVH\" \/>\n<meta name=\"twitter:card\" content=\"summary_large_image\" \/>\n<meta name=\"twitter:label1\" content=\"Escrit per\" \/>\n\t<meta name=\"twitter:data1\" content=\"PSC SVH\" \/>\n\t<meta name=\"twitter:label2\" content=\"Temps estimat de lectura\" \/>\n\t<meta name=\"twitter:data2\" content=\"1 minut\" \/>\n<script type=\"application\/ld+json\" class=\"yoast-schema-graph\">{\"@context\":\"https:\/\/schema.org\",\"@graph\":[{\"@type\":\"Article\",\"@id\":\"https:\/\/pscsvh.com\/ca\/miguel-comino-reelegit-alcalde\/#article\",\"isPartOf\":{\"@id\":\"https:\/\/pscsvh.com\/ca\/miguel-comino-reelegit-alcalde\/\"},\"author\":{\"name\":\"PSC SVH\",\"@id\":\"https:\/\/pscsvh.com\/ca\/#\/schema\/person\/6ad2cedf14b82878e2897de3ed64f1f9\"},\"headline\":\"Miguel Comino reelegit alcalde\",\"datePublished\":\"2023-06-17T11:00:00+00:00\",\"dateModified\":\"2023-06-19T11:08:47+00:00\",\"mainEntityOfPage\":{\"@id\":\"https:\/\/pscsvh.com\/ca\/miguel-comino-reelegit-alcalde\/\"},\"wordCount\":158,\"commentCount\":0,\"publisher\":{\"@id\":\"https:\/\/pscsvh.com\/ca\/#organization\"},\"image\":{\"@id\":\"https:\/\/pscsvh.com\/ca\/miguel-comino-reelegit-alcalde\/#primaryimage\"},\"thumbnailUrl\":\"https:\/\/pscsvh.com\/wp-content\/uploads\/2023\/06\/354264434_10232220568876075_3388468152400621537_n.jpg\",\"articleSection\":[\"PSC SVH\"],\"inLanguage\":\"ca\",\"potentialAction\":[{\"@type\":\"CommentAction\",\"name\":\"Comment\",\"target\":[\"https:\/\/pscsvh.com\/ca\/miguel-comino-reelegit-alcalde\/#respond\"]}]},{\"@type\":\"WebPage\",\"@id\":\"https:\/\/pscsvh.com\/ca\/miguel-comino-reelegit-alcalde\/\",\"url\":\"https:\/\/pscsvh.com\/ca\/miguel-comino-reelegit-alcalde\/\",\"name\":\"Miguel Comino reelegit alcalde - PSC SVH\",\"isPartOf\":{\"@id\":\"https:\/\/pscsvh.com\/ca\/#website\"},\"primaryImageOfPage\":{\"@id\":\"https:\/\/pscsvh.com\/ca\/miguel-comino-reelegit-alcalde\/#primaryimage\"},\"image\":{\"@id\":\"https:\/\/pscsvh.com\/ca\/miguel-comino-reelegit-alcalde\/#primaryimage\"},\"thumbnailUrl\":\"https:\/\/pscsvh.com\/wp-content\/uploads\/2023\/06\/354264434_10232220568876075_3388468152400621537_n.jpg\",\"datePublished\":\"2023-06-17T11:00:00+00:00\",\"dateModified\":\"2023-06-19T11:08:47+00:00\",\"description\":\"Miguel Comino reelegit alcalde. Aquest dissabte al mat\u00ed, al Ple de Constituci\u00f3 del nou Ajuntament, Miguel Comino, ha estat reelegit alcalde de Sant Vicen\u00e7 dels Horts\",\"breadcrumb\":{\"@id\":\"https:\/\/pscsvh.com\/ca\/miguel-comino-reelegit-alcalde\/#breadcrumb\"},\"inLanguage\":\"ca\",\"potentialAction\":[{\"@type\":\"ReadAction\",\"target\":[\"https:\/\/pscsvh.com\/ca\/miguel-comino-reelegit-alcalde\/\"]}]},{\"@type\":\"ImageObject\",\"inLanguage\":\"ca\",\"@id\":\"https:\/\/pscsvh.com\/ca\/miguel-comino-reelegit-alcalde\/#primaryimage\",\"url\":\"https:\/\/pscsvh.com\/wp-content\/uploads\/2023\/06\/354264434_10232220568876075_3388468152400621537_n.jpg\",\"contentUrl\":\"https:\/\/pscsvh.com\/wp-content\/uploads\/2023\/06\/354264434_10232220568876075_3388468152400621537_n.jpg\",\"width\":970,\"height\":614},{\"@type\":\"BreadcrumbList\",\"@id\":\"https:\/\/pscsvh.com\/ca\/miguel-comino-reelegit-alcalde\/#breadcrumb\",\"itemListElement\":[{\"@type\":\"ListItem\",\"position\":1,\"name\":\"Portada\",\"item\":\"https:\/\/pscsvh.com\/ca\/\"},{\"@type\":\"ListItem\",\"position\":2,\"name\":\"Miguel Comino reelegit alcalde\"}]},{\"@type\":\"WebSite\",\"@id\":\"https:\/\/pscsvh.com\/ca\/#website\",\"url\":\"https:\/\/pscsvh.com\/ca\/\",\"name\":\"PSC SVH\",\"description\":\"El cambio que suma\",\"publisher\":{\"@id\":\"https:\/\/pscsvh.com\/ca\/#organization\"},\"potentialAction\":[{\"@type\":\"SearchAction\",\"target\":{\"@type\":\"EntryPoint\",\"urlTemplate\":\"https:\/\/pscsvh.com\/ca\/?s={search_term_string}\"},\"query-input\":{\"@type\":\"PropertyValueSpecification\",\"valueRequired\":true,\"valueName\":\"search_term_string\"}}],\"inLanguage\":\"ca\"},{\"@type\":\"Organization\",\"@id\":\"https:\/\/pscsvh.com\/ca\/#organization\",\"name\":\"PSC SVH\",\"url\":\"https:\/\/pscsvh.com\/ca\/\",\"logo\":{\"@type\":\"ImageObject\",\"inLanguage\":\"ca\",\"@id\":\"https:\/\/pscsvh.com\/ca\/#\/schema\/logo\/image\/\",\"url\":\"https:\/\/pscsvh.com\/wp-content\/uploads\/2022\/06\/cropped-Logo_SVh2-300x158-1.png\",\"contentUrl\":\"https:\/\/pscsvh.com\/wp-content\/uploads\/2022\/06\/cropped-Logo_SVh2-300x158-1.png\",\"width\":300,\"height\":158,\"caption\":\"PSC SVH\"},\"image\":{\"@id\":\"https:\/\/pscsvh.com\/ca\/#\/schema\/logo\/image\/\"}},{\"@type\":\"Person\",\"@id\":\"https:\/\/pscsvh.com\/ca\/#\/schema\/person\/6ad2cedf14b82878e2897de3ed64f1f9\",\"name\":\"PSC SVH\",\"image\":{\"@type\":\"ImageObject\",\"inLanguage\":\"ca\",\"@id\":\"https:\/\/pscsvh.com\/ca\/#\/schema\/person\/image\/\",\"url\":\"https:\/\/secure.gravatar.com\/avatar\/a019c39072cc7d669be4d6e2cda099b4e834789e55938a3ec58bef829a37db42?s=96&d=mm&r=g\",\"contentUrl\":\"https:\/\/secure.gravatar.com\/avatar\/a019c39072cc7d669be4d6e2cda099b4e834789e55938a3ec58bef829a37db42?s=96&d=mm&r=g\",\"caption\":\"PSC SVH\"},\"url\":\"https:\/\/pscsvh.com\/ca\/author\/admin-2\/\"}]}<\/script>\n<!-- \/ Yoast SEO plugin. -->","yoast_head_json":{"title":"Miguel Comino reelegit alcalde - PSC SVH","description":"Miguel Comino reelegit alcalde. Aquest dissabte al mat\u00ed, al Ple de Constituci\u00f3 del nou Ajuntament, Miguel Comino, ha estat reelegit alcalde de Sant Vicen\u00e7 dels Horts","robots":{"index":"index","follow":"follow","max-snippet":"max-snippet:-1","max-image-preview":"max-image-preview:large","max-video-preview":"max-video-preview:-1"},"canonical":"https:\/\/pscsvh.com\/ca\/miguel-comino-reelegit-alcalde\/","og_locale":"ca_ES","og_type":"article","og_title":"Miguel Comino reelegit alcalde - PSC SVH","og_description":"Miguel Comino reelegit alcalde. Aquest dissabte al mat\u00ed, al Ple de Constituci\u00f3 del nou Ajuntament, Miguel Comino, ha estat reelegit alcalde de Sant Vicen\u00e7 dels Horts","og_url":"https:\/\/pscsvh.com\/ca\/miguel-comino-reelegit-alcalde\/","og_site_name":"PSC SVH","article_published_time":"2023-06-17T11:00:00+00:00","article_modified_time":"2023-06-19T11:08:47+00:00","og_image":[{"width":970,"height":614,"url":"https:\/\/pscsvh.com\/wp-content\/uploads\/2023\/06\/354264434_10232220568876075_3388468152400621537_n.jpg","type":"image\/jpeg"}],"author":"PSC SVH","twitter_card":"summary_large_image","twitter_misc":{"Escrit per":"PSC SVH","Temps estimat de lectura":"1 minut"},"schema":{"@context":"https:\/\/schema.org","@graph":[{"@type":"Article","@id":"https:\/\/pscsvh.com\/ca\/miguel-comino-reelegit-alcalde\/#article","isPartOf":{"@id":"https:\/\/pscsvh.com\/ca\/miguel-comino-reelegit-alcalde\/"},"author":{"name":"PSC SVH","@id":"https:\/\/pscsvh.com\/ca\/#\/schema\/person\/6ad2cedf14b82878e2897de3ed64f1f9"},"headline":"Miguel Comino reelegit alcalde","datePublished":"2023-06-17T11:00:00+00:00","dateModified":"2023-06-19T11:08:47+00:00","mainEntityOfPage":{"@id":"https:\/\/pscsvh.com\/ca\/miguel-comino-reelegit-alcalde\/"},"wordCount":158,"commentCount":0,"publisher":{"@id":"https:\/\/pscsvh.com\/ca\/#organization"},"image":{"@id":"https:\/\/pscsvh.com\/ca\/miguel-comino-reelegit-alcalde\/#primaryimage"},"thumbnailUrl":"https:\/\/pscsvh.com\/wp-content\/uploads\/2023\/06\/354264434_10232220568876075_3388468152400621537_n.jpg","articleSection":["PSC SVH"],"inLanguage":"ca","potentialAction":[{"@type":"CommentAction","name":"Comment","target":["https:\/\/pscsvh.com\/ca\/miguel-comino-reelegit-alcalde\/#respond"]}]},{"@type":"WebPage","@id":"https:\/\/pscsvh.com\/ca\/miguel-comino-reelegit-alcalde\/","url":"https:\/\/pscsvh.com\/ca\/miguel-comino-reelegit-alcalde\/","name":"Miguel Comino reelegit alcalde - PSC SVH","isPartOf":{"@id":"https:\/\/pscsvh.com\/ca\/#website"},"primaryImageOfPage":{"@id":"https:\/\/pscsvh.com\/ca\/miguel-comino-reelegit-alcalde\/#primaryimage"},"image":{"@id":"https:\/\/pscsvh.com\/ca\/miguel-comino-reelegit-alcalde\/#primaryimage"},"thumbnailUrl":"https:\/\/pscsvh.com\/wp-content\/uploads\/2023\/06\/354264434_10232220568876075_3388468152400621537_n.jpg","datePublished":"2023-06-17T11:00:00+00:00","dateModified":"2023-06-19T11:08:47+00:00","description":"Miguel Comino reelegit alcalde. Aquest dissabte al mat\u00ed, al Ple de Constituci\u00f3 del nou Ajuntament, Miguel Comino, ha estat reelegit alcalde de Sant Vicen\u00e7 dels Horts","breadcrumb":{"@id":"https:\/\/pscsvh.com\/ca\/miguel-comino-reelegit-alcalde\/#breadcrumb"},"inLanguage":"ca","potentialAction":[{"@type":"ReadAction","target":["https:\/\/pscsvh.com\/ca\/miguel-comino-reelegit-alcalde\/"]}]},{"@type":"ImageObject","inLanguage":"ca","@id":"https:\/\/pscsvh.com\/ca\/miguel-comino-reelegit-alcalde\/#primaryimage","url":"https:\/\/pscsvh.com\/wp-content\/uploads\/2023\/06\/354264434_10232220568876075_3388468152400621537_n.jpg","contentUrl":"https:\/\/pscsvh.com\/wp-content\/uploads\/2023\/06\/354264434_10232220568876075_3388468152400621537_n.jpg","width":970,"height":614},{"@type":"BreadcrumbList","@id":"https:\/\/pscsvh.com\/ca\/miguel-comino-reelegit-alcalde\/#breadcrumb","itemListElement":[{"@type":"ListItem","position":1,"name":"Portada","item":"https:\/\/pscsvh.com\/ca\/"},{"@type":"ListItem","position":2,"name":"Miguel Comino reelegit alcalde"}]},{"@type":"WebSite","@id":"https:\/\/pscsvh.com\/ca\/#website","url":"https:\/\/pscsvh.com\/ca\/","name":"PSC SVH","description":"El cambio que suma","publisher":{"@id":"https:\/\/pscsvh.com\/ca\/#organization"},"potentialAction":[{"@type":"SearchAction","target":{"@type":"EntryPoint","urlTemplate":"https:\/\/pscsvh.com\/ca\/?s={search_term_string}"},"query-input":{"@type":"PropertyValueSpecification","valueRequired":true,"valueName":"search_term_string"}}],"inLanguage":"ca"},{"@type":"Organization","@id":"https:\/\/pscsvh.com\/ca\/#organization","name":"PSC SVH","url":"https:\/\/pscsvh.com\/ca\/","logo":{"@type":"ImageObject","inLanguage":"ca","@id":"https:\/\/pscsvh.com\/ca\/#\/schema\/logo\/image\/","url":"https:\/\/pscsvh.com\/wp-content\/uploads\/2022\/06\/cropped-Logo_SVh2-300x158-1.png","contentUrl":"https:\/\/pscsvh.com\/wp-content\/uploads\/2022\/06\/cropped-Logo_SVh2-300x158-1.png","width":300,"height":158,"caption":"PSC SVH"},"image":{"@id":"https:\/\/pscsvh.com\/ca\/#\/schema\/logo\/image\/"}},{"@type":"Person","@id":"https:\/\/pscsvh.com\/ca\/#\/schema\/person\/6ad2cedf14b82878e2897de3ed64f1f9","name":"PSC SVH","image":{"@type":"ImageObject","inLanguage":"ca","@id":"https:\/\/pscsvh.com\/ca\/#\/schema\/person\/image\/","url":"https:\/\/secure.gravatar.com\/avatar\/a019c39072cc7d669be4d6e2cda099b4e834789e55938a3ec58bef829a37db42?s=96&d=mm&r=g","contentUrl":"https:\/\/secure.gravatar.com\/avatar\/a019c39072cc7d669be4d6e2cda099b4e834789e55938a3ec58bef829a37db42?s=96&d=mm&r=g","caption":"PSC SVH"},"url":"https:\/\/pscsvh.com\/ca\/author\/admin-2\/"}]}},"_links":{"self":[{"href":"https:\/\/pscsvh.com\/ca\/wp-json\/wp\/v2\/posts\/6047","targetHints":{"allow":["GET"]}}],"collection":[{"href":"https:\/\/pscsvh.com\/ca\/wp-json\/wp\/v2\/posts"}],"about":[{"href":"https:\/\/pscsvh.com\/ca\/wp-json\/wp\/v2\/types\/post"}],"author":[{"embeddable":true,"href":"https:\/\/pscsvh.com\/ca\/wp-json\/wp\/v2\/users\/2"}],"replies":[{"embeddable":true,"href":"https:\/\/pscsvh.com\/ca\/wp-json\/wp\/v2\/comments?post=6047"}],"version-history":[{"count":1,"href":"https:\/\/pscsvh.com\/ca\/wp-json\/wp\/v2\/posts\/6047\/revisions"}],"predecessor-version":[{"id":6048,"href":"https:\/\/pscsvh.com\/ca\/wp-json\/wp\/v2\/posts\/6047\/revisions\/6048"}],"wp:featuredmedia":[{"embeddable":true,"href":"https:\/\/pscsvh.com\/ca\/wp-json\/wp\/v2\/media\/6029"}],"wp:attachment":[{"href":"https:\/\/pscsvh.com\/ca\/wp-json\/wp\/v2\/media?parent=6047"}],"wp:term":[{"taxonomy":"category","embeddable":true,"href":"https:\/\/pscsvh.com\/ca\/wp-json\/wp\/v2\/categories?post=6047"},{"taxonomy":"post_tag","embeddable":true,"href":"https:\/\/pscsvh.com\/ca\/wp-json\/wp\/v2\/tags?post=6047"},{"taxonomy":"citadela-post-location","embeddable":true,"href":"https:\/\/pscsvh.com\/ca\/wp-json\/wp\/v2\/citadela-post-location?post=6047"}],"curies":[{"name":"wp","href":"https:\/\/api.w.org\/{rel}","templated":true}]}}