{"id":5987,"date":"2023-06-07T21:48:37","date_gmt":"2023-06-07T19:48:37","guid":{"rendered":"https:\/\/pscsvh.com\/ens-reunim-per-condemnar-els-assassinats-masclistes\/"},"modified":"2023-06-08T21:54:51","modified_gmt":"2023-06-08T19:54:51","slug":"ens-reunim-per-condemnar-els-assassinats-masclistes","status":"publish","type":"post","link":"https:\/\/pscsvh.com\/ca\/ens-reunim-per-condemnar-els-assassinats-masclistes\/","title":{"rendered":"Ens reunim per condemnar els assassinats masclistes"},"content":{"rendered":"\n<p>Com cada primer dimecres de mes, es convoca una manifestaci\u00f3 en contra dels feminicidis i per condemnar en\u00e8rgicament els darrers assassinats masclistes. <\/p>\n\n<p>La regidora de feminisme, Patricia Higueras, amb l&#8217;alcalde i altres companys del govern van assistir a aquesta concentraci\u00f3.<\/p>\n\n<p>A Sant Vicen\u00e7 dels Horts, aquesta concentraci\u00f3 la convoca la Mesa d&#8217;Igualtat. <\/p>\n","protected":false},"excerpt":{"rendered":"<p>Com cada primer dimecres de mes, es convoca una manifestaci\u00f3 en contra dels feminicidis i per condemnar en\u00e8rgicament els darrers assassinats masclistes. <\/p>\n","protected":false},"author":2,"featured_media":5985,"comment_status":"open","ping_status":"closed","sticky":false,"template":"","format":"standard","meta":{"_citadela_custom_class":"","footnotes":""},"categories":[265],"tags":[],"citadela-post-location":[42],"class_list":["post-5987","post","type-post","status-publish","format-standard","has-post-thumbnail","hentry","category-feminisme"],"yoast_head":"<!-- This site is optimized with the Yoast SEO plugin v24.7 - https:\/\/yoast.com\/wordpress\/plugins\/seo\/ -->\n<title>Ens reunim per condemnar els assassinats masclistes - PSC SVH<\/title>\n<meta name=\"description\" content=\"Ens reunim per condemnar els assassinats masclistes\" \/>\n<meta name=\"robots\" content=\"index, follow, max-snippet:-1, max-image-preview:large, max-video-preview:-1\" \/>\n<link rel=\"canonical\" href=\"https:\/\/pscsvh.com\/ca\/ens-reunim-per-condemnar-els-assassinats-masclistes\/\" \/>\n<meta property=\"og:locale\" content=\"ca_ES\" \/>\n<meta property=\"og:type\" content=\"article\" \/>\n<meta property=\"og:title\" content=\"Ens reunim per condemnar els assassinats masclistes - PSC SVH\" \/>\n<meta property=\"og:description\" content=\"Ens reunim per condemnar els assassinats masclistes\" \/>\n<meta property=\"og:url\" content=\"https:\/\/pscsvh.com\/ca\/ens-reunim-per-condemnar-els-assassinats-masclistes\/\" \/>\n<meta property=\"og:site_name\" content=\"PSC SVH\" \/>\n<meta property=\"article:published_time\" content=\"2023-06-07T19:48:37+00:00\" \/>\n<meta property=\"article:modified_time\" content=\"2023-06-08T19:54:51+00:00\" \/>\n<meta property=\"og:image\" content=\"https:\/\/pscsvh.com\/wp-content\/uploads\/2023\/06\/02.png\" \/>\n\t<meta property=\"og:image:width\" content=\"776\" \/>\n\t<meta property=\"og:image:height\" content=\"595\" \/>\n\t<meta property=\"og:image:type\" content=\"image\/png\" \/>\n<meta name=\"author\" content=\"PSC SVH\" \/>\n<meta name=\"twitter:card\" content=\"summary_large_image\" \/>\n<meta name=\"twitter:label1\" content=\"Escrit per\" \/>\n\t<meta name=\"twitter:data1\" content=\"PSC SVH\" \/>\n<script type=\"application\/ld+json\" class=\"yoast-schema-graph\">{\"@context\":\"https:\/\/schema.org\",\"@graph\":[{\"@type\":\"Article\",\"@id\":\"https:\/\/pscsvh.com\/ca\/ens-reunim-per-condemnar-els-assassinats-masclistes\/#article\",\"isPartOf\":{\"@id\":\"https:\/\/pscsvh.com\/ca\/ens-reunim-per-condemnar-els-assassinats-masclistes\/\"},\"author\":{\"name\":\"PSC SVH\",\"@id\":\"https:\/\/pscsvh.com\/ca\/#\/schema\/person\/6ad2cedf14b82878e2897de3ed64f1f9\"},\"headline\":\"Ens reunim per condemnar els assassinats masclistes\",\"datePublished\":\"2023-06-07T19:48:37+00:00\",\"dateModified\":\"2023-06-08T19:54:51+00:00\",\"mainEntityOfPage\":{\"@id\":\"https:\/\/pscsvh.com\/ca\/ens-reunim-per-condemnar-els-assassinats-masclistes\/\"},\"wordCount\":62,\"commentCount\":0,\"publisher\":{\"@id\":\"https:\/\/pscsvh.com\/ca\/#organization\"},\"image\":{\"@id\":\"https:\/\/pscsvh.com\/ca\/ens-reunim-per-condemnar-els-assassinats-masclistes\/#primaryimage\"},\"thumbnailUrl\":\"https:\/\/pscsvh.com\/wp-content\/uploads\/2023\/06\/02.png\",\"articleSection\":[\"Feminisme\"],\"inLanguage\":\"ca\",\"potentialAction\":[{\"@type\":\"CommentAction\",\"name\":\"Comment\",\"target\":[\"https:\/\/pscsvh.com\/ca\/ens-reunim-per-condemnar-els-assassinats-masclistes\/#respond\"]}]},{\"@type\":\"WebPage\",\"@id\":\"https:\/\/pscsvh.com\/ca\/ens-reunim-per-condemnar-els-assassinats-masclistes\/\",\"url\":\"https:\/\/pscsvh.com\/ca\/ens-reunim-per-condemnar-els-assassinats-masclistes\/\",\"name\":\"Ens reunim per condemnar els assassinats masclistes - PSC SVH\",\"isPartOf\":{\"@id\":\"https:\/\/pscsvh.com\/ca\/#website\"},\"primaryImageOfPage\":{\"@id\":\"https:\/\/pscsvh.com\/ca\/ens-reunim-per-condemnar-els-assassinats-masclistes\/#primaryimage\"},\"image\":{\"@id\":\"https:\/\/pscsvh.com\/ca\/ens-reunim-per-condemnar-els-assassinats-masclistes\/#primaryimage\"},\"thumbnailUrl\":\"https:\/\/pscsvh.com\/wp-content\/uploads\/2023\/06\/02.png\",\"datePublished\":\"2023-06-07T19:48:37+00:00\",\"dateModified\":\"2023-06-08T19:54:51+00:00\",\"description\":\"Ens reunim per condemnar els assassinats masclistes\",\"breadcrumb\":{\"@id\":\"https:\/\/pscsvh.com\/ca\/ens-reunim-per-condemnar-els-assassinats-masclistes\/#breadcrumb\"},\"inLanguage\":\"ca\",\"potentialAction\":[{\"@type\":\"ReadAction\",\"target\":[\"https:\/\/pscsvh.com\/ca\/ens-reunim-per-condemnar-els-assassinats-masclistes\/\"]}]},{\"@type\":\"ImageObject\",\"inLanguage\":\"ca\",\"@id\":\"https:\/\/pscsvh.com\/ca\/ens-reunim-per-condemnar-els-assassinats-masclistes\/#primaryimage\",\"url\":\"https:\/\/pscsvh.com\/wp-content\/uploads\/2023\/06\/02.png\",\"contentUrl\":\"https:\/\/pscsvh.com\/wp-content\/uploads\/2023\/06\/02.png\",\"width\":776,\"height\":595,\"caption\":\"Como cada primer mi\u00e9rcoles de mes, se convoca una manifestaci\u00f3n en contra de los feminicidios y para condenar en\u00e9rgicamente a los \u00faltimos asesinatos machistas.\"},{\"@type\":\"BreadcrumbList\",\"@id\":\"https:\/\/pscsvh.com\/ca\/ens-reunim-per-condemnar-els-assassinats-masclistes\/#breadcrumb\",\"itemListElement\":[{\"@type\":\"ListItem\",\"position\":1,\"name\":\"Portada\",\"item\":\"https:\/\/pscsvh.com\/ca\/\"},{\"@type\":\"ListItem\",\"position\":2,\"name\":\"Ens reunim per condemnar els assassinats masclistes\"}]},{\"@type\":\"WebSite\",\"@id\":\"https:\/\/pscsvh.com\/ca\/#website\",\"url\":\"https:\/\/pscsvh.com\/ca\/\",\"name\":\"PSC SVH\",\"description\":\"El cambio que suma\",\"publisher\":{\"@id\":\"https:\/\/pscsvh.com\/ca\/#organization\"},\"potentialAction\":[{\"@type\":\"SearchAction\",\"target\":{\"@type\":\"EntryPoint\",\"urlTemplate\":\"https:\/\/pscsvh.com\/ca\/?s={search_term_string}\"},\"query-input\":{\"@type\":\"PropertyValueSpecification\",\"valueRequired\":true,\"valueName\":\"search_term_string\"}}],\"inLanguage\":\"ca\"},{\"@type\":\"Organization\",\"@id\":\"https:\/\/pscsvh.com\/ca\/#organization\",\"name\":\"PSC SVH\",\"url\":\"https:\/\/pscsvh.com\/ca\/\",\"logo\":{\"@type\":\"ImageObject\",\"inLanguage\":\"ca\",\"@id\":\"https:\/\/pscsvh.com\/ca\/#\/schema\/logo\/image\/\",\"url\":\"https:\/\/pscsvh.com\/wp-content\/uploads\/2022\/06\/cropped-Logo_SVh2-300x158-1.png\",\"contentUrl\":\"https:\/\/pscsvh.com\/wp-content\/uploads\/2022\/06\/cropped-Logo_SVh2-300x158-1.png\",\"width\":300,\"height\":158,\"caption\":\"PSC SVH\"},\"image\":{\"@id\":\"https:\/\/pscsvh.com\/ca\/#\/schema\/logo\/image\/\"}},{\"@type\":\"Person\",\"@id\":\"https:\/\/pscsvh.com\/ca\/#\/schema\/person\/6ad2cedf14b82878e2897de3ed64f1f9\",\"name\":\"PSC SVH\",\"image\":{\"@type\":\"ImageObject\",\"inLanguage\":\"ca\",\"@id\":\"https:\/\/pscsvh.com\/ca\/#\/schema\/person\/image\/\",\"url\":\"https:\/\/secure.gravatar.com\/avatar\/a019c39072cc7d669be4d6e2cda099b4e834789e55938a3ec58bef829a37db42?s=96&d=mm&r=g\",\"contentUrl\":\"https:\/\/secure.gravatar.com\/avatar\/a019c39072cc7d669be4d6e2cda099b4e834789e55938a3ec58bef829a37db42?s=96&d=mm&r=g\",\"caption\":\"PSC SVH\"},\"url\":\"https:\/\/pscsvh.com\/ca\/author\/admin-2\/\"}]}<\/script>\n<!-- \/ Yoast SEO plugin. -->","yoast_head_json":{"title":"Ens reunim per condemnar els assassinats masclistes - PSC SVH","description":"Ens reunim per condemnar els assassinats masclistes","robots":{"index":"index","follow":"follow","max-snippet":"max-snippet:-1","max-image-preview":"max-image-preview:large","max-video-preview":"max-video-preview:-1"},"canonical":"https:\/\/pscsvh.com\/ca\/ens-reunim-per-condemnar-els-assassinats-masclistes\/","og_locale":"ca_ES","og_type":"article","og_title":"Ens reunim per condemnar els assassinats masclistes - PSC SVH","og_description":"Ens reunim per condemnar els assassinats masclistes","og_url":"https:\/\/pscsvh.com\/ca\/ens-reunim-per-condemnar-els-assassinats-masclistes\/","og_site_name":"PSC SVH","article_published_time":"2023-06-07T19:48:37+00:00","article_modified_time":"2023-06-08T19:54:51+00:00","og_image":[{"width":776,"height":595,"url":"https:\/\/pscsvh.com\/wp-content\/uploads\/2023\/06\/02.png","type":"image\/png"}],"author":"PSC SVH","twitter_card":"summary_large_image","twitter_misc":{"Escrit per":"PSC SVH"},"schema":{"@context":"https:\/\/schema.org","@graph":[{"@type":"Article","@id":"https:\/\/pscsvh.com\/ca\/ens-reunim-per-condemnar-els-assassinats-masclistes\/#article","isPartOf":{"@id":"https:\/\/pscsvh.com\/ca\/ens-reunim-per-condemnar-els-assassinats-masclistes\/"},"author":{"name":"PSC SVH","@id":"https:\/\/pscsvh.com\/ca\/#\/schema\/person\/6ad2cedf14b82878e2897de3ed64f1f9"},"headline":"Ens reunim per condemnar els assassinats masclistes","datePublished":"2023-06-07T19:48:37+00:00","dateModified":"2023-06-08T19:54:51+00:00","mainEntityOfPage":{"@id":"https:\/\/pscsvh.com\/ca\/ens-reunim-per-condemnar-els-assassinats-masclistes\/"},"wordCount":62,"commentCount":0,"publisher":{"@id":"https:\/\/pscsvh.com\/ca\/#organization"},"image":{"@id":"https:\/\/pscsvh.com\/ca\/ens-reunim-per-condemnar-els-assassinats-masclistes\/#primaryimage"},"thumbnailUrl":"https:\/\/pscsvh.com\/wp-content\/uploads\/2023\/06\/02.png","articleSection":["Feminisme"],"inLanguage":"ca","potentialAction":[{"@type":"CommentAction","name":"Comment","target":["https:\/\/pscsvh.com\/ca\/ens-reunim-per-condemnar-els-assassinats-masclistes\/#respond"]}]},{"@type":"WebPage","@id":"https:\/\/pscsvh.com\/ca\/ens-reunim-per-condemnar-els-assassinats-masclistes\/","url":"https:\/\/pscsvh.com\/ca\/ens-reunim-per-condemnar-els-assassinats-masclistes\/","name":"Ens reunim per condemnar els assassinats masclistes - PSC SVH","isPartOf":{"@id":"https:\/\/pscsvh.com\/ca\/#website"},"primaryImageOfPage":{"@id":"https:\/\/pscsvh.com\/ca\/ens-reunim-per-condemnar-els-assassinats-masclistes\/#primaryimage"},"image":{"@id":"https:\/\/pscsvh.com\/ca\/ens-reunim-per-condemnar-els-assassinats-masclistes\/#primaryimage"},"thumbnailUrl":"https:\/\/pscsvh.com\/wp-content\/uploads\/2023\/06\/02.png","datePublished":"2023-06-07T19:48:37+00:00","dateModified":"2023-06-08T19:54:51+00:00","description":"Ens reunim per condemnar els assassinats masclistes","breadcrumb":{"@id":"https:\/\/pscsvh.com\/ca\/ens-reunim-per-condemnar-els-assassinats-masclistes\/#breadcrumb"},"inLanguage":"ca","potentialAction":[{"@type":"ReadAction","target":["https:\/\/pscsvh.com\/ca\/ens-reunim-per-condemnar-els-assassinats-masclistes\/"]}]},{"@type":"ImageObject","inLanguage":"ca","@id":"https:\/\/pscsvh.com\/ca\/ens-reunim-per-condemnar-els-assassinats-masclistes\/#primaryimage","url":"https:\/\/pscsvh.com\/wp-content\/uploads\/2023\/06\/02.png","contentUrl":"https:\/\/pscsvh.com\/wp-content\/uploads\/2023\/06\/02.png","width":776,"height":595,"caption":"Como cada primer mi\u00e9rcoles de mes, se convoca una manifestaci\u00f3n en contra de los feminicidios y para condenar en\u00e9rgicamente a los \u00faltimos asesinatos machistas."},{"@type":"BreadcrumbList","@id":"https:\/\/pscsvh.com\/ca\/ens-reunim-per-condemnar-els-assassinats-masclistes\/#breadcrumb","itemListElement":[{"@type":"ListItem","position":1,"name":"Portada","item":"https:\/\/pscsvh.com\/ca\/"},{"@type":"ListItem","position":2,"name":"Ens reunim per condemnar els assassinats masclistes"}]},{"@type":"WebSite","@id":"https:\/\/pscsvh.com\/ca\/#website","url":"https:\/\/pscsvh.com\/ca\/","name":"PSC SVH","description":"El cambio que suma","publisher":{"@id":"https:\/\/pscsvh.com\/ca\/#organization"},"potentialAction":[{"@type":"SearchAction","target":{"@type":"EntryPoint","urlTemplate":"https:\/\/pscsvh.com\/ca\/?s={search_term_string}"},"query-input":{"@type":"PropertyValueSpecification","valueRequired":true,"valueName":"search_term_string"}}],"inLanguage":"ca"},{"@type":"Organization","@id":"https:\/\/pscsvh.com\/ca\/#organization","name":"PSC SVH","url":"https:\/\/pscsvh.com\/ca\/","logo":{"@type":"ImageObject","inLanguage":"ca","@id":"https:\/\/pscsvh.com\/ca\/#\/schema\/logo\/image\/","url":"https:\/\/pscsvh.com\/wp-content\/uploads\/2022\/06\/cropped-Logo_SVh2-300x158-1.png","contentUrl":"https:\/\/pscsvh.com\/wp-content\/uploads\/2022\/06\/cropped-Logo_SVh2-300x158-1.png","width":300,"height":158,"caption":"PSC SVH"},"image":{"@id":"https:\/\/pscsvh.com\/ca\/#\/schema\/logo\/image\/"}},{"@type":"Person","@id":"https:\/\/pscsvh.com\/ca\/#\/schema\/person\/6ad2cedf14b82878e2897de3ed64f1f9","name":"PSC SVH","image":{"@type":"ImageObject","inLanguage":"ca","@id":"https:\/\/pscsvh.com\/ca\/#\/schema\/person\/image\/","url":"https:\/\/secure.gravatar.com\/avatar\/a019c39072cc7d669be4d6e2cda099b4e834789e55938a3ec58bef829a37db42?s=96&d=mm&r=g","contentUrl":"https:\/\/secure.gravatar.com\/avatar\/a019c39072cc7d669be4d6e2cda099b4e834789e55938a3ec58bef829a37db42?s=96&d=mm&r=g","caption":"PSC SVH"},"url":"https:\/\/pscsvh.com\/ca\/author\/admin-2\/"}]}},"_links":{"self":[{"href":"https:\/\/pscsvh.com\/ca\/wp-json\/wp\/v2\/posts\/5987","targetHints":{"allow":["GET"]}}],"collection":[{"href":"https:\/\/pscsvh.com\/ca\/wp-json\/wp\/v2\/posts"}],"about":[{"href":"https:\/\/pscsvh.com\/ca\/wp-json\/wp\/v2\/types\/post"}],"author":[{"embeddable":true,"href":"https:\/\/pscsvh.com\/ca\/wp-json\/wp\/v2\/users\/2"}],"replies":[{"embeddable":true,"href":"https:\/\/pscsvh.com\/ca\/wp-json\/wp\/v2\/comments?post=5987"}],"version-history":[{"count":3,"href":"https:\/\/pscsvh.com\/ca\/wp-json\/wp\/v2\/posts\/5987\/revisions"}],"predecessor-version":[{"id":5990,"href":"https:\/\/pscsvh.com\/ca\/wp-json\/wp\/v2\/posts\/5987\/revisions\/5990"}],"wp:featuredmedia":[{"embeddable":true,"href":"https:\/\/pscsvh.com\/ca\/wp-json\/wp\/v2\/media\/5985"}],"wp:attachment":[{"href":"https:\/\/pscsvh.com\/ca\/wp-json\/wp\/v2\/media?parent=5987"}],"wp:term":[{"taxonomy":"category","embeddable":true,"href":"https:\/\/pscsvh.com\/ca\/wp-json\/wp\/v2\/categories?post=5987"},{"taxonomy":"post_tag","embeddable":true,"href":"https:\/\/pscsvh.com\/ca\/wp-json\/wp\/v2\/tags?post=5987"},{"taxonomy":"citadela-post-location","embeddable":true,"href":"https:\/\/pscsvh.com\/ca\/wp-json\/wp\/v2\/citadela-post-location?post=5987"}],"curies":[{"name":"wp","href":"https:\/\/api.w.org\/{rel}","templated":true}]}}