{"id":5795,"date":"2023-04-13T10:33:37","date_gmt":"2023-04-13T08:33:37","guid":{"rendered":"https:\/\/pscsvh.com\/?p=5795"},"modified":"2023-04-22T10:40:55","modified_gmt":"2023-04-22T08:40:55","slug":"acto-de-presentacion-de-miguel-comino","status":"publish","type":"post","link":"https:\/\/pscsvh.com\/ca\/acto-de-presentacion-de-miguel-comino\/","title":{"rendered":"Acto de presentaci\u00f3n de Miguel Comino"},"content":{"rendered":"\n<p><strong>Miguel Comino, alcalde socialista en Sant Vicen\u00e7 dels Horts<\/strong><\/p>\n\n\n\n<p>El s\u00e1bado, 22 de abril a las 12h. organizaremos el acto de presentaci\u00f3n de <a href=\"https:\/\/www.instagram.com\/miguelcomino\/\">Miguel Comino<\/a> como candidato a la reelecci\u00f3n a la alcald\u00eda de Sant Vicen\u00e7 dels Horts.<br>Adem\u00e1s, en el mismo acto, presentaremos la candidatura completa que acompa\u00f1ar\u00e1 al alcalde en las pr\u00f3ximas elecciones municipales.<\/p>\n\n\n\n<p>Os esperamos a todos y a todas en el nuevo Centro Cultural y C\u00edvico Virginia Amposta, en el Parque del Mamut Venux.<\/p>\n\n\n\n<p>Al finalizar el acto habr\u00e1 una gran fideu\u00e1 popular para todas las personas asistentes.<\/p>\n","protected":false},"excerpt":{"rendered":"<p>El s\u00e1bado, 22 de abril a las 12h. organizaremos el acto de presentaci\u00f3n de Miguel Comino como candidato a la reelecci\u00f3n a la alcald\u00eda de Sant Vicen\u00e7 dels Horts<\/p>\n","protected":false},"author":2,"featured_media":5796,"comment_status":"open","ping_status":"closed","sticky":false,"template":"","format":"standard","meta":{"_citadela_custom_class":"","footnotes":""},"categories":[217],"tags":[],"citadela-post-location":[42],"class_list":["post-5795","post","type-post","status-publish","format-standard","has-post-thumbnail","hentry","category-psc-svh-ca"],"yoast_head":"<!-- This site is optimized with the Yoast SEO plugin v24.7 - https:\/\/yoast.com\/wordpress\/plugins\/seo\/ -->\n<title>Acto de presentaci\u00f3n de Miguel Comino - PSC SVH<\/title>\n<meta name=\"description\" content=\"Acto de presentaci\u00f3n de Miguel Comino. Miguel Comino, alcalde socialista en Sant Vicen\u00e7 dels Horts\" \/>\n<meta name=\"robots\" content=\"index, follow, max-snippet:-1, max-image-preview:large, max-video-preview:-1\" \/>\n<link rel=\"canonical\" href=\"https:\/\/pscsvh.com\/ca\/acto-de-presentacion-de-miguel-comino\/\" \/>\n<meta property=\"og:locale\" content=\"ca_ES\" \/>\n<meta property=\"og:type\" content=\"article\" \/>\n<meta property=\"og:title\" content=\"Acto de presentaci\u00f3n de Miguel Comino - PSC SVH\" \/>\n<meta property=\"og:description\" content=\"Acto de presentaci\u00f3n de Miguel Comino. Miguel Comino, alcalde socialista en Sant Vicen\u00e7 dels Horts\" \/>\n<meta property=\"og:url\" content=\"https:\/\/pscsvh.com\/ca\/acto-de-presentacion-de-miguel-comino\/\" \/>\n<meta property=\"og:site_name\" content=\"PSC SVH\" \/>\n<meta property=\"article:published_time\" content=\"2023-04-13T08:33:37+00:00\" \/>\n<meta property=\"article:modified_time\" content=\"2023-04-22T08:40:55+00:00\" \/>\n<meta property=\"og:image\" content=\"https:\/\/pscsvh.com\/wp-content\/uploads\/2023\/04\/Captura-de-pantalla-2023-04-22-102033.png\" \/>\n\t<meta property=\"og:image:width\" content=\"702\" \/>\n\t<meta property=\"og:image:height\" content=\"730\" \/>\n\t<meta property=\"og:image:type\" content=\"image\/png\" \/>\n<meta name=\"author\" content=\"PSC SVH\" \/>\n<meta name=\"twitter:card\" content=\"summary_large_image\" \/>\n<meta name=\"twitter:label1\" content=\"Escrit per\" \/>\n\t<meta name=\"twitter:data1\" content=\"PSC SVH\" \/>\n\t<meta name=\"twitter:label2\" content=\"Temps estimat de lectura\" \/>\n\t<meta name=\"twitter:data2\" content=\"1 minut\" \/>\n<script type=\"application\/ld+json\" class=\"yoast-schema-graph\">{\"@context\":\"https:\/\/schema.org\",\"@graph\":[{\"@type\":\"Article\",\"@id\":\"https:\/\/pscsvh.com\/ca\/acto-de-presentacion-de-miguel-comino\/#article\",\"isPartOf\":{\"@id\":\"https:\/\/pscsvh.com\/ca\/acto-de-presentacion-de-miguel-comino\/\"},\"author\":{\"name\":\"PSC SVH\",\"@id\":\"https:\/\/pscsvh.com\/ca\/#\/schema\/person\/6ad2cedf14b82878e2897de3ed64f1f9\"},\"headline\":\"Acto de presentaci\u00f3n de Miguel Comino\",\"datePublished\":\"2023-04-13T08:33:37+00:00\",\"dateModified\":\"2023-04-22T08:40:55+00:00\",\"mainEntityOfPage\":{\"@id\":\"https:\/\/pscsvh.com\/ca\/acto-de-presentacion-de-miguel-comino\/\"},\"wordCount\":106,\"commentCount\":0,\"publisher\":{\"@id\":\"https:\/\/pscsvh.com\/ca\/#organization\"},\"image\":{\"@id\":\"https:\/\/pscsvh.com\/ca\/acto-de-presentacion-de-miguel-comino\/#primaryimage\"},\"thumbnailUrl\":\"https:\/\/pscsvh.com\/wp-content\/uploads\/2023\/04\/Captura-de-pantalla-2023-04-22-102033.png\",\"articleSection\":[\"PSC SVH\"],\"inLanguage\":\"ca\",\"potentialAction\":[{\"@type\":\"CommentAction\",\"name\":\"Comment\",\"target\":[\"https:\/\/pscsvh.com\/ca\/acto-de-presentacion-de-miguel-comino\/#respond\"]}]},{\"@type\":\"WebPage\",\"@id\":\"https:\/\/pscsvh.com\/ca\/acto-de-presentacion-de-miguel-comino\/\",\"url\":\"https:\/\/pscsvh.com\/ca\/acto-de-presentacion-de-miguel-comino\/\",\"name\":\"Acto de presentaci\u00f3n de Miguel Comino - PSC SVH\",\"isPartOf\":{\"@id\":\"https:\/\/pscsvh.com\/ca\/#website\"},\"primaryImageOfPage\":{\"@id\":\"https:\/\/pscsvh.com\/ca\/acto-de-presentacion-de-miguel-comino\/#primaryimage\"},\"image\":{\"@id\":\"https:\/\/pscsvh.com\/ca\/acto-de-presentacion-de-miguel-comino\/#primaryimage\"},\"thumbnailUrl\":\"https:\/\/pscsvh.com\/wp-content\/uploads\/2023\/04\/Captura-de-pantalla-2023-04-22-102033.png\",\"datePublished\":\"2023-04-13T08:33:37+00:00\",\"dateModified\":\"2023-04-22T08:40:55+00:00\",\"description\":\"Acto de presentaci\u00f3n de Miguel Comino. Miguel Comino, alcalde socialista en Sant Vicen\u00e7 dels Horts\",\"breadcrumb\":{\"@id\":\"https:\/\/pscsvh.com\/ca\/acto-de-presentacion-de-miguel-comino\/#breadcrumb\"},\"inLanguage\":\"ca\",\"potentialAction\":[{\"@type\":\"ReadAction\",\"target\":[\"https:\/\/pscsvh.com\/ca\/acto-de-presentacion-de-miguel-comino\/\"]}]},{\"@type\":\"ImageObject\",\"inLanguage\":\"ca\",\"@id\":\"https:\/\/pscsvh.com\/ca\/acto-de-presentacion-de-miguel-comino\/#primaryimage\",\"url\":\"https:\/\/pscsvh.com\/wp-content\/uploads\/2023\/04\/Captura-de-pantalla-2023-04-22-102033.png\",\"contentUrl\":\"https:\/\/pscsvh.com\/wp-content\/uploads\/2023\/04\/Captura-de-pantalla-2023-04-22-102033.png\",\"width\":702,\"height\":730,\"caption\":\"Miguel Comino, alcalde socialista en Sant Vicen\u00e7 dels Horts\"},{\"@type\":\"BreadcrumbList\",\"@id\":\"https:\/\/pscsvh.com\/ca\/acto-de-presentacion-de-miguel-comino\/#breadcrumb\",\"itemListElement\":[{\"@type\":\"ListItem\",\"position\":1,\"name\":\"Portada\",\"item\":\"https:\/\/pscsvh.com\/ca\/\"},{\"@type\":\"ListItem\",\"position\":2,\"name\":\"Acto de presentaci\u00f3n de Miguel Comino\"}]},{\"@type\":\"WebSite\",\"@id\":\"https:\/\/pscsvh.com\/ca\/#website\",\"url\":\"https:\/\/pscsvh.com\/ca\/\",\"name\":\"PSC SVH\",\"description\":\"El cambio que suma\",\"publisher\":{\"@id\":\"https:\/\/pscsvh.com\/ca\/#organization\"},\"potentialAction\":[{\"@type\":\"SearchAction\",\"target\":{\"@type\":\"EntryPoint\",\"urlTemplate\":\"https:\/\/pscsvh.com\/ca\/?s={search_term_string}\"},\"query-input\":{\"@type\":\"PropertyValueSpecification\",\"valueRequired\":true,\"valueName\":\"search_term_string\"}}],\"inLanguage\":\"ca\"},{\"@type\":\"Organization\",\"@id\":\"https:\/\/pscsvh.com\/ca\/#organization\",\"name\":\"PSC SVH\",\"url\":\"https:\/\/pscsvh.com\/ca\/\",\"logo\":{\"@type\":\"ImageObject\",\"inLanguage\":\"ca\",\"@id\":\"https:\/\/pscsvh.com\/ca\/#\/schema\/logo\/image\/\",\"url\":\"https:\/\/pscsvh.com\/wp-content\/uploads\/2022\/06\/cropped-Logo_SVh2-300x158-1.png\",\"contentUrl\":\"https:\/\/pscsvh.com\/wp-content\/uploads\/2022\/06\/cropped-Logo_SVh2-300x158-1.png\",\"width\":300,\"height\":158,\"caption\":\"PSC SVH\"},\"image\":{\"@id\":\"https:\/\/pscsvh.com\/ca\/#\/schema\/logo\/image\/\"}},{\"@type\":\"Person\",\"@id\":\"https:\/\/pscsvh.com\/ca\/#\/schema\/person\/6ad2cedf14b82878e2897de3ed64f1f9\",\"name\":\"PSC SVH\",\"image\":{\"@type\":\"ImageObject\",\"inLanguage\":\"ca\",\"@id\":\"https:\/\/pscsvh.com\/ca\/#\/schema\/person\/image\/\",\"url\":\"https:\/\/secure.gravatar.com\/avatar\/a019c39072cc7d669be4d6e2cda099b4e834789e55938a3ec58bef829a37db42?s=96&d=mm&r=g\",\"contentUrl\":\"https:\/\/secure.gravatar.com\/avatar\/a019c39072cc7d669be4d6e2cda099b4e834789e55938a3ec58bef829a37db42?s=96&d=mm&r=g\",\"caption\":\"PSC SVH\"},\"url\":\"https:\/\/pscsvh.com\/ca\/author\/admin-2\/\"}]}<\/script>\n<!-- \/ Yoast SEO plugin. -->","yoast_head_json":{"title":"Acto de presentaci\u00f3n de Miguel Comino - PSC SVH","description":"Acto de presentaci\u00f3n de Miguel Comino. Miguel Comino, alcalde socialista en Sant Vicen\u00e7 dels Horts","robots":{"index":"index","follow":"follow","max-snippet":"max-snippet:-1","max-image-preview":"max-image-preview:large","max-video-preview":"max-video-preview:-1"},"canonical":"https:\/\/pscsvh.com\/ca\/acto-de-presentacion-de-miguel-comino\/","og_locale":"ca_ES","og_type":"article","og_title":"Acto de presentaci\u00f3n de Miguel Comino - PSC SVH","og_description":"Acto de presentaci\u00f3n de Miguel Comino. Miguel Comino, alcalde socialista en Sant Vicen\u00e7 dels Horts","og_url":"https:\/\/pscsvh.com\/ca\/acto-de-presentacion-de-miguel-comino\/","og_site_name":"PSC SVH","article_published_time":"2023-04-13T08:33:37+00:00","article_modified_time":"2023-04-22T08:40:55+00:00","og_image":[{"width":702,"height":730,"url":"https:\/\/pscsvh.com\/wp-content\/uploads\/2023\/04\/Captura-de-pantalla-2023-04-22-102033.png","type":"image\/png"}],"author":"PSC SVH","twitter_card":"summary_large_image","twitter_misc":{"Escrit per":"PSC SVH","Temps estimat de lectura":"1 minut"},"schema":{"@context":"https:\/\/schema.org","@graph":[{"@type":"Article","@id":"https:\/\/pscsvh.com\/ca\/acto-de-presentacion-de-miguel-comino\/#article","isPartOf":{"@id":"https:\/\/pscsvh.com\/ca\/acto-de-presentacion-de-miguel-comino\/"},"author":{"name":"PSC SVH","@id":"https:\/\/pscsvh.com\/ca\/#\/schema\/person\/6ad2cedf14b82878e2897de3ed64f1f9"},"headline":"Acto de presentaci\u00f3n de Miguel Comino","datePublished":"2023-04-13T08:33:37+00:00","dateModified":"2023-04-22T08:40:55+00:00","mainEntityOfPage":{"@id":"https:\/\/pscsvh.com\/ca\/acto-de-presentacion-de-miguel-comino\/"},"wordCount":106,"commentCount":0,"publisher":{"@id":"https:\/\/pscsvh.com\/ca\/#organization"},"image":{"@id":"https:\/\/pscsvh.com\/ca\/acto-de-presentacion-de-miguel-comino\/#primaryimage"},"thumbnailUrl":"https:\/\/pscsvh.com\/wp-content\/uploads\/2023\/04\/Captura-de-pantalla-2023-04-22-102033.png","articleSection":["PSC SVH"],"inLanguage":"ca","potentialAction":[{"@type":"CommentAction","name":"Comment","target":["https:\/\/pscsvh.com\/ca\/acto-de-presentacion-de-miguel-comino\/#respond"]}]},{"@type":"WebPage","@id":"https:\/\/pscsvh.com\/ca\/acto-de-presentacion-de-miguel-comino\/","url":"https:\/\/pscsvh.com\/ca\/acto-de-presentacion-de-miguel-comino\/","name":"Acto de presentaci\u00f3n de Miguel Comino - PSC SVH","isPartOf":{"@id":"https:\/\/pscsvh.com\/ca\/#website"},"primaryImageOfPage":{"@id":"https:\/\/pscsvh.com\/ca\/acto-de-presentacion-de-miguel-comino\/#primaryimage"},"image":{"@id":"https:\/\/pscsvh.com\/ca\/acto-de-presentacion-de-miguel-comino\/#primaryimage"},"thumbnailUrl":"https:\/\/pscsvh.com\/wp-content\/uploads\/2023\/04\/Captura-de-pantalla-2023-04-22-102033.png","datePublished":"2023-04-13T08:33:37+00:00","dateModified":"2023-04-22T08:40:55+00:00","description":"Acto de presentaci\u00f3n de Miguel Comino. Miguel Comino, alcalde socialista en Sant Vicen\u00e7 dels Horts","breadcrumb":{"@id":"https:\/\/pscsvh.com\/ca\/acto-de-presentacion-de-miguel-comino\/#breadcrumb"},"inLanguage":"ca","potentialAction":[{"@type":"ReadAction","target":["https:\/\/pscsvh.com\/ca\/acto-de-presentacion-de-miguel-comino\/"]}]},{"@type":"ImageObject","inLanguage":"ca","@id":"https:\/\/pscsvh.com\/ca\/acto-de-presentacion-de-miguel-comino\/#primaryimage","url":"https:\/\/pscsvh.com\/wp-content\/uploads\/2023\/04\/Captura-de-pantalla-2023-04-22-102033.png","contentUrl":"https:\/\/pscsvh.com\/wp-content\/uploads\/2023\/04\/Captura-de-pantalla-2023-04-22-102033.png","width":702,"height":730,"caption":"Miguel Comino, alcalde socialista en Sant Vicen\u00e7 dels Horts"},{"@type":"BreadcrumbList","@id":"https:\/\/pscsvh.com\/ca\/acto-de-presentacion-de-miguel-comino\/#breadcrumb","itemListElement":[{"@type":"ListItem","position":1,"name":"Portada","item":"https:\/\/pscsvh.com\/ca\/"},{"@type":"ListItem","position":2,"name":"Acto de presentaci\u00f3n de Miguel Comino"}]},{"@type":"WebSite","@id":"https:\/\/pscsvh.com\/ca\/#website","url":"https:\/\/pscsvh.com\/ca\/","name":"PSC SVH","description":"El cambio que suma","publisher":{"@id":"https:\/\/pscsvh.com\/ca\/#organization"},"potentialAction":[{"@type":"SearchAction","target":{"@type":"EntryPoint","urlTemplate":"https:\/\/pscsvh.com\/ca\/?s={search_term_string}"},"query-input":{"@type":"PropertyValueSpecification","valueRequired":true,"valueName":"search_term_string"}}],"inLanguage":"ca"},{"@type":"Organization","@id":"https:\/\/pscsvh.com\/ca\/#organization","name":"PSC SVH","url":"https:\/\/pscsvh.com\/ca\/","logo":{"@type":"ImageObject","inLanguage":"ca","@id":"https:\/\/pscsvh.com\/ca\/#\/schema\/logo\/image\/","url":"https:\/\/pscsvh.com\/wp-content\/uploads\/2022\/06\/cropped-Logo_SVh2-300x158-1.png","contentUrl":"https:\/\/pscsvh.com\/wp-content\/uploads\/2022\/06\/cropped-Logo_SVh2-300x158-1.png","width":300,"height":158,"caption":"PSC SVH"},"image":{"@id":"https:\/\/pscsvh.com\/ca\/#\/schema\/logo\/image\/"}},{"@type":"Person","@id":"https:\/\/pscsvh.com\/ca\/#\/schema\/person\/6ad2cedf14b82878e2897de3ed64f1f9","name":"PSC SVH","image":{"@type":"ImageObject","inLanguage":"ca","@id":"https:\/\/pscsvh.com\/ca\/#\/schema\/person\/image\/","url":"https:\/\/secure.gravatar.com\/avatar\/a019c39072cc7d669be4d6e2cda099b4e834789e55938a3ec58bef829a37db42?s=96&d=mm&r=g","contentUrl":"https:\/\/secure.gravatar.com\/avatar\/a019c39072cc7d669be4d6e2cda099b4e834789e55938a3ec58bef829a37db42?s=96&d=mm&r=g","caption":"PSC SVH"},"url":"https:\/\/pscsvh.com\/ca\/author\/admin-2\/"}]}},"_links":{"self":[{"href":"https:\/\/pscsvh.com\/ca\/wp-json\/wp\/v2\/posts\/5795","targetHints":{"allow":["GET"]}}],"collection":[{"href":"https:\/\/pscsvh.com\/ca\/wp-json\/wp\/v2\/posts"}],"about":[{"href":"https:\/\/pscsvh.com\/ca\/wp-json\/wp\/v2\/types\/post"}],"author":[{"embeddable":true,"href":"https:\/\/pscsvh.com\/ca\/wp-json\/wp\/v2\/users\/2"}],"replies":[{"embeddable":true,"href":"https:\/\/pscsvh.com\/ca\/wp-json\/wp\/v2\/comments?post=5795"}],"version-history":[{"count":1,"href":"https:\/\/pscsvh.com\/ca\/wp-json\/wp\/v2\/posts\/5795\/revisions"}],"predecessor-version":[{"id":5798,"href":"https:\/\/pscsvh.com\/ca\/wp-json\/wp\/v2\/posts\/5795\/revisions\/5798"}],"wp:featuredmedia":[{"embeddable":true,"href":"https:\/\/pscsvh.com\/ca\/wp-json\/wp\/v2\/media\/5796"}],"wp:attachment":[{"href":"https:\/\/pscsvh.com\/ca\/wp-json\/wp\/v2\/media?parent=5795"}],"wp:term":[{"taxonomy":"category","embeddable":true,"href":"https:\/\/pscsvh.com\/ca\/wp-json\/wp\/v2\/categories?post=5795"},{"taxonomy":"post_tag","embeddable":true,"href":"https:\/\/pscsvh.com\/ca\/wp-json\/wp\/v2\/tags?post=5795"},{"taxonomy":"citadela-post-location","embeddable":true,"href":"https:\/\/pscsvh.com\/ca\/wp-json\/wp\/v2\/citadela-post-location?post=5795"}],"curies":[{"name":"wp","href":"https:\/\/api.w.org\/{rel}","templated":true}]}}