{"id":5693,"date":"2023-04-03T18:07:31","date_gmt":"2023-04-03T16:07:31","guid":{"rendered":"https:\/\/pscsvh.com\/es-posa-en-marxa-el-dron-de-la-policia-local\/"},"modified":"2023-04-04T19:06:25","modified_gmt":"2023-04-04T17:06:25","slug":"es-posa-en-marxa-el-dron-de-la-policia-local","status":"publish","type":"post","link":"https:\/\/pscsvh.com\/ca\/es-posa-en-marxa-el-dron-de-la-policia-local\/","title":{"rendered":"Es posa en marxa el dron de la policia local"},"content":{"rendered":"\n<p>Es posa en marxa un nou instrument per a la seguretat ciutadana a Sant Vicen\u00e7 dels Horts. La policia local es dota d&#8217;un drone per millorar la seguretat ciutadana.<\/p>\n\n<p>El dron es far\u00e0 servir per fer tasques de vigil\u00e0ncia i prevenci\u00f3.<\/p>\n\n<p>Un total de 7 agents del cos han rebut la formaci\u00f3 per poder pilotar-ho.<\/p>\n\n<figure class=\"wp-block-gallery has-nested-images columns-default is-cropped wp-block-gallery-1 is-layout-flex wp-block-gallery-is-layout-flex\">\n<figure class=\"wp-block-image size-large\"><a href=\"https:\/\/pscsvh.com\/wp-content\/uploads\/2023\/04\/04-7.jpg\"><img loading=\"lazy\" decoding=\"async\" width=\"1024\" height=\"683\" data-id=\"5656\" src=\"https:\/\/pscsvh.com\/wp-content\/uploads\/2023\/04\/04-7-1024x683.jpg\" alt=\"\" class=\"wp-image-5656\" srcset=\"https:\/\/pscsvh.com\/wp-content\/uploads\/2023\/04\/04-7-1024x683.jpg 1024w, https:\/\/pscsvh.com\/wp-content\/uploads\/2023\/04\/04-7-300x200.jpg 300w, https:\/\/pscsvh.com\/wp-content\/uploads\/2023\/04\/04-7-768x512.jpg 768w, https:\/\/pscsvh.com\/wp-content\/uploads\/2023\/04\/04-7.jpg 1440w\" sizes=\"auto, (max-width: 1024px) 100vw, 1024px\" \/><\/a><\/figure>\n\n\n\n<figure class=\"wp-block-image size-large\"><a href=\"https:\/\/pscsvh.com\/wp-content\/uploads\/2023\/04\/03-7.jpg\"><img loading=\"lazy\" decoding=\"async\" width=\"1024\" height=\"683\" data-id=\"5658\" src=\"https:\/\/pscsvh.com\/wp-content\/uploads\/2023\/04\/03-7-1024x683.jpg\" alt=\"\" class=\"wp-image-5658\" srcset=\"https:\/\/pscsvh.com\/wp-content\/uploads\/2023\/04\/03-7-1024x683.jpg 1024w, https:\/\/pscsvh.com\/wp-content\/uploads\/2023\/04\/03-7-300x200.jpg 300w, https:\/\/pscsvh.com\/wp-content\/uploads\/2023\/04\/03-7-768x512.jpg 768w, https:\/\/pscsvh.com\/wp-content\/uploads\/2023\/04\/03-7.jpg 1440w\" sizes=\"auto, (max-width: 1024px) 100vw, 1024px\" \/><\/a><\/figure>\n\n\n\n<figure class=\"wp-block-image size-large\"><a href=\"https:\/\/pscsvh.com\/wp-content\/uploads\/2023\/04\/02-6.jpg\"><img loading=\"lazy\" decoding=\"async\" width=\"1024\" height=\"683\" data-id=\"5660\" src=\"https:\/\/pscsvh.com\/wp-content\/uploads\/2023\/04\/02-6-1024x683.jpg\" alt=\"\" class=\"wp-image-5660\" srcset=\"https:\/\/pscsvh.com\/wp-content\/uploads\/2023\/04\/02-6-1024x683.jpg 1024w, https:\/\/pscsvh.com\/wp-content\/uploads\/2023\/04\/02-6-300x200.jpg 300w, https:\/\/pscsvh.com\/wp-content\/uploads\/2023\/04\/02-6-768x512.jpg 768w, https:\/\/pscsvh.com\/wp-content\/uploads\/2023\/04\/02-6.jpg 1440w\" sizes=\"auto, (max-width: 1024px) 100vw, 1024px\" \/><\/a><\/figure>\n\n\n\n<figure class=\"wp-block-image size-large\"><a href=\"https:\/\/pscsvh.com\/wp-content\/uploads\/2023\/04\/01-5.jpg\"><img loading=\"lazy\" decoding=\"async\" width=\"1024\" height=\"683\" data-id=\"5662\" src=\"https:\/\/pscsvh.com\/wp-content\/uploads\/2023\/04\/01-5-1024x683.jpg\" alt=\"\" class=\"wp-image-5662\" srcset=\"https:\/\/pscsvh.com\/wp-content\/uploads\/2023\/04\/01-5-1024x683.jpg 1024w, https:\/\/pscsvh.com\/wp-content\/uploads\/2023\/04\/01-5-300x200.jpg 300w, https:\/\/pscsvh.com\/wp-content\/uploads\/2023\/04\/01-5-768x512.jpg 768w, https:\/\/pscsvh.com\/wp-content\/uploads\/2023\/04\/01-5.jpg 1440w\" sizes=\"auto, (max-width: 1024px) 100vw, 1024px\" \/><\/a><\/figure>\n<\/figure>\n","protected":false},"excerpt":{"rendered":"<p> La policia local es dota d&#8217;un drone per millorar la seguretat ciutadana.<\/p>\n","protected":false},"author":2,"featured_media":5657,"comment_status":"open","ping_status":"closed","sticky":false,"template":"","format":"standard","meta":{"_citadela_custom_class":"","footnotes":""},"categories":[348],"tags":[],"citadela-post-location":[42],"class_list":["post-5693","post","type-post","status-publish","format-standard","has-post-thumbnail","hentry","category-policia-ca"],"yoast_head":"<!-- This site is optimized with the Yoast SEO plugin v24.7 - https:\/\/yoast.com\/wordpress\/plugins\/seo\/ -->\n<title>Es posa en marxa el dron de la policia local - PSC SVH<\/title>\n<meta name=\"description\" content=\"S&#039;engega el dron de la policia local. Es posa en marxa un nou instrument per a la seguretat ciutadana a Sant Vicen\u00e7 dels Horts\" \/>\n<meta name=\"robots\" content=\"index, follow, max-snippet:-1, max-image-preview:large, max-video-preview:-1\" \/>\n<link rel=\"canonical\" href=\"https:\/\/pscsvh.com\/ca\/es-posa-en-marxa-el-dron-de-la-policia-local\/\" \/>\n<meta property=\"og:locale\" content=\"ca_ES\" \/>\n<meta property=\"og:type\" content=\"article\" \/>\n<meta property=\"og:title\" content=\"Es posa en marxa el dron de la policia local - PSC SVH\" \/>\n<meta property=\"og:description\" content=\"S&#039;engega el dron de la policia local. Es posa en marxa un nou instrument per a la seguretat ciutadana a Sant Vicen\u00e7 dels Horts\" \/>\n<meta property=\"og:url\" content=\"https:\/\/pscsvh.com\/ca\/es-posa-en-marxa-el-dron-de-la-policia-local\/\" \/>\n<meta property=\"og:site_name\" content=\"PSC SVH\" \/>\n<meta property=\"article:published_time\" content=\"2023-04-03T16:07:31+00:00\" \/>\n<meta property=\"article:modified_time\" content=\"2023-04-04T17:06:25+00:00\" \/>\n<meta property=\"og:image\" content=\"https:\/\/pscsvh.com\/wp-content\/uploads\/2023\/04\/04-7.jpg\" \/>\n\t<meta property=\"og:image:width\" content=\"1440\" \/>\n\t<meta property=\"og:image:height\" content=\"960\" \/>\n\t<meta property=\"og:image:type\" content=\"image\/jpeg\" \/>\n<meta name=\"author\" content=\"PSC SVH\" \/>\n<meta name=\"twitter:card\" content=\"summary_large_image\" \/>\n<meta name=\"twitter:label1\" content=\"Escrit per\" \/>\n\t<meta name=\"twitter:data1\" content=\"PSC SVH\" \/>\n<script type=\"application\/ld+json\" class=\"yoast-schema-graph\">{\"@context\":\"https:\/\/schema.org\",\"@graph\":[{\"@type\":\"Article\",\"@id\":\"https:\/\/pscsvh.com\/ca\/es-posa-en-marxa-el-dron-de-la-policia-local\/#article\",\"isPartOf\":{\"@id\":\"https:\/\/pscsvh.com\/ca\/es-posa-en-marxa-el-dron-de-la-policia-local\/\"},\"author\":{\"name\":\"PSC SVH\",\"@id\":\"https:\/\/pscsvh.com\/ca\/#\/schema\/person\/6ad2cedf14b82878e2897de3ed64f1f9\"},\"headline\":\"Es posa en marxa el dron de la policia local\",\"datePublished\":\"2023-04-03T16:07:31+00:00\",\"dateModified\":\"2023-04-04T17:06:25+00:00\",\"mainEntityOfPage\":{\"@id\":\"https:\/\/pscsvh.com\/ca\/es-posa-en-marxa-el-dron-de-la-policia-local\/\"},\"wordCount\":66,\"commentCount\":0,\"publisher\":{\"@id\":\"https:\/\/pscsvh.com\/ca\/#organization\"},\"image\":{\"@id\":\"https:\/\/pscsvh.com\/ca\/es-posa-en-marxa-el-dron-de-la-policia-local\/#primaryimage\"},\"thumbnailUrl\":\"https:\/\/pscsvh.com\/wp-content\/uploads\/2023\/04\/04-7.jpg\",\"articleSection\":[\"Policia\"],\"inLanguage\":\"ca\",\"potentialAction\":[{\"@type\":\"CommentAction\",\"name\":\"Comment\",\"target\":[\"https:\/\/pscsvh.com\/ca\/es-posa-en-marxa-el-dron-de-la-policia-local\/#respond\"]}]},{\"@type\":\"WebPage\",\"@id\":\"https:\/\/pscsvh.com\/ca\/es-posa-en-marxa-el-dron-de-la-policia-local\/\",\"url\":\"https:\/\/pscsvh.com\/ca\/es-posa-en-marxa-el-dron-de-la-policia-local\/\",\"name\":\"Es posa en marxa el dron de la policia local - PSC SVH\",\"isPartOf\":{\"@id\":\"https:\/\/pscsvh.com\/ca\/#website\"},\"primaryImageOfPage\":{\"@id\":\"https:\/\/pscsvh.com\/ca\/es-posa-en-marxa-el-dron-de-la-policia-local\/#primaryimage\"},\"image\":{\"@id\":\"https:\/\/pscsvh.com\/ca\/es-posa-en-marxa-el-dron-de-la-policia-local\/#primaryimage\"},\"thumbnailUrl\":\"https:\/\/pscsvh.com\/wp-content\/uploads\/2023\/04\/04-7.jpg\",\"datePublished\":\"2023-04-03T16:07:31+00:00\",\"dateModified\":\"2023-04-04T17:06:25+00:00\",\"description\":\"S'engega el dron de la policia local. Es posa en marxa un nou instrument per a la seguretat ciutadana a Sant Vicen\u00e7 dels Horts\",\"breadcrumb\":{\"@id\":\"https:\/\/pscsvh.com\/ca\/es-posa-en-marxa-el-dron-de-la-policia-local\/#breadcrumb\"},\"inLanguage\":\"ca\",\"potentialAction\":[{\"@type\":\"ReadAction\",\"target\":[\"https:\/\/pscsvh.com\/ca\/es-posa-en-marxa-el-dron-de-la-policia-local\/\"]}]},{\"@type\":\"ImageObject\",\"inLanguage\":\"ca\",\"@id\":\"https:\/\/pscsvh.com\/ca\/es-posa-en-marxa-el-dron-de-la-policia-local\/#primaryimage\",\"url\":\"https:\/\/pscsvh.com\/wp-content\/uploads\/2023\/04\/04-7.jpg\",\"contentUrl\":\"https:\/\/pscsvh.com\/wp-content\/uploads\/2023\/04\/04-7.jpg\",\"width\":1440,\"height\":960,\"caption\":\"El dron se utilizar\u00e1 para hacer tareas de vigilancia y prevenci\u00f3n.\"},{\"@type\":\"BreadcrumbList\",\"@id\":\"https:\/\/pscsvh.com\/ca\/es-posa-en-marxa-el-dron-de-la-policia-local\/#breadcrumb\",\"itemListElement\":[{\"@type\":\"ListItem\",\"position\":1,\"name\":\"Portada\",\"item\":\"https:\/\/pscsvh.com\/ca\/\"},{\"@type\":\"ListItem\",\"position\":2,\"name\":\"Es posa en marxa el dron de la policia local\"}]},{\"@type\":\"WebSite\",\"@id\":\"https:\/\/pscsvh.com\/ca\/#website\",\"url\":\"https:\/\/pscsvh.com\/ca\/\",\"name\":\"PSC SVH\",\"description\":\"El cambio que suma\",\"publisher\":{\"@id\":\"https:\/\/pscsvh.com\/ca\/#organization\"},\"potentialAction\":[{\"@type\":\"SearchAction\",\"target\":{\"@type\":\"EntryPoint\",\"urlTemplate\":\"https:\/\/pscsvh.com\/ca\/?s={search_term_string}\"},\"query-input\":{\"@type\":\"PropertyValueSpecification\",\"valueRequired\":true,\"valueName\":\"search_term_string\"}}],\"inLanguage\":\"ca\"},{\"@type\":\"Organization\",\"@id\":\"https:\/\/pscsvh.com\/ca\/#organization\",\"name\":\"PSC SVH\",\"url\":\"https:\/\/pscsvh.com\/ca\/\",\"logo\":{\"@type\":\"ImageObject\",\"inLanguage\":\"ca\",\"@id\":\"https:\/\/pscsvh.com\/ca\/#\/schema\/logo\/image\/\",\"url\":\"https:\/\/pscsvh.com\/wp-content\/uploads\/2022\/06\/cropped-Logo_SVh2-300x158-1.png\",\"contentUrl\":\"https:\/\/pscsvh.com\/wp-content\/uploads\/2022\/06\/cropped-Logo_SVh2-300x158-1.png\",\"width\":300,\"height\":158,\"caption\":\"PSC SVH\"},\"image\":{\"@id\":\"https:\/\/pscsvh.com\/ca\/#\/schema\/logo\/image\/\"}},{\"@type\":\"Person\",\"@id\":\"https:\/\/pscsvh.com\/ca\/#\/schema\/person\/6ad2cedf14b82878e2897de3ed64f1f9\",\"name\":\"PSC SVH\",\"image\":{\"@type\":\"ImageObject\",\"inLanguage\":\"ca\",\"@id\":\"https:\/\/pscsvh.com\/ca\/#\/schema\/person\/image\/\",\"url\":\"https:\/\/secure.gravatar.com\/avatar\/a019c39072cc7d669be4d6e2cda099b4e834789e55938a3ec58bef829a37db42?s=96&d=mm&r=g\",\"contentUrl\":\"https:\/\/secure.gravatar.com\/avatar\/a019c39072cc7d669be4d6e2cda099b4e834789e55938a3ec58bef829a37db42?s=96&d=mm&r=g\",\"caption\":\"PSC SVH\"},\"url\":\"https:\/\/pscsvh.com\/ca\/author\/admin-2\/\"}]}<\/script>\n<!-- \/ Yoast SEO plugin. -->","yoast_head_json":{"title":"Es posa en marxa el dron de la policia local - PSC SVH","description":"S'engega el dron de la policia local. Es posa en marxa un nou instrument per a la seguretat ciutadana a Sant Vicen\u00e7 dels Horts","robots":{"index":"index","follow":"follow","max-snippet":"max-snippet:-1","max-image-preview":"max-image-preview:large","max-video-preview":"max-video-preview:-1"},"canonical":"https:\/\/pscsvh.com\/ca\/es-posa-en-marxa-el-dron-de-la-policia-local\/","og_locale":"ca_ES","og_type":"article","og_title":"Es posa en marxa el dron de la policia local - PSC SVH","og_description":"S'engega el dron de la policia local. Es posa en marxa un nou instrument per a la seguretat ciutadana a Sant Vicen\u00e7 dels Horts","og_url":"https:\/\/pscsvh.com\/ca\/es-posa-en-marxa-el-dron-de-la-policia-local\/","og_site_name":"PSC SVH","article_published_time":"2023-04-03T16:07:31+00:00","article_modified_time":"2023-04-04T17:06:25+00:00","og_image":[{"width":1440,"height":960,"url":"https:\/\/pscsvh.com\/wp-content\/uploads\/2023\/04\/04-7.jpg","type":"image\/jpeg"}],"author":"PSC SVH","twitter_card":"summary_large_image","twitter_misc":{"Escrit per":"PSC SVH"},"schema":{"@context":"https:\/\/schema.org","@graph":[{"@type":"Article","@id":"https:\/\/pscsvh.com\/ca\/es-posa-en-marxa-el-dron-de-la-policia-local\/#article","isPartOf":{"@id":"https:\/\/pscsvh.com\/ca\/es-posa-en-marxa-el-dron-de-la-policia-local\/"},"author":{"name":"PSC SVH","@id":"https:\/\/pscsvh.com\/ca\/#\/schema\/person\/6ad2cedf14b82878e2897de3ed64f1f9"},"headline":"Es posa en marxa el dron de la policia local","datePublished":"2023-04-03T16:07:31+00:00","dateModified":"2023-04-04T17:06:25+00:00","mainEntityOfPage":{"@id":"https:\/\/pscsvh.com\/ca\/es-posa-en-marxa-el-dron-de-la-policia-local\/"},"wordCount":66,"commentCount":0,"publisher":{"@id":"https:\/\/pscsvh.com\/ca\/#organization"},"image":{"@id":"https:\/\/pscsvh.com\/ca\/es-posa-en-marxa-el-dron-de-la-policia-local\/#primaryimage"},"thumbnailUrl":"https:\/\/pscsvh.com\/wp-content\/uploads\/2023\/04\/04-7.jpg","articleSection":["Policia"],"inLanguage":"ca","potentialAction":[{"@type":"CommentAction","name":"Comment","target":["https:\/\/pscsvh.com\/ca\/es-posa-en-marxa-el-dron-de-la-policia-local\/#respond"]}]},{"@type":"WebPage","@id":"https:\/\/pscsvh.com\/ca\/es-posa-en-marxa-el-dron-de-la-policia-local\/","url":"https:\/\/pscsvh.com\/ca\/es-posa-en-marxa-el-dron-de-la-policia-local\/","name":"Es posa en marxa el dron de la policia local - PSC SVH","isPartOf":{"@id":"https:\/\/pscsvh.com\/ca\/#website"},"primaryImageOfPage":{"@id":"https:\/\/pscsvh.com\/ca\/es-posa-en-marxa-el-dron-de-la-policia-local\/#primaryimage"},"image":{"@id":"https:\/\/pscsvh.com\/ca\/es-posa-en-marxa-el-dron-de-la-policia-local\/#primaryimage"},"thumbnailUrl":"https:\/\/pscsvh.com\/wp-content\/uploads\/2023\/04\/04-7.jpg","datePublished":"2023-04-03T16:07:31+00:00","dateModified":"2023-04-04T17:06:25+00:00","description":"S'engega el dron de la policia local. Es posa en marxa un nou instrument per a la seguretat ciutadana a Sant Vicen\u00e7 dels Horts","breadcrumb":{"@id":"https:\/\/pscsvh.com\/ca\/es-posa-en-marxa-el-dron-de-la-policia-local\/#breadcrumb"},"inLanguage":"ca","potentialAction":[{"@type":"ReadAction","target":["https:\/\/pscsvh.com\/ca\/es-posa-en-marxa-el-dron-de-la-policia-local\/"]}]},{"@type":"ImageObject","inLanguage":"ca","@id":"https:\/\/pscsvh.com\/ca\/es-posa-en-marxa-el-dron-de-la-policia-local\/#primaryimage","url":"https:\/\/pscsvh.com\/wp-content\/uploads\/2023\/04\/04-7.jpg","contentUrl":"https:\/\/pscsvh.com\/wp-content\/uploads\/2023\/04\/04-7.jpg","width":1440,"height":960,"caption":"El dron se utilizar\u00e1 para hacer tareas de vigilancia y prevenci\u00f3n."},{"@type":"BreadcrumbList","@id":"https:\/\/pscsvh.com\/ca\/es-posa-en-marxa-el-dron-de-la-policia-local\/#breadcrumb","itemListElement":[{"@type":"ListItem","position":1,"name":"Portada","item":"https:\/\/pscsvh.com\/ca\/"},{"@type":"ListItem","position":2,"name":"Es posa en marxa el dron de la policia local"}]},{"@type":"WebSite","@id":"https:\/\/pscsvh.com\/ca\/#website","url":"https:\/\/pscsvh.com\/ca\/","name":"PSC SVH","description":"El cambio que suma","publisher":{"@id":"https:\/\/pscsvh.com\/ca\/#organization"},"potentialAction":[{"@type":"SearchAction","target":{"@type":"EntryPoint","urlTemplate":"https:\/\/pscsvh.com\/ca\/?s={search_term_string}"},"query-input":{"@type":"PropertyValueSpecification","valueRequired":true,"valueName":"search_term_string"}}],"inLanguage":"ca"},{"@type":"Organization","@id":"https:\/\/pscsvh.com\/ca\/#organization","name":"PSC SVH","url":"https:\/\/pscsvh.com\/ca\/","logo":{"@type":"ImageObject","inLanguage":"ca","@id":"https:\/\/pscsvh.com\/ca\/#\/schema\/logo\/image\/","url":"https:\/\/pscsvh.com\/wp-content\/uploads\/2022\/06\/cropped-Logo_SVh2-300x158-1.png","contentUrl":"https:\/\/pscsvh.com\/wp-content\/uploads\/2022\/06\/cropped-Logo_SVh2-300x158-1.png","width":300,"height":158,"caption":"PSC SVH"},"image":{"@id":"https:\/\/pscsvh.com\/ca\/#\/schema\/logo\/image\/"}},{"@type":"Person","@id":"https:\/\/pscsvh.com\/ca\/#\/schema\/person\/6ad2cedf14b82878e2897de3ed64f1f9","name":"PSC SVH","image":{"@type":"ImageObject","inLanguage":"ca","@id":"https:\/\/pscsvh.com\/ca\/#\/schema\/person\/image\/","url":"https:\/\/secure.gravatar.com\/avatar\/a019c39072cc7d669be4d6e2cda099b4e834789e55938a3ec58bef829a37db42?s=96&d=mm&r=g","contentUrl":"https:\/\/secure.gravatar.com\/avatar\/a019c39072cc7d669be4d6e2cda099b4e834789e55938a3ec58bef829a37db42?s=96&d=mm&r=g","caption":"PSC SVH"},"url":"https:\/\/pscsvh.com\/ca\/author\/admin-2\/"}]}},"_links":{"self":[{"href":"https:\/\/pscsvh.com\/ca\/wp-json\/wp\/v2\/posts\/5693","targetHints":{"allow":["GET"]}}],"collection":[{"href":"https:\/\/pscsvh.com\/ca\/wp-json\/wp\/v2\/posts"}],"about":[{"href":"https:\/\/pscsvh.com\/ca\/wp-json\/wp\/v2\/types\/post"}],"author":[{"embeddable":true,"href":"https:\/\/pscsvh.com\/ca\/wp-json\/wp\/v2\/users\/2"}],"replies":[{"embeddable":true,"href":"https:\/\/pscsvh.com\/ca\/wp-json\/wp\/v2\/comments?post=5693"}],"version-history":[{"count":1,"href":"https:\/\/pscsvh.com\/ca\/wp-json\/wp\/v2\/posts\/5693\/revisions"}],"predecessor-version":[{"id":5694,"href":"https:\/\/pscsvh.com\/ca\/wp-json\/wp\/v2\/posts\/5693\/revisions\/5694"}],"wp:featuredmedia":[{"embeddable":true,"href":"https:\/\/pscsvh.com\/ca\/wp-json\/wp\/v2\/media\/5657"}],"wp:attachment":[{"href":"https:\/\/pscsvh.com\/ca\/wp-json\/wp\/v2\/media?parent=5693"}],"wp:term":[{"taxonomy":"category","embeddable":true,"href":"https:\/\/pscsvh.com\/ca\/wp-json\/wp\/v2\/categories?post=5693"},{"taxonomy":"post_tag","embeddable":true,"href":"https:\/\/pscsvh.com\/ca\/wp-json\/wp\/v2\/tags?post=5693"},{"taxonomy":"citadela-post-location","embeddable":true,"href":"https:\/\/pscsvh.com\/ca\/wp-json\/wp\/v2\/citadela-post-location?post=5693"}],"curies":[{"name":"wp","href":"https:\/\/api.w.org\/{rel}","templated":true}]}}