{"id":5675,"date":"2023-03-24T21:58:01","date_gmt":"2023-03-24T20:58:01","guid":{"rendered":"https:\/\/pscsvh.com\/acompanyem-adiscap-a-visitar-al-parlament\/"},"modified":"2023-04-04T19:01:54","modified_gmt":"2023-04-04T17:01:54","slug":"acompanyem-adiscap-a-visitar-al-parlament","status":"publish","type":"post","link":"https:\/\/pscsvh.com\/ca\/acompanyem-adiscap-a-visitar-al-parlament\/","title":{"rendered":"Acompanyem ADISCAP a visitar al Parlament"},"content":{"rendered":"\n<p>Divendres l&#8217;alcalde de Sant Vicen\u00e7 dels Horts <a href=\"https:\/\/www.instagram.com\/miguelcomino\/\">Miguel Comino<\/a> i la regidora Mar\u00eda Pel\u00e1ez, van acompanyar Adiscap SVH en la visita al Parlament.<\/p>\n\n<p>Al Parlament es van reunir amb Sonia Guerra, diputada al Congr\u00e9s, i Ra\u00fal Moreno, diputat al Parlament, per exposar-los la lluita, la reivindicaci\u00f3, les necessitats del col\u00b7lectiu que representen i les modificacions legislatives que necessiten.<\/p>\n\n<p>Des del PSC de Sant Vicen\u00e7 es treballa a tocar de les entitats socials del municipi.<\/p>\n\n<p><a href=\"https:\/\/www.facebook.com\/hashtag\/santvicen%C3%A7setransforma?__eep__=6&amp;__cft__%5B0%5D=AZWiznnxy-IrkDun99hDX0EQ3TFyhQH8D-3Gez_C-uqXCpicS1zHTrOAa73Y8_p7N7GjASULXD-jomW7s887Dy_iys2M02TkxMobBxlB2f013nvtrGSQqxhHBRSiEUbHCkXMi4rTQ8kd-HM2TPZa_2TObti36OTjqiE2VnvFMJddHGHI_ZtKJe_4nBL8W9iuQpw&amp;__tn__=*NK-R\">#SantVicen\u00e7SeTransforma<\/a><\/p>\n\n<figure class=\"wp-block-gallery has-nested-images columns-default is-cropped wp-block-gallery-1 is-layout-flex wp-block-gallery-is-layout-flex\">\n<figure class=\"wp-block-image size-large\"><a href=\"https:\/\/pscsvh.com\/wp-content\/uploads\/2023\/03\/337655614_1181833612523709_7968760820643309671_n.jpg\"><img loading=\"lazy\" decoding=\"async\" width=\"952\" height=\"714\" data-id=\"5533\" src=\"https:\/\/pscsvh.com\/wp-content\/uploads\/2023\/03\/337655614_1181833612523709_7968760820643309671_n.jpg\" alt=\"\" class=\"wp-image-5533\" srcset=\"https:\/\/pscsvh.com\/wp-content\/uploads\/2023\/03\/337655614_1181833612523709_7968760820643309671_n.jpg 952w, https:\/\/pscsvh.com\/wp-content\/uploads\/2023\/03\/337655614_1181833612523709_7968760820643309671_n-300x225.jpg 300w, https:\/\/pscsvh.com\/wp-content\/uploads\/2023\/03\/337655614_1181833612523709_7968760820643309671_n-768x576.jpg 768w, https:\/\/pscsvh.com\/wp-content\/uploads\/2023\/03\/337655614_1181833612523709_7968760820643309671_n-640x480.jpg 640w, https:\/\/pscsvh.com\/wp-content\/uploads\/2023\/03\/337655614_1181833612523709_7968760820643309671_n-480x360.jpg 480w\" sizes=\"auto, (max-width: 952px) 100vw, 952px\" \/><\/a><\/figure>\n\n\n\n<figure class=\"wp-block-image size-large\"><a href=\"https:\/\/pscsvh.com\/wp-content\/uploads\/2023\/03\/337344160_877608893300910_4048401573460375599_n.jpg\"><img loading=\"lazy\" decoding=\"async\" width=\"960\" height=\"720\" data-id=\"5531\" src=\"https:\/\/pscsvh.com\/wp-content\/uploads\/2023\/03\/337344160_877608893300910_4048401573460375599_n.jpg\" alt=\"\" class=\"wp-image-5531\" srcset=\"https:\/\/pscsvh.com\/wp-content\/uploads\/2023\/03\/337344160_877608893300910_4048401573460375599_n.jpg 960w, https:\/\/pscsvh.com\/wp-content\/uploads\/2023\/03\/337344160_877608893300910_4048401573460375599_n-300x225.jpg 300w, https:\/\/pscsvh.com\/wp-content\/uploads\/2023\/03\/337344160_877608893300910_4048401573460375599_n-768x576.jpg 768w, https:\/\/pscsvh.com\/wp-content\/uploads\/2023\/03\/337344160_877608893300910_4048401573460375599_n-640x480.jpg 640w, https:\/\/pscsvh.com\/wp-content\/uploads\/2023\/03\/337344160_877608893300910_4048401573460375599_n-480x360.jpg 480w\" sizes=\"auto, (max-width: 960px) 100vw, 960px\" \/><\/a><\/figure>\n<\/figure>\n","protected":false},"excerpt":{"rendered":"<p>L&#8217;alcalde Miguel Comino i la regidora Mar\u00eda Pel\u00e1ez, van acompanyar Adiscap SVH en la visita al Parlament<\/p>\n","protected":false},"author":2,"featured_media":5532,"comment_status":"open","ping_status":"closed","sticky":false,"template":"","format":"standard","meta":{"_citadela_custom_class":"","footnotes":""},"categories":[57],"tags":[345],"citadela-post-location":[42],"class_list":["post-5675","post","type-post","status-publish","format-standard","has-post-thumbnail","hentry","category-actualitat-vicentina","tag-adiscap-ca"],"yoast_head":"<!-- This site is optimized with the Yoast SEO plugin v24.7 - https:\/\/yoast.com\/wordpress\/plugins\/seo\/ -->\n<title>Acompanyem ADISCAP a visitar al Parlament - PSC SVH<\/title>\n<meta name=\"description\" content=\"Acompanyem ADISCAP a visitar al Parlament. Miguel Comino i la regidora Mar\u00eda Pel\u00e1ez, van acompanyar Adiscap SVH en la visita al Parlament\" \/>\n<meta name=\"robots\" content=\"index, follow, max-snippet:-1, max-image-preview:large, max-video-preview:-1\" \/>\n<link rel=\"canonical\" href=\"https:\/\/pscsvh.com\/ca\/acompanyem-adiscap-a-visitar-al-parlament\/\" \/>\n<meta property=\"og:locale\" content=\"ca_ES\" \/>\n<meta property=\"og:type\" content=\"article\" \/>\n<meta property=\"og:title\" content=\"Acompanyem ADISCAP a visitar al Parlament - PSC SVH\" \/>\n<meta property=\"og:description\" content=\"Acompanyem ADISCAP a visitar al Parlament. Miguel Comino i la regidora Mar\u00eda Pel\u00e1ez, van acompanyar Adiscap SVH en la visita al Parlament\" \/>\n<meta property=\"og:url\" content=\"https:\/\/pscsvh.com\/ca\/acompanyem-adiscap-a-visitar-al-parlament\/\" \/>\n<meta property=\"og:site_name\" content=\"PSC SVH\" \/>\n<meta property=\"article:published_time\" content=\"2023-03-24T20:58:01+00:00\" \/>\n<meta property=\"article:modified_time\" content=\"2023-04-04T17:01:54+00:00\" \/>\n<meta property=\"og:image\" content=\"https:\/\/pscsvh.com\/wp-content\/uploads\/2023\/03\/337344160_877608893300910_4048401573460375599_n.jpg\" \/>\n\t<meta property=\"og:image:width\" content=\"960\" \/>\n\t<meta property=\"og:image:height\" content=\"720\" \/>\n\t<meta property=\"og:image:type\" content=\"image\/jpeg\" \/>\n<meta name=\"author\" content=\"PSC SVH\" \/>\n<meta name=\"twitter:card\" content=\"summary_large_image\" \/>\n<meta name=\"twitter:label1\" content=\"Escrit per\" \/>\n\t<meta name=\"twitter:data1\" content=\"PSC SVH\" \/>\n<script type=\"application\/ld+json\" class=\"yoast-schema-graph\">{\"@context\":\"https:\/\/schema.org\",\"@graph\":[{\"@type\":\"Article\",\"@id\":\"https:\/\/pscsvh.com\/ca\/acompanyem-adiscap-a-visitar-al-parlament\/#article\",\"isPartOf\":{\"@id\":\"https:\/\/pscsvh.com\/ca\/acompanyem-adiscap-a-visitar-al-parlament\/\"},\"author\":{\"name\":\"PSC SVH\",\"@id\":\"https:\/\/pscsvh.com\/ca\/#\/schema\/person\/6ad2cedf14b82878e2897de3ed64f1f9\"},\"headline\":\"Acompanyem ADISCAP a visitar al Parlament\",\"datePublished\":\"2023-03-24T20:58:01+00:00\",\"dateModified\":\"2023-04-04T17:01:54+00:00\",\"mainEntityOfPage\":{\"@id\":\"https:\/\/pscsvh.com\/ca\/acompanyem-adiscap-a-visitar-al-parlament\/\"},\"wordCount\":88,\"commentCount\":0,\"publisher\":{\"@id\":\"https:\/\/pscsvh.com\/ca\/#organization\"},\"image\":{\"@id\":\"https:\/\/pscsvh.com\/ca\/acompanyem-adiscap-a-visitar-al-parlament\/#primaryimage\"},\"thumbnailUrl\":\"https:\/\/pscsvh.com\/wp-content\/uploads\/2023\/03\/337344160_877608893300910_4048401573460375599_n.jpg\",\"keywords\":[\"ADISCAP\"],\"articleSection\":[\"Actualitat Vicentina\"],\"inLanguage\":\"ca\",\"potentialAction\":[{\"@type\":\"CommentAction\",\"name\":\"Comment\",\"target\":[\"https:\/\/pscsvh.com\/ca\/acompanyem-adiscap-a-visitar-al-parlament\/#respond\"]}]},{\"@type\":\"WebPage\",\"@id\":\"https:\/\/pscsvh.com\/ca\/acompanyem-adiscap-a-visitar-al-parlament\/\",\"url\":\"https:\/\/pscsvh.com\/ca\/acompanyem-adiscap-a-visitar-al-parlament\/\",\"name\":\"Acompanyem ADISCAP a visitar al Parlament - PSC SVH\",\"isPartOf\":{\"@id\":\"https:\/\/pscsvh.com\/ca\/#website\"},\"primaryImageOfPage\":{\"@id\":\"https:\/\/pscsvh.com\/ca\/acompanyem-adiscap-a-visitar-al-parlament\/#primaryimage\"},\"image\":{\"@id\":\"https:\/\/pscsvh.com\/ca\/acompanyem-adiscap-a-visitar-al-parlament\/#primaryimage\"},\"thumbnailUrl\":\"https:\/\/pscsvh.com\/wp-content\/uploads\/2023\/03\/337344160_877608893300910_4048401573460375599_n.jpg\",\"datePublished\":\"2023-03-24T20:58:01+00:00\",\"dateModified\":\"2023-04-04T17:01:54+00:00\",\"description\":\"Acompanyem ADISCAP a visitar al Parlament. Miguel Comino i la regidora Mar\u00eda Pel\u00e1ez, van acompanyar Adiscap SVH en la visita al Parlament\",\"breadcrumb\":{\"@id\":\"https:\/\/pscsvh.com\/ca\/acompanyem-adiscap-a-visitar-al-parlament\/#breadcrumb\"},\"inLanguage\":\"ca\",\"potentialAction\":[{\"@type\":\"ReadAction\",\"target\":[\"https:\/\/pscsvh.com\/ca\/acompanyem-adiscap-a-visitar-al-parlament\/\"]}]},{\"@type\":\"ImageObject\",\"inLanguage\":\"ca\",\"@id\":\"https:\/\/pscsvh.com\/ca\/acompanyem-adiscap-a-visitar-al-parlament\/#primaryimage\",\"url\":\"https:\/\/pscsvh.com\/wp-content\/uploads\/2023\/03\/337344160_877608893300910_4048401573460375599_n.jpg\",\"contentUrl\":\"https:\/\/pscsvh.com\/wp-content\/uploads\/2023\/03\/337344160_877608893300910_4048401573460375599_n.jpg\",\"width\":960,\"height\":720,\"caption\":\"El viernes el alcalde de Sant Vicen\u00e7 dels Horts Miguel Comino y la concejala Mar\u00eda Pel\u00e1ez, acompa\u00f1aron a Adiscap SVH en su visita al Parlament.\"},{\"@type\":\"BreadcrumbList\",\"@id\":\"https:\/\/pscsvh.com\/ca\/acompanyem-adiscap-a-visitar-al-parlament\/#breadcrumb\",\"itemListElement\":[{\"@type\":\"ListItem\",\"position\":1,\"name\":\"Portada\",\"item\":\"https:\/\/pscsvh.com\/ca\/\"},{\"@type\":\"ListItem\",\"position\":2,\"name\":\"Acompanyem ADISCAP a visitar al Parlament\"}]},{\"@type\":\"WebSite\",\"@id\":\"https:\/\/pscsvh.com\/ca\/#website\",\"url\":\"https:\/\/pscsvh.com\/ca\/\",\"name\":\"PSC SVH\",\"description\":\"El cambio que suma\",\"publisher\":{\"@id\":\"https:\/\/pscsvh.com\/ca\/#organization\"},\"potentialAction\":[{\"@type\":\"SearchAction\",\"target\":{\"@type\":\"EntryPoint\",\"urlTemplate\":\"https:\/\/pscsvh.com\/ca\/?s={search_term_string}\"},\"query-input\":{\"@type\":\"PropertyValueSpecification\",\"valueRequired\":true,\"valueName\":\"search_term_string\"}}],\"inLanguage\":\"ca\"},{\"@type\":\"Organization\",\"@id\":\"https:\/\/pscsvh.com\/ca\/#organization\",\"name\":\"PSC SVH\",\"url\":\"https:\/\/pscsvh.com\/ca\/\",\"logo\":{\"@type\":\"ImageObject\",\"inLanguage\":\"ca\",\"@id\":\"https:\/\/pscsvh.com\/ca\/#\/schema\/logo\/image\/\",\"url\":\"https:\/\/pscsvh.com\/wp-content\/uploads\/2022\/06\/cropped-Logo_SVh2-300x158-1.png\",\"contentUrl\":\"https:\/\/pscsvh.com\/wp-content\/uploads\/2022\/06\/cropped-Logo_SVh2-300x158-1.png\",\"width\":300,\"height\":158,\"caption\":\"PSC SVH\"},\"image\":{\"@id\":\"https:\/\/pscsvh.com\/ca\/#\/schema\/logo\/image\/\"}},{\"@type\":\"Person\",\"@id\":\"https:\/\/pscsvh.com\/ca\/#\/schema\/person\/6ad2cedf14b82878e2897de3ed64f1f9\",\"name\":\"PSC SVH\",\"image\":{\"@type\":\"ImageObject\",\"inLanguage\":\"ca\",\"@id\":\"https:\/\/pscsvh.com\/ca\/#\/schema\/person\/image\/\",\"url\":\"https:\/\/secure.gravatar.com\/avatar\/a019c39072cc7d669be4d6e2cda099b4e834789e55938a3ec58bef829a37db42?s=96&d=mm&r=g\",\"contentUrl\":\"https:\/\/secure.gravatar.com\/avatar\/a019c39072cc7d669be4d6e2cda099b4e834789e55938a3ec58bef829a37db42?s=96&d=mm&r=g\",\"caption\":\"PSC SVH\"},\"url\":\"https:\/\/pscsvh.com\/ca\/author\/admin-2\/\"}]}<\/script>\n<!-- \/ Yoast SEO plugin. -->","yoast_head_json":{"title":"Acompanyem ADISCAP a visitar al Parlament - PSC SVH","description":"Acompanyem ADISCAP a visitar al Parlament. Miguel Comino i la regidora Mar\u00eda Pel\u00e1ez, van acompanyar Adiscap SVH en la visita al Parlament","robots":{"index":"index","follow":"follow","max-snippet":"max-snippet:-1","max-image-preview":"max-image-preview:large","max-video-preview":"max-video-preview:-1"},"canonical":"https:\/\/pscsvh.com\/ca\/acompanyem-adiscap-a-visitar-al-parlament\/","og_locale":"ca_ES","og_type":"article","og_title":"Acompanyem ADISCAP a visitar al Parlament - PSC SVH","og_description":"Acompanyem ADISCAP a visitar al Parlament. Miguel Comino i la regidora Mar\u00eda Pel\u00e1ez, van acompanyar Adiscap SVH en la visita al Parlament","og_url":"https:\/\/pscsvh.com\/ca\/acompanyem-adiscap-a-visitar-al-parlament\/","og_site_name":"PSC SVH","article_published_time":"2023-03-24T20:58:01+00:00","article_modified_time":"2023-04-04T17:01:54+00:00","og_image":[{"width":960,"height":720,"url":"https:\/\/pscsvh.com\/wp-content\/uploads\/2023\/03\/337344160_877608893300910_4048401573460375599_n.jpg","type":"image\/jpeg"}],"author":"PSC SVH","twitter_card":"summary_large_image","twitter_misc":{"Escrit per":"PSC SVH"},"schema":{"@context":"https:\/\/schema.org","@graph":[{"@type":"Article","@id":"https:\/\/pscsvh.com\/ca\/acompanyem-adiscap-a-visitar-al-parlament\/#article","isPartOf":{"@id":"https:\/\/pscsvh.com\/ca\/acompanyem-adiscap-a-visitar-al-parlament\/"},"author":{"name":"PSC SVH","@id":"https:\/\/pscsvh.com\/ca\/#\/schema\/person\/6ad2cedf14b82878e2897de3ed64f1f9"},"headline":"Acompanyem ADISCAP a visitar al Parlament","datePublished":"2023-03-24T20:58:01+00:00","dateModified":"2023-04-04T17:01:54+00:00","mainEntityOfPage":{"@id":"https:\/\/pscsvh.com\/ca\/acompanyem-adiscap-a-visitar-al-parlament\/"},"wordCount":88,"commentCount":0,"publisher":{"@id":"https:\/\/pscsvh.com\/ca\/#organization"},"image":{"@id":"https:\/\/pscsvh.com\/ca\/acompanyem-adiscap-a-visitar-al-parlament\/#primaryimage"},"thumbnailUrl":"https:\/\/pscsvh.com\/wp-content\/uploads\/2023\/03\/337344160_877608893300910_4048401573460375599_n.jpg","keywords":["ADISCAP"],"articleSection":["Actualitat Vicentina"],"inLanguage":"ca","potentialAction":[{"@type":"CommentAction","name":"Comment","target":["https:\/\/pscsvh.com\/ca\/acompanyem-adiscap-a-visitar-al-parlament\/#respond"]}]},{"@type":"WebPage","@id":"https:\/\/pscsvh.com\/ca\/acompanyem-adiscap-a-visitar-al-parlament\/","url":"https:\/\/pscsvh.com\/ca\/acompanyem-adiscap-a-visitar-al-parlament\/","name":"Acompanyem ADISCAP a visitar al Parlament - PSC SVH","isPartOf":{"@id":"https:\/\/pscsvh.com\/ca\/#website"},"primaryImageOfPage":{"@id":"https:\/\/pscsvh.com\/ca\/acompanyem-adiscap-a-visitar-al-parlament\/#primaryimage"},"image":{"@id":"https:\/\/pscsvh.com\/ca\/acompanyem-adiscap-a-visitar-al-parlament\/#primaryimage"},"thumbnailUrl":"https:\/\/pscsvh.com\/wp-content\/uploads\/2023\/03\/337344160_877608893300910_4048401573460375599_n.jpg","datePublished":"2023-03-24T20:58:01+00:00","dateModified":"2023-04-04T17:01:54+00:00","description":"Acompanyem ADISCAP a visitar al Parlament. Miguel Comino i la regidora Mar\u00eda Pel\u00e1ez, van acompanyar Adiscap SVH en la visita al Parlament","breadcrumb":{"@id":"https:\/\/pscsvh.com\/ca\/acompanyem-adiscap-a-visitar-al-parlament\/#breadcrumb"},"inLanguage":"ca","potentialAction":[{"@type":"ReadAction","target":["https:\/\/pscsvh.com\/ca\/acompanyem-adiscap-a-visitar-al-parlament\/"]}]},{"@type":"ImageObject","inLanguage":"ca","@id":"https:\/\/pscsvh.com\/ca\/acompanyem-adiscap-a-visitar-al-parlament\/#primaryimage","url":"https:\/\/pscsvh.com\/wp-content\/uploads\/2023\/03\/337344160_877608893300910_4048401573460375599_n.jpg","contentUrl":"https:\/\/pscsvh.com\/wp-content\/uploads\/2023\/03\/337344160_877608893300910_4048401573460375599_n.jpg","width":960,"height":720,"caption":"El viernes el alcalde de Sant Vicen\u00e7 dels Horts Miguel Comino y la concejala Mar\u00eda Pel\u00e1ez, acompa\u00f1aron a Adiscap SVH en su visita al Parlament."},{"@type":"BreadcrumbList","@id":"https:\/\/pscsvh.com\/ca\/acompanyem-adiscap-a-visitar-al-parlament\/#breadcrumb","itemListElement":[{"@type":"ListItem","position":1,"name":"Portada","item":"https:\/\/pscsvh.com\/ca\/"},{"@type":"ListItem","position":2,"name":"Acompanyem ADISCAP a visitar al Parlament"}]},{"@type":"WebSite","@id":"https:\/\/pscsvh.com\/ca\/#website","url":"https:\/\/pscsvh.com\/ca\/","name":"PSC SVH","description":"El cambio que suma","publisher":{"@id":"https:\/\/pscsvh.com\/ca\/#organization"},"potentialAction":[{"@type":"SearchAction","target":{"@type":"EntryPoint","urlTemplate":"https:\/\/pscsvh.com\/ca\/?s={search_term_string}"},"query-input":{"@type":"PropertyValueSpecification","valueRequired":true,"valueName":"search_term_string"}}],"inLanguage":"ca"},{"@type":"Organization","@id":"https:\/\/pscsvh.com\/ca\/#organization","name":"PSC SVH","url":"https:\/\/pscsvh.com\/ca\/","logo":{"@type":"ImageObject","inLanguage":"ca","@id":"https:\/\/pscsvh.com\/ca\/#\/schema\/logo\/image\/","url":"https:\/\/pscsvh.com\/wp-content\/uploads\/2022\/06\/cropped-Logo_SVh2-300x158-1.png","contentUrl":"https:\/\/pscsvh.com\/wp-content\/uploads\/2022\/06\/cropped-Logo_SVh2-300x158-1.png","width":300,"height":158,"caption":"PSC SVH"},"image":{"@id":"https:\/\/pscsvh.com\/ca\/#\/schema\/logo\/image\/"}},{"@type":"Person","@id":"https:\/\/pscsvh.com\/ca\/#\/schema\/person\/6ad2cedf14b82878e2897de3ed64f1f9","name":"PSC SVH","image":{"@type":"ImageObject","inLanguage":"ca","@id":"https:\/\/pscsvh.com\/ca\/#\/schema\/person\/image\/","url":"https:\/\/secure.gravatar.com\/avatar\/a019c39072cc7d669be4d6e2cda099b4e834789e55938a3ec58bef829a37db42?s=96&d=mm&r=g","contentUrl":"https:\/\/secure.gravatar.com\/avatar\/a019c39072cc7d669be4d6e2cda099b4e834789e55938a3ec58bef829a37db42?s=96&d=mm&r=g","caption":"PSC SVH"},"url":"https:\/\/pscsvh.com\/ca\/author\/admin-2\/"}]}},"_links":{"self":[{"href":"https:\/\/pscsvh.com\/ca\/wp-json\/wp\/v2\/posts\/5675","targetHints":{"allow":["GET"]}}],"collection":[{"href":"https:\/\/pscsvh.com\/ca\/wp-json\/wp\/v2\/posts"}],"about":[{"href":"https:\/\/pscsvh.com\/ca\/wp-json\/wp\/v2\/types\/post"}],"author":[{"embeddable":true,"href":"https:\/\/pscsvh.com\/ca\/wp-json\/wp\/v2\/users\/2"}],"replies":[{"embeddable":true,"href":"https:\/\/pscsvh.com\/ca\/wp-json\/wp\/v2\/comments?post=5675"}],"version-history":[{"count":1,"href":"https:\/\/pscsvh.com\/ca\/wp-json\/wp\/v2\/posts\/5675\/revisions"}],"predecessor-version":[{"id":5676,"href":"https:\/\/pscsvh.com\/ca\/wp-json\/wp\/v2\/posts\/5675\/revisions\/5676"}],"wp:featuredmedia":[{"embeddable":true,"href":"https:\/\/pscsvh.com\/ca\/wp-json\/wp\/v2\/media\/5532"}],"wp:attachment":[{"href":"https:\/\/pscsvh.com\/ca\/wp-json\/wp\/v2\/media?parent=5675"}],"wp:term":[{"taxonomy":"category","embeddable":true,"href":"https:\/\/pscsvh.com\/ca\/wp-json\/wp\/v2\/categories?post=5675"},{"taxonomy":"post_tag","embeddable":true,"href":"https:\/\/pscsvh.com\/ca\/wp-json\/wp\/v2\/tags?post=5675"},{"taxonomy":"citadela-post-location","embeddable":true,"href":"https:\/\/pscsvh.com\/ca\/wp-json\/wp\/v2\/citadela-post-location?post=5675"}],"curies":[{"name":"wp","href":"https:\/\/api.w.org\/{rel}","templated":true}]}}