{"id":5512,"date":"2023-03-08T12:14:09","date_gmt":"2023-03-08T11:14:09","guid":{"rendered":"https:\/\/pscsvh.com\/8-de-marc-dia-internacional-de-la-dona\/"},"modified":"2023-03-15T18:42:19","modified_gmt":"2023-03-15T17:42:19","slug":"8-de-marc-dia-internacional-de-la-dona","status":"publish","type":"post","link":"https:\/\/pscsvh.com\/ca\/8-de-marc-dia-internacional-de-la-dona\/","title":{"rendered":"8 de Mar\u00e7, dia internacional de la dona"},"content":{"rendered":"\n<p>Patricia Higueras, regidora de feminisme amb l&#8217;alcalde Miguel Comino presideixen aquest acte reivindicatiu a la pla\u00e7a de l&#8217;Ajuntament.<\/p>\n\n<p>L&#8217;agrupaci\u00f3 de Dones S\u00e0vies ha fet la lectura del manifest aquest migdia a la pla\u00e7a de la Vila. El text remarca la pot\u00e8ncia del moviment feminista com a protagonista de les mobilitzacions m\u00e9s importants dels darrers anys i insta les administracions locals a garantir i posar en marxa pol\u00edtiques que reforcin els drets sexuals i reproductius de les dones i les persones LGTBI.<\/p>\n\n<blockquote class=\"wp-block-quote is-layout-flow wp-block-quote-is-layout-flow\">\n<p>Els aliats i aliades feministes hem de poder centrar-nos en tot all\u00f2 que ens uneix i no dividir-nos. El feminisme \u00e9s igualtat, \u00e9s llibertat i \u00e9s democr\u00e0cia. Visqui el 8 de mar\u00e7! Visca la lluita feminista!<\/p>\n<cite>Miguel Comino<\/cite><\/blockquote>\n\n<figure class=\"wp-block-gallery has-nested-images columns-default is-cropped wp-block-gallery-1 is-layout-flex wp-block-gallery-is-layout-flex\">\n<figure class=\"wp-block-image size-large\"><a href=\"https:\/\/pscsvh.com\/wp-content\/uploads\/2023\/03\/330291551_570384221716351_5761768830764573161_n.jpg\"><img loading=\"lazy\" decoding=\"async\" width=\"1024\" height=\"1024\" data-id=\"5462\" src=\"https:\/\/pscsvh.com\/wp-content\/uploads\/2023\/03\/330291551_570384221716351_5761768830764573161_n-1024x1024.jpg\" alt=\"\" class=\"wp-image-5462\" srcset=\"https:\/\/pscsvh.com\/wp-content\/uploads\/2023\/03\/330291551_570384221716351_5761768830764573161_n-1024x1024.jpg 1024w, https:\/\/pscsvh.com\/wp-content\/uploads\/2023\/03\/330291551_570384221716351_5761768830764573161_n-300x300.jpg 300w, https:\/\/pscsvh.com\/wp-content\/uploads\/2023\/03\/330291551_570384221716351_5761768830764573161_n-150x150.jpg 150w, https:\/\/pscsvh.com\/wp-content\/uploads\/2023\/03\/330291551_570384221716351_5761768830764573161_n-768x768.jpg 768w, https:\/\/pscsvh.com\/wp-content\/uploads\/2023\/03\/330291551_570384221716351_5761768830764573161_n.jpg 1080w\" sizes=\"auto, (max-width: 1024px) 100vw, 1024px\" \/><\/a><\/figure>\n\n\n\n<figure class=\"wp-block-image size-large\"><a href=\"https:\/\/pscsvh.com\/wp-content\/uploads\/2023\/03\/Captura-de-pantalla-2023-03-13-121842.png\"><img loading=\"lazy\" decoding=\"async\" width=\"742\" height=\"582\" data-id=\"5464\" src=\"https:\/\/pscsvh.com\/wp-content\/uploads\/2023\/03\/Captura-de-pantalla-2023-03-13-121842.png\" alt=\"\" class=\"wp-image-5464\" srcset=\"https:\/\/pscsvh.com\/wp-content\/uploads\/2023\/03\/Captura-de-pantalla-2023-03-13-121842.png 742w, https:\/\/pscsvh.com\/wp-content\/uploads\/2023\/03\/Captura-de-pantalla-2023-03-13-121842-300x235.png 300w\" sizes=\"auto, (max-width: 742px) 100vw, 742px\" \/><\/a><\/figure>\n\n\n\n<figure class=\"wp-block-image size-large\"><img loading=\"lazy\" decoding=\"async\" width=\"756\" height=\"578\" data-id=\"5468\" src=\"https:\/\/pscsvh.com\/wp-content\/uploads\/2023\/03\/Captura-de-pantalla-2023-03-13-121749.png\" alt=\"\" class=\"wp-image-5468\" srcset=\"https:\/\/pscsvh.com\/wp-content\/uploads\/2023\/03\/Captura-de-pantalla-2023-03-13-121749.png 756w, https:\/\/pscsvh.com\/wp-content\/uploads\/2023\/03\/Captura-de-pantalla-2023-03-13-121749-300x229.png 300w\" sizes=\"auto, (max-width: 756px) 100vw, 756px\" \/><\/figure>\n\n\n\n<figure class=\"wp-block-image size-large\"><a href=\"https:\/\/pscsvh.com\/wp-content\/uploads\/2023\/03\/Captura-de-pantalla-2023-03-13-121706.png\"><img loading=\"lazy\" decoding=\"async\" width=\"758\" height=\"556\" data-id=\"5466\" src=\"https:\/\/pscsvh.com\/wp-content\/uploads\/2023\/03\/Captura-de-pantalla-2023-03-13-121706.png\" alt=\"\" class=\"wp-image-5466\" srcset=\"https:\/\/pscsvh.com\/wp-content\/uploads\/2023\/03\/Captura-de-pantalla-2023-03-13-121706.png 758w, https:\/\/pscsvh.com\/wp-content\/uploads\/2023\/03\/Captura-de-pantalla-2023-03-13-121706-300x220.png 300w\" sizes=\"auto, (max-width: 758px) 100vw, 758px\" \/><\/a><\/figure>\n<\/figure>\n","protected":false},"excerpt":{"rendered":"<p>Els aliats i aliades feministes hem de poder centrar-nos en tot all\u00f2 que ens uneix i no dividir-nos. El feminisme \u00e9s igualtat, \u00e9s llibertat i \u00e9s democr\u00e0cia.<\/p>\n","protected":false},"author":2,"featured_media":5467,"comment_status":"open","ping_status":"closed","sticky":false,"template":"","format":"standard","meta":{"_citadela_custom_class":"","footnotes":""},"categories":[265],"tags":[339],"citadela-post-location":[42],"class_list":["post-5512","post","type-post","status-publish","format-standard","has-post-thumbnail","hentry","category-feminisme","tag-8-de-marc"],"yoast_head":"<!-- This site is optimized with the Yoast SEO plugin v24.7 - https:\/\/yoast.com\/wordpress\/plugins\/seo\/ -->\n<title>8 de Mar\u00e7, dia internacional de la dona - PSC SVH<\/title>\n<meta name=\"description\" content=\"8 de Mar\u00e7, dia internacional de la dona. Patricia Higueras, regidora de feminisme amb l&#039;alcalde Miguel Comino presideixen aquest acte reivindicatiu a la pla\u00e7a de l&#039;Ajuntament\" \/>\n<meta name=\"robots\" content=\"index, follow, max-snippet:-1, max-image-preview:large, max-video-preview:-1\" \/>\n<link rel=\"canonical\" href=\"https:\/\/pscsvh.com\/ca\/8-de-marc-dia-internacional-de-la-dona\/\" \/>\n<meta property=\"og:locale\" content=\"ca_ES\" \/>\n<meta property=\"og:type\" content=\"article\" \/>\n<meta property=\"og:title\" content=\"8 de Mar\u00e7, dia internacional de la dona - PSC SVH\" \/>\n<meta property=\"og:description\" content=\"8 de Mar\u00e7, dia internacional de la dona. Patricia Higueras, regidora de feminisme amb l&#039;alcalde Miguel Comino presideixen aquest acte reivindicatiu a la pla\u00e7a de l&#039;Ajuntament\" \/>\n<meta property=\"og:url\" content=\"https:\/\/pscsvh.com\/ca\/8-de-marc-dia-internacional-de-la-dona\/\" \/>\n<meta property=\"og:site_name\" content=\"PSC SVH\" \/>\n<meta property=\"article:published_time\" content=\"2023-03-08T11:14:09+00:00\" \/>\n<meta property=\"article:modified_time\" content=\"2023-03-15T17:42:19+00:00\" \/>\n<meta property=\"og:image\" content=\"https:\/\/pscsvh.com\/wp-content\/uploads\/2023\/03\/Captura-de-pantalla-2023-03-13-121706.png\" \/>\n\t<meta property=\"og:image:width\" content=\"758\" \/>\n\t<meta property=\"og:image:height\" content=\"556\" \/>\n\t<meta property=\"og:image:type\" content=\"image\/png\" \/>\n<meta name=\"author\" content=\"PSC SVH\" \/>\n<meta name=\"twitter:card\" content=\"summary_large_image\" \/>\n<meta name=\"twitter:label1\" content=\"Escrit per\" \/>\n\t<meta name=\"twitter:data1\" content=\"PSC SVH\" \/>\n\t<meta name=\"twitter:label2\" content=\"Temps estimat de lectura\" \/>\n\t<meta name=\"twitter:data2\" content=\"1 minut\" \/>\n<script type=\"application\/ld+json\" class=\"yoast-schema-graph\">{\"@context\":\"https:\/\/schema.org\",\"@graph\":[{\"@type\":\"Article\",\"@id\":\"https:\/\/pscsvh.com\/ca\/8-de-marc-dia-internacional-de-la-dona\/#article\",\"isPartOf\":{\"@id\":\"https:\/\/pscsvh.com\/ca\/8-de-marc-dia-internacional-de-la-dona\/\"},\"author\":{\"name\":\"PSC SVH\",\"@id\":\"https:\/\/pscsvh.com\/ca\/#\/schema\/person\/6ad2cedf14b82878e2897de3ed64f1f9\"},\"headline\":\"8 de Mar\u00e7, dia internacional de la dona\",\"datePublished\":\"2023-03-08T11:14:09+00:00\",\"dateModified\":\"2023-03-15T17:42:19+00:00\",\"mainEntityOfPage\":{\"@id\":\"https:\/\/pscsvh.com\/ca\/8-de-marc-dia-internacional-de-la-dona\/\"},\"wordCount\":135,\"commentCount\":0,\"publisher\":{\"@id\":\"https:\/\/pscsvh.com\/ca\/#organization\"},\"image\":{\"@id\":\"https:\/\/pscsvh.com\/ca\/8-de-marc-dia-internacional-de-la-dona\/#primaryimage\"},\"thumbnailUrl\":\"https:\/\/pscsvh.com\/wp-content\/uploads\/2023\/03\/Captura-de-pantalla-2023-03-13-121706.png\",\"keywords\":[\"8 de mar\u00e7\"],\"articleSection\":[\"Feminisme\"],\"inLanguage\":\"ca\",\"potentialAction\":[{\"@type\":\"CommentAction\",\"name\":\"Comment\",\"target\":[\"https:\/\/pscsvh.com\/ca\/8-de-marc-dia-internacional-de-la-dona\/#respond\"]}]},{\"@type\":\"WebPage\",\"@id\":\"https:\/\/pscsvh.com\/ca\/8-de-marc-dia-internacional-de-la-dona\/\",\"url\":\"https:\/\/pscsvh.com\/ca\/8-de-marc-dia-internacional-de-la-dona\/\",\"name\":\"8 de Mar\u00e7, dia internacional de la dona - PSC SVH\",\"isPartOf\":{\"@id\":\"https:\/\/pscsvh.com\/ca\/#website\"},\"primaryImageOfPage\":{\"@id\":\"https:\/\/pscsvh.com\/ca\/8-de-marc-dia-internacional-de-la-dona\/#primaryimage\"},\"image\":{\"@id\":\"https:\/\/pscsvh.com\/ca\/8-de-marc-dia-internacional-de-la-dona\/#primaryimage\"},\"thumbnailUrl\":\"https:\/\/pscsvh.com\/wp-content\/uploads\/2023\/03\/Captura-de-pantalla-2023-03-13-121706.png\",\"datePublished\":\"2023-03-08T11:14:09+00:00\",\"dateModified\":\"2023-03-15T17:42:19+00:00\",\"description\":\"8 de Mar\u00e7, dia internacional de la dona. Patricia Higueras, regidora de feminisme amb l'alcalde Miguel Comino presideixen aquest acte reivindicatiu a la pla\u00e7a de l'Ajuntament\",\"breadcrumb\":{\"@id\":\"https:\/\/pscsvh.com\/ca\/8-de-marc-dia-internacional-de-la-dona\/#breadcrumb\"},\"inLanguage\":\"ca\",\"potentialAction\":[{\"@type\":\"ReadAction\",\"target\":[\"https:\/\/pscsvh.com\/ca\/8-de-marc-dia-internacional-de-la-dona\/\"]}]},{\"@type\":\"ImageObject\",\"inLanguage\":\"ca\",\"@id\":\"https:\/\/pscsvh.com\/ca\/8-de-marc-dia-internacional-de-la-dona\/#primaryimage\",\"url\":\"https:\/\/pscsvh.com\/wp-content\/uploads\/2023\/03\/Captura-de-pantalla-2023-03-13-121706.png\",\"contentUrl\":\"https:\/\/pscsvh.com\/wp-content\/uploads\/2023\/03\/Captura-de-pantalla-2023-03-13-121706.png\",\"width\":758,\"height\":556,\"caption\":\"Patricia Higueras, concejala de feminismo junto al alcalde Miguel Comino presiden este acto reivindicativo en la plaza del Ayuntamiento.\"},{\"@type\":\"BreadcrumbList\",\"@id\":\"https:\/\/pscsvh.com\/ca\/8-de-marc-dia-internacional-de-la-dona\/#breadcrumb\",\"itemListElement\":[{\"@type\":\"ListItem\",\"position\":1,\"name\":\"Portada\",\"item\":\"https:\/\/pscsvh.com\/ca\/\"},{\"@type\":\"ListItem\",\"position\":2,\"name\":\"8 de Mar\u00e7, dia internacional de la dona\"}]},{\"@type\":\"WebSite\",\"@id\":\"https:\/\/pscsvh.com\/ca\/#website\",\"url\":\"https:\/\/pscsvh.com\/ca\/\",\"name\":\"PSC SVH\",\"description\":\"El cambio que suma\",\"publisher\":{\"@id\":\"https:\/\/pscsvh.com\/ca\/#organization\"},\"potentialAction\":[{\"@type\":\"SearchAction\",\"target\":{\"@type\":\"EntryPoint\",\"urlTemplate\":\"https:\/\/pscsvh.com\/ca\/?s={search_term_string}\"},\"query-input\":{\"@type\":\"PropertyValueSpecification\",\"valueRequired\":true,\"valueName\":\"search_term_string\"}}],\"inLanguage\":\"ca\"},{\"@type\":\"Organization\",\"@id\":\"https:\/\/pscsvh.com\/ca\/#organization\",\"name\":\"PSC SVH\",\"url\":\"https:\/\/pscsvh.com\/ca\/\",\"logo\":{\"@type\":\"ImageObject\",\"inLanguage\":\"ca\",\"@id\":\"https:\/\/pscsvh.com\/ca\/#\/schema\/logo\/image\/\",\"url\":\"https:\/\/pscsvh.com\/wp-content\/uploads\/2022\/06\/cropped-Logo_SVh2-300x158-1.png\",\"contentUrl\":\"https:\/\/pscsvh.com\/wp-content\/uploads\/2022\/06\/cropped-Logo_SVh2-300x158-1.png\",\"width\":300,\"height\":158,\"caption\":\"PSC SVH\"},\"image\":{\"@id\":\"https:\/\/pscsvh.com\/ca\/#\/schema\/logo\/image\/\"}},{\"@type\":\"Person\",\"@id\":\"https:\/\/pscsvh.com\/ca\/#\/schema\/person\/6ad2cedf14b82878e2897de3ed64f1f9\",\"name\":\"PSC SVH\",\"image\":{\"@type\":\"ImageObject\",\"inLanguage\":\"ca\",\"@id\":\"https:\/\/pscsvh.com\/ca\/#\/schema\/person\/image\/\",\"url\":\"https:\/\/secure.gravatar.com\/avatar\/a019c39072cc7d669be4d6e2cda099b4e834789e55938a3ec58bef829a37db42?s=96&d=mm&r=g\",\"contentUrl\":\"https:\/\/secure.gravatar.com\/avatar\/a019c39072cc7d669be4d6e2cda099b4e834789e55938a3ec58bef829a37db42?s=96&d=mm&r=g\",\"caption\":\"PSC SVH\"},\"url\":\"https:\/\/pscsvh.com\/ca\/author\/admin-2\/\"}]}<\/script>\n<!-- \/ Yoast SEO plugin. -->","yoast_head_json":{"title":"8 de Mar\u00e7, dia internacional de la dona - PSC SVH","description":"8 de Mar\u00e7, dia internacional de la dona. Patricia Higueras, regidora de feminisme amb l'alcalde Miguel Comino presideixen aquest acte reivindicatiu a la pla\u00e7a de l'Ajuntament","robots":{"index":"index","follow":"follow","max-snippet":"max-snippet:-1","max-image-preview":"max-image-preview:large","max-video-preview":"max-video-preview:-1"},"canonical":"https:\/\/pscsvh.com\/ca\/8-de-marc-dia-internacional-de-la-dona\/","og_locale":"ca_ES","og_type":"article","og_title":"8 de Mar\u00e7, dia internacional de la dona - PSC SVH","og_description":"8 de Mar\u00e7, dia internacional de la dona. Patricia Higueras, regidora de feminisme amb l'alcalde Miguel Comino presideixen aquest acte reivindicatiu a la pla\u00e7a de l'Ajuntament","og_url":"https:\/\/pscsvh.com\/ca\/8-de-marc-dia-internacional-de-la-dona\/","og_site_name":"PSC SVH","article_published_time":"2023-03-08T11:14:09+00:00","article_modified_time":"2023-03-15T17:42:19+00:00","og_image":[{"width":758,"height":556,"url":"https:\/\/pscsvh.com\/wp-content\/uploads\/2023\/03\/Captura-de-pantalla-2023-03-13-121706.png","type":"image\/png"}],"author":"PSC SVH","twitter_card":"summary_large_image","twitter_misc":{"Escrit per":"PSC SVH","Temps estimat de lectura":"1 minut"},"schema":{"@context":"https:\/\/schema.org","@graph":[{"@type":"Article","@id":"https:\/\/pscsvh.com\/ca\/8-de-marc-dia-internacional-de-la-dona\/#article","isPartOf":{"@id":"https:\/\/pscsvh.com\/ca\/8-de-marc-dia-internacional-de-la-dona\/"},"author":{"name":"PSC SVH","@id":"https:\/\/pscsvh.com\/ca\/#\/schema\/person\/6ad2cedf14b82878e2897de3ed64f1f9"},"headline":"8 de Mar\u00e7, dia internacional de la dona","datePublished":"2023-03-08T11:14:09+00:00","dateModified":"2023-03-15T17:42:19+00:00","mainEntityOfPage":{"@id":"https:\/\/pscsvh.com\/ca\/8-de-marc-dia-internacional-de-la-dona\/"},"wordCount":135,"commentCount":0,"publisher":{"@id":"https:\/\/pscsvh.com\/ca\/#organization"},"image":{"@id":"https:\/\/pscsvh.com\/ca\/8-de-marc-dia-internacional-de-la-dona\/#primaryimage"},"thumbnailUrl":"https:\/\/pscsvh.com\/wp-content\/uploads\/2023\/03\/Captura-de-pantalla-2023-03-13-121706.png","keywords":["8 de mar\u00e7"],"articleSection":["Feminisme"],"inLanguage":"ca","potentialAction":[{"@type":"CommentAction","name":"Comment","target":["https:\/\/pscsvh.com\/ca\/8-de-marc-dia-internacional-de-la-dona\/#respond"]}]},{"@type":"WebPage","@id":"https:\/\/pscsvh.com\/ca\/8-de-marc-dia-internacional-de-la-dona\/","url":"https:\/\/pscsvh.com\/ca\/8-de-marc-dia-internacional-de-la-dona\/","name":"8 de Mar\u00e7, dia internacional de la dona - PSC SVH","isPartOf":{"@id":"https:\/\/pscsvh.com\/ca\/#website"},"primaryImageOfPage":{"@id":"https:\/\/pscsvh.com\/ca\/8-de-marc-dia-internacional-de-la-dona\/#primaryimage"},"image":{"@id":"https:\/\/pscsvh.com\/ca\/8-de-marc-dia-internacional-de-la-dona\/#primaryimage"},"thumbnailUrl":"https:\/\/pscsvh.com\/wp-content\/uploads\/2023\/03\/Captura-de-pantalla-2023-03-13-121706.png","datePublished":"2023-03-08T11:14:09+00:00","dateModified":"2023-03-15T17:42:19+00:00","description":"8 de Mar\u00e7, dia internacional de la dona. Patricia Higueras, regidora de feminisme amb l'alcalde Miguel Comino presideixen aquest acte reivindicatiu a la pla\u00e7a de l'Ajuntament","breadcrumb":{"@id":"https:\/\/pscsvh.com\/ca\/8-de-marc-dia-internacional-de-la-dona\/#breadcrumb"},"inLanguage":"ca","potentialAction":[{"@type":"ReadAction","target":["https:\/\/pscsvh.com\/ca\/8-de-marc-dia-internacional-de-la-dona\/"]}]},{"@type":"ImageObject","inLanguage":"ca","@id":"https:\/\/pscsvh.com\/ca\/8-de-marc-dia-internacional-de-la-dona\/#primaryimage","url":"https:\/\/pscsvh.com\/wp-content\/uploads\/2023\/03\/Captura-de-pantalla-2023-03-13-121706.png","contentUrl":"https:\/\/pscsvh.com\/wp-content\/uploads\/2023\/03\/Captura-de-pantalla-2023-03-13-121706.png","width":758,"height":556,"caption":"Patricia Higueras, concejala de feminismo junto al alcalde Miguel Comino presiden este acto reivindicativo en la plaza del Ayuntamiento."},{"@type":"BreadcrumbList","@id":"https:\/\/pscsvh.com\/ca\/8-de-marc-dia-internacional-de-la-dona\/#breadcrumb","itemListElement":[{"@type":"ListItem","position":1,"name":"Portada","item":"https:\/\/pscsvh.com\/ca\/"},{"@type":"ListItem","position":2,"name":"8 de Mar\u00e7, dia internacional de la dona"}]},{"@type":"WebSite","@id":"https:\/\/pscsvh.com\/ca\/#website","url":"https:\/\/pscsvh.com\/ca\/","name":"PSC SVH","description":"El cambio que suma","publisher":{"@id":"https:\/\/pscsvh.com\/ca\/#organization"},"potentialAction":[{"@type":"SearchAction","target":{"@type":"EntryPoint","urlTemplate":"https:\/\/pscsvh.com\/ca\/?s={search_term_string}"},"query-input":{"@type":"PropertyValueSpecification","valueRequired":true,"valueName":"search_term_string"}}],"inLanguage":"ca"},{"@type":"Organization","@id":"https:\/\/pscsvh.com\/ca\/#organization","name":"PSC SVH","url":"https:\/\/pscsvh.com\/ca\/","logo":{"@type":"ImageObject","inLanguage":"ca","@id":"https:\/\/pscsvh.com\/ca\/#\/schema\/logo\/image\/","url":"https:\/\/pscsvh.com\/wp-content\/uploads\/2022\/06\/cropped-Logo_SVh2-300x158-1.png","contentUrl":"https:\/\/pscsvh.com\/wp-content\/uploads\/2022\/06\/cropped-Logo_SVh2-300x158-1.png","width":300,"height":158,"caption":"PSC SVH"},"image":{"@id":"https:\/\/pscsvh.com\/ca\/#\/schema\/logo\/image\/"}},{"@type":"Person","@id":"https:\/\/pscsvh.com\/ca\/#\/schema\/person\/6ad2cedf14b82878e2897de3ed64f1f9","name":"PSC SVH","image":{"@type":"ImageObject","inLanguage":"ca","@id":"https:\/\/pscsvh.com\/ca\/#\/schema\/person\/image\/","url":"https:\/\/secure.gravatar.com\/avatar\/a019c39072cc7d669be4d6e2cda099b4e834789e55938a3ec58bef829a37db42?s=96&d=mm&r=g","contentUrl":"https:\/\/secure.gravatar.com\/avatar\/a019c39072cc7d669be4d6e2cda099b4e834789e55938a3ec58bef829a37db42?s=96&d=mm&r=g","caption":"PSC SVH"},"url":"https:\/\/pscsvh.com\/ca\/author\/admin-2\/"}]}},"_links":{"self":[{"href":"https:\/\/pscsvh.com\/ca\/wp-json\/wp\/v2\/posts\/5512","targetHints":{"allow":["GET"]}}],"collection":[{"href":"https:\/\/pscsvh.com\/ca\/wp-json\/wp\/v2\/posts"}],"about":[{"href":"https:\/\/pscsvh.com\/ca\/wp-json\/wp\/v2\/types\/post"}],"author":[{"embeddable":true,"href":"https:\/\/pscsvh.com\/ca\/wp-json\/wp\/v2\/users\/2"}],"replies":[{"embeddable":true,"href":"https:\/\/pscsvh.com\/ca\/wp-json\/wp\/v2\/comments?post=5512"}],"version-history":[{"count":3,"href":"https:\/\/pscsvh.com\/ca\/wp-json\/wp\/v2\/posts\/5512\/revisions"}],"predecessor-version":[{"id":5515,"href":"https:\/\/pscsvh.com\/ca\/wp-json\/wp\/v2\/posts\/5512\/revisions\/5515"}],"wp:featuredmedia":[{"embeddable":true,"href":"https:\/\/pscsvh.com\/ca\/wp-json\/wp\/v2\/media\/5467"}],"wp:attachment":[{"href":"https:\/\/pscsvh.com\/ca\/wp-json\/wp\/v2\/media?parent=5512"}],"wp:term":[{"taxonomy":"category","embeddable":true,"href":"https:\/\/pscsvh.com\/ca\/wp-json\/wp\/v2\/categories?post=5512"},{"taxonomy":"post_tag","embeddable":true,"href":"https:\/\/pscsvh.com\/ca\/wp-json\/wp\/v2\/tags?post=5512"},{"taxonomy":"citadela-post-location","embeddable":true,"href":"https:\/\/pscsvh.com\/ca\/wp-json\/wp\/v2\/citadela-post-location?post=5512"}],"curies":[{"name":"wp","href":"https:\/\/api.w.org\/{rel}","templated":true}]}}