{"id":5457,"date":"2023-02-28T18:20:57","date_gmt":"2023-02-28T17:20:57","guid":{"rendered":"https:\/\/pscsvh.com\/28-de-febrer-dia-dandalusia\/"},"modified":"2023-03-08T20:28:33","modified_gmt":"2023-03-08T19:28:33","slug":"28-de-febrer-dia-dandalusia","status":"publish","type":"post","link":"https:\/\/pscsvh.com\/ca\/28-de-febrer-dia-dandalusia\/","title":{"rendered":"28 de febrer, dia d&#8217;Andalusia"},"content":{"rendered":"\n<p><strong>L&#8217;alcalde de Sant Vicen\u00e7 dels Horts Miguel Comino i l&#8217;equip de govern han participat als actes del 28 de febrer.<\/strong><\/p>\n\n<p>Per segon any, hem celebrat l&#8217;acte institucional del 28 de febrer, dia d&#8217;Andalusia.<br\/>Moltes gr\u00e0cies a totes les persones i entitats que ho han fet possible.<br\/>Que per molts anys puguem continuar celebrant i reivindicat el 28 de febrer i retent homenatge a Blas Infante a Sant Vicen\u00e7 dels Horts.<\/p>\n\n<figure class=\"wp-block-gallery has-nested-images columns-default is-cropped wp-block-gallery-1 is-layout-flex wp-block-gallery-is-layout-flex\">\n<figure class=\"wp-block-image size-large\"><a href=\"https:\/\/pscsvh.com\/wp-content\/uploads\/2023\/03\/08.jpg\"><img loading=\"lazy\" decoding=\"async\" width=\"1000\" height=\"1000\" data-id=\"5383\" src=\"https:\/\/pscsvh.com\/wp-content\/uploads\/2023\/03\/08.jpg\" alt=\"\" class=\"wp-image-5383\" srcset=\"https:\/\/pscsvh.com\/wp-content\/uploads\/2023\/03\/08.jpg 1000w, https:\/\/pscsvh.com\/wp-content\/uploads\/2023\/03\/08-300x300.jpg 300w, https:\/\/pscsvh.com\/wp-content\/uploads\/2023\/03\/08-150x150.jpg 150w, https:\/\/pscsvh.com\/wp-content\/uploads\/2023\/03\/08-768x768.jpg 768w\" sizes=\"auto, (max-width: 1000px) 100vw, 1000px\" \/><\/a><\/figure>\n\n\n\n<figure class=\"wp-block-image size-large\"><a href=\"https:\/\/pscsvh.com\/wp-content\/uploads\/2023\/03\/07.jpg\"><img loading=\"lazy\" decoding=\"async\" width=\"1000\" height=\"1000\" data-id=\"5379\" src=\"https:\/\/pscsvh.com\/wp-content\/uploads\/2023\/03\/07.jpg\" alt=\"\" class=\"wp-image-5379\" srcset=\"https:\/\/pscsvh.com\/wp-content\/uploads\/2023\/03\/07.jpg 1000w, https:\/\/pscsvh.com\/wp-content\/uploads\/2023\/03\/07-300x300.jpg 300w, https:\/\/pscsvh.com\/wp-content\/uploads\/2023\/03\/07-150x150.jpg 150w, https:\/\/pscsvh.com\/wp-content\/uploads\/2023\/03\/07-768x768.jpg 768w\" sizes=\"auto, (max-width: 1000px) 100vw, 1000px\" \/><\/a><\/figure>\n\n\n\n<figure class=\"wp-block-image size-large\"><a href=\"https:\/\/pscsvh.com\/wp-content\/uploads\/2023\/03\/06.jpg\"><img loading=\"lazy\" decoding=\"async\" width=\"1000\" height=\"1000\" data-id=\"5391\" src=\"https:\/\/pscsvh.com\/wp-content\/uploads\/2023\/03\/06.jpg\" alt=\"\" class=\"wp-image-5391\" srcset=\"https:\/\/pscsvh.com\/wp-content\/uploads\/2023\/03\/06.jpg 1000w, https:\/\/pscsvh.com\/wp-content\/uploads\/2023\/03\/06-300x300.jpg 300w, https:\/\/pscsvh.com\/wp-content\/uploads\/2023\/03\/06-150x150.jpg 150w, https:\/\/pscsvh.com\/wp-content\/uploads\/2023\/03\/06-768x768.jpg 768w\" sizes=\"auto, (max-width: 1000px) 100vw, 1000px\" \/><\/a><\/figure>\n\n\n\n<figure class=\"wp-block-image size-large\"><a href=\"https:\/\/pscsvh.com\/wp-content\/uploads\/2023\/03\/05.jpg\"><img loading=\"lazy\" decoding=\"async\" width=\"1000\" height=\"1000\" data-id=\"5385\" src=\"https:\/\/pscsvh.com\/wp-content\/uploads\/2023\/03\/05.jpg\" alt=\"\" class=\"wp-image-5385\" srcset=\"https:\/\/pscsvh.com\/wp-content\/uploads\/2023\/03\/05.jpg 1000w, https:\/\/pscsvh.com\/wp-content\/uploads\/2023\/03\/05-300x300.jpg 300w, https:\/\/pscsvh.com\/wp-content\/uploads\/2023\/03\/05-150x150.jpg 150w, https:\/\/pscsvh.com\/wp-content\/uploads\/2023\/03\/05-768x768.jpg 768w\" sizes=\"auto, (max-width: 1000px) 100vw, 1000px\" \/><\/a><\/figure>\n\n\n\n<figure class=\"wp-block-image size-large\"><a href=\"https:\/\/pscsvh.com\/wp-content\/uploads\/2023\/03\/04.jpg\"><img loading=\"lazy\" decoding=\"async\" width=\"1000\" height=\"1000\" data-id=\"5389\" src=\"https:\/\/pscsvh.com\/wp-content\/uploads\/2023\/03\/04.jpg\" alt=\"\" class=\"wp-image-5389\" srcset=\"https:\/\/pscsvh.com\/wp-content\/uploads\/2023\/03\/04.jpg 1000w, https:\/\/pscsvh.com\/wp-content\/uploads\/2023\/03\/04-300x300.jpg 300w, https:\/\/pscsvh.com\/wp-content\/uploads\/2023\/03\/04-150x150.jpg 150w, https:\/\/pscsvh.com\/wp-content\/uploads\/2023\/03\/04-768x768.jpg 768w\" sizes=\"auto, (max-width: 1000px) 100vw, 1000px\" \/><\/a><\/figure>\n\n\n\n<figure class=\"wp-block-image size-large\"><a href=\"https:\/\/pscsvh.com\/wp-content\/uploads\/2023\/03\/03.jpg\"><img loading=\"lazy\" decoding=\"async\" width=\"1000\" height=\"1000\" data-id=\"5381\" src=\"https:\/\/pscsvh.com\/wp-content\/uploads\/2023\/03\/03.jpg\" alt=\"\" class=\"wp-image-5381\" srcset=\"https:\/\/pscsvh.com\/wp-content\/uploads\/2023\/03\/03.jpg 1000w, https:\/\/pscsvh.com\/wp-content\/uploads\/2023\/03\/03-300x300.jpg 300w, https:\/\/pscsvh.com\/wp-content\/uploads\/2023\/03\/03-150x150.jpg 150w, https:\/\/pscsvh.com\/wp-content\/uploads\/2023\/03\/03-768x768.jpg 768w\" sizes=\"auto, (max-width: 1000px) 100vw, 1000px\" \/><\/a><\/figure>\n\n\n\n<figure class=\"wp-block-image size-large\"><a href=\"https:\/\/pscsvh.com\/wp-content\/uploads\/2023\/03\/02.jpg\"><img loading=\"lazy\" decoding=\"async\" width=\"1000\" height=\"1000\" data-id=\"5387\" src=\"https:\/\/pscsvh.com\/wp-content\/uploads\/2023\/03\/02.jpg\" alt=\"\" class=\"wp-image-5387\" srcset=\"https:\/\/pscsvh.com\/wp-content\/uploads\/2023\/03\/02.jpg 1000w, https:\/\/pscsvh.com\/wp-content\/uploads\/2023\/03\/02-300x300.jpg 300w, https:\/\/pscsvh.com\/wp-content\/uploads\/2023\/03\/02-150x150.jpg 150w, https:\/\/pscsvh.com\/wp-content\/uploads\/2023\/03\/02-768x768.jpg 768w\" sizes=\"auto, (max-width: 1000px) 100vw, 1000px\" \/><\/a><\/figure>\n\n\n\n<figure class=\"wp-block-image size-large\"><a href=\"https:\/\/pscsvh.com\/wp-content\/uploads\/2023\/03\/01.jpg\"><img loading=\"lazy\" decoding=\"async\" width=\"1024\" height=\"1024\" data-id=\"5377\" src=\"https:\/\/pscsvh.com\/wp-content\/uploads\/2023\/03\/01-1024x1024.jpg\" alt=\"\" class=\"wp-image-5377\" srcset=\"https:\/\/pscsvh.com\/wp-content\/uploads\/2023\/03\/01-1024x1024.jpg 1024w, https:\/\/pscsvh.com\/wp-content\/uploads\/2023\/03\/01-300x300.jpg 300w, https:\/\/pscsvh.com\/wp-content\/uploads\/2023\/03\/01-150x150.jpg 150w, https:\/\/pscsvh.com\/wp-content\/uploads\/2023\/03\/01-768x768.jpg 768w, https:\/\/pscsvh.com\/wp-content\/uploads\/2023\/03\/01.jpg 1440w\" sizes=\"auto, (max-width: 1024px) 100vw, 1024px\" \/><\/a><\/figure>\n<\/figure>\n","protected":false},"excerpt":{"rendered":"<p>L&#8217;alcalde de Sant Vicen\u00e7 dels Horts Miguel Comino i l&#8217;equip de govern han participat als actes del 28 de febrer.<\/p>\n","protected":false},"author":2,"featured_media":5384,"comment_status":"open","ping_status":"closed","sticky":false,"template":"","format":"standard","meta":{"_citadela_custom_class":"","footnotes":""},"categories":[57],"tags":[336],"citadela-post-location":[42],"class_list":["post-5457","post","type-post","status-publish","format-standard","has-post-thumbnail","hentry","category-actualitat-vicentina","tag-dia-dandalusia"],"yoast_head":"<!-- This site is optimized with the Yoast SEO plugin v24.7 - https:\/\/yoast.com\/wordpress\/plugins\/seo\/ -->\n<title>28 de febrer, dia d&#039;Andalusia - PSC SVH<\/title>\n<meta name=\"description\" content=\"28 de febrer, dia d&#039;Andalusia. L&#039;alcalde de Sant Vicen\u00e7 dels Horts Miguel Comino i l&#039;equip de govern han participat als actes del 28 de febrer.\" \/>\n<meta name=\"robots\" content=\"index, follow, max-snippet:-1, max-image-preview:large, max-video-preview:-1\" \/>\n<link rel=\"canonical\" href=\"https:\/\/pscsvh.com\/ca\/28-de-febrer-dia-dandalusia\/\" \/>\n<meta property=\"og:locale\" content=\"ca_ES\" \/>\n<meta property=\"og:type\" content=\"article\" \/>\n<meta property=\"og:title\" content=\"28 de febrer, dia d&#039;Andalusia - PSC SVH\" \/>\n<meta property=\"og:description\" content=\"28 de febrer, dia d&#039;Andalusia. L&#039;alcalde de Sant Vicen\u00e7 dels Horts Miguel Comino i l&#039;equip de govern han participat als actes del 28 de febrer.\" \/>\n<meta property=\"og:url\" content=\"https:\/\/pscsvh.com\/ca\/28-de-febrer-dia-dandalusia\/\" \/>\n<meta property=\"og:site_name\" content=\"PSC SVH\" \/>\n<meta property=\"article:published_time\" content=\"2023-02-28T17:20:57+00:00\" \/>\n<meta property=\"article:modified_time\" content=\"2023-03-08T19:28:33+00:00\" \/>\n<meta property=\"og:image\" content=\"https:\/\/pscsvh.com\/wp-content\/uploads\/2023\/03\/08.jpg\" \/>\n\t<meta property=\"og:image:width\" content=\"1000\" \/>\n\t<meta property=\"og:image:height\" content=\"1000\" \/>\n\t<meta property=\"og:image:type\" content=\"image\/jpeg\" \/>\n<meta name=\"author\" content=\"PSC SVH\" \/>\n<meta name=\"twitter:card\" content=\"summary_large_image\" \/>\n<meta name=\"twitter:label1\" content=\"Escrit per\" \/>\n\t<meta name=\"twitter:data1\" content=\"PSC SVH\" \/>\n<script type=\"application\/ld+json\" class=\"yoast-schema-graph\">{\"@context\":\"https:\/\/schema.org\",\"@graph\":[{\"@type\":\"Article\",\"@id\":\"https:\/\/pscsvh.com\/ca\/28-de-febrer-dia-dandalusia\/#article\",\"isPartOf\":{\"@id\":\"https:\/\/pscsvh.com\/ca\/28-de-febrer-dia-dandalusia\/\"},\"author\":{\"name\":\"PSC SVH\",\"@id\":\"https:\/\/pscsvh.com\/ca\/#\/schema\/person\/6ad2cedf14b82878e2897de3ed64f1f9\"},\"headline\":\"28 de febrer, dia d&#8217;Andalusia\",\"datePublished\":\"2023-02-28T17:20:57+00:00\",\"dateModified\":\"2023-03-08T19:28:33+00:00\",\"mainEntityOfPage\":{\"@id\":\"https:\/\/pscsvh.com\/ca\/28-de-febrer-dia-dandalusia\/\"},\"wordCount\":77,\"commentCount\":0,\"publisher\":{\"@id\":\"https:\/\/pscsvh.com\/ca\/#organization\"},\"image\":{\"@id\":\"https:\/\/pscsvh.com\/ca\/28-de-febrer-dia-dandalusia\/#primaryimage\"},\"thumbnailUrl\":\"https:\/\/pscsvh.com\/wp-content\/uploads\/2023\/03\/08.jpg\",\"keywords\":[\"Dia d'Andalusia\"],\"articleSection\":[\"Actualitat Vicentina\"],\"inLanguage\":\"ca\",\"potentialAction\":[{\"@type\":\"CommentAction\",\"name\":\"Comment\",\"target\":[\"https:\/\/pscsvh.com\/ca\/28-de-febrer-dia-dandalusia\/#respond\"]}]},{\"@type\":\"WebPage\",\"@id\":\"https:\/\/pscsvh.com\/ca\/28-de-febrer-dia-dandalusia\/\",\"url\":\"https:\/\/pscsvh.com\/ca\/28-de-febrer-dia-dandalusia\/\",\"name\":\"28 de febrer, dia d'Andalusia - PSC SVH\",\"isPartOf\":{\"@id\":\"https:\/\/pscsvh.com\/ca\/#website\"},\"primaryImageOfPage\":{\"@id\":\"https:\/\/pscsvh.com\/ca\/28-de-febrer-dia-dandalusia\/#primaryimage\"},\"image\":{\"@id\":\"https:\/\/pscsvh.com\/ca\/28-de-febrer-dia-dandalusia\/#primaryimage\"},\"thumbnailUrl\":\"https:\/\/pscsvh.com\/wp-content\/uploads\/2023\/03\/08.jpg\",\"datePublished\":\"2023-02-28T17:20:57+00:00\",\"dateModified\":\"2023-03-08T19:28:33+00:00\",\"description\":\"28 de febrer, dia d'Andalusia. L'alcalde de Sant Vicen\u00e7 dels Horts Miguel Comino i l'equip de govern han participat als actes del 28 de febrer.\",\"breadcrumb\":{\"@id\":\"https:\/\/pscsvh.com\/ca\/28-de-febrer-dia-dandalusia\/#breadcrumb\"},\"inLanguage\":\"ca\",\"potentialAction\":[{\"@type\":\"ReadAction\",\"target\":[\"https:\/\/pscsvh.com\/ca\/28-de-febrer-dia-dandalusia\/\"]}]},{\"@type\":\"ImageObject\",\"inLanguage\":\"ca\",\"@id\":\"https:\/\/pscsvh.com\/ca\/28-de-febrer-dia-dandalusia\/#primaryimage\",\"url\":\"https:\/\/pscsvh.com\/wp-content\/uploads\/2023\/03\/08.jpg\",\"contentUrl\":\"https:\/\/pscsvh.com\/wp-content\/uploads\/2023\/03\/08.jpg\",\"width\":1000,\"height\":1000,\"caption\":\"Por segundo a\u00f1o hemos celebrado el acto institucional del 28 de febrero, d\u00eda de Andaluc\u00eda. Muchas gracias a todas las personas y entidades que lo han hecho posible. Que por muchos a\u00f1os podamos seguir celebrando y reivindicado el 28 de febrero y rindiendo homenaje a Blas Infante en\u00a0Sant Vicen\u00e7 dels Horts.\"},{\"@type\":\"BreadcrumbList\",\"@id\":\"https:\/\/pscsvh.com\/ca\/28-de-febrer-dia-dandalusia\/#breadcrumb\",\"itemListElement\":[{\"@type\":\"ListItem\",\"position\":1,\"name\":\"Portada\",\"item\":\"https:\/\/pscsvh.com\/ca\/\"},{\"@type\":\"ListItem\",\"position\":2,\"name\":\"28 de febrer, dia d&#8217;Andalusia\"}]},{\"@type\":\"WebSite\",\"@id\":\"https:\/\/pscsvh.com\/ca\/#website\",\"url\":\"https:\/\/pscsvh.com\/ca\/\",\"name\":\"PSC SVH\",\"description\":\"El cambio que suma\",\"publisher\":{\"@id\":\"https:\/\/pscsvh.com\/ca\/#organization\"},\"potentialAction\":[{\"@type\":\"SearchAction\",\"target\":{\"@type\":\"EntryPoint\",\"urlTemplate\":\"https:\/\/pscsvh.com\/ca\/?s={search_term_string}\"},\"query-input\":{\"@type\":\"PropertyValueSpecification\",\"valueRequired\":true,\"valueName\":\"search_term_string\"}}],\"inLanguage\":\"ca\"},{\"@type\":\"Organization\",\"@id\":\"https:\/\/pscsvh.com\/ca\/#organization\",\"name\":\"PSC SVH\",\"url\":\"https:\/\/pscsvh.com\/ca\/\",\"logo\":{\"@type\":\"ImageObject\",\"inLanguage\":\"ca\",\"@id\":\"https:\/\/pscsvh.com\/ca\/#\/schema\/logo\/image\/\",\"url\":\"https:\/\/pscsvh.com\/wp-content\/uploads\/2022\/06\/cropped-Logo_SVh2-300x158-1.png\",\"contentUrl\":\"https:\/\/pscsvh.com\/wp-content\/uploads\/2022\/06\/cropped-Logo_SVh2-300x158-1.png\",\"width\":300,\"height\":158,\"caption\":\"PSC SVH\"},\"image\":{\"@id\":\"https:\/\/pscsvh.com\/ca\/#\/schema\/logo\/image\/\"}},{\"@type\":\"Person\",\"@id\":\"https:\/\/pscsvh.com\/ca\/#\/schema\/person\/6ad2cedf14b82878e2897de3ed64f1f9\",\"name\":\"PSC SVH\",\"image\":{\"@type\":\"ImageObject\",\"inLanguage\":\"ca\",\"@id\":\"https:\/\/pscsvh.com\/ca\/#\/schema\/person\/image\/\",\"url\":\"https:\/\/secure.gravatar.com\/avatar\/a019c39072cc7d669be4d6e2cda099b4e834789e55938a3ec58bef829a37db42?s=96&d=mm&r=g\",\"contentUrl\":\"https:\/\/secure.gravatar.com\/avatar\/a019c39072cc7d669be4d6e2cda099b4e834789e55938a3ec58bef829a37db42?s=96&d=mm&r=g\",\"caption\":\"PSC SVH\"},\"url\":\"https:\/\/pscsvh.com\/ca\/author\/admin-2\/\"}]}<\/script>\n<!-- \/ Yoast SEO plugin. -->","yoast_head_json":{"title":"28 de febrer, dia d'Andalusia - PSC SVH","description":"28 de febrer, dia d'Andalusia. L'alcalde de Sant Vicen\u00e7 dels Horts Miguel Comino i l'equip de govern han participat als actes del 28 de febrer.","robots":{"index":"index","follow":"follow","max-snippet":"max-snippet:-1","max-image-preview":"max-image-preview:large","max-video-preview":"max-video-preview:-1"},"canonical":"https:\/\/pscsvh.com\/ca\/28-de-febrer-dia-dandalusia\/","og_locale":"ca_ES","og_type":"article","og_title":"28 de febrer, dia d'Andalusia - PSC SVH","og_description":"28 de febrer, dia d'Andalusia. L'alcalde de Sant Vicen\u00e7 dels Horts Miguel Comino i l'equip de govern han participat als actes del 28 de febrer.","og_url":"https:\/\/pscsvh.com\/ca\/28-de-febrer-dia-dandalusia\/","og_site_name":"PSC SVH","article_published_time":"2023-02-28T17:20:57+00:00","article_modified_time":"2023-03-08T19:28:33+00:00","og_image":[{"width":1000,"height":1000,"url":"https:\/\/pscsvh.com\/wp-content\/uploads\/2023\/03\/08.jpg","type":"image\/jpeg"}],"author":"PSC SVH","twitter_card":"summary_large_image","twitter_misc":{"Escrit per":"PSC SVH"},"schema":{"@context":"https:\/\/schema.org","@graph":[{"@type":"Article","@id":"https:\/\/pscsvh.com\/ca\/28-de-febrer-dia-dandalusia\/#article","isPartOf":{"@id":"https:\/\/pscsvh.com\/ca\/28-de-febrer-dia-dandalusia\/"},"author":{"name":"PSC SVH","@id":"https:\/\/pscsvh.com\/ca\/#\/schema\/person\/6ad2cedf14b82878e2897de3ed64f1f9"},"headline":"28 de febrer, dia d&#8217;Andalusia","datePublished":"2023-02-28T17:20:57+00:00","dateModified":"2023-03-08T19:28:33+00:00","mainEntityOfPage":{"@id":"https:\/\/pscsvh.com\/ca\/28-de-febrer-dia-dandalusia\/"},"wordCount":77,"commentCount":0,"publisher":{"@id":"https:\/\/pscsvh.com\/ca\/#organization"},"image":{"@id":"https:\/\/pscsvh.com\/ca\/28-de-febrer-dia-dandalusia\/#primaryimage"},"thumbnailUrl":"https:\/\/pscsvh.com\/wp-content\/uploads\/2023\/03\/08.jpg","keywords":["Dia d'Andalusia"],"articleSection":["Actualitat Vicentina"],"inLanguage":"ca","potentialAction":[{"@type":"CommentAction","name":"Comment","target":["https:\/\/pscsvh.com\/ca\/28-de-febrer-dia-dandalusia\/#respond"]}]},{"@type":"WebPage","@id":"https:\/\/pscsvh.com\/ca\/28-de-febrer-dia-dandalusia\/","url":"https:\/\/pscsvh.com\/ca\/28-de-febrer-dia-dandalusia\/","name":"28 de febrer, dia d'Andalusia - PSC SVH","isPartOf":{"@id":"https:\/\/pscsvh.com\/ca\/#website"},"primaryImageOfPage":{"@id":"https:\/\/pscsvh.com\/ca\/28-de-febrer-dia-dandalusia\/#primaryimage"},"image":{"@id":"https:\/\/pscsvh.com\/ca\/28-de-febrer-dia-dandalusia\/#primaryimage"},"thumbnailUrl":"https:\/\/pscsvh.com\/wp-content\/uploads\/2023\/03\/08.jpg","datePublished":"2023-02-28T17:20:57+00:00","dateModified":"2023-03-08T19:28:33+00:00","description":"28 de febrer, dia d'Andalusia. L'alcalde de Sant Vicen\u00e7 dels Horts Miguel Comino i l'equip de govern han participat als actes del 28 de febrer.","breadcrumb":{"@id":"https:\/\/pscsvh.com\/ca\/28-de-febrer-dia-dandalusia\/#breadcrumb"},"inLanguage":"ca","potentialAction":[{"@type":"ReadAction","target":["https:\/\/pscsvh.com\/ca\/28-de-febrer-dia-dandalusia\/"]}]},{"@type":"ImageObject","inLanguage":"ca","@id":"https:\/\/pscsvh.com\/ca\/28-de-febrer-dia-dandalusia\/#primaryimage","url":"https:\/\/pscsvh.com\/wp-content\/uploads\/2023\/03\/08.jpg","contentUrl":"https:\/\/pscsvh.com\/wp-content\/uploads\/2023\/03\/08.jpg","width":1000,"height":1000,"caption":"Por segundo a\u00f1o hemos celebrado el acto institucional del 28 de febrero, d\u00eda de Andaluc\u00eda. Muchas gracias a todas las personas y entidades que lo han hecho posible. Que por muchos a\u00f1os podamos seguir celebrando y reivindicado el 28 de febrero y rindiendo homenaje a Blas Infante en\u00a0Sant Vicen\u00e7 dels Horts."},{"@type":"BreadcrumbList","@id":"https:\/\/pscsvh.com\/ca\/28-de-febrer-dia-dandalusia\/#breadcrumb","itemListElement":[{"@type":"ListItem","position":1,"name":"Portada","item":"https:\/\/pscsvh.com\/ca\/"},{"@type":"ListItem","position":2,"name":"28 de febrer, dia d&#8217;Andalusia"}]},{"@type":"WebSite","@id":"https:\/\/pscsvh.com\/ca\/#website","url":"https:\/\/pscsvh.com\/ca\/","name":"PSC SVH","description":"El cambio que suma","publisher":{"@id":"https:\/\/pscsvh.com\/ca\/#organization"},"potentialAction":[{"@type":"SearchAction","target":{"@type":"EntryPoint","urlTemplate":"https:\/\/pscsvh.com\/ca\/?s={search_term_string}"},"query-input":{"@type":"PropertyValueSpecification","valueRequired":true,"valueName":"search_term_string"}}],"inLanguage":"ca"},{"@type":"Organization","@id":"https:\/\/pscsvh.com\/ca\/#organization","name":"PSC SVH","url":"https:\/\/pscsvh.com\/ca\/","logo":{"@type":"ImageObject","inLanguage":"ca","@id":"https:\/\/pscsvh.com\/ca\/#\/schema\/logo\/image\/","url":"https:\/\/pscsvh.com\/wp-content\/uploads\/2022\/06\/cropped-Logo_SVh2-300x158-1.png","contentUrl":"https:\/\/pscsvh.com\/wp-content\/uploads\/2022\/06\/cropped-Logo_SVh2-300x158-1.png","width":300,"height":158,"caption":"PSC SVH"},"image":{"@id":"https:\/\/pscsvh.com\/ca\/#\/schema\/logo\/image\/"}},{"@type":"Person","@id":"https:\/\/pscsvh.com\/ca\/#\/schema\/person\/6ad2cedf14b82878e2897de3ed64f1f9","name":"PSC SVH","image":{"@type":"ImageObject","inLanguage":"ca","@id":"https:\/\/pscsvh.com\/ca\/#\/schema\/person\/image\/","url":"https:\/\/secure.gravatar.com\/avatar\/a019c39072cc7d669be4d6e2cda099b4e834789e55938a3ec58bef829a37db42?s=96&d=mm&r=g","contentUrl":"https:\/\/secure.gravatar.com\/avatar\/a019c39072cc7d669be4d6e2cda099b4e834789e55938a3ec58bef829a37db42?s=96&d=mm&r=g","caption":"PSC SVH"},"url":"https:\/\/pscsvh.com\/ca\/author\/admin-2\/"}]}},"_links":{"self":[{"href":"https:\/\/pscsvh.com\/ca\/wp-json\/wp\/v2\/posts\/5457","targetHints":{"allow":["GET"]}}],"collection":[{"href":"https:\/\/pscsvh.com\/ca\/wp-json\/wp\/v2\/posts"}],"about":[{"href":"https:\/\/pscsvh.com\/ca\/wp-json\/wp\/v2\/types\/post"}],"author":[{"embeddable":true,"href":"https:\/\/pscsvh.com\/ca\/wp-json\/wp\/v2\/users\/2"}],"replies":[{"embeddable":true,"href":"https:\/\/pscsvh.com\/ca\/wp-json\/wp\/v2\/comments?post=5457"}],"version-history":[{"count":1,"href":"https:\/\/pscsvh.com\/ca\/wp-json\/wp\/v2\/posts\/5457\/revisions"}],"predecessor-version":[{"id":5458,"href":"https:\/\/pscsvh.com\/ca\/wp-json\/wp\/v2\/posts\/5457\/revisions\/5458"}],"wp:featuredmedia":[{"embeddable":true,"href":"https:\/\/pscsvh.com\/ca\/wp-json\/wp\/v2\/media\/5384"}],"wp:attachment":[{"href":"https:\/\/pscsvh.com\/ca\/wp-json\/wp\/v2\/media?parent=5457"}],"wp:term":[{"taxonomy":"category","embeddable":true,"href":"https:\/\/pscsvh.com\/ca\/wp-json\/wp\/v2\/categories?post=5457"},{"taxonomy":"post_tag","embeddable":true,"href":"https:\/\/pscsvh.com\/ca\/wp-json\/wp\/v2\/tags?post=5457"},{"taxonomy":"citadela-post-location","embeddable":true,"href":"https:\/\/pscsvh.com\/ca\/wp-json\/wp\/v2\/citadela-post-location?post=5457"}],"curies":[{"name":"wp","href":"https:\/\/api.w.org\/{rel}","templated":true}]}}