{"id":5449,"date":"2023-03-04T18:54:23","date_gmt":"2023-03-04T17:54:23","guid":{"rendered":"https:\/\/pscsvh.com\/visita-a-les-obres-de-la-vinyala\/"},"modified":"2023-03-08T20:19:12","modified_gmt":"2023-03-08T19:19:12","slug":"visita-a-les-obres-de-la-vinyala","status":"publish","type":"post","link":"https:\/\/pscsvh.com\/ca\/visita-a-les-obres-de-la-vinyala\/","title":{"rendered":"Visita a les obres de la Vinyala"},"content":{"rendered":"\n<p>La Vinyala es transforma!<br\/>Avui l&#8217;alcalde Miguel Comino, de la m\u00e0 de l&#8217;Associaci\u00f3 de ve\u00efnes i ve\u00efns del Casal de la gent gran i de ve\u00efns i ve\u00efnes del barri, han visitat el resultat de les obres de millora que s&#8217;han fet al barri de La Vinyala, concretament als carrers Doctor Ferran, el tram final del carrer Vinyala i les places interiors.<\/p>\n\n<blockquote class=\"wp-block-quote is-layout-flow wp-block-quote-is-layout-flow\">\n<p>Continuem dignificant l&#8217;espai p\u00fablic i millorant el dia a dia dels ve\u00efns i ve\u00efnes de Sant Vicen\u00e7 dels Horts.<\/p>\n<cite>Miguel Comino<\/cite><\/blockquote>\n\n<figure class=\"wp-block-gallery has-nested-images columns-default is-cropped wp-block-gallery-1 is-layout-flex wp-block-gallery-is-layout-flex\">\n<figure class=\"wp-block-image size-large\"><a href=\"https:\/\/pscsvh.com\/wp-content\/uploads\/2023\/03\/010.jpg\"><img loading=\"lazy\" decoding=\"async\" width=\"1000\" height=\"1000\" data-id=\"5407\" src=\"https:\/\/pscsvh.com\/wp-content\/uploads\/2023\/03\/010.jpg\" alt=\"\" class=\"wp-image-5407\" srcset=\"https:\/\/pscsvh.com\/wp-content\/uploads\/2023\/03\/010.jpg 1000w, https:\/\/pscsvh.com\/wp-content\/uploads\/2023\/03\/010-300x300.jpg 300w, https:\/\/pscsvh.com\/wp-content\/uploads\/2023\/03\/010-150x150.jpg 150w, https:\/\/pscsvh.com\/wp-content\/uploads\/2023\/03\/010-768x768.jpg 768w\" sizes=\"auto, (max-width: 1000px) 100vw, 1000px\" \/><\/a><\/figure>\n\n\n\n<figure class=\"wp-block-image size-large\"><a href=\"https:\/\/pscsvh.com\/wp-content\/uploads\/2023\/03\/09.jpg\"><img loading=\"lazy\" decoding=\"async\" width=\"1000\" height=\"1000\" data-id=\"5413\" src=\"https:\/\/pscsvh.com\/wp-content\/uploads\/2023\/03\/09.jpg\" alt=\"\" class=\"wp-image-5413\" srcset=\"https:\/\/pscsvh.com\/wp-content\/uploads\/2023\/03\/09.jpg 1000w, https:\/\/pscsvh.com\/wp-content\/uploads\/2023\/03\/09-300x300.jpg 300w, https:\/\/pscsvh.com\/wp-content\/uploads\/2023\/03\/09-150x150.jpg 150w, https:\/\/pscsvh.com\/wp-content\/uploads\/2023\/03\/09-768x768.jpg 768w\" sizes=\"auto, (max-width: 1000px) 100vw, 1000px\" \/><\/a><\/figure>\n\n\n\n<figure class=\"wp-block-image size-large\"><a href=\"https:\/\/pscsvh.com\/wp-content\/uploads\/2023\/03\/08-1.jpg\"><img loading=\"lazy\" decoding=\"async\" width=\"1000\" height=\"1000\" data-id=\"5409\" src=\"https:\/\/pscsvh.com\/wp-content\/uploads\/2023\/03\/08-1.jpg\" alt=\"\" class=\"wp-image-5409\" srcset=\"https:\/\/pscsvh.com\/wp-content\/uploads\/2023\/03\/08-1.jpg 1000w, https:\/\/pscsvh.com\/wp-content\/uploads\/2023\/03\/08-1-300x300.jpg 300w, https:\/\/pscsvh.com\/wp-content\/uploads\/2023\/03\/08-1-150x150.jpg 150w, https:\/\/pscsvh.com\/wp-content\/uploads\/2023\/03\/08-1-768x768.jpg 768w\" sizes=\"auto, (max-width: 1000px) 100vw, 1000px\" \/><\/a><\/figure>\n\n\n\n<figure class=\"wp-block-image size-large\"><a href=\"https:\/\/pscsvh.com\/wp-content\/uploads\/2023\/03\/07-1.jpg\"><img loading=\"lazy\" decoding=\"async\" width=\"1000\" height=\"1000\" data-id=\"5415\" src=\"https:\/\/pscsvh.com\/wp-content\/uploads\/2023\/03\/07-1.jpg\" alt=\"\" class=\"wp-image-5415\" srcset=\"https:\/\/pscsvh.com\/wp-content\/uploads\/2023\/03\/07-1.jpg 1000w, https:\/\/pscsvh.com\/wp-content\/uploads\/2023\/03\/07-1-300x300.jpg 300w, https:\/\/pscsvh.com\/wp-content\/uploads\/2023\/03\/07-1-150x150.jpg 150w, https:\/\/pscsvh.com\/wp-content\/uploads\/2023\/03\/07-1-768x768.jpg 768w\" sizes=\"auto, (max-width: 1000px) 100vw, 1000px\" \/><\/a><\/figure>\n\n\n\n<figure class=\"wp-block-image size-large\"><a href=\"https:\/\/pscsvh.com\/wp-content\/uploads\/2023\/03\/06-1.jpg\"><img loading=\"lazy\" decoding=\"async\" width=\"1000\" height=\"1000\" data-id=\"5423\" src=\"https:\/\/pscsvh.com\/wp-content\/uploads\/2023\/03\/06-1.jpg\" alt=\"\" class=\"wp-image-5423\" srcset=\"https:\/\/pscsvh.com\/wp-content\/uploads\/2023\/03\/06-1.jpg 1000w, https:\/\/pscsvh.com\/wp-content\/uploads\/2023\/03\/06-1-300x300.jpg 300w, https:\/\/pscsvh.com\/wp-content\/uploads\/2023\/03\/06-1-150x150.jpg 150w, https:\/\/pscsvh.com\/wp-content\/uploads\/2023\/03\/06-1-768x768.jpg 768w\" sizes=\"auto, (max-width: 1000px) 100vw, 1000px\" \/><\/a><\/figure>\n\n\n\n<figure class=\"wp-block-image size-large\"><a href=\"https:\/\/pscsvh.com\/wp-content\/uploads\/2023\/03\/05-2.jpg\"><img loading=\"lazy\" decoding=\"async\" width=\"1000\" height=\"1000\" data-id=\"5421\" src=\"https:\/\/pscsvh.com\/wp-content\/uploads\/2023\/03\/05-2.jpg\" alt=\"\" class=\"wp-image-5421\" srcset=\"https:\/\/pscsvh.com\/wp-content\/uploads\/2023\/03\/05-2.jpg 1000w, https:\/\/pscsvh.com\/wp-content\/uploads\/2023\/03\/05-2-300x300.jpg 300w, https:\/\/pscsvh.com\/wp-content\/uploads\/2023\/03\/05-2-150x150.jpg 150w, https:\/\/pscsvh.com\/wp-content\/uploads\/2023\/03\/05-2-768x768.jpg 768w\" sizes=\"auto, (max-width: 1000px) 100vw, 1000px\" \/><\/a><\/figure>\n\n\n\n<figure class=\"wp-block-image size-large\"><a href=\"https:\/\/pscsvh.com\/wp-content\/uploads\/2023\/03\/04-2.jpg\"><img loading=\"lazy\" decoding=\"async\" width=\"1000\" height=\"1000\" data-id=\"5418\" src=\"https:\/\/pscsvh.com\/wp-content\/uploads\/2023\/03\/04-2.jpg\" alt=\"\" class=\"wp-image-5418\" srcset=\"https:\/\/pscsvh.com\/wp-content\/uploads\/2023\/03\/04-2.jpg 1000w, https:\/\/pscsvh.com\/wp-content\/uploads\/2023\/03\/04-2-300x300.jpg 300w, https:\/\/pscsvh.com\/wp-content\/uploads\/2023\/03\/04-2-150x150.jpg 150w, https:\/\/pscsvh.com\/wp-content\/uploads\/2023\/03\/04-2-768x768.jpg 768w\" sizes=\"auto, (max-width: 1000px) 100vw, 1000px\" \/><\/a><\/figure>\n\n\n\n<figure class=\"wp-block-image size-large\"><a href=\"https:\/\/pscsvh.com\/wp-content\/uploads\/2023\/03\/03-2.jpg\"><img loading=\"lazy\" decoding=\"async\" width=\"1000\" height=\"1000\" data-id=\"5410\" src=\"https:\/\/pscsvh.com\/wp-content\/uploads\/2023\/03\/03-2.jpg\" alt=\"\" class=\"wp-image-5410\" srcset=\"https:\/\/pscsvh.com\/wp-content\/uploads\/2023\/03\/03-2.jpg 1000w, https:\/\/pscsvh.com\/wp-content\/uploads\/2023\/03\/03-2-300x300.jpg 300w, https:\/\/pscsvh.com\/wp-content\/uploads\/2023\/03\/03-2-150x150.jpg 150w, https:\/\/pscsvh.com\/wp-content\/uploads\/2023\/03\/03-2-768x768.jpg 768w\" sizes=\"auto, (max-width: 1000px) 100vw, 1000px\" \/><\/a><\/figure>\n\n\n\n<figure class=\"wp-block-image size-large\"><a href=\"https:\/\/pscsvh.com\/wp-content\/uploads\/2023\/03\/02-2.jpg\"><img loading=\"lazy\" decoding=\"async\" width=\"1000\" height=\"1000\" data-id=\"5425\" src=\"https:\/\/pscsvh.com\/wp-content\/uploads\/2023\/03\/02-2.jpg\" alt=\"\" class=\"wp-image-5425\" srcset=\"https:\/\/pscsvh.com\/wp-content\/uploads\/2023\/03\/02-2.jpg 1000w, https:\/\/pscsvh.com\/wp-content\/uploads\/2023\/03\/02-2-300x300.jpg 300w, https:\/\/pscsvh.com\/wp-content\/uploads\/2023\/03\/02-2-150x150.jpg 150w, https:\/\/pscsvh.com\/wp-content\/uploads\/2023\/03\/02-2-768x768.jpg 768w\" sizes=\"auto, (max-width: 1000px) 100vw, 1000px\" \/><\/a><\/figure>\n\n\n\n<figure class=\"wp-block-image size-large\"><a href=\"https:\/\/pscsvh.com\/wp-content\/uploads\/2023\/03\/01-2.jpg\"><img loading=\"lazy\" decoding=\"async\" width=\"1000\" height=\"1000\" data-id=\"5417\" src=\"https:\/\/pscsvh.com\/wp-content\/uploads\/2023\/03\/01-2.jpg\" alt=\"\" class=\"wp-image-5417\" srcset=\"https:\/\/pscsvh.com\/wp-content\/uploads\/2023\/03\/01-2.jpg 1000w, https:\/\/pscsvh.com\/wp-content\/uploads\/2023\/03\/01-2-300x300.jpg 300w, https:\/\/pscsvh.com\/wp-content\/uploads\/2023\/03\/01-2-150x150.jpg 150w, https:\/\/pscsvh.com\/wp-content\/uploads\/2023\/03\/01-2-768x768.jpg 768w\" sizes=\"auto, (max-width: 1000px) 100vw, 1000px\" \/><\/a><\/figure>\n<\/figure>\n","protected":false},"excerpt":{"rendered":"<p>Visita a les obres de la Vinyala de la m\u00e0 de l&#8217;Associaci\u00f3 del Casal de la Gent Gran i dels ve\u00efns i ve\u00efnes del barri.<\/p>\n","protected":false},"author":2,"featured_media":5419,"comment_status":"open","ping_status":"closed","sticky":false,"template":"","format":"standard","meta":{"_citadela_custom_class":"","footnotes":""},"categories":[302],"tags":[333],"citadela-post-location":[42],"class_list":["post-5449","post","type-post","status-publish","format-standard","has-post-thumbnail","hentry","category-urbanisme","tag-la-vinyala-ca"],"yoast_head":"<!-- This site is optimized with the Yoast SEO plugin v24.7 - https:\/\/yoast.com\/wordpress\/plugins\/seo\/ -->\n<title>Visita a les obres de la Vinyala - PSC SVH<\/title>\n<meta name=\"description\" content=\"Visita a les obres de la Vinyala. Avui l&#039;alcalde Miguel Comino, de la m\u00e0 de l&#039;Associaci\u00f3 de ve\u00efnes i ve\u00efns del Casal de la gent gran i ve\u00efns i ve\u00efnes del barri, han visitat el resultat de les obres\" \/>\n<meta name=\"robots\" content=\"index, follow, max-snippet:-1, max-image-preview:large, max-video-preview:-1\" \/>\n<link rel=\"canonical\" href=\"https:\/\/pscsvh.com\/ca\/visita-a-les-obres-de-la-vinyala\/\" \/>\n<meta property=\"og:locale\" content=\"ca_ES\" \/>\n<meta property=\"og:type\" content=\"article\" \/>\n<meta property=\"og:title\" content=\"Visita a les obres de la Vinyala - PSC SVH\" \/>\n<meta property=\"og:description\" content=\"Visita a les obres de la Vinyala. Avui l&#039;alcalde Miguel Comino, de la m\u00e0 de l&#039;Associaci\u00f3 de ve\u00efnes i ve\u00efns del Casal de la gent gran i ve\u00efns i ve\u00efnes del barri, han visitat el resultat de les obres\" \/>\n<meta property=\"og:url\" content=\"https:\/\/pscsvh.com\/ca\/visita-a-les-obres-de-la-vinyala\/\" \/>\n<meta property=\"og:site_name\" content=\"PSC SVH\" \/>\n<meta property=\"article:published_time\" content=\"2023-03-04T17:54:23+00:00\" \/>\n<meta property=\"article:modified_time\" content=\"2023-03-08T19:19:12+00:00\" \/>\n<meta property=\"og:image\" content=\"https:\/\/pscsvh.com\/wp-content\/uploads\/2023\/03\/01-2.jpg\" \/>\n\t<meta property=\"og:image:width\" content=\"1000\" \/>\n\t<meta property=\"og:image:height\" content=\"1000\" \/>\n\t<meta property=\"og:image:type\" content=\"image\/jpeg\" \/>\n<meta name=\"author\" content=\"PSC SVH\" \/>\n<meta name=\"twitter:card\" content=\"summary_large_image\" \/>\n<meta name=\"twitter:label1\" content=\"Escrit per\" \/>\n\t<meta name=\"twitter:data1\" content=\"PSC SVH\" \/>\n<script type=\"application\/ld+json\" class=\"yoast-schema-graph\">{\"@context\":\"https:\/\/schema.org\",\"@graph\":[{\"@type\":\"Article\",\"@id\":\"https:\/\/pscsvh.com\/ca\/visita-a-les-obres-de-la-vinyala\/#article\",\"isPartOf\":{\"@id\":\"https:\/\/pscsvh.com\/ca\/visita-a-les-obres-de-la-vinyala\/\"},\"author\":{\"name\":\"PSC SVH\",\"@id\":\"https:\/\/pscsvh.com\/ca\/#\/schema\/person\/6ad2cedf14b82878e2897de3ed64f1f9\"},\"headline\":\"Visita a les obres de la Vinyala\",\"datePublished\":\"2023-03-04T17:54:23+00:00\",\"dateModified\":\"2023-03-08T19:19:12+00:00\",\"mainEntityOfPage\":{\"@id\":\"https:\/\/pscsvh.com\/ca\/visita-a-les-obres-de-la-vinyala\/\"},\"wordCount\":101,\"commentCount\":0,\"publisher\":{\"@id\":\"https:\/\/pscsvh.com\/ca\/#organization\"},\"image\":{\"@id\":\"https:\/\/pscsvh.com\/ca\/visita-a-les-obres-de-la-vinyala\/#primaryimage\"},\"thumbnailUrl\":\"https:\/\/pscsvh.com\/wp-content\/uploads\/2023\/03\/01-2.jpg\",\"keywords\":[\"La Vinyala\"],\"articleSection\":[\"Urbanisme\"],\"inLanguage\":\"ca\",\"potentialAction\":[{\"@type\":\"CommentAction\",\"name\":\"Comment\",\"target\":[\"https:\/\/pscsvh.com\/ca\/visita-a-les-obres-de-la-vinyala\/#respond\"]}]},{\"@type\":\"WebPage\",\"@id\":\"https:\/\/pscsvh.com\/ca\/visita-a-les-obres-de-la-vinyala\/\",\"url\":\"https:\/\/pscsvh.com\/ca\/visita-a-les-obres-de-la-vinyala\/\",\"name\":\"Visita a les obres de la Vinyala - PSC SVH\",\"isPartOf\":{\"@id\":\"https:\/\/pscsvh.com\/ca\/#website\"},\"primaryImageOfPage\":{\"@id\":\"https:\/\/pscsvh.com\/ca\/visita-a-les-obres-de-la-vinyala\/#primaryimage\"},\"image\":{\"@id\":\"https:\/\/pscsvh.com\/ca\/visita-a-les-obres-de-la-vinyala\/#primaryimage\"},\"thumbnailUrl\":\"https:\/\/pscsvh.com\/wp-content\/uploads\/2023\/03\/01-2.jpg\",\"datePublished\":\"2023-03-04T17:54:23+00:00\",\"dateModified\":\"2023-03-08T19:19:12+00:00\",\"description\":\"Visita a les obres de la Vinyala. Avui l'alcalde Miguel Comino, de la m\u00e0 de l'Associaci\u00f3 de ve\u00efnes i ve\u00efns del Casal de la gent gran i ve\u00efns i ve\u00efnes del barri, han visitat el resultat de les obres\",\"breadcrumb\":{\"@id\":\"https:\/\/pscsvh.com\/ca\/visita-a-les-obres-de-la-vinyala\/#breadcrumb\"},\"inLanguage\":\"ca\",\"potentialAction\":[{\"@type\":\"ReadAction\",\"target\":[\"https:\/\/pscsvh.com\/ca\/visita-a-les-obres-de-la-vinyala\/\"]}]},{\"@type\":\"ImageObject\",\"inLanguage\":\"ca\",\"@id\":\"https:\/\/pscsvh.com\/ca\/visita-a-les-obres-de-la-vinyala\/#primaryimage\",\"url\":\"https:\/\/pscsvh.com\/wp-content\/uploads\/2023\/03\/01-2.jpg\",\"contentUrl\":\"https:\/\/pscsvh.com\/wp-content\/uploads\/2023\/03\/01-2.jpg\",\"width\":1000,\"height\":1000,\"caption\":\"\u00a1La Vinyala se transforma! Este s\u00e1bado, de la mano de la Asociaci\u00f3n de vecin@s, del Casal de la gente mayor y de vecinos y vecinas del barrio, hemos visitado el resultado de las obras de mejora que se han hecho en el barrio de La Vinyala, concretamente en las calles Doctor Ferran, el tramo final de la calle Vinyala y las plazas interiores. Seguimos dignificando el espacio p\u00fablico y mejorando el d\u00eda a d\u00eda de los vecinos y vecinas de #SantVicen\u00e7delsHorts\/\u2764\ufe0f #SantVicen\u00e7SeTransforma\"},{\"@type\":\"BreadcrumbList\",\"@id\":\"https:\/\/pscsvh.com\/ca\/visita-a-les-obres-de-la-vinyala\/#breadcrumb\",\"itemListElement\":[{\"@type\":\"ListItem\",\"position\":1,\"name\":\"Portada\",\"item\":\"https:\/\/pscsvh.com\/ca\/\"},{\"@type\":\"ListItem\",\"position\":2,\"name\":\"Visita a les obres de la Vinyala\"}]},{\"@type\":\"WebSite\",\"@id\":\"https:\/\/pscsvh.com\/ca\/#website\",\"url\":\"https:\/\/pscsvh.com\/ca\/\",\"name\":\"PSC SVH\",\"description\":\"El cambio que suma\",\"publisher\":{\"@id\":\"https:\/\/pscsvh.com\/ca\/#organization\"},\"potentialAction\":[{\"@type\":\"SearchAction\",\"target\":{\"@type\":\"EntryPoint\",\"urlTemplate\":\"https:\/\/pscsvh.com\/ca\/?s={search_term_string}\"},\"query-input\":{\"@type\":\"PropertyValueSpecification\",\"valueRequired\":true,\"valueName\":\"search_term_string\"}}],\"inLanguage\":\"ca\"},{\"@type\":\"Organization\",\"@id\":\"https:\/\/pscsvh.com\/ca\/#organization\",\"name\":\"PSC SVH\",\"url\":\"https:\/\/pscsvh.com\/ca\/\",\"logo\":{\"@type\":\"ImageObject\",\"inLanguage\":\"ca\",\"@id\":\"https:\/\/pscsvh.com\/ca\/#\/schema\/logo\/image\/\",\"url\":\"https:\/\/pscsvh.com\/wp-content\/uploads\/2022\/06\/cropped-Logo_SVh2-300x158-1.png\",\"contentUrl\":\"https:\/\/pscsvh.com\/wp-content\/uploads\/2022\/06\/cropped-Logo_SVh2-300x158-1.png\",\"width\":300,\"height\":158,\"caption\":\"PSC SVH\"},\"image\":{\"@id\":\"https:\/\/pscsvh.com\/ca\/#\/schema\/logo\/image\/\"}},{\"@type\":\"Person\",\"@id\":\"https:\/\/pscsvh.com\/ca\/#\/schema\/person\/6ad2cedf14b82878e2897de3ed64f1f9\",\"name\":\"PSC SVH\",\"image\":{\"@type\":\"ImageObject\",\"inLanguage\":\"ca\",\"@id\":\"https:\/\/pscsvh.com\/ca\/#\/schema\/person\/image\/\",\"url\":\"https:\/\/secure.gravatar.com\/avatar\/a019c39072cc7d669be4d6e2cda099b4e834789e55938a3ec58bef829a37db42?s=96&d=mm&r=g\",\"contentUrl\":\"https:\/\/secure.gravatar.com\/avatar\/a019c39072cc7d669be4d6e2cda099b4e834789e55938a3ec58bef829a37db42?s=96&d=mm&r=g\",\"caption\":\"PSC SVH\"},\"url\":\"https:\/\/pscsvh.com\/ca\/author\/admin-2\/\"}]}<\/script>\n<!-- \/ Yoast SEO plugin. -->","yoast_head_json":{"title":"Visita a les obres de la Vinyala - PSC SVH","description":"Visita a les obres de la Vinyala. Avui l'alcalde Miguel Comino, de la m\u00e0 de l'Associaci\u00f3 de ve\u00efnes i ve\u00efns del Casal de la gent gran i ve\u00efns i ve\u00efnes del barri, han visitat el resultat de les obres","robots":{"index":"index","follow":"follow","max-snippet":"max-snippet:-1","max-image-preview":"max-image-preview:large","max-video-preview":"max-video-preview:-1"},"canonical":"https:\/\/pscsvh.com\/ca\/visita-a-les-obres-de-la-vinyala\/","og_locale":"ca_ES","og_type":"article","og_title":"Visita a les obres de la Vinyala - PSC SVH","og_description":"Visita a les obres de la Vinyala. Avui l'alcalde Miguel Comino, de la m\u00e0 de l'Associaci\u00f3 de ve\u00efnes i ve\u00efns del Casal de la gent gran i ve\u00efns i ve\u00efnes del barri, han visitat el resultat de les obres","og_url":"https:\/\/pscsvh.com\/ca\/visita-a-les-obres-de-la-vinyala\/","og_site_name":"PSC SVH","article_published_time":"2023-03-04T17:54:23+00:00","article_modified_time":"2023-03-08T19:19:12+00:00","og_image":[{"width":1000,"height":1000,"url":"https:\/\/pscsvh.com\/wp-content\/uploads\/2023\/03\/01-2.jpg","type":"image\/jpeg"}],"author":"PSC SVH","twitter_card":"summary_large_image","twitter_misc":{"Escrit per":"PSC SVH"},"schema":{"@context":"https:\/\/schema.org","@graph":[{"@type":"Article","@id":"https:\/\/pscsvh.com\/ca\/visita-a-les-obres-de-la-vinyala\/#article","isPartOf":{"@id":"https:\/\/pscsvh.com\/ca\/visita-a-les-obres-de-la-vinyala\/"},"author":{"name":"PSC SVH","@id":"https:\/\/pscsvh.com\/ca\/#\/schema\/person\/6ad2cedf14b82878e2897de3ed64f1f9"},"headline":"Visita a les obres de la Vinyala","datePublished":"2023-03-04T17:54:23+00:00","dateModified":"2023-03-08T19:19:12+00:00","mainEntityOfPage":{"@id":"https:\/\/pscsvh.com\/ca\/visita-a-les-obres-de-la-vinyala\/"},"wordCount":101,"commentCount":0,"publisher":{"@id":"https:\/\/pscsvh.com\/ca\/#organization"},"image":{"@id":"https:\/\/pscsvh.com\/ca\/visita-a-les-obres-de-la-vinyala\/#primaryimage"},"thumbnailUrl":"https:\/\/pscsvh.com\/wp-content\/uploads\/2023\/03\/01-2.jpg","keywords":["La Vinyala"],"articleSection":["Urbanisme"],"inLanguage":"ca","potentialAction":[{"@type":"CommentAction","name":"Comment","target":["https:\/\/pscsvh.com\/ca\/visita-a-les-obres-de-la-vinyala\/#respond"]}]},{"@type":"WebPage","@id":"https:\/\/pscsvh.com\/ca\/visita-a-les-obres-de-la-vinyala\/","url":"https:\/\/pscsvh.com\/ca\/visita-a-les-obres-de-la-vinyala\/","name":"Visita a les obres de la Vinyala - PSC SVH","isPartOf":{"@id":"https:\/\/pscsvh.com\/ca\/#website"},"primaryImageOfPage":{"@id":"https:\/\/pscsvh.com\/ca\/visita-a-les-obres-de-la-vinyala\/#primaryimage"},"image":{"@id":"https:\/\/pscsvh.com\/ca\/visita-a-les-obres-de-la-vinyala\/#primaryimage"},"thumbnailUrl":"https:\/\/pscsvh.com\/wp-content\/uploads\/2023\/03\/01-2.jpg","datePublished":"2023-03-04T17:54:23+00:00","dateModified":"2023-03-08T19:19:12+00:00","description":"Visita a les obres de la Vinyala. Avui l'alcalde Miguel Comino, de la m\u00e0 de l'Associaci\u00f3 de ve\u00efnes i ve\u00efns del Casal de la gent gran i ve\u00efns i ve\u00efnes del barri, han visitat el resultat de les obres","breadcrumb":{"@id":"https:\/\/pscsvh.com\/ca\/visita-a-les-obres-de-la-vinyala\/#breadcrumb"},"inLanguage":"ca","potentialAction":[{"@type":"ReadAction","target":["https:\/\/pscsvh.com\/ca\/visita-a-les-obres-de-la-vinyala\/"]}]},{"@type":"ImageObject","inLanguage":"ca","@id":"https:\/\/pscsvh.com\/ca\/visita-a-les-obres-de-la-vinyala\/#primaryimage","url":"https:\/\/pscsvh.com\/wp-content\/uploads\/2023\/03\/01-2.jpg","contentUrl":"https:\/\/pscsvh.com\/wp-content\/uploads\/2023\/03\/01-2.jpg","width":1000,"height":1000,"caption":"\u00a1La Vinyala se transforma! Este s\u00e1bado, de la mano de la Asociaci\u00f3n de vecin@s, del Casal de la gente mayor y de vecinos y vecinas del barrio, hemos visitado el resultado de las obras de mejora que se han hecho en el barrio de La Vinyala, concretamente en las calles Doctor Ferran, el tramo final de la calle Vinyala y las plazas interiores. Seguimos dignificando el espacio p\u00fablico y mejorando el d\u00eda a d\u00eda de los vecinos y vecinas de #SantVicen\u00e7delsHorts\/\u2764\ufe0f #SantVicen\u00e7SeTransforma"},{"@type":"BreadcrumbList","@id":"https:\/\/pscsvh.com\/ca\/visita-a-les-obres-de-la-vinyala\/#breadcrumb","itemListElement":[{"@type":"ListItem","position":1,"name":"Portada","item":"https:\/\/pscsvh.com\/ca\/"},{"@type":"ListItem","position":2,"name":"Visita a les obres de la Vinyala"}]},{"@type":"WebSite","@id":"https:\/\/pscsvh.com\/ca\/#website","url":"https:\/\/pscsvh.com\/ca\/","name":"PSC SVH","description":"El cambio que suma","publisher":{"@id":"https:\/\/pscsvh.com\/ca\/#organization"},"potentialAction":[{"@type":"SearchAction","target":{"@type":"EntryPoint","urlTemplate":"https:\/\/pscsvh.com\/ca\/?s={search_term_string}"},"query-input":{"@type":"PropertyValueSpecification","valueRequired":true,"valueName":"search_term_string"}}],"inLanguage":"ca"},{"@type":"Organization","@id":"https:\/\/pscsvh.com\/ca\/#organization","name":"PSC SVH","url":"https:\/\/pscsvh.com\/ca\/","logo":{"@type":"ImageObject","inLanguage":"ca","@id":"https:\/\/pscsvh.com\/ca\/#\/schema\/logo\/image\/","url":"https:\/\/pscsvh.com\/wp-content\/uploads\/2022\/06\/cropped-Logo_SVh2-300x158-1.png","contentUrl":"https:\/\/pscsvh.com\/wp-content\/uploads\/2022\/06\/cropped-Logo_SVh2-300x158-1.png","width":300,"height":158,"caption":"PSC SVH"},"image":{"@id":"https:\/\/pscsvh.com\/ca\/#\/schema\/logo\/image\/"}},{"@type":"Person","@id":"https:\/\/pscsvh.com\/ca\/#\/schema\/person\/6ad2cedf14b82878e2897de3ed64f1f9","name":"PSC SVH","image":{"@type":"ImageObject","inLanguage":"ca","@id":"https:\/\/pscsvh.com\/ca\/#\/schema\/person\/image\/","url":"https:\/\/secure.gravatar.com\/avatar\/a019c39072cc7d669be4d6e2cda099b4e834789e55938a3ec58bef829a37db42?s=96&d=mm&r=g","contentUrl":"https:\/\/secure.gravatar.com\/avatar\/a019c39072cc7d669be4d6e2cda099b4e834789e55938a3ec58bef829a37db42?s=96&d=mm&r=g","caption":"PSC SVH"},"url":"https:\/\/pscsvh.com\/ca\/author\/admin-2\/"}]}},"_links":{"self":[{"href":"https:\/\/pscsvh.com\/ca\/wp-json\/wp\/v2\/posts\/5449","targetHints":{"allow":["GET"]}}],"collection":[{"href":"https:\/\/pscsvh.com\/ca\/wp-json\/wp\/v2\/posts"}],"about":[{"href":"https:\/\/pscsvh.com\/ca\/wp-json\/wp\/v2\/types\/post"}],"author":[{"embeddable":true,"href":"https:\/\/pscsvh.com\/ca\/wp-json\/wp\/v2\/users\/2"}],"replies":[{"embeddable":true,"href":"https:\/\/pscsvh.com\/ca\/wp-json\/wp\/v2\/comments?post=5449"}],"version-history":[{"count":3,"href":"https:\/\/pscsvh.com\/ca\/wp-json\/wp\/v2\/posts\/5449\/revisions"}],"predecessor-version":[{"id":5452,"href":"https:\/\/pscsvh.com\/ca\/wp-json\/wp\/v2\/posts\/5449\/revisions\/5452"}],"wp:featuredmedia":[{"embeddable":true,"href":"https:\/\/pscsvh.com\/ca\/wp-json\/wp\/v2\/media\/5419"}],"wp:attachment":[{"href":"https:\/\/pscsvh.com\/ca\/wp-json\/wp\/v2\/media?parent=5449"}],"wp:term":[{"taxonomy":"category","embeddable":true,"href":"https:\/\/pscsvh.com\/ca\/wp-json\/wp\/v2\/categories?post=5449"},{"taxonomy":"post_tag","embeddable":true,"href":"https:\/\/pscsvh.com\/ca\/wp-json\/wp\/v2\/tags?post=5449"},{"taxonomy":"citadela-post-location","embeddable":true,"href":"https:\/\/pscsvh.com\/ca\/wp-json\/wp\/v2\/citadela-post-location?post=5449"}],"curies":[{"name":"wp","href":"https:\/\/api.w.org\/{rel}","templated":true}]}}