{"id":5447,"date":"2023-03-02T18:45:06","date_gmt":"2023-03-02T17:45:06","guid":{"rendered":"https:\/\/pscsvh.com\/visita-de-la-consellera-laura-vilagra-i-del-delegat-del-govern-joan-borras\/"},"modified":"2023-03-08T20:18:39","modified_gmt":"2023-03-08T19:18:39","slug":"visita-de-la-consellera-laura-vilagra-i-del-delegat-del-govern-joan-borras","status":"publish","type":"post","link":"https:\/\/pscsvh.com\/ca\/visita-de-la-consellera-laura-vilagra-i-del-delegat-del-govern-joan-borras\/","title":{"rendered":"Visita de la consellera Laura Vilagr\u00e0 i del delegat del Govern Joan Borr\u00e0s"},"content":{"rendered":"\n<p>El passat 2 de mar\u00e7, l&#8217;alcalde de Sant Vicen\u00e7 dels Horts Miguel Comino, juntament amb l&#8217;equip de govern, van rebre la <em>consellera de presid\u00e8ncia, la senyora Laura Vilagr\u00e0<\/em> , i el <em>delegat del govern a Barcelona<\/em> , \u200b\u200bel senyor Joan Borr\u00e0s.<\/p>\n\n<p>Des de la lleialtat institucional, treballem junts en els objectius de futur i progr\u00e9s pel nostre municipi.<\/p>\n\n<p>Despr\u00e9s de la rebuda institucional, van mantenir una reuni\u00f3 de treball on van tenir l&#8217;oportunitat de traslladar els diferents projectes que requereixen de la participaci\u00f3 i la implicaci\u00f3 del <em>Govern de Catalunya,<\/em> entre d&#8217;altres el concert econ\u00f2mic de les places p\u00fabliques de la futura resid\u00e8ncia de la gent gran, el projecte de la viabilitat t\u00e8cnica del soterrament de les vies de Ferrocarrils de la Generalitat de Catalunya o el retorn dels especialistes sanitaris perduts, especialment del servei de ginecologia , al nostre ambulatori.<\/p>\n\n<figure class=\"wp-block-gallery has-nested-images columns-default is-cropped wp-block-gallery-1 is-layout-flex wp-block-gallery-is-layout-flex\">\n<figure class=\"wp-block-image size-large\"><a href=\"https:\/\/pscsvh.com\/wp-content\/uploads\/2023\/03\/05-1.jpg\"><img loading=\"lazy\" decoding=\"async\" width=\"1024\" height=\"683\" data-id=\"5395\" src=\"https:\/\/pscsvh.com\/wp-content\/uploads\/2023\/03\/05-1-1024x683.jpg\" alt=\"\" class=\"wp-image-5395\" srcset=\"https:\/\/pscsvh.com\/wp-content\/uploads\/2023\/03\/05-1-1024x683.jpg 1024w, https:\/\/pscsvh.com\/wp-content\/uploads\/2023\/03\/05-1-300x200.jpg 300w, https:\/\/pscsvh.com\/wp-content\/uploads\/2023\/03\/05-1-768x512.jpg 768w, https:\/\/pscsvh.com\/wp-content\/uploads\/2023\/03\/05-1.jpg 1440w\" sizes=\"auto, (max-width: 1024px) 100vw, 1024px\" \/><\/a><\/figure>\n\n\n\n<figure class=\"wp-block-image size-large\"><a href=\"https:\/\/pscsvh.com\/wp-content\/uploads\/2023\/03\/04-1.jpg\"><img loading=\"lazy\" decoding=\"async\" width=\"1024\" height=\"683\" data-id=\"5399\" src=\"https:\/\/pscsvh.com\/wp-content\/uploads\/2023\/03\/04-1-1024x683.jpg\" alt=\"\" class=\"wp-image-5399\" srcset=\"https:\/\/pscsvh.com\/wp-content\/uploads\/2023\/03\/04-1-1024x683.jpg 1024w, https:\/\/pscsvh.com\/wp-content\/uploads\/2023\/03\/04-1-300x200.jpg 300w, https:\/\/pscsvh.com\/wp-content\/uploads\/2023\/03\/04-1-768x512.jpg 768w, https:\/\/pscsvh.com\/wp-content\/uploads\/2023\/03\/04-1.jpg 1440w\" sizes=\"auto, (max-width: 1024px) 100vw, 1024px\" \/><\/a><\/figure>\n\n\n\n<figure class=\"wp-block-image size-large\"><a href=\"https:\/\/pscsvh.com\/wp-content\/uploads\/2023\/03\/03-1.jpg\"><img loading=\"lazy\" decoding=\"async\" width=\"1024\" height=\"683\" data-id=\"5396\" src=\"https:\/\/pscsvh.com\/wp-content\/uploads\/2023\/03\/03-1-1024x683.jpg\" alt=\"\" class=\"wp-image-5396\" srcset=\"https:\/\/pscsvh.com\/wp-content\/uploads\/2023\/03\/03-1-1024x683.jpg 1024w, https:\/\/pscsvh.com\/wp-content\/uploads\/2023\/03\/03-1-300x200.jpg 300w, https:\/\/pscsvh.com\/wp-content\/uploads\/2023\/03\/03-1-768x512.jpg 768w, https:\/\/pscsvh.com\/wp-content\/uploads\/2023\/03\/03-1.jpg 1440w\" sizes=\"auto, (max-width: 1024px) 100vw, 1024px\" \/><\/a><\/figure>\n\n\n\n<figure class=\"wp-block-image size-large\"><a href=\"https:\/\/pscsvh.com\/wp-content\/uploads\/2023\/03\/02-1.jpg\"><img loading=\"lazy\" decoding=\"async\" width=\"1024\" height=\"683\" data-id=\"5401\" src=\"https:\/\/pscsvh.com\/wp-content\/uploads\/2023\/03\/02-1-1024x683.jpg\" alt=\"\" class=\"wp-image-5401\" srcset=\"https:\/\/pscsvh.com\/wp-content\/uploads\/2023\/03\/02-1-1024x683.jpg 1024w, https:\/\/pscsvh.com\/wp-content\/uploads\/2023\/03\/02-1-300x200.jpg 300w, https:\/\/pscsvh.com\/wp-content\/uploads\/2023\/03\/02-1-768x512.jpg 768w, https:\/\/pscsvh.com\/wp-content\/uploads\/2023\/03\/02-1.jpg 1440w\" sizes=\"auto, (max-width: 1024px) 100vw, 1024px\" \/><\/a><\/figure>\n\n\n\n<figure class=\"wp-block-image size-large\"><a href=\"https:\/\/pscsvh.com\/wp-content\/uploads\/2023\/03\/01-1.jpg\"><img loading=\"lazy\" decoding=\"async\" width=\"1024\" height=\"683\" data-id=\"5403\" src=\"https:\/\/pscsvh.com\/wp-content\/uploads\/2023\/03\/01-1-1024x683.jpg\" alt=\"\" class=\"wp-image-5403\" srcset=\"https:\/\/pscsvh.com\/wp-content\/uploads\/2023\/03\/01-1-1024x683.jpg 1024w, https:\/\/pscsvh.com\/wp-content\/uploads\/2023\/03\/01-1-300x200.jpg 300w, https:\/\/pscsvh.com\/wp-content\/uploads\/2023\/03\/01-1-768x512.jpg 768w, https:\/\/pscsvh.com\/wp-content\/uploads\/2023\/03\/01-1.jpg 1440w\" sizes=\"auto, (max-width: 1024px) 100vw, 1024px\" \/><\/a><\/figure>\n<\/figure>\n","protected":false},"excerpt":{"rendered":"<p>Des de la lleialtat institucional, treballem junts en els objectius de futur i progr\u00e9s pel nostre municipi.<\/p>\n","protected":false},"author":2,"featured_media":5402,"comment_status":"open","ping_status":"closed","sticky":false,"template":"","format":"standard","meta":{"_citadela_custom_class":"","footnotes":""},"categories":[283],"tags":[],"citadela-post-location":[42],"class_list":["post-5447","post","type-post","status-publish","format-standard","has-post-thumbnail","hentry","category-visites"],"yoast_head":"<!-- This site is optimized with the Yoast SEO plugin v24.7 - https:\/\/yoast.com\/wordpress\/plugins\/seo\/ -->\n<title>Visita de la consellera Laura Vilagr\u00e0 i del delegat del Govern Joan Borr\u00e0s - PSC SVH<\/title>\n<meta name=\"description\" content=\"Visita de la consellera Laura Vilagr\u00e0 i del delegat del Govern Joan Borr\u00e0s. Des de la lleialtat institucional, treballem junts en els objectius de futur i progr\u00e9s pel nostre municipi.\" \/>\n<meta name=\"robots\" content=\"index, follow, max-snippet:-1, max-image-preview:large, max-video-preview:-1\" \/>\n<link rel=\"canonical\" href=\"https:\/\/pscsvh.com\/ca\/visita-de-la-consellera-laura-vilagra-i-del-delegat-del-govern-joan-borras\/\" \/>\n<meta property=\"og:locale\" content=\"ca_ES\" \/>\n<meta property=\"og:type\" content=\"article\" \/>\n<meta property=\"og:title\" content=\"Visita de la consellera Laura Vilagr\u00e0 i del delegat del Govern Joan Borr\u00e0s - PSC SVH\" \/>\n<meta property=\"og:description\" content=\"Visita de la consellera Laura Vilagr\u00e0 i del delegat del Govern Joan Borr\u00e0s. Des de la lleialtat institucional, treballem junts en els objectius de futur i progr\u00e9s pel nostre municipi.\" \/>\n<meta property=\"og:url\" content=\"https:\/\/pscsvh.com\/ca\/visita-de-la-consellera-laura-vilagra-i-del-delegat-del-govern-joan-borras\/\" \/>\n<meta property=\"og:site_name\" content=\"PSC SVH\" \/>\n<meta property=\"article:published_time\" content=\"2023-03-02T17:45:06+00:00\" \/>\n<meta property=\"article:modified_time\" content=\"2023-03-08T19:18:39+00:00\" \/>\n<meta property=\"og:image\" content=\"https:\/\/pscsvh.com\/wp-content\/uploads\/2023\/03\/02-1.jpg\" \/>\n\t<meta property=\"og:image:width\" content=\"1440\" \/>\n\t<meta property=\"og:image:height\" content=\"960\" \/>\n\t<meta property=\"og:image:type\" content=\"image\/jpeg\" \/>\n<meta name=\"author\" content=\"PSC SVH\" \/>\n<meta name=\"twitter:card\" content=\"summary_large_image\" \/>\n<meta name=\"twitter:label1\" content=\"Escrit per\" \/>\n\t<meta name=\"twitter:data1\" content=\"PSC SVH\" \/>\n\t<meta name=\"twitter:label2\" content=\"Temps estimat de lectura\" \/>\n\t<meta name=\"twitter:data2\" content=\"1 minut\" \/>\n<script type=\"application\/ld+json\" class=\"yoast-schema-graph\">{\"@context\":\"https:\/\/schema.org\",\"@graph\":[{\"@type\":\"Article\",\"@id\":\"https:\/\/pscsvh.com\/ca\/visita-de-la-consellera-laura-vilagra-i-del-delegat-del-govern-joan-borras\/#article\",\"isPartOf\":{\"@id\":\"https:\/\/pscsvh.com\/ca\/visita-de-la-consellera-laura-vilagra-i-del-delegat-del-govern-joan-borras\/\"},\"author\":{\"name\":\"PSC SVH\",\"@id\":\"https:\/\/pscsvh.com\/ca\/#\/schema\/person\/6ad2cedf14b82878e2897de3ed64f1f9\"},\"headline\":\"Visita de la consellera Laura Vilagr\u00e0 i del delegat del Govern Joan Borr\u00e0s\",\"datePublished\":\"2023-03-02T17:45:06+00:00\",\"dateModified\":\"2023-03-08T19:18:39+00:00\",\"mainEntityOfPage\":{\"@id\":\"https:\/\/pscsvh.com\/ca\/visita-de-la-consellera-laura-vilagra-i-del-delegat-del-govern-joan-borras\/\"},\"wordCount\":163,\"commentCount\":0,\"publisher\":{\"@id\":\"https:\/\/pscsvh.com\/ca\/#organization\"},\"image\":{\"@id\":\"https:\/\/pscsvh.com\/ca\/visita-de-la-consellera-laura-vilagra-i-del-delegat-del-govern-joan-borras\/#primaryimage\"},\"thumbnailUrl\":\"https:\/\/pscsvh.com\/wp-content\/uploads\/2023\/03\/02-1.jpg\",\"articleSection\":[\"Visites\"],\"inLanguage\":\"ca\",\"potentialAction\":[{\"@type\":\"CommentAction\",\"name\":\"Comment\",\"target\":[\"https:\/\/pscsvh.com\/ca\/visita-de-la-consellera-laura-vilagra-i-del-delegat-del-govern-joan-borras\/#respond\"]}]},{\"@type\":\"WebPage\",\"@id\":\"https:\/\/pscsvh.com\/ca\/visita-de-la-consellera-laura-vilagra-i-del-delegat-del-govern-joan-borras\/\",\"url\":\"https:\/\/pscsvh.com\/ca\/visita-de-la-consellera-laura-vilagra-i-del-delegat-del-govern-joan-borras\/\",\"name\":\"Visita de la consellera Laura Vilagr\u00e0 i del delegat del Govern Joan Borr\u00e0s - PSC SVH\",\"isPartOf\":{\"@id\":\"https:\/\/pscsvh.com\/ca\/#website\"},\"primaryImageOfPage\":{\"@id\":\"https:\/\/pscsvh.com\/ca\/visita-de-la-consellera-laura-vilagra-i-del-delegat-del-govern-joan-borras\/#primaryimage\"},\"image\":{\"@id\":\"https:\/\/pscsvh.com\/ca\/visita-de-la-consellera-laura-vilagra-i-del-delegat-del-govern-joan-borras\/#primaryimage\"},\"thumbnailUrl\":\"https:\/\/pscsvh.com\/wp-content\/uploads\/2023\/03\/02-1.jpg\",\"datePublished\":\"2023-03-02T17:45:06+00:00\",\"dateModified\":\"2023-03-08T19:18:39+00:00\",\"description\":\"Visita de la consellera Laura Vilagr\u00e0 i del delegat del Govern Joan Borr\u00e0s. Des de la lleialtat institucional, treballem junts en els objectius de futur i progr\u00e9s pel nostre municipi.\",\"breadcrumb\":{\"@id\":\"https:\/\/pscsvh.com\/ca\/visita-de-la-consellera-laura-vilagra-i-del-delegat-del-govern-joan-borras\/#breadcrumb\"},\"inLanguage\":\"ca\",\"potentialAction\":[{\"@type\":\"ReadAction\",\"target\":[\"https:\/\/pscsvh.com\/ca\/visita-de-la-consellera-laura-vilagra-i-del-delegat-del-govern-joan-borras\/\"]}]},{\"@type\":\"ImageObject\",\"inLanguage\":\"ca\",\"@id\":\"https:\/\/pscsvh.com\/ca\/visita-de-la-consellera-laura-vilagra-i-del-delegat-del-govern-joan-borras\/#primaryimage\",\"url\":\"https:\/\/pscsvh.com\/wp-content\/uploads\/2023\/03\/02-1.jpg\",\"contentUrl\":\"https:\/\/pscsvh.com\/wp-content\/uploads\/2023\/03\/02-1.jpg\",\"width\":1440,\"height\":960,\"caption\":\"Visita de la Consellera Laura Vilagr\u00e0 y del Delegat del Govern Joan Borr\u00e0s\"},{\"@type\":\"BreadcrumbList\",\"@id\":\"https:\/\/pscsvh.com\/ca\/visita-de-la-consellera-laura-vilagra-i-del-delegat-del-govern-joan-borras\/#breadcrumb\",\"itemListElement\":[{\"@type\":\"ListItem\",\"position\":1,\"name\":\"Portada\",\"item\":\"https:\/\/pscsvh.com\/ca\/\"},{\"@type\":\"ListItem\",\"position\":2,\"name\":\"Visita de la consellera Laura Vilagr\u00e0 i del delegat del Govern Joan Borr\u00e0s\"}]},{\"@type\":\"WebSite\",\"@id\":\"https:\/\/pscsvh.com\/ca\/#website\",\"url\":\"https:\/\/pscsvh.com\/ca\/\",\"name\":\"PSC SVH\",\"description\":\"El cambio que suma\",\"publisher\":{\"@id\":\"https:\/\/pscsvh.com\/ca\/#organization\"},\"potentialAction\":[{\"@type\":\"SearchAction\",\"target\":{\"@type\":\"EntryPoint\",\"urlTemplate\":\"https:\/\/pscsvh.com\/ca\/?s={search_term_string}\"},\"query-input\":{\"@type\":\"PropertyValueSpecification\",\"valueRequired\":true,\"valueName\":\"search_term_string\"}}],\"inLanguage\":\"ca\"},{\"@type\":\"Organization\",\"@id\":\"https:\/\/pscsvh.com\/ca\/#organization\",\"name\":\"PSC SVH\",\"url\":\"https:\/\/pscsvh.com\/ca\/\",\"logo\":{\"@type\":\"ImageObject\",\"inLanguage\":\"ca\",\"@id\":\"https:\/\/pscsvh.com\/ca\/#\/schema\/logo\/image\/\",\"url\":\"https:\/\/pscsvh.com\/wp-content\/uploads\/2022\/06\/cropped-Logo_SVh2-300x158-1.png\",\"contentUrl\":\"https:\/\/pscsvh.com\/wp-content\/uploads\/2022\/06\/cropped-Logo_SVh2-300x158-1.png\",\"width\":300,\"height\":158,\"caption\":\"PSC SVH\"},\"image\":{\"@id\":\"https:\/\/pscsvh.com\/ca\/#\/schema\/logo\/image\/\"}},{\"@type\":\"Person\",\"@id\":\"https:\/\/pscsvh.com\/ca\/#\/schema\/person\/6ad2cedf14b82878e2897de3ed64f1f9\",\"name\":\"PSC SVH\",\"image\":{\"@type\":\"ImageObject\",\"inLanguage\":\"ca\",\"@id\":\"https:\/\/pscsvh.com\/ca\/#\/schema\/person\/image\/\",\"url\":\"https:\/\/secure.gravatar.com\/avatar\/a019c39072cc7d669be4d6e2cda099b4e834789e55938a3ec58bef829a37db42?s=96&d=mm&r=g\",\"contentUrl\":\"https:\/\/secure.gravatar.com\/avatar\/a019c39072cc7d669be4d6e2cda099b4e834789e55938a3ec58bef829a37db42?s=96&d=mm&r=g\",\"caption\":\"PSC SVH\"},\"url\":\"https:\/\/pscsvh.com\/ca\/author\/admin-2\/\"}]}<\/script>\n<!-- \/ Yoast SEO plugin. -->","yoast_head_json":{"title":"Visita de la consellera Laura Vilagr\u00e0 i del delegat del Govern Joan Borr\u00e0s - PSC SVH","description":"Visita de la consellera Laura Vilagr\u00e0 i del delegat del Govern Joan Borr\u00e0s. Des de la lleialtat institucional, treballem junts en els objectius de futur i progr\u00e9s pel nostre municipi.","robots":{"index":"index","follow":"follow","max-snippet":"max-snippet:-1","max-image-preview":"max-image-preview:large","max-video-preview":"max-video-preview:-1"},"canonical":"https:\/\/pscsvh.com\/ca\/visita-de-la-consellera-laura-vilagra-i-del-delegat-del-govern-joan-borras\/","og_locale":"ca_ES","og_type":"article","og_title":"Visita de la consellera Laura Vilagr\u00e0 i del delegat del Govern Joan Borr\u00e0s - PSC SVH","og_description":"Visita de la consellera Laura Vilagr\u00e0 i del delegat del Govern Joan Borr\u00e0s. Des de la lleialtat institucional, treballem junts en els objectius de futur i progr\u00e9s pel nostre municipi.","og_url":"https:\/\/pscsvh.com\/ca\/visita-de-la-consellera-laura-vilagra-i-del-delegat-del-govern-joan-borras\/","og_site_name":"PSC SVH","article_published_time":"2023-03-02T17:45:06+00:00","article_modified_time":"2023-03-08T19:18:39+00:00","og_image":[{"width":1440,"height":960,"url":"https:\/\/pscsvh.com\/wp-content\/uploads\/2023\/03\/02-1.jpg","type":"image\/jpeg"}],"author":"PSC SVH","twitter_card":"summary_large_image","twitter_misc":{"Escrit per":"PSC SVH","Temps estimat de lectura":"1 minut"},"schema":{"@context":"https:\/\/schema.org","@graph":[{"@type":"Article","@id":"https:\/\/pscsvh.com\/ca\/visita-de-la-consellera-laura-vilagra-i-del-delegat-del-govern-joan-borras\/#article","isPartOf":{"@id":"https:\/\/pscsvh.com\/ca\/visita-de-la-consellera-laura-vilagra-i-del-delegat-del-govern-joan-borras\/"},"author":{"name":"PSC SVH","@id":"https:\/\/pscsvh.com\/ca\/#\/schema\/person\/6ad2cedf14b82878e2897de3ed64f1f9"},"headline":"Visita de la consellera Laura Vilagr\u00e0 i del delegat del Govern Joan Borr\u00e0s","datePublished":"2023-03-02T17:45:06+00:00","dateModified":"2023-03-08T19:18:39+00:00","mainEntityOfPage":{"@id":"https:\/\/pscsvh.com\/ca\/visita-de-la-consellera-laura-vilagra-i-del-delegat-del-govern-joan-borras\/"},"wordCount":163,"commentCount":0,"publisher":{"@id":"https:\/\/pscsvh.com\/ca\/#organization"},"image":{"@id":"https:\/\/pscsvh.com\/ca\/visita-de-la-consellera-laura-vilagra-i-del-delegat-del-govern-joan-borras\/#primaryimage"},"thumbnailUrl":"https:\/\/pscsvh.com\/wp-content\/uploads\/2023\/03\/02-1.jpg","articleSection":["Visites"],"inLanguage":"ca","potentialAction":[{"@type":"CommentAction","name":"Comment","target":["https:\/\/pscsvh.com\/ca\/visita-de-la-consellera-laura-vilagra-i-del-delegat-del-govern-joan-borras\/#respond"]}]},{"@type":"WebPage","@id":"https:\/\/pscsvh.com\/ca\/visita-de-la-consellera-laura-vilagra-i-del-delegat-del-govern-joan-borras\/","url":"https:\/\/pscsvh.com\/ca\/visita-de-la-consellera-laura-vilagra-i-del-delegat-del-govern-joan-borras\/","name":"Visita de la consellera Laura Vilagr\u00e0 i del delegat del Govern Joan Borr\u00e0s - PSC SVH","isPartOf":{"@id":"https:\/\/pscsvh.com\/ca\/#website"},"primaryImageOfPage":{"@id":"https:\/\/pscsvh.com\/ca\/visita-de-la-consellera-laura-vilagra-i-del-delegat-del-govern-joan-borras\/#primaryimage"},"image":{"@id":"https:\/\/pscsvh.com\/ca\/visita-de-la-consellera-laura-vilagra-i-del-delegat-del-govern-joan-borras\/#primaryimage"},"thumbnailUrl":"https:\/\/pscsvh.com\/wp-content\/uploads\/2023\/03\/02-1.jpg","datePublished":"2023-03-02T17:45:06+00:00","dateModified":"2023-03-08T19:18:39+00:00","description":"Visita de la consellera Laura Vilagr\u00e0 i del delegat del Govern Joan Borr\u00e0s. Des de la lleialtat institucional, treballem junts en els objectius de futur i progr\u00e9s pel nostre municipi.","breadcrumb":{"@id":"https:\/\/pscsvh.com\/ca\/visita-de-la-consellera-laura-vilagra-i-del-delegat-del-govern-joan-borras\/#breadcrumb"},"inLanguage":"ca","potentialAction":[{"@type":"ReadAction","target":["https:\/\/pscsvh.com\/ca\/visita-de-la-consellera-laura-vilagra-i-del-delegat-del-govern-joan-borras\/"]}]},{"@type":"ImageObject","inLanguage":"ca","@id":"https:\/\/pscsvh.com\/ca\/visita-de-la-consellera-laura-vilagra-i-del-delegat-del-govern-joan-borras\/#primaryimage","url":"https:\/\/pscsvh.com\/wp-content\/uploads\/2023\/03\/02-1.jpg","contentUrl":"https:\/\/pscsvh.com\/wp-content\/uploads\/2023\/03\/02-1.jpg","width":1440,"height":960,"caption":"Visita de la Consellera Laura Vilagr\u00e0 y del Delegat del Govern Joan Borr\u00e0s"},{"@type":"BreadcrumbList","@id":"https:\/\/pscsvh.com\/ca\/visita-de-la-consellera-laura-vilagra-i-del-delegat-del-govern-joan-borras\/#breadcrumb","itemListElement":[{"@type":"ListItem","position":1,"name":"Portada","item":"https:\/\/pscsvh.com\/ca\/"},{"@type":"ListItem","position":2,"name":"Visita de la consellera Laura Vilagr\u00e0 i del delegat del Govern Joan Borr\u00e0s"}]},{"@type":"WebSite","@id":"https:\/\/pscsvh.com\/ca\/#website","url":"https:\/\/pscsvh.com\/ca\/","name":"PSC SVH","description":"El cambio que suma","publisher":{"@id":"https:\/\/pscsvh.com\/ca\/#organization"},"potentialAction":[{"@type":"SearchAction","target":{"@type":"EntryPoint","urlTemplate":"https:\/\/pscsvh.com\/ca\/?s={search_term_string}"},"query-input":{"@type":"PropertyValueSpecification","valueRequired":true,"valueName":"search_term_string"}}],"inLanguage":"ca"},{"@type":"Organization","@id":"https:\/\/pscsvh.com\/ca\/#organization","name":"PSC SVH","url":"https:\/\/pscsvh.com\/ca\/","logo":{"@type":"ImageObject","inLanguage":"ca","@id":"https:\/\/pscsvh.com\/ca\/#\/schema\/logo\/image\/","url":"https:\/\/pscsvh.com\/wp-content\/uploads\/2022\/06\/cropped-Logo_SVh2-300x158-1.png","contentUrl":"https:\/\/pscsvh.com\/wp-content\/uploads\/2022\/06\/cropped-Logo_SVh2-300x158-1.png","width":300,"height":158,"caption":"PSC SVH"},"image":{"@id":"https:\/\/pscsvh.com\/ca\/#\/schema\/logo\/image\/"}},{"@type":"Person","@id":"https:\/\/pscsvh.com\/ca\/#\/schema\/person\/6ad2cedf14b82878e2897de3ed64f1f9","name":"PSC SVH","image":{"@type":"ImageObject","inLanguage":"ca","@id":"https:\/\/pscsvh.com\/ca\/#\/schema\/person\/image\/","url":"https:\/\/secure.gravatar.com\/avatar\/a019c39072cc7d669be4d6e2cda099b4e834789e55938a3ec58bef829a37db42?s=96&d=mm&r=g","contentUrl":"https:\/\/secure.gravatar.com\/avatar\/a019c39072cc7d669be4d6e2cda099b4e834789e55938a3ec58bef829a37db42?s=96&d=mm&r=g","caption":"PSC SVH"},"url":"https:\/\/pscsvh.com\/ca\/author\/admin-2\/"}]}},"_links":{"self":[{"href":"https:\/\/pscsvh.com\/ca\/wp-json\/wp\/v2\/posts\/5447","targetHints":{"allow":["GET"]}}],"collection":[{"href":"https:\/\/pscsvh.com\/ca\/wp-json\/wp\/v2\/posts"}],"about":[{"href":"https:\/\/pscsvh.com\/ca\/wp-json\/wp\/v2\/types\/post"}],"author":[{"embeddable":true,"href":"https:\/\/pscsvh.com\/ca\/wp-json\/wp\/v2\/users\/2"}],"replies":[{"embeddable":true,"href":"https:\/\/pscsvh.com\/ca\/wp-json\/wp\/v2\/comments?post=5447"}],"version-history":[{"count":1,"href":"https:\/\/pscsvh.com\/ca\/wp-json\/wp\/v2\/posts\/5447\/revisions"}],"predecessor-version":[{"id":5448,"href":"https:\/\/pscsvh.com\/ca\/wp-json\/wp\/v2\/posts\/5447\/revisions\/5448"}],"wp:featuredmedia":[{"embeddable":true,"href":"https:\/\/pscsvh.com\/ca\/wp-json\/wp\/v2\/media\/5402"}],"wp:attachment":[{"href":"https:\/\/pscsvh.com\/ca\/wp-json\/wp\/v2\/media?parent=5447"}],"wp:term":[{"taxonomy":"category","embeddable":true,"href":"https:\/\/pscsvh.com\/ca\/wp-json\/wp\/v2\/categories?post=5447"},{"taxonomy":"post_tag","embeddable":true,"href":"https:\/\/pscsvh.com\/ca\/wp-json\/wp\/v2\/tags?post=5447"},{"taxonomy":"citadela-post-location","embeddable":true,"href":"https:\/\/pscsvh.com\/ca\/wp-json\/wp\/v2\/citadela-post-location?post=5447"}],"curies":[{"name":"wp","href":"https:\/\/api.w.org\/{rel}","templated":true}]}}