{"id":5374,"date":"2023-02-10T18:44:57","date_gmt":"2023-02-10T17:44:57","guid":{"rendered":"https:\/\/pscsvh.com\/pla-metropolita-de-rehabilitacio-energetica-dhabitatges\/"},"modified":"2023-03-06T11:58:15","modified_gmt":"2023-03-06T10:58:15","slug":"pla-metropolita-de-rehabilitacio-energetica-dhabitatges","status":"publish","type":"post","link":"https:\/\/pscsvh.com\/ca\/pla-metropolita-de-rehabilitacio-energetica-dhabitatges\/","title":{"rendered":"Pla Metropolit\u00e0 de Rehabilitaci\u00f3 Energ\u00e8tica d&#8217;Habitatges"},"content":{"rendered":"\n<p>Divendres l&#8217;alcalde de Sant Vicen\u00e7 dels Horts<a href=\"https:\/\/www.instagram.com\/miguelcomino\/\"> Miguel Comino<\/a> i la regidora d&#8217;habitatge <a href=\"https:\/\/www.instagram.com\/maria_pelaezsvh\/\">Mar\u00eda Pel\u00e1ez <\/a>van assistir a la signatura del conveni entre el Govern d&#8217;Espanya, la Generalitat de Catalunya i l&#8217;\u00c0rea Metropolitana de Barcelona per tirar endavant el Pla Metropolit\u00e0 de Rehabilitaci\u00f3 Energ\u00e8tica d&#8217;Habitatges, del qual ens podrem beneficiar tamb\u00e9 a Sant Vicen\u00e7 dels Horts.<\/p>\n\n<p>Aquest pla est\u00e0 dotat amb 102 milions d?euros fins al 2026 i finan\u00e7ar\u00e0 accions per millorar les condicions d?efici\u00e8ncia energ\u00e8tica i d?accessibilitat dels habitatges.<\/p>\n\n<p>Teniu tota la informaci\u00f3 <a href=\"https:\/\/www.cmh.cat\/web\/cmh\/ajuts\">aqu\u00ed<\/a><\/p>\n\n<p>En paral\u00b7lel, l&#8217;Ajuntament tamb\u00e9 t\u00e9 en marxa una convocat\u00f2ria per a ajudes a la rehabilitaci\u00f3 d&#8217;habitatges. El termini per fer la sol\u00b7licitud d&#8217;aquesta convocat\u00f2ria municipal \u00e9s obert fins al 29 de mar\u00e7 de 2023.<\/p>\n\n<p>Teniu tota la informaci\u00f3 <a href=\"https:\/\/svh.cat\/...\/convocatoria-2022-dajudes-para...\/%20#SantVicen%C3%A7SeTransforma\">aqu\u00ed<\/a><\/p>\n\n<p><\/p>\n\n<figure class=\"wp-block-gallery has-nested-images columns-default is-cropped wp-block-gallery-1 is-layout-flex wp-block-gallery-is-layout-flex\">\n<figure class=\"wp-block-image size-large\"><a href=\"https:\/\/pscsvh.com\/wp-content\/uploads\/2023\/02\/330987699_745259790500632_9179086375515711501_n.jpg\"><img loading=\"lazy\" decoding=\"async\" width=\"1024\" height=\"682\" data-id=\"5284\" src=\"https:\/\/pscsvh.com\/wp-content\/uploads\/2023\/02\/330987699_745259790500632_9179086375515711501_n-1024x682.jpg\" alt=\"\" class=\"wp-image-5284\" srcset=\"https:\/\/pscsvh.com\/wp-content\/uploads\/2023\/02\/330987699_745259790500632_9179086375515711501_n-1024x682.jpg 1024w, https:\/\/pscsvh.com\/wp-content\/uploads\/2023\/02\/330987699_745259790500632_9179086375515711501_n-300x200.jpg 300w, https:\/\/pscsvh.com\/wp-content\/uploads\/2023\/02\/330987699_745259790500632_9179086375515711501_n-768x511.jpg 768w, https:\/\/pscsvh.com\/wp-content\/uploads\/2023\/02\/330987699_745259790500632_9179086375515711501_n.jpg 1440w\" sizes=\"auto, (max-width: 1024px) 100vw, 1024px\" \/><\/a><\/figure>\n\n\n\n<figure class=\"wp-block-image size-large\"><a href=\"https:\/\/pscsvh.com\/wp-content\/uploads\/2023\/02\/330838767_877657546805816_291922878963107249_n.jpg\"><img loading=\"lazy\" decoding=\"async\" width=\"1024\" height=\"682\" data-id=\"5290\" src=\"https:\/\/pscsvh.com\/wp-content\/uploads\/2023\/02\/330838767_877657546805816_291922878963107249_n-1024x682.jpg\" alt=\"\" class=\"wp-image-5290\" srcset=\"https:\/\/pscsvh.com\/wp-content\/uploads\/2023\/02\/330838767_877657546805816_291922878963107249_n-1024x682.jpg 1024w, https:\/\/pscsvh.com\/wp-content\/uploads\/2023\/02\/330838767_877657546805816_291922878963107249_n-300x200.jpg 300w, https:\/\/pscsvh.com\/wp-content\/uploads\/2023\/02\/330838767_877657546805816_291922878963107249_n-768x511.jpg 768w, https:\/\/pscsvh.com\/wp-content\/uploads\/2023\/02\/330838767_877657546805816_291922878963107249_n.jpg 1440w\" sizes=\"auto, (max-width: 1024px) 100vw, 1024px\" \/><\/a><\/figure>\n\n\n\n<figure class=\"wp-block-image size-large\"><a href=\"https:\/\/pscsvh.com\/wp-content\/uploads\/2023\/02\/330774256_731532775218802_1255560819284371208_n.jpg\"><img loading=\"lazy\" decoding=\"async\" width=\"1024\" height=\"682\" data-id=\"5286\" src=\"https:\/\/pscsvh.com\/wp-content\/uploads\/2023\/02\/330774256_731532775218802_1255560819284371208_n-1024x682.jpg\" alt=\"\" class=\"wp-image-5286\" srcset=\"https:\/\/pscsvh.com\/wp-content\/uploads\/2023\/02\/330774256_731532775218802_1255560819284371208_n-1024x682.jpg 1024w, https:\/\/pscsvh.com\/wp-content\/uploads\/2023\/02\/330774256_731532775218802_1255560819284371208_n-300x200.jpg 300w, https:\/\/pscsvh.com\/wp-content\/uploads\/2023\/02\/330774256_731532775218802_1255560819284371208_n-768x511.jpg 768w, https:\/\/pscsvh.com\/wp-content\/uploads\/2023\/02\/330774256_731532775218802_1255560819284371208_n.jpg 1440w\" sizes=\"auto, (max-width: 1024px) 100vw, 1024px\" \/><\/a><\/figure>\n\n\n\n<figure class=\"wp-block-image size-large\"><a href=\"https:\/\/pscsvh.com\/wp-content\/uploads\/2023\/02\/330991325_977688019864503_7725312771750451846_n.jpg\"><img loading=\"lazy\" decoding=\"async\" width=\"1024\" height=\"682\" data-id=\"5294\" src=\"https:\/\/pscsvh.com\/wp-content\/uploads\/2023\/02\/330991325_977688019864503_7725312771750451846_n-1024x682.jpg\" alt=\"\" class=\"wp-image-5294\" srcset=\"https:\/\/pscsvh.com\/wp-content\/uploads\/2023\/02\/330991325_977688019864503_7725312771750451846_n-1024x682.jpg 1024w, https:\/\/pscsvh.com\/wp-content\/uploads\/2023\/02\/330991325_977688019864503_7725312771750451846_n-300x200.jpg 300w, https:\/\/pscsvh.com\/wp-content\/uploads\/2023\/02\/330991325_977688019864503_7725312771750451846_n-768x511.jpg 768w, https:\/\/pscsvh.com\/wp-content\/uploads\/2023\/02\/330991325_977688019864503_7725312771750451846_n.jpg 1440w\" sizes=\"auto, (max-width: 1024px) 100vw, 1024px\" \/><\/a><\/figure>\n\n\n\n<figure class=\"wp-block-image size-large\"><a href=\"https:\/\/pscsvh.com\/wp-content\/uploads\/2023\/02\/330983906_1257075668488044_3641456517560010901_n-1024x767.jpg\"><img loading=\"lazy\" decoding=\"async\" width=\"1024\" height=\"767\" data-id=\"5292\" src=\"https:\/\/pscsvh.com\/wp-content\/uploads\/2023\/02\/330983906_1257075668488044_3641456517560010901_n-1024x767.jpg\" alt=\"\" class=\"wp-image-5292\" srcset=\"https:\/\/pscsvh.com\/wp-content\/uploads\/2023\/02\/330983906_1257075668488044_3641456517560010901_n-1024x767.jpg 1024w, https:\/\/pscsvh.com\/wp-content\/uploads\/2023\/02\/330983906_1257075668488044_3641456517560010901_n-300x225.jpg 300w, https:\/\/pscsvh.com\/wp-content\/uploads\/2023\/02\/330983906_1257075668488044_3641456517560010901_n-768x575.jpg 768w, https:\/\/pscsvh.com\/wp-content\/uploads\/2023\/02\/330983906_1257075668488044_3641456517560010901_n-640x480.jpg 640w, https:\/\/pscsvh.com\/wp-content\/uploads\/2023\/02\/330983906_1257075668488044_3641456517560010901_n-480x360.jpg 480w, https:\/\/pscsvh.com\/wp-content\/uploads\/2023\/02\/330983906_1257075668488044_3641456517560010901_n.jpg 1440w\" sizes=\"auto, (max-width: 1024px) 100vw, 1024px\" \/><\/a><\/figure>\n\n\n\n<figure class=\"wp-block-image size-large\"><a href=\"https:\/\/pscsvh.com\/wp-content\/uploads\/2023\/02\/330770618_1204605347139623_3803456250349934807_n.jpg\"><img loading=\"lazy\" decoding=\"async\" width=\"1024\" height=\"683\" data-id=\"5288\" src=\"https:\/\/pscsvh.com\/wp-content\/uploads\/2023\/02\/330770618_1204605347139623_3803456250349934807_n-1024x683.jpg\" alt=\"\" class=\"wp-image-5288\" srcset=\"https:\/\/pscsvh.com\/wp-content\/uploads\/2023\/02\/330770618_1204605347139623_3803456250349934807_n-1024x683.jpg 1024w, https:\/\/pscsvh.com\/wp-content\/uploads\/2023\/02\/330770618_1204605347139623_3803456250349934807_n-300x200.jpg 300w, https:\/\/pscsvh.com\/wp-content\/uploads\/2023\/02\/330770618_1204605347139623_3803456250349934807_n-768x512.jpg 768w, https:\/\/pscsvh.com\/wp-content\/uploads\/2023\/02\/330770618_1204605347139623_3803456250349934807_n.jpg 1440w\" sizes=\"auto, (max-width: 1024px) 100vw, 1024px\" \/><\/a><\/figure>\n<\/figure>\n","protected":false},"excerpt":{"rendered":"<p>Aquest pla est\u00e0 dotat amb 102 milions d?euros fins al 2026 i finan\u00e7ar\u00e0 accions per millorar les condicions d?efici\u00e8ncia energ\u00e8tica i d?accessibilitat dels habitatges.<\/p>\n","protected":false},"author":2,"featured_media":5285,"comment_status":"open","ping_status":"closed","sticky":false,"template":"","format":"standard","meta":{"_citadela_custom_class":"","footnotes":""},"categories":[57],"tags":[328],"citadela-post-location":[],"class_list":["post-5374","post","type-post","status-publish","format-standard","has-post-thumbnail","hentry","category-actualitat-vicentina","tag-rehabilitacio-energetica-dhabitatges"],"yoast_head":"<!-- This site is optimized with the Yoast SEO plugin v24.7 - https:\/\/yoast.com\/wordpress\/plugins\/seo\/ -->\n<title>Pla Metropolit\u00e0 de Rehabilitaci\u00f3 Energ\u00e8tica d&#039;Habitatges - PSC SVH<\/title>\n<meta name=\"description\" content=\"Pla Metropolit\u00e0 de Rehabilitaci\u00f3 Energ\u00e8tica d&#039;Habitatges\" \/>\n<meta name=\"robots\" content=\"index, follow, max-snippet:-1, max-image-preview:large, max-video-preview:-1\" \/>\n<link rel=\"canonical\" href=\"https:\/\/pscsvh.com\/ca\/pla-metropolita-de-rehabilitacio-energetica-dhabitatges\/\" \/>\n<meta property=\"og:locale\" content=\"ca_ES\" \/>\n<meta property=\"og:type\" content=\"article\" \/>\n<meta property=\"og:title\" content=\"Pla Metropolit\u00e0 de Rehabilitaci\u00f3 Energ\u00e8tica d&#039;Habitatges - PSC SVH\" \/>\n<meta property=\"og:description\" content=\"Pla Metropolit\u00e0 de Rehabilitaci\u00f3 Energ\u00e8tica d&#039;Habitatges\" \/>\n<meta property=\"og:url\" content=\"https:\/\/pscsvh.com\/ca\/pla-metropolita-de-rehabilitacio-energetica-dhabitatges\/\" \/>\n<meta property=\"og:site_name\" content=\"PSC SVH\" \/>\n<meta property=\"article:published_time\" content=\"2023-02-10T17:44:57+00:00\" \/>\n<meta property=\"article:modified_time\" content=\"2023-03-06T10:58:15+00:00\" \/>\n<meta property=\"og:image\" content=\"https:\/\/pscsvh.com\/wp-content\/uploads\/2023\/02\/330987699_745259790500632_9179086375515711501_n.jpg\" \/>\n\t<meta property=\"og:image:width\" content=\"1440\" \/>\n\t<meta property=\"og:image:height\" content=\"959\" \/>\n\t<meta property=\"og:image:type\" content=\"image\/jpeg\" \/>\n<meta name=\"author\" content=\"PSC SVH\" \/>\n<meta name=\"twitter:card\" content=\"summary_large_image\" \/>\n<meta name=\"twitter:label1\" content=\"Escrit per\" \/>\n\t<meta name=\"twitter:data1\" content=\"PSC SVH\" \/>\n\t<meta name=\"twitter:label2\" content=\"Temps estimat de lectura\" \/>\n\t<meta name=\"twitter:data2\" content=\"1 minut\" \/>\n<script type=\"application\/ld+json\" class=\"yoast-schema-graph\">{\"@context\":\"https:\/\/schema.org\",\"@graph\":[{\"@type\":\"Article\",\"@id\":\"https:\/\/pscsvh.com\/ca\/pla-metropolita-de-rehabilitacio-energetica-dhabitatges\/#article\",\"isPartOf\":{\"@id\":\"https:\/\/pscsvh.com\/ca\/pla-metropolita-de-rehabilitacio-energetica-dhabitatges\/\"},\"author\":{\"name\":\"PSC SVH\",\"@id\":\"https:\/\/pscsvh.com\/ca\/#\/schema\/person\/6ad2cedf14b82878e2897de3ed64f1f9\"},\"headline\":\"Pla Metropolit\u00e0 de Rehabilitaci\u00f3 Energ\u00e8tica d&#8217;Habitatges\",\"datePublished\":\"2023-02-10T17:44:57+00:00\",\"dateModified\":\"2023-03-06T10:58:15+00:00\",\"mainEntityOfPage\":{\"@id\":\"https:\/\/pscsvh.com\/ca\/pla-metropolita-de-rehabilitacio-energetica-dhabitatges\/\"},\"wordCount\":149,\"commentCount\":0,\"publisher\":{\"@id\":\"https:\/\/pscsvh.com\/ca\/#organization\"},\"image\":{\"@id\":\"https:\/\/pscsvh.com\/ca\/pla-metropolita-de-rehabilitacio-energetica-dhabitatges\/#primaryimage\"},\"thumbnailUrl\":\"https:\/\/pscsvh.com\/wp-content\/uploads\/2023\/02\/330987699_745259790500632_9179086375515711501_n.jpg\",\"keywords\":[\"Rehabilitaci\u00f3 Energ\u00e8tica d'Habitatges\"],\"articleSection\":[\"Actualitat Vicentina\"],\"inLanguage\":\"ca\",\"potentialAction\":[{\"@type\":\"CommentAction\",\"name\":\"Comment\",\"target\":[\"https:\/\/pscsvh.com\/ca\/pla-metropolita-de-rehabilitacio-energetica-dhabitatges\/#respond\"]}]},{\"@type\":\"WebPage\",\"@id\":\"https:\/\/pscsvh.com\/ca\/pla-metropolita-de-rehabilitacio-energetica-dhabitatges\/\",\"url\":\"https:\/\/pscsvh.com\/ca\/pla-metropolita-de-rehabilitacio-energetica-dhabitatges\/\",\"name\":\"Pla Metropolit\u00e0 de Rehabilitaci\u00f3 Energ\u00e8tica d'Habitatges - PSC SVH\",\"isPartOf\":{\"@id\":\"https:\/\/pscsvh.com\/ca\/#website\"},\"primaryImageOfPage\":{\"@id\":\"https:\/\/pscsvh.com\/ca\/pla-metropolita-de-rehabilitacio-energetica-dhabitatges\/#primaryimage\"},\"image\":{\"@id\":\"https:\/\/pscsvh.com\/ca\/pla-metropolita-de-rehabilitacio-energetica-dhabitatges\/#primaryimage\"},\"thumbnailUrl\":\"https:\/\/pscsvh.com\/wp-content\/uploads\/2023\/02\/330987699_745259790500632_9179086375515711501_n.jpg\",\"datePublished\":\"2023-02-10T17:44:57+00:00\",\"dateModified\":\"2023-03-06T10:58:15+00:00\",\"description\":\"Pla Metropolit\u00e0 de Rehabilitaci\u00f3 Energ\u00e8tica d'Habitatges\",\"breadcrumb\":{\"@id\":\"https:\/\/pscsvh.com\/ca\/pla-metropolita-de-rehabilitacio-energetica-dhabitatges\/#breadcrumb\"},\"inLanguage\":\"ca\",\"potentialAction\":[{\"@type\":\"ReadAction\",\"target\":[\"https:\/\/pscsvh.com\/ca\/pla-metropolita-de-rehabilitacio-energetica-dhabitatges\/\"]}]},{\"@type\":\"ImageObject\",\"inLanguage\":\"ca\",\"@id\":\"https:\/\/pscsvh.com\/ca\/pla-metropolita-de-rehabilitacio-energetica-dhabitatges\/#primaryimage\",\"url\":\"https:\/\/pscsvh.com\/wp-content\/uploads\/2023\/02\/330987699_745259790500632_9179086375515711501_n.jpg\",\"contentUrl\":\"https:\/\/pscsvh.com\/wp-content\/uploads\/2023\/02\/330987699_745259790500632_9179086375515711501_n.jpg\",\"width\":1440,\"height\":959,\"caption\":\"Plan Metropolitano de Rehabilitaci\u00f3n Energ\u00e9tica de Viviendas\"},{\"@type\":\"BreadcrumbList\",\"@id\":\"https:\/\/pscsvh.com\/ca\/pla-metropolita-de-rehabilitacio-energetica-dhabitatges\/#breadcrumb\",\"itemListElement\":[{\"@type\":\"ListItem\",\"position\":1,\"name\":\"Portada\",\"item\":\"https:\/\/pscsvh.com\/ca\/\"},{\"@type\":\"ListItem\",\"position\":2,\"name\":\"Pla Metropolit\u00e0 de Rehabilitaci\u00f3 Energ\u00e8tica d&#8217;Habitatges\"}]},{\"@type\":\"WebSite\",\"@id\":\"https:\/\/pscsvh.com\/ca\/#website\",\"url\":\"https:\/\/pscsvh.com\/ca\/\",\"name\":\"PSC SVH\",\"description\":\"El cambio que suma\",\"publisher\":{\"@id\":\"https:\/\/pscsvh.com\/ca\/#organization\"},\"potentialAction\":[{\"@type\":\"SearchAction\",\"target\":{\"@type\":\"EntryPoint\",\"urlTemplate\":\"https:\/\/pscsvh.com\/ca\/?s={search_term_string}\"},\"query-input\":{\"@type\":\"PropertyValueSpecification\",\"valueRequired\":true,\"valueName\":\"search_term_string\"}}],\"inLanguage\":\"ca\"},{\"@type\":\"Organization\",\"@id\":\"https:\/\/pscsvh.com\/ca\/#organization\",\"name\":\"PSC SVH\",\"url\":\"https:\/\/pscsvh.com\/ca\/\",\"logo\":{\"@type\":\"ImageObject\",\"inLanguage\":\"ca\",\"@id\":\"https:\/\/pscsvh.com\/ca\/#\/schema\/logo\/image\/\",\"url\":\"https:\/\/pscsvh.com\/wp-content\/uploads\/2022\/06\/cropped-Logo_SVh2-300x158-1.png\",\"contentUrl\":\"https:\/\/pscsvh.com\/wp-content\/uploads\/2022\/06\/cropped-Logo_SVh2-300x158-1.png\",\"width\":300,\"height\":158,\"caption\":\"PSC SVH\"},\"image\":{\"@id\":\"https:\/\/pscsvh.com\/ca\/#\/schema\/logo\/image\/\"}},{\"@type\":\"Person\",\"@id\":\"https:\/\/pscsvh.com\/ca\/#\/schema\/person\/6ad2cedf14b82878e2897de3ed64f1f9\",\"name\":\"PSC SVH\",\"image\":{\"@type\":\"ImageObject\",\"inLanguage\":\"ca\",\"@id\":\"https:\/\/pscsvh.com\/ca\/#\/schema\/person\/image\/\",\"url\":\"https:\/\/secure.gravatar.com\/avatar\/a019c39072cc7d669be4d6e2cda099b4e834789e55938a3ec58bef829a37db42?s=96&d=mm&r=g\",\"contentUrl\":\"https:\/\/secure.gravatar.com\/avatar\/a019c39072cc7d669be4d6e2cda099b4e834789e55938a3ec58bef829a37db42?s=96&d=mm&r=g\",\"caption\":\"PSC SVH\"},\"url\":\"https:\/\/pscsvh.com\/ca\/author\/admin-2\/\"}]}<\/script>\n<!-- \/ Yoast SEO plugin. -->","yoast_head_json":{"title":"Pla Metropolit\u00e0 de Rehabilitaci\u00f3 Energ\u00e8tica d'Habitatges - PSC SVH","description":"Pla Metropolit\u00e0 de Rehabilitaci\u00f3 Energ\u00e8tica d'Habitatges","robots":{"index":"index","follow":"follow","max-snippet":"max-snippet:-1","max-image-preview":"max-image-preview:large","max-video-preview":"max-video-preview:-1"},"canonical":"https:\/\/pscsvh.com\/ca\/pla-metropolita-de-rehabilitacio-energetica-dhabitatges\/","og_locale":"ca_ES","og_type":"article","og_title":"Pla Metropolit\u00e0 de Rehabilitaci\u00f3 Energ\u00e8tica d'Habitatges - PSC SVH","og_description":"Pla Metropolit\u00e0 de Rehabilitaci\u00f3 Energ\u00e8tica d'Habitatges","og_url":"https:\/\/pscsvh.com\/ca\/pla-metropolita-de-rehabilitacio-energetica-dhabitatges\/","og_site_name":"PSC SVH","article_published_time":"2023-02-10T17:44:57+00:00","article_modified_time":"2023-03-06T10:58:15+00:00","og_image":[{"width":1440,"height":959,"url":"https:\/\/pscsvh.com\/wp-content\/uploads\/2023\/02\/330987699_745259790500632_9179086375515711501_n.jpg","type":"image\/jpeg"}],"author":"PSC SVH","twitter_card":"summary_large_image","twitter_misc":{"Escrit per":"PSC SVH","Temps estimat de lectura":"1 minut"},"schema":{"@context":"https:\/\/schema.org","@graph":[{"@type":"Article","@id":"https:\/\/pscsvh.com\/ca\/pla-metropolita-de-rehabilitacio-energetica-dhabitatges\/#article","isPartOf":{"@id":"https:\/\/pscsvh.com\/ca\/pla-metropolita-de-rehabilitacio-energetica-dhabitatges\/"},"author":{"name":"PSC SVH","@id":"https:\/\/pscsvh.com\/ca\/#\/schema\/person\/6ad2cedf14b82878e2897de3ed64f1f9"},"headline":"Pla Metropolit\u00e0 de Rehabilitaci\u00f3 Energ\u00e8tica d&#8217;Habitatges","datePublished":"2023-02-10T17:44:57+00:00","dateModified":"2023-03-06T10:58:15+00:00","mainEntityOfPage":{"@id":"https:\/\/pscsvh.com\/ca\/pla-metropolita-de-rehabilitacio-energetica-dhabitatges\/"},"wordCount":149,"commentCount":0,"publisher":{"@id":"https:\/\/pscsvh.com\/ca\/#organization"},"image":{"@id":"https:\/\/pscsvh.com\/ca\/pla-metropolita-de-rehabilitacio-energetica-dhabitatges\/#primaryimage"},"thumbnailUrl":"https:\/\/pscsvh.com\/wp-content\/uploads\/2023\/02\/330987699_745259790500632_9179086375515711501_n.jpg","keywords":["Rehabilitaci\u00f3 Energ\u00e8tica d'Habitatges"],"articleSection":["Actualitat Vicentina"],"inLanguage":"ca","potentialAction":[{"@type":"CommentAction","name":"Comment","target":["https:\/\/pscsvh.com\/ca\/pla-metropolita-de-rehabilitacio-energetica-dhabitatges\/#respond"]}]},{"@type":"WebPage","@id":"https:\/\/pscsvh.com\/ca\/pla-metropolita-de-rehabilitacio-energetica-dhabitatges\/","url":"https:\/\/pscsvh.com\/ca\/pla-metropolita-de-rehabilitacio-energetica-dhabitatges\/","name":"Pla Metropolit\u00e0 de Rehabilitaci\u00f3 Energ\u00e8tica d'Habitatges - PSC SVH","isPartOf":{"@id":"https:\/\/pscsvh.com\/ca\/#website"},"primaryImageOfPage":{"@id":"https:\/\/pscsvh.com\/ca\/pla-metropolita-de-rehabilitacio-energetica-dhabitatges\/#primaryimage"},"image":{"@id":"https:\/\/pscsvh.com\/ca\/pla-metropolita-de-rehabilitacio-energetica-dhabitatges\/#primaryimage"},"thumbnailUrl":"https:\/\/pscsvh.com\/wp-content\/uploads\/2023\/02\/330987699_745259790500632_9179086375515711501_n.jpg","datePublished":"2023-02-10T17:44:57+00:00","dateModified":"2023-03-06T10:58:15+00:00","description":"Pla Metropolit\u00e0 de Rehabilitaci\u00f3 Energ\u00e8tica d'Habitatges","breadcrumb":{"@id":"https:\/\/pscsvh.com\/ca\/pla-metropolita-de-rehabilitacio-energetica-dhabitatges\/#breadcrumb"},"inLanguage":"ca","potentialAction":[{"@type":"ReadAction","target":["https:\/\/pscsvh.com\/ca\/pla-metropolita-de-rehabilitacio-energetica-dhabitatges\/"]}]},{"@type":"ImageObject","inLanguage":"ca","@id":"https:\/\/pscsvh.com\/ca\/pla-metropolita-de-rehabilitacio-energetica-dhabitatges\/#primaryimage","url":"https:\/\/pscsvh.com\/wp-content\/uploads\/2023\/02\/330987699_745259790500632_9179086375515711501_n.jpg","contentUrl":"https:\/\/pscsvh.com\/wp-content\/uploads\/2023\/02\/330987699_745259790500632_9179086375515711501_n.jpg","width":1440,"height":959,"caption":"Plan Metropolitano de Rehabilitaci\u00f3n Energ\u00e9tica de Viviendas"},{"@type":"BreadcrumbList","@id":"https:\/\/pscsvh.com\/ca\/pla-metropolita-de-rehabilitacio-energetica-dhabitatges\/#breadcrumb","itemListElement":[{"@type":"ListItem","position":1,"name":"Portada","item":"https:\/\/pscsvh.com\/ca\/"},{"@type":"ListItem","position":2,"name":"Pla Metropolit\u00e0 de Rehabilitaci\u00f3 Energ\u00e8tica d&#8217;Habitatges"}]},{"@type":"WebSite","@id":"https:\/\/pscsvh.com\/ca\/#website","url":"https:\/\/pscsvh.com\/ca\/","name":"PSC SVH","description":"El cambio que suma","publisher":{"@id":"https:\/\/pscsvh.com\/ca\/#organization"},"potentialAction":[{"@type":"SearchAction","target":{"@type":"EntryPoint","urlTemplate":"https:\/\/pscsvh.com\/ca\/?s={search_term_string}"},"query-input":{"@type":"PropertyValueSpecification","valueRequired":true,"valueName":"search_term_string"}}],"inLanguage":"ca"},{"@type":"Organization","@id":"https:\/\/pscsvh.com\/ca\/#organization","name":"PSC SVH","url":"https:\/\/pscsvh.com\/ca\/","logo":{"@type":"ImageObject","inLanguage":"ca","@id":"https:\/\/pscsvh.com\/ca\/#\/schema\/logo\/image\/","url":"https:\/\/pscsvh.com\/wp-content\/uploads\/2022\/06\/cropped-Logo_SVh2-300x158-1.png","contentUrl":"https:\/\/pscsvh.com\/wp-content\/uploads\/2022\/06\/cropped-Logo_SVh2-300x158-1.png","width":300,"height":158,"caption":"PSC SVH"},"image":{"@id":"https:\/\/pscsvh.com\/ca\/#\/schema\/logo\/image\/"}},{"@type":"Person","@id":"https:\/\/pscsvh.com\/ca\/#\/schema\/person\/6ad2cedf14b82878e2897de3ed64f1f9","name":"PSC SVH","image":{"@type":"ImageObject","inLanguage":"ca","@id":"https:\/\/pscsvh.com\/ca\/#\/schema\/person\/image\/","url":"https:\/\/secure.gravatar.com\/avatar\/a019c39072cc7d669be4d6e2cda099b4e834789e55938a3ec58bef829a37db42?s=96&d=mm&r=g","contentUrl":"https:\/\/secure.gravatar.com\/avatar\/a019c39072cc7d669be4d6e2cda099b4e834789e55938a3ec58bef829a37db42?s=96&d=mm&r=g","caption":"PSC SVH"},"url":"https:\/\/pscsvh.com\/ca\/author\/admin-2\/"}]}},"_links":{"self":[{"href":"https:\/\/pscsvh.com\/ca\/wp-json\/wp\/v2\/posts\/5374","targetHints":{"allow":["GET"]}}],"collection":[{"href":"https:\/\/pscsvh.com\/ca\/wp-json\/wp\/v2\/posts"}],"about":[{"href":"https:\/\/pscsvh.com\/ca\/wp-json\/wp\/v2\/types\/post"}],"author":[{"embeddable":true,"href":"https:\/\/pscsvh.com\/ca\/wp-json\/wp\/v2\/users\/2"}],"replies":[{"embeddable":true,"href":"https:\/\/pscsvh.com\/ca\/wp-json\/wp\/v2\/comments?post=5374"}],"version-history":[{"count":1,"href":"https:\/\/pscsvh.com\/ca\/wp-json\/wp\/v2\/posts\/5374\/revisions"}],"predecessor-version":[{"id":5375,"href":"https:\/\/pscsvh.com\/ca\/wp-json\/wp\/v2\/posts\/5374\/revisions\/5375"}],"wp:featuredmedia":[{"embeddable":true,"href":"https:\/\/pscsvh.com\/ca\/wp-json\/wp\/v2\/media\/5285"}],"wp:attachment":[{"href":"https:\/\/pscsvh.com\/ca\/wp-json\/wp\/v2\/media?parent=5374"}],"wp:term":[{"taxonomy":"category","embeddable":true,"href":"https:\/\/pscsvh.com\/ca\/wp-json\/wp\/v2\/categories?post=5374"},{"taxonomy":"post_tag","embeddable":true,"href":"https:\/\/pscsvh.com\/ca\/wp-json\/wp\/v2\/tags?post=5374"},{"taxonomy":"citadela-post-location","embeddable":true,"href":"https:\/\/pscsvh.com\/ca\/wp-json\/wp\/v2\/citadela-post-location?post=5374"}],"curies":[{"name":"wp","href":"https:\/\/api.w.org\/{rel}","templated":true}]}}