{"id":5279,"date":"2022-11-02T11:26:31","date_gmt":"2022-11-02T10:26:31","guid":{"rendered":"https:\/\/pscsvh.com\/presentacio-del-campionat-open-barcelona-2023\/"},"modified":"2023-02-14T19:34:11","modified_gmt":"2023-02-14T18:34:11","slug":"presentacio-del-campionat-open-barcelona-2023","status":"publish","type":"post","link":"https:\/\/pscsvh.com\/ca\/presentacio-del-campionat-open-barcelona-2023\/","title":{"rendered":"Presentaci\u00f3 del campionat &#8220;Open Barcelona 2023&#8221;"},"content":{"rendered":"\n<p><strong>Avui s&#8217;ha presentat a Sant Vicen\u00e7 dels Horts el campionat Open Barcelona 2023<\/strong><\/p>\n\n<p>L&#8217;alcalde <a href=\"http:\/\/miguelcomino\" target=\"_blank\" rel=\"noreferrer noopener\">Miguel Comino<\/a> , i el regidor d&#8217;esports <a href=\"http:\/\/xgasvh\">Xavi G\u00f3mez<\/a> han estat a la presentaci\u00f3 acompanyats del president de la Federaci\u00f3 de Taekwon-Do ITF Espanya <a href=\"https:\/\/www.instagram.com\/pako_ferrando\/\">@pako_ferrando<\/a> i de Jos\u00e9 Carlos Revelles, de l&#8217;escola <a href=\"https:\/\/www.instagram.com\/hwa.rang.do\/\">@hwa.rang.do<\/a><\/p>\n\n<p><\/p>\n","protected":false},"excerpt":{"rendered":"<p>L&#8217;alcalde Miguel Comino, i el regidor d&#8217;esports Xavi G\u00f3mez han estat a la presentaci\u00f3 acompanyats del president de la Federaci\u00f3 de Taekwon-Do ITF Espanya @pako_ferrando i de Jos\u00e9 Carlos Revelles, de l&#8217;escola @hwa.rang.do<\/p>\n","protected":false},"author":2,"featured_media":4153,"comment_status":"open","ping_status":"closed","sticky":false,"template":"","format":"standard","meta":{"_citadela_custom_class":"","footnotes":""},"categories":[275],"tags":[322],"citadela-post-location":[],"class_list":["post-5279","post","type-post","status-publish","format-standard","has-post-thumbnail","hentry","category-esports","tag-taekwon-do-ca"],"yoast_head":"<!-- This site is optimized with the Yoast SEO plugin v24.7 - https:\/\/yoast.com\/wordpress\/plugins\/seo\/ -->\n<title>Presentaci\u00f3 del campionat &quot;Open Barcelona 2023&quot; - PSC SVH<\/title>\n<meta name=\"description\" content=\"Presentaci\u00f3 del campionat &quot;Open Barcelona 2023&quot; L&#039;alcalde Miguel Comino, i el regidor d&#039;esports Xavi G\u00f3mez han estat a la presentaci\u00f3 acompanyats del president de la Federaci\u00f3 de Taekwon-Do ITF Espanya @pako_ferrando i de Jos\u00e9 Carlos Revelles, de l&#039;escola @hwa .rang.do\" \/>\n<meta name=\"robots\" content=\"index, follow, max-snippet:-1, max-image-preview:large, max-video-preview:-1\" \/>\n<link rel=\"canonical\" href=\"https:\/\/pscsvh.com\/ca\/presentacio-del-campionat-open-barcelona-2023\/\" \/>\n<meta property=\"og:locale\" content=\"ca_ES\" \/>\n<meta property=\"og:type\" content=\"article\" \/>\n<meta property=\"og:title\" content=\"Presentaci\u00f3 del campionat &quot;Open Barcelona 2023&quot; - PSC SVH\" \/>\n<meta property=\"og:description\" content=\"Presentaci\u00f3 del campionat &quot;Open Barcelona 2023&quot; L&#039;alcalde Miguel Comino, i el regidor d&#039;esports Xavi G\u00f3mez han estat a la presentaci\u00f3 acompanyats del president de la Federaci\u00f3 de Taekwon-Do ITF Espanya @pako_ferrando i de Jos\u00e9 Carlos Revelles, de l&#039;escola @hwa .rang.do\" \/>\n<meta property=\"og:url\" content=\"https:\/\/pscsvh.com\/ca\/presentacio-del-campionat-open-barcelona-2023\/\" \/>\n<meta property=\"og:site_name\" content=\"PSC SVH\" \/>\n<meta property=\"article:published_time\" content=\"2022-11-02T10:26:31+00:00\" \/>\n<meta property=\"article:modified_time\" content=\"2023-02-14T18:34:11+00:00\" \/>\n<meta property=\"og:image\" content=\"https:\/\/pscsvh.com\/wp-content\/uploads\/2022\/11\/campeonato-\u2018Open-Barcelona-2023.png\" \/>\n\t<meta property=\"og:image:width\" content=\"577\" \/>\n\t<meta property=\"og:image:height\" content=\"670\" \/>\n\t<meta property=\"og:image:type\" content=\"image\/png\" \/>\n<meta name=\"author\" content=\"PSC SVH\" \/>\n<meta name=\"twitter:card\" content=\"summary_large_image\" \/>\n<meta name=\"twitter:label1\" content=\"Escrit per\" \/>\n\t<meta name=\"twitter:data1\" content=\"PSC SVH\" \/>\n<script type=\"application\/ld+json\" class=\"yoast-schema-graph\">{\"@context\":\"https:\/\/schema.org\",\"@graph\":[{\"@type\":\"Article\",\"@id\":\"https:\/\/pscsvh.com\/ca\/presentacio-del-campionat-open-barcelona-2023\/#article\",\"isPartOf\":{\"@id\":\"https:\/\/pscsvh.com\/ca\/presentacio-del-campionat-open-barcelona-2023\/\"},\"author\":{\"name\":\"PSC SVH\",\"@id\":\"https:\/\/pscsvh.com\/ca\/#\/schema\/person\/6ad2cedf14b82878e2897de3ed64f1f9\"},\"headline\":\"Presentaci\u00f3 del campionat &#8220;Open Barcelona 2023&#8221;\",\"datePublished\":\"2022-11-02T10:26:31+00:00\",\"dateModified\":\"2023-02-14T18:34:11+00:00\",\"mainEntityOfPage\":{\"@id\":\"https:\/\/pscsvh.com\/ca\/presentacio-del-campionat-open-barcelona-2023\/\"},\"wordCount\":58,\"commentCount\":0,\"publisher\":{\"@id\":\"https:\/\/pscsvh.com\/ca\/#organization\"},\"image\":{\"@id\":\"https:\/\/pscsvh.com\/ca\/presentacio-del-campionat-open-barcelona-2023\/#primaryimage\"},\"thumbnailUrl\":\"https:\/\/pscsvh.com\/wp-content\/uploads\/2022\/11\/campeonato-\u2018Open-Barcelona-2023.png\",\"keywords\":[\"Taekwon-Do\"],\"articleSection\":[\"Esports\"],\"inLanguage\":\"ca\",\"potentialAction\":[{\"@type\":\"CommentAction\",\"name\":\"Comment\",\"target\":[\"https:\/\/pscsvh.com\/ca\/presentacio-del-campionat-open-barcelona-2023\/#respond\"]}]},{\"@type\":\"WebPage\",\"@id\":\"https:\/\/pscsvh.com\/ca\/presentacio-del-campionat-open-barcelona-2023\/\",\"url\":\"https:\/\/pscsvh.com\/ca\/presentacio-del-campionat-open-barcelona-2023\/\",\"name\":\"Presentaci\u00f3 del campionat \\\"Open Barcelona 2023\\\" - PSC SVH\",\"isPartOf\":{\"@id\":\"https:\/\/pscsvh.com\/ca\/#website\"},\"primaryImageOfPage\":{\"@id\":\"https:\/\/pscsvh.com\/ca\/presentacio-del-campionat-open-barcelona-2023\/#primaryimage\"},\"image\":{\"@id\":\"https:\/\/pscsvh.com\/ca\/presentacio-del-campionat-open-barcelona-2023\/#primaryimage\"},\"thumbnailUrl\":\"https:\/\/pscsvh.com\/wp-content\/uploads\/2022\/11\/campeonato-\u2018Open-Barcelona-2023.png\",\"datePublished\":\"2022-11-02T10:26:31+00:00\",\"dateModified\":\"2023-02-14T18:34:11+00:00\",\"description\":\"Presentaci\u00f3 del campionat \\\"Open Barcelona 2023\\\" L'alcalde Miguel Comino, i el regidor d'esports Xavi G\u00f3mez han estat a la presentaci\u00f3 acompanyats del president de la Federaci\u00f3 de Taekwon-Do ITF Espanya @pako_ferrando i de Jos\u00e9 Carlos Revelles, de l'escola @hwa .rang.do\",\"breadcrumb\":{\"@id\":\"https:\/\/pscsvh.com\/ca\/presentacio-del-campionat-open-barcelona-2023\/#breadcrumb\"},\"inLanguage\":\"ca\",\"potentialAction\":[{\"@type\":\"ReadAction\",\"target\":[\"https:\/\/pscsvh.com\/ca\/presentacio-del-campionat-open-barcelona-2023\/\"]}]},{\"@type\":\"ImageObject\",\"inLanguage\":\"ca\",\"@id\":\"https:\/\/pscsvh.com\/ca\/presentacio-del-campionat-open-barcelona-2023\/#primaryimage\",\"url\":\"https:\/\/pscsvh.com\/wp-content\/uploads\/2022\/11\/campeonato-\u2018Open-Barcelona-2023.png\",\"contentUrl\":\"https:\/\/pscsvh.com\/wp-content\/uploads\/2022\/11\/campeonato-\u2018Open-Barcelona-2023.png\",\"width\":577,\"height\":670},{\"@type\":\"BreadcrumbList\",\"@id\":\"https:\/\/pscsvh.com\/ca\/presentacio-del-campionat-open-barcelona-2023\/#breadcrumb\",\"itemListElement\":[{\"@type\":\"ListItem\",\"position\":1,\"name\":\"Portada\",\"item\":\"https:\/\/pscsvh.com\/ca\/\"},{\"@type\":\"ListItem\",\"position\":2,\"name\":\"Presentaci\u00f3 del campionat &#8220;Open Barcelona 2023&#8221;\"}]},{\"@type\":\"WebSite\",\"@id\":\"https:\/\/pscsvh.com\/ca\/#website\",\"url\":\"https:\/\/pscsvh.com\/ca\/\",\"name\":\"PSC SVH\",\"description\":\"El cambio que suma\",\"publisher\":{\"@id\":\"https:\/\/pscsvh.com\/ca\/#organization\"},\"potentialAction\":[{\"@type\":\"SearchAction\",\"target\":{\"@type\":\"EntryPoint\",\"urlTemplate\":\"https:\/\/pscsvh.com\/ca\/?s={search_term_string}\"},\"query-input\":{\"@type\":\"PropertyValueSpecification\",\"valueRequired\":true,\"valueName\":\"search_term_string\"}}],\"inLanguage\":\"ca\"},{\"@type\":\"Organization\",\"@id\":\"https:\/\/pscsvh.com\/ca\/#organization\",\"name\":\"PSC SVH\",\"url\":\"https:\/\/pscsvh.com\/ca\/\",\"logo\":{\"@type\":\"ImageObject\",\"inLanguage\":\"ca\",\"@id\":\"https:\/\/pscsvh.com\/ca\/#\/schema\/logo\/image\/\",\"url\":\"https:\/\/pscsvh.com\/wp-content\/uploads\/2022\/06\/cropped-Logo_SVh2-300x158-1.png\",\"contentUrl\":\"https:\/\/pscsvh.com\/wp-content\/uploads\/2022\/06\/cropped-Logo_SVh2-300x158-1.png\",\"width\":300,\"height\":158,\"caption\":\"PSC SVH\"},\"image\":{\"@id\":\"https:\/\/pscsvh.com\/ca\/#\/schema\/logo\/image\/\"}},{\"@type\":\"Person\",\"@id\":\"https:\/\/pscsvh.com\/ca\/#\/schema\/person\/6ad2cedf14b82878e2897de3ed64f1f9\",\"name\":\"PSC SVH\",\"image\":{\"@type\":\"ImageObject\",\"inLanguage\":\"ca\",\"@id\":\"https:\/\/pscsvh.com\/ca\/#\/schema\/person\/image\/\",\"url\":\"https:\/\/secure.gravatar.com\/avatar\/a019c39072cc7d669be4d6e2cda099b4e834789e55938a3ec58bef829a37db42?s=96&d=mm&r=g\",\"contentUrl\":\"https:\/\/secure.gravatar.com\/avatar\/a019c39072cc7d669be4d6e2cda099b4e834789e55938a3ec58bef829a37db42?s=96&d=mm&r=g\",\"caption\":\"PSC SVH\"},\"url\":\"https:\/\/pscsvh.com\/ca\/author\/admin-2\/\"}]}<\/script>\n<!-- \/ Yoast SEO plugin. -->","yoast_head_json":{"title":"Presentaci\u00f3 del campionat \"Open Barcelona 2023\" - PSC SVH","description":"Presentaci\u00f3 del campionat \"Open Barcelona 2023\" L'alcalde Miguel Comino, i el regidor d'esports Xavi G\u00f3mez han estat a la presentaci\u00f3 acompanyats del president de la Federaci\u00f3 de Taekwon-Do ITF Espanya @pako_ferrando i de Jos\u00e9 Carlos Revelles, de l'escola @hwa .rang.do","robots":{"index":"index","follow":"follow","max-snippet":"max-snippet:-1","max-image-preview":"max-image-preview:large","max-video-preview":"max-video-preview:-1"},"canonical":"https:\/\/pscsvh.com\/ca\/presentacio-del-campionat-open-barcelona-2023\/","og_locale":"ca_ES","og_type":"article","og_title":"Presentaci\u00f3 del campionat \"Open Barcelona 2023\" - PSC SVH","og_description":"Presentaci\u00f3 del campionat \"Open Barcelona 2023\" L'alcalde Miguel Comino, i el regidor d'esports Xavi G\u00f3mez han estat a la presentaci\u00f3 acompanyats del president de la Federaci\u00f3 de Taekwon-Do ITF Espanya @pako_ferrando i de Jos\u00e9 Carlos Revelles, de l'escola @hwa .rang.do","og_url":"https:\/\/pscsvh.com\/ca\/presentacio-del-campionat-open-barcelona-2023\/","og_site_name":"PSC SVH","article_published_time":"2022-11-02T10:26:31+00:00","article_modified_time":"2023-02-14T18:34:11+00:00","og_image":[{"width":577,"height":670,"url":"https:\/\/pscsvh.com\/wp-content\/uploads\/2022\/11\/campeonato-\u2018Open-Barcelona-2023.png","type":"image\/png"}],"author":"PSC SVH","twitter_card":"summary_large_image","twitter_misc":{"Escrit per":"PSC SVH"},"schema":{"@context":"https:\/\/schema.org","@graph":[{"@type":"Article","@id":"https:\/\/pscsvh.com\/ca\/presentacio-del-campionat-open-barcelona-2023\/#article","isPartOf":{"@id":"https:\/\/pscsvh.com\/ca\/presentacio-del-campionat-open-barcelona-2023\/"},"author":{"name":"PSC SVH","@id":"https:\/\/pscsvh.com\/ca\/#\/schema\/person\/6ad2cedf14b82878e2897de3ed64f1f9"},"headline":"Presentaci\u00f3 del campionat &#8220;Open Barcelona 2023&#8221;","datePublished":"2022-11-02T10:26:31+00:00","dateModified":"2023-02-14T18:34:11+00:00","mainEntityOfPage":{"@id":"https:\/\/pscsvh.com\/ca\/presentacio-del-campionat-open-barcelona-2023\/"},"wordCount":58,"commentCount":0,"publisher":{"@id":"https:\/\/pscsvh.com\/ca\/#organization"},"image":{"@id":"https:\/\/pscsvh.com\/ca\/presentacio-del-campionat-open-barcelona-2023\/#primaryimage"},"thumbnailUrl":"https:\/\/pscsvh.com\/wp-content\/uploads\/2022\/11\/campeonato-\u2018Open-Barcelona-2023.png","keywords":["Taekwon-Do"],"articleSection":["Esports"],"inLanguage":"ca","potentialAction":[{"@type":"CommentAction","name":"Comment","target":["https:\/\/pscsvh.com\/ca\/presentacio-del-campionat-open-barcelona-2023\/#respond"]}]},{"@type":"WebPage","@id":"https:\/\/pscsvh.com\/ca\/presentacio-del-campionat-open-barcelona-2023\/","url":"https:\/\/pscsvh.com\/ca\/presentacio-del-campionat-open-barcelona-2023\/","name":"Presentaci\u00f3 del campionat \"Open Barcelona 2023\" - PSC SVH","isPartOf":{"@id":"https:\/\/pscsvh.com\/ca\/#website"},"primaryImageOfPage":{"@id":"https:\/\/pscsvh.com\/ca\/presentacio-del-campionat-open-barcelona-2023\/#primaryimage"},"image":{"@id":"https:\/\/pscsvh.com\/ca\/presentacio-del-campionat-open-barcelona-2023\/#primaryimage"},"thumbnailUrl":"https:\/\/pscsvh.com\/wp-content\/uploads\/2022\/11\/campeonato-\u2018Open-Barcelona-2023.png","datePublished":"2022-11-02T10:26:31+00:00","dateModified":"2023-02-14T18:34:11+00:00","description":"Presentaci\u00f3 del campionat \"Open Barcelona 2023\" L'alcalde Miguel Comino, i el regidor d'esports Xavi G\u00f3mez han estat a la presentaci\u00f3 acompanyats del president de la Federaci\u00f3 de Taekwon-Do ITF Espanya @pako_ferrando i de Jos\u00e9 Carlos Revelles, de l'escola @hwa .rang.do","breadcrumb":{"@id":"https:\/\/pscsvh.com\/ca\/presentacio-del-campionat-open-barcelona-2023\/#breadcrumb"},"inLanguage":"ca","potentialAction":[{"@type":"ReadAction","target":["https:\/\/pscsvh.com\/ca\/presentacio-del-campionat-open-barcelona-2023\/"]}]},{"@type":"ImageObject","inLanguage":"ca","@id":"https:\/\/pscsvh.com\/ca\/presentacio-del-campionat-open-barcelona-2023\/#primaryimage","url":"https:\/\/pscsvh.com\/wp-content\/uploads\/2022\/11\/campeonato-\u2018Open-Barcelona-2023.png","contentUrl":"https:\/\/pscsvh.com\/wp-content\/uploads\/2022\/11\/campeonato-\u2018Open-Barcelona-2023.png","width":577,"height":670},{"@type":"BreadcrumbList","@id":"https:\/\/pscsvh.com\/ca\/presentacio-del-campionat-open-barcelona-2023\/#breadcrumb","itemListElement":[{"@type":"ListItem","position":1,"name":"Portada","item":"https:\/\/pscsvh.com\/ca\/"},{"@type":"ListItem","position":2,"name":"Presentaci\u00f3 del campionat &#8220;Open Barcelona 2023&#8221;"}]},{"@type":"WebSite","@id":"https:\/\/pscsvh.com\/ca\/#website","url":"https:\/\/pscsvh.com\/ca\/","name":"PSC SVH","description":"El cambio que suma","publisher":{"@id":"https:\/\/pscsvh.com\/ca\/#organization"},"potentialAction":[{"@type":"SearchAction","target":{"@type":"EntryPoint","urlTemplate":"https:\/\/pscsvh.com\/ca\/?s={search_term_string}"},"query-input":{"@type":"PropertyValueSpecification","valueRequired":true,"valueName":"search_term_string"}}],"inLanguage":"ca"},{"@type":"Organization","@id":"https:\/\/pscsvh.com\/ca\/#organization","name":"PSC SVH","url":"https:\/\/pscsvh.com\/ca\/","logo":{"@type":"ImageObject","inLanguage":"ca","@id":"https:\/\/pscsvh.com\/ca\/#\/schema\/logo\/image\/","url":"https:\/\/pscsvh.com\/wp-content\/uploads\/2022\/06\/cropped-Logo_SVh2-300x158-1.png","contentUrl":"https:\/\/pscsvh.com\/wp-content\/uploads\/2022\/06\/cropped-Logo_SVh2-300x158-1.png","width":300,"height":158,"caption":"PSC SVH"},"image":{"@id":"https:\/\/pscsvh.com\/ca\/#\/schema\/logo\/image\/"}},{"@type":"Person","@id":"https:\/\/pscsvh.com\/ca\/#\/schema\/person\/6ad2cedf14b82878e2897de3ed64f1f9","name":"PSC SVH","image":{"@type":"ImageObject","inLanguage":"ca","@id":"https:\/\/pscsvh.com\/ca\/#\/schema\/person\/image\/","url":"https:\/\/secure.gravatar.com\/avatar\/a019c39072cc7d669be4d6e2cda099b4e834789e55938a3ec58bef829a37db42?s=96&d=mm&r=g","contentUrl":"https:\/\/secure.gravatar.com\/avatar\/a019c39072cc7d669be4d6e2cda099b4e834789e55938a3ec58bef829a37db42?s=96&d=mm&r=g","caption":"PSC SVH"},"url":"https:\/\/pscsvh.com\/ca\/author\/admin-2\/"}]}},"_links":{"self":[{"href":"https:\/\/pscsvh.com\/ca\/wp-json\/wp\/v2\/posts\/5279","targetHints":{"allow":["GET"]}}],"collection":[{"href":"https:\/\/pscsvh.com\/ca\/wp-json\/wp\/v2\/posts"}],"about":[{"href":"https:\/\/pscsvh.com\/ca\/wp-json\/wp\/v2\/types\/post"}],"author":[{"embeddable":true,"href":"https:\/\/pscsvh.com\/ca\/wp-json\/wp\/v2\/users\/2"}],"replies":[{"embeddable":true,"href":"https:\/\/pscsvh.com\/ca\/wp-json\/wp\/v2\/comments?post=5279"}],"version-history":[{"count":1,"href":"https:\/\/pscsvh.com\/ca\/wp-json\/wp\/v2\/posts\/5279\/revisions"}],"predecessor-version":[{"id":5280,"href":"https:\/\/pscsvh.com\/ca\/wp-json\/wp\/v2\/posts\/5279\/revisions\/5280"}],"wp:featuredmedia":[{"embeddable":true,"href":"https:\/\/pscsvh.com\/ca\/wp-json\/wp\/v2\/media\/4153"}],"wp:attachment":[{"href":"https:\/\/pscsvh.com\/ca\/wp-json\/wp\/v2\/media?parent=5279"}],"wp:term":[{"taxonomy":"category","embeddable":true,"href":"https:\/\/pscsvh.com\/ca\/wp-json\/wp\/v2\/categories?post=5279"},{"taxonomy":"post_tag","embeddable":true,"href":"https:\/\/pscsvh.com\/ca\/wp-json\/wp\/v2\/tags?post=5279"},{"taxonomy":"citadela-post-location","embeddable":true,"href":"https:\/\/pscsvh.com\/ca\/wp-json\/wp\/v2\/citadela-post-location?post=5279"}],"curies":[{"name":"wp","href":"https:\/\/api.w.org\/{rel}","templated":true}]}}