{"id":5246,"date":"2022-11-25T20:46:53","date_gmt":"2022-11-25T19:46:53","guid":{"rendered":"https:\/\/pscsvh.com\/salvador-illa-visita-lempresa-vicentina-ivascular\/"},"modified":"2023-02-13T14:57:08","modified_gmt":"2023-02-13T13:57:08","slug":"salvador-illa-visita-lempresa-vicentina-ivascular","status":"publish","type":"post","link":"https:\/\/pscsvh.com\/ca\/salvador-illa-visita-lempresa-vicentina-ivascular\/","title":{"rendered":"Salvador Illa visita l&#8217;empresa vicentina iVascular"},"content":{"rendered":"\n<p><strong>L&#8217;alcalde de Sant Vicen\u00e7 dels Horts <a href=\"https:\/\/www.instagram.com\/miguelcomino\/\">Miguel Comino<\/a> i el regidor de comer\u00e7 <a href=\"https:\/\/www.instagram.com\/xgasvh\/\">Xavi G\u00f3mez<\/a> van acompanyar <a href=\"https:\/\/www.instagram.com\/salvador_illa\/\">Salvador Illa<\/a> , cap de l&#8217;oposici\u00f3 al Parlament de Catalunya, en la visita a l&#8217;empresa vicentina iVascular.<\/strong><\/p>\n\n<p>Una empresa capdavantera al sector de les tecnologies m\u00e8diques i les ter\u00e0pies avan\u00e7ades en el tractament de trastorns del sistema vascular.<\/p>\n\n<p>Una empresa en creixement continu, capa\u00e7 de facturar 50 milions d&#8217;euros anuals, que d\u00f3na feina a m\u00e9s de 350 persones, la majoria dones i pr\u00e0cticament una quarta part de Sant Vicen\u00e7 dels Horts.<\/p>\n\n<figure class=\"wp-block-gallery has-nested-images columns-default is-cropped wp-block-gallery-1 is-layout-flex wp-block-gallery-is-layout-flex\">\n<figure class=\"wp-block-image size-large\"><a href=\"https:\/\/pscsvh.com\/wp-content\/uploads\/2022\/12\/316158832_10230674909555558_5432823249831594930_n-1.jpg\"><img loading=\"lazy\" decoding=\"async\" width=\"1024\" height=\"685\" data-id=\"4339\" src=\"https:\/\/pscsvh.com\/wp-content\/uploads\/2022\/12\/316158832_10230674909555558_5432823249831594930_n-1-1024x685.jpg\" alt=\"\" class=\"wp-image-4339\" srcset=\"https:\/\/pscsvh.com\/wp-content\/uploads\/2022\/12\/316158832_10230674909555558_5432823249831594930_n-1-1024x685.jpg 1024w, https:\/\/pscsvh.com\/wp-content\/uploads\/2022\/12\/316158832_10230674909555558_5432823249831594930_n-1-300x201.jpg 300w, https:\/\/pscsvh.com\/wp-content\/uploads\/2022\/12\/316158832_10230674909555558_5432823249831594930_n-1-768x514.jpg 768w, https:\/\/pscsvh.com\/wp-content\/uploads\/2022\/12\/316158832_10230674909555558_5432823249831594930_n-1-1536x1027.jpg 1536w, https:\/\/pscsvh.com\/wp-content\/uploads\/2022\/12\/316158832_10230674909555558_5432823249831594930_n-1.jpg 1600w\" sizes=\"auto, (max-width: 1024px) 100vw, 1024px\" \/><\/a><\/figure>\n\n\n\n<figure class=\"wp-block-image size-large\"><a href=\"https:\/\/pscsvh.com\/wp-content\/uploads\/2022\/12\/316234767_10230674913235650_5383085727761445389_n-1.jpg\"><img loading=\"lazy\" decoding=\"async\" width=\"1024\" height=\"685\" data-id=\"4349\" src=\"https:\/\/pscsvh.com\/wp-content\/uploads\/2022\/12\/316234767_10230674913235650_5383085727761445389_n-1-1024x685.jpg\" alt=\"\" class=\"wp-image-4349\" srcset=\"https:\/\/pscsvh.com\/wp-content\/uploads\/2022\/12\/316234767_10230674913235650_5383085727761445389_n-1-1024x685.jpg 1024w, https:\/\/pscsvh.com\/wp-content\/uploads\/2022\/12\/316234767_10230674913235650_5383085727761445389_n-1-300x201.jpg 300w, https:\/\/pscsvh.com\/wp-content\/uploads\/2022\/12\/316234767_10230674913235650_5383085727761445389_n-1-768x514.jpg 768w, https:\/\/pscsvh.com\/wp-content\/uploads\/2022\/12\/316234767_10230674913235650_5383085727761445389_n-1-1536x1027.jpg 1536w, https:\/\/pscsvh.com\/wp-content\/uploads\/2022\/12\/316234767_10230674913235650_5383085727761445389_n-1.jpg 1600w\" sizes=\"auto, (max-width: 1024px) 100vw, 1024px\" \/><\/a><\/figure>\n\n\n\n<figure class=\"wp-block-image size-large\"><a href=\"https:\/\/pscsvh.com\/wp-content\/uploads\/2022\/12\/316234767_10230674913235650_5383085727761445389_n.jpg\"><img loading=\"lazy\" decoding=\"async\" width=\"1024\" height=\"685\" data-id=\"4347\" src=\"https:\/\/pscsvh.com\/wp-content\/uploads\/2022\/12\/316234767_10230674913235650_5383085727761445389_n-1024x685.jpg\" alt=\"\" class=\"wp-image-4347\" srcset=\"https:\/\/pscsvh.com\/wp-content\/uploads\/2022\/12\/316234767_10230674913235650_5383085727761445389_n-1024x685.jpg 1024w, https:\/\/pscsvh.com\/wp-content\/uploads\/2022\/12\/316234767_10230674913235650_5383085727761445389_n-300x201.jpg 300w, https:\/\/pscsvh.com\/wp-content\/uploads\/2022\/12\/316234767_10230674913235650_5383085727761445389_n-768x514.jpg 768w, https:\/\/pscsvh.com\/wp-content\/uploads\/2022\/12\/316234767_10230674913235650_5383085727761445389_n-1536x1027.jpg 1536w, https:\/\/pscsvh.com\/wp-content\/uploads\/2022\/12\/316234767_10230674913235650_5383085727761445389_n.jpg 1600w\" sizes=\"auto, (max-width: 1024px) 100vw, 1024px\" \/><\/a><\/figure>\n\n\n\n<figure class=\"wp-block-image size-large\"><a href=\"https:\/\/pscsvh.com\/wp-content\/uploads\/2022\/12\/316406512_10230674912515632_7117597034859255695_n-1.jpg\"><img loading=\"lazy\" decoding=\"async\" width=\"1024\" height=\"685\" data-id=\"4343\" src=\"https:\/\/pscsvh.com\/wp-content\/uploads\/2022\/12\/316406512_10230674912515632_7117597034859255695_n-1-1024x685.jpg\" alt=\"\" class=\"wp-image-4343\" srcset=\"https:\/\/pscsvh.com\/wp-content\/uploads\/2022\/12\/316406512_10230674912515632_7117597034859255695_n-1-1024x685.jpg 1024w, https:\/\/pscsvh.com\/wp-content\/uploads\/2022\/12\/316406512_10230674912515632_7117597034859255695_n-1-300x201.jpg 300w, https:\/\/pscsvh.com\/wp-content\/uploads\/2022\/12\/316406512_10230674912515632_7117597034859255695_n-1-768x514.jpg 768w, https:\/\/pscsvh.com\/wp-content\/uploads\/2022\/12\/316406512_10230674912515632_7117597034859255695_n-1-1536x1027.jpg 1536w, https:\/\/pscsvh.com\/wp-content\/uploads\/2022\/12\/316406512_10230674912515632_7117597034859255695_n-1.jpg 1600w\" sizes=\"auto, (max-width: 1024px) 100vw, 1024px\" \/><\/a><\/figure>\n\n\n\n<figure class=\"wp-block-image size-large\"><a href=\"https:\/\/pscsvh.com\/wp-content\/uploads\/2022\/12\/316418534_10230674913555658_1673501095969167462_n-1.jpg\"><img loading=\"lazy\" decoding=\"async\" width=\"1024\" height=\"685\" data-id=\"4351\" src=\"https:\/\/pscsvh.com\/wp-content\/uploads\/2022\/12\/316418534_10230674913555658_1673501095969167462_n-1-1024x685.jpg\" alt=\"\" class=\"wp-image-4351\" srcset=\"https:\/\/pscsvh.com\/wp-content\/uploads\/2022\/12\/316418534_10230674913555658_1673501095969167462_n-1-1024x685.jpg 1024w, https:\/\/pscsvh.com\/wp-content\/uploads\/2022\/12\/316418534_10230674913555658_1673501095969167462_n-1-300x201.jpg 300w, https:\/\/pscsvh.com\/wp-content\/uploads\/2022\/12\/316418534_10230674913555658_1673501095969167462_n-1-768x514.jpg 768w, https:\/\/pscsvh.com\/wp-content\/uploads\/2022\/12\/316418534_10230674913555658_1673501095969167462_n-1-1536x1027.jpg 1536w, https:\/\/pscsvh.com\/wp-content\/uploads\/2022\/12\/316418534_10230674913555658_1673501095969167462_n-1.jpg 1600w\" sizes=\"auto, (max-width: 1024px) 100vw, 1024px\" \/><\/a><\/figure>\n\n\n\n<figure class=\"wp-block-image size-large\"><a href=\"https:\/\/pscsvh.com\/wp-content\/uploads\/2022\/12\/316559861_10230674906595484_1498729108481878062_n-1.jpg\"><img loading=\"lazy\" decoding=\"async\" width=\"960\" height=\"642\" data-id=\"4341\" src=\"https:\/\/pscsvh.com\/wp-content\/uploads\/2022\/12\/316559861_10230674906595484_1498729108481878062_n-1.jpg\" alt=\"\" class=\"wp-image-4341\" srcset=\"https:\/\/pscsvh.com\/wp-content\/uploads\/2022\/12\/316559861_10230674906595484_1498729108481878062_n-1.jpg 960w, https:\/\/pscsvh.com\/wp-content\/uploads\/2022\/12\/316559861_10230674906595484_1498729108481878062_n-1-300x201.jpg 300w, https:\/\/pscsvh.com\/wp-content\/uploads\/2022\/12\/316559861_10230674906595484_1498729108481878062_n-1-768x514.jpg 768w\" sizes=\"auto, (max-width: 960px) 100vw, 960px\" \/><\/a><\/figure>\n\n\n\n<figure class=\"wp-block-image size-large\"><a href=\"https:\/\/pscsvh.com\/wp-content\/uploads\/2022\/12\/316545185_10230674906235475_6434754643027859048_n-1.jpg\"><img loading=\"lazy\" decoding=\"async\" width=\"960\" height=\"642\" data-id=\"4342\" src=\"https:\/\/pscsvh.com\/wp-content\/uploads\/2022\/12\/316545185_10230674906235475_6434754643027859048_n-1.jpg\" alt=\"\" class=\"wp-image-4342\" srcset=\"https:\/\/pscsvh.com\/wp-content\/uploads\/2022\/12\/316545185_10230674906235475_6434754643027859048_n-1.jpg 960w, https:\/\/pscsvh.com\/wp-content\/uploads\/2022\/12\/316545185_10230674906235475_6434754643027859048_n-1-300x201.jpg 300w, https:\/\/pscsvh.com\/wp-content\/uploads\/2022\/12\/316545185_10230674906235475_6434754643027859048_n-1-768x514.jpg 768w\" sizes=\"auto, (max-width: 960px) 100vw, 960px\" \/><\/a><\/figure>\n\n\n\n<figure class=\"wp-block-image size-large\"><a href=\"https:\/\/pscsvh.com\/wp-content\/uploads\/2022\/12\/316829739_10230674905875466_6296940873206502351_n-1.jpg\"><img loading=\"lazy\" decoding=\"async\" width=\"960\" height=\"642\" data-id=\"4337\" src=\"https:\/\/pscsvh.com\/wp-content\/uploads\/2022\/12\/316829739_10230674905875466_6296940873206502351_n-1.jpg\" alt=\"\" class=\"wp-image-4337\" srcset=\"https:\/\/pscsvh.com\/wp-content\/uploads\/2022\/12\/316829739_10230674905875466_6296940873206502351_n-1.jpg 960w, https:\/\/pscsvh.com\/wp-content\/uploads\/2022\/12\/316829739_10230674905875466_6296940873206502351_n-1-300x201.jpg 300w, https:\/\/pscsvh.com\/wp-content\/uploads\/2022\/12\/316829739_10230674905875466_6296940873206502351_n-1-768x514.jpg 768w\" sizes=\"auto, (max-width: 960px) 100vw, 960px\" \/><\/a><\/figure>\n<\/figure>\n","protected":false},"excerpt":{"rendered":"<p>L&#8217;alcalde de Sant Vicen\u00e7 dels Horts Miguel Comino i el regidor de comer\u00e7 Xavi G\u00f3mez van acompanyar Salvador Illa, cap de l&#8217;oposici\u00f3 al Parlament de Catalunya, en la visita a l&#8217;empresa vicentina iVascular.<\/p>\n","protected":false},"author":2,"featured_media":4346,"comment_status":"open","ping_status":"closed","sticky":false,"template":"","format":"standard","meta":{"_citadela_custom_class":"","footnotes":""},"categories":[57],"tags":[314],"citadela-post-location":[42],"class_list":["post-5246","post","type-post","status-publish","format-standard","has-post-thumbnail","hentry","category-actualitat-vicentina","tag-salvador-illa-ca"],"yoast_head":"<!-- This site is optimized with the Yoast SEO plugin v24.7 - https:\/\/yoast.com\/wordpress\/plugins\/seo\/ -->\n<title>Salvador Illa visita l&#039;empresa vicentina iVascular - PSC SVH<\/title>\n<meta name=\"description\" content=\"Salvador Illa visita l&#039;empresa vicentina iVascular. L&#039;alcalde de Sant Vicen\u00e7 dels Horts Miguel Comino i el regidor de comer\u00e7 Xavi G\u00f3mez van acompanyar Salvador Illa, cap de l&#039;oposici\u00f3 al Parlament de Catalunya, en la visita a l&#039;empresa vicentina iVascular.\" \/>\n<meta name=\"robots\" content=\"index, follow, max-snippet:-1, max-image-preview:large, max-video-preview:-1\" \/>\n<link rel=\"canonical\" href=\"https:\/\/pscsvh.com\/ca\/salvador-illa-visita-lempresa-vicentina-ivascular\/\" \/>\n<meta property=\"og:locale\" content=\"ca_ES\" \/>\n<meta property=\"og:type\" content=\"article\" \/>\n<meta property=\"og:title\" content=\"Salvador Illa visita l&#039;empresa vicentina iVascular - PSC SVH\" \/>\n<meta property=\"og:description\" content=\"Salvador Illa visita l&#039;empresa vicentina iVascular. L&#039;alcalde de Sant Vicen\u00e7 dels Horts Miguel Comino i el regidor de comer\u00e7 Xavi G\u00f3mez van acompanyar Salvador Illa, cap de l&#039;oposici\u00f3 al Parlament de Catalunya, en la visita a l&#039;empresa vicentina iVascular.\" \/>\n<meta property=\"og:url\" content=\"https:\/\/pscsvh.com\/ca\/salvador-illa-visita-lempresa-vicentina-ivascular\/\" \/>\n<meta property=\"og:site_name\" content=\"PSC SVH\" \/>\n<meta property=\"article:published_time\" content=\"2022-11-25T19:46:53+00:00\" \/>\n<meta property=\"article:modified_time\" content=\"2023-02-13T13:57:08+00:00\" \/>\n<meta property=\"og:image\" content=\"https:\/\/pscsvh.com\/wp-content\/uploads\/2022\/12\/316545185_10230674906235475_6434754643027859048_n-1.jpg\" \/>\n\t<meta property=\"og:image:width\" content=\"960\" \/>\n\t<meta property=\"og:image:height\" content=\"642\" \/>\n\t<meta property=\"og:image:type\" content=\"image\/jpeg\" \/>\n<meta name=\"author\" content=\"PSC SVH\" \/>\n<meta name=\"twitter:card\" content=\"summary_large_image\" \/>\n<meta name=\"twitter:label1\" content=\"Escrit per\" \/>\n\t<meta name=\"twitter:data1\" content=\"PSC SVH\" \/>\n<script type=\"application\/ld+json\" class=\"yoast-schema-graph\">{\"@context\":\"https:\/\/schema.org\",\"@graph\":[{\"@type\":\"Article\",\"@id\":\"https:\/\/pscsvh.com\/ca\/salvador-illa-visita-lempresa-vicentina-ivascular\/#article\",\"isPartOf\":{\"@id\":\"https:\/\/pscsvh.com\/ca\/salvador-illa-visita-lempresa-vicentina-ivascular\/\"},\"author\":{\"name\":\"PSC SVH\",\"@id\":\"https:\/\/pscsvh.com\/ca\/#\/schema\/person\/6ad2cedf14b82878e2897de3ed64f1f9\"},\"headline\":\"Salvador Illa visita l&#8217;empresa vicentina iVascular\",\"datePublished\":\"2022-11-25T19:46:53+00:00\",\"dateModified\":\"2023-02-13T13:57:08+00:00\",\"mainEntityOfPage\":{\"@id\":\"https:\/\/pscsvh.com\/ca\/salvador-illa-visita-lempresa-vicentina-ivascular\/\"},\"wordCount\":103,\"commentCount\":0,\"publisher\":{\"@id\":\"https:\/\/pscsvh.com\/ca\/#organization\"},\"image\":{\"@id\":\"https:\/\/pscsvh.com\/ca\/salvador-illa-visita-lempresa-vicentina-ivascular\/#primaryimage\"},\"thumbnailUrl\":\"https:\/\/pscsvh.com\/wp-content\/uploads\/2022\/12\/316545185_10230674906235475_6434754643027859048_n-1.jpg\",\"keywords\":[\"Salvador Illa\"],\"articleSection\":[\"Actualitat Vicentina\"],\"inLanguage\":\"ca\",\"potentialAction\":[{\"@type\":\"CommentAction\",\"name\":\"Comment\",\"target\":[\"https:\/\/pscsvh.com\/ca\/salvador-illa-visita-lempresa-vicentina-ivascular\/#respond\"]}]},{\"@type\":\"WebPage\",\"@id\":\"https:\/\/pscsvh.com\/ca\/salvador-illa-visita-lempresa-vicentina-ivascular\/\",\"url\":\"https:\/\/pscsvh.com\/ca\/salvador-illa-visita-lempresa-vicentina-ivascular\/\",\"name\":\"Salvador Illa visita l'empresa vicentina iVascular - PSC SVH\",\"isPartOf\":{\"@id\":\"https:\/\/pscsvh.com\/ca\/#website\"},\"primaryImageOfPage\":{\"@id\":\"https:\/\/pscsvh.com\/ca\/salvador-illa-visita-lempresa-vicentina-ivascular\/#primaryimage\"},\"image\":{\"@id\":\"https:\/\/pscsvh.com\/ca\/salvador-illa-visita-lempresa-vicentina-ivascular\/#primaryimage\"},\"thumbnailUrl\":\"https:\/\/pscsvh.com\/wp-content\/uploads\/2022\/12\/316545185_10230674906235475_6434754643027859048_n-1.jpg\",\"datePublished\":\"2022-11-25T19:46:53+00:00\",\"dateModified\":\"2023-02-13T13:57:08+00:00\",\"description\":\"Salvador Illa visita l'empresa vicentina iVascular. L'alcalde de Sant Vicen\u00e7 dels Horts Miguel Comino i el regidor de comer\u00e7 Xavi G\u00f3mez van acompanyar Salvador Illa, cap de l'oposici\u00f3 al Parlament de Catalunya, en la visita a l'empresa vicentina iVascular.\",\"breadcrumb\":{\"@id\":\"https:\/\/pscsvh.com\/ca\/salvador-illa-visita-lempresa-vicentina-ivascular\/#breadcrumb\"},\"inLanguage\":\"ca\",\"potentialAction\":[{\"@type\":\"ReadAction\",\"target\":[\"https:\/\/pscsvh.com\/ca\/salvador-illa-visita-lempresa-vicentina-ivascular\/\"]}]},{\"@type\":\"ImageObject\",\"inLanguage\":\"ca\",\"@id\":\"https:\/\/pscsvh.com\/ca\/salvador-illa-visita-lempresa-vicentina-ivascular\/#primaryimage\",\"url\":\"https:\/\/pscsvh.com\/wp-content\/uploads\/2022\/12\/316545185_10230674906235475_6434754643027859048_n-1.jpg\",\"contentUrl\":\"https:\/\/pscsvh.com\/wp-content\/uploads\/2022\/12\/316545185_10230674906235475_6434754643027859048_n-1.jpg\",\"width\":960,\"height\":642,\"caption\":\"Salvador Illa visita la empresa vicentina iVascular\"},{\"@type\":\"BreadcrumbList\",\"@id\":\"https:\/\/pscsvh.com\/ca\/salvador-illa-visita-lempresa-vicentina-ivascular\/#breadcrumb\",\"itemListElement\":[{\"@type\":\"ListItem\",\"position\":1,\"name\":\"Portada\",\"item\":\"https:\/\/pscsvh.com\/ca\/\"},{\"@type\":\"ListItem\",\"position\":2,\"name\":\"Salvador Illa visita l&#8217;empresa vicentina iVascular\"}]},{\"@type\":\"WebSite\",\"@id\":\"https:\/\/pscsvh.com\/ca\/#website\",\"url\":\"https:\/\/pscsvh.com\/ca\/\",\"name\":\"PSC SVH\",\"description\":\"El cambio que suma\",\"publisher\":{\"@id\":\"https:\/\/pscsvh.com\/ca\/#organization\"},\"potentialAction\":[{\"@type\":\"SearchAction\",\"target\":{\"@type\":\"EntryPoint\",\"urlTemplate\":\"https:\/\/pscsvh.com\/ca\/?s={search_term_string}\"},\"query-input\":{\"@type\":\"PropertyValueSpecification\",\"valueRequired\":true,\"valueName\":\"search_term_string\"}}],\"inLanguage\":\"ca\"},{\"@type\":\"Organization\",\"@id\":\"https:\/\/pscsvh.com\/ca\/#organization\",\"name\":\"PSC SVH\",\"url\":\"https:\/\/pscsvh.com\/ca\/\",\"logo\":{\"@type\":\"ImageObject\",\"inLanguage\":\"ca\",\"@id\":\"https:\/\/pscsvh.com\/ca\/#\/schema\/logo\/image\/\",\"url\":\"https:\/\/pscsvh.com\/wp-content\/uploads\/2022\/06\/cropped-Logo_SVh2-300x158-1.png\",\"contentUrl\":\"https:\/\/pscsvh.com\/wp-content\/uploads\/2022\/06\/cropped-Logo_SVh2-300x158-1.png\",\"width\":300,\"height\":158,\"caption\":\"PSC SVH\"},\"image\":{\"@id\":\"https:\/\/pscsvh.com\/ca\/#\/schema\/logo\/image\/\"}},{\"@type\":\"Person\",\"@id\":\"https:\/\/pscsvh.com\/ca\/#\/schema\/person\/6ad2cedf14b82878e2897de3ed64f1f9\",\"name\":\"PSC SVH\",\"image\":{\"@type\":\"ImageObject\",\"inLanguage\":\"ca\",\"@id\":\"https:\/\/pscsvh.com\/ca\/#\/schema\/person\/image\/\",\"url\":\"https:\/\/secure.gravatar.com\/avatar\/a019c39072cc7d669be4d6e2cda099b4e834789e55938a3ec58bef829a37db42?s=96&d=mm&r=g\",\"contentUrl\":\"https:\/\/secure.gravatar.com\/avatar\/a019c39072cc7d669be4d6e2cda099b4e834789e55938a3ec58bef829a37db42?s=96&d=mm&r=g\",\"caption\":\"PSC SVH\"},\"url\":\"https:\/\/pscsvh.com\/ca\/author\/admin-2\/\"}]}<\/script>\n<!-- \/ Yoast SEO plugin. -->","yoast_head_json":{"title":"Salvador Illa visita l'empresa vicentina iVascular - PSC SVH","description":"Salvador Illa visita l'empresa vicentina iVascular. L'alcalde de Sant Vicen\u00e7 dels Horts Miguel Comino i el regidor de comer\u00e7 Xavi G\u00f3mez van acompanyar Salvador Illa, cap de l'oposici\u00f3 al Parlament de Catalunya, en la visita a l'empresa vicentina iVascular.","robots":{"index":"index","follow":"follow","max-snippet":"max-snippet:-1","max-image-preview":"max-image-preview:large","max-video-preview":"max-video-preview:-1"},"canonical":"https:\/\/pscsvh.com\/ca\/salvador-illa-visita-lempresa-vicentina-ivascular\/","og_locale":"ca_ES","og_type":"article","og_title":"Salvador Illa visita l'empresa vicentina iVascular - PSC SVH","og_description":"Salvador Illa visita l'empresa vicentina iVascular. L'alcalde de Sant Vicen\u00e7 dels Horts Miguel Comino i el regidor de comer\u00e7 Xavi G\u00f3mez van acompanyar Salvador Illa, cap de l'oposici\u00f3 al Parlament de Catalunya, en la visita a l'empresa vicentina iVascular.","og_url":"https:\/\/pscsvh.com\/ca\/salvador-illa-visita-lempresa-vicentina-ivascular\/","og_site_name":"PSC SVH","article_published_time":"2022-11-25T19:46:53+00:00","article_modified_time":"2023-02-13T13:57:08+00:00","og_image":[{"width":960,"height":642,"url":"https:\/\/pscsvh.com\/wp-content\/uploads\/2022\/12\/316545185_10230674906235475_6434754643027859048_n-1.jpg","type":"image\/jpeg"}],"author":"PSC SVH","twitter_card":"summary_large_image","twitter_misc":{"Escrit per":"PSC SVH"},"schema":{"@context":"https:\/\/schema.org","@graph":[{"@type":"Article","@id":"https:\/\/pscsvh.com\/ca\/salvador-illa-visita-lempresa-vicentina-ivascular\/#article","isPartOf":{"@id":"https:\/\/pscsvh.com\/ca\/salvador-illa-visita-lempresa-vicentina-ivascular\/"},"author":{"name":"PSC SVH","@id":"https:\/\/pscsvh.com\/ca\/#\/schema\/person\/6ad2cedf14b82878e2897de3ed64f1f9"},"headline":"Salvador Illa visita l&#8217;empresa vicentina iVascular","datePublished":"2022-11-25T19:46:53+00:00","dateModified":"2023-02-13T13:57:08+00:00","mainEntityOfPage":{"@id":"https:\/\/pscsvh.com\/ca\/salvador-illa-visita-lempresa-vicentina-ivascular\/"},"wordCount":103,"commentCount":0,"publisher":{"@id":"https:\/\/pscsvh.com\/ca\/#organization"},"image":{"@id":"https:\/\/pscsvh.com\/ca\/salvador-illa-visita-lempresa-vicentina-ivascular\/#primaryimage"},"thumbnailUrl":"https:\/\/pscsvh.com\/wp-content\/uploads\/2022\/12\/316545185_10230674906235475_6434754643027859048_n-1.jpg","keywords":["Salvador Illa"],"articleSection":["Actualitat Vicentina"],"inLanguage":"ca","potentialAction":[{"@type":"CommentAction","name":"Comment","target":["https:\/\/pscsvh.com\/ca\/salvador-illa-visita-lempresa-vicentina-ivascular\/#respond"]}]},{"@type":"WebPage","@id":"https:\/\/pscsvh.com\/ca\/salvador-illa-visita-lempresa-vicentina-ivascular\/","url":"https:\/\/pscsvh.com\/ca\/salvador-illa-visita-lempresa-vicentina-ivascular\/","name":"Salvador Illa visita l'empresa vicentina iVascular - PSC SVH","isPartOf":{"@id":"https:\/\/pscsvh.com\/ca\/#website"},"primaryImageOfPage":{"@id":"https:\/\/pscsvh.com\/ca\/salvador-illa-visita-lempresa-vicentina-ivascular\/#primaryimage"},"image":{"@id":"https:\/\/pscsvh.com\/ca\/salvador-illa-visita-lempresa-vicentina-ivascular\/#primaryimage"},"thumbnailUrl":"https:\/\/pscsvh.com\/wp-content\/uploads\/2022\/12\/316545185_10230674906235475_6434754643027859048_n-1.jpg","datePublished":"2022-11-25T19:46:53+00:00","dateModified":"2023-02-13T13:57:08+00:00","description":"Salvador Illa visita l'empresa vicentina iVascular. L'alcalde de Sant Vicen\u00e7 dels Horts Miguel Comino i el regidor de comer\u00e7 Xavi G\u00f3mez van acompanyar Salvador Illa, cap de l'oposici\u00f3 al Parlament de Catalunya, en la visita a l'empresa vicentina iVascular.","breadcrumb":{"@id":"https:\/\/pscsvh.com\/ca\/salvador-illa-visita-lempresa-vicentina-ivascular\/#breadcrumb"},"inLanguage":"ca","potentialAction":[{"@type":"ReadAction","target":["https:\/\/pscsvh.com\/ca\/salvador-illa-visita-lempresa-vicentina-ivascular\/"]}]},{"@type":"ImageObject","inLanguage":"ca","@id":"https:\/\/pscsvh.com\/ca\/salvador-illa-visita-lempresa-vicentina-ivascular\/#primaryimage","url":"https:\/\/pscsvh.com\/wp-content\/uploads\/2022\/12\/316545185_10230674906235475_6434754643027859048_n-1.jpg","contentUrl":"https:\/\/pscsvh.com\/wp-content\/uploads\/2022\/12\/316545185_10230674906235475_6434754643027859048_n-1.jpg","width":960,"height":642,"caption":"Salvador Illa visita la empresa vicentina iVascular"},{"@type":"BreadcrumbList","@id":"https:\/\/pscsvh.com\/ca\/salvador-illa-visita-lempresa-vicentina-ivascular\/#breadcrumb","itemListElement":[{"@type":"ListItem","position":1,"name":"Portada","item":"https:\/\/pscsvh.com\/ca\/"},{"@type":"ListItem","position":2,"name":"Salvador Illa visita l&#8217;empresa vicentina iVascular"}]},{"@type":"WebSite","@id":"https:\/\/pscsvh.com\/ca\/#website","url":"https:\/\/pscsvh.com\/ca\/","name":"PSC SVH","description":"El cambio que suma","publisher":{"@id":"https:\/\/pscsvh.com\/ca\/#organization"},"potentialAction":[{"@type":"SearchAction","target":{"@type":"EntryPoint","urlTemplate":"https:\/\/pscsvh.com\/ca\/?s={search_term_string}"},"query-input":{"@type":"PropertyValueSpecification","valueRequired":true,"valueName":"search_term_string"}}],"inLanguage":"ca"},{"@type":"Organization","@id":"https:\/\/pscsvh.com\/ca\/#organization","name":"PSC SVH","url":"https:\/\/pscsvh.com\/ca\/","logo":{"@type":"ImageObject","inLanguage":"ca","@id":"https:\/\/pscsvh.com\/ca\/#\/schema\/logo\/image\/","url":"https:\/\/pscsvh.com\/wp-content\/uploads\/2022\/06\/cropped-Logo_SVh2-300x158-1.png","contentUrl":"https:\/\/pscsvh.com\/wp-content\/uploads\/2022\/06\/cropped-Logo_SVh2-300x158-1.png","width":300,"height":158,"caption":"PSC SVH"},"image":{"@id":"https:\/\/pscsvh.com\/ca\/#\/schema\/logo\/image\/"}},{"@type":"Person","@id":"https:\/\/pscsvh.com\/ca\/#\/schema\/person\/6ad2cedf14b82878e2897de3ed64f1f9","name":"PSC SVH","image":{"@type":"ImageObject","inLanguage":"ca","@id":"https:\/\/pscsvh.com\/ca\/#\/schema\/person\/image\/","url":"https:\/\/secure.gravatar.com\/avatar\/a019c39072cc7d669be4d6e2cda099b4e834789e55938a3ec58bef829a37db42?s=96&d=mm&r=g","contentUrl":"https:\/\/secure.gravatar.com\/avatar\/a019c39072cc7d669be4d6e2cda099b4e834789e55938a3ec58bef829a37db42?s=96&d=mm&r=g","caption":"PSC SVH"},"url":"https:\/\/pscsvh.com\/ca\/author\/admin-2\/"}]}},"_links":{"self":[{"href":"https:\/\/pscsvh.com\/ca\/wp-json\/wp\/v2\/posts\/5246","targetHints":{"allow":["GET"]}}],"collection":[{"href":"https:\/\/pscsvh.com\/ca\/wp-json\/wp\/v2\/posts"}],"about":[{"href":"https:\/\/pscsvh.com\/ca\/wp-json\/wp\/v2\/types\/post"}],"author":[{"embeddable":true,"href":"https:\/\/pscsvh.com\/ca\/wp-json\/wp\/v2\/users\/2"}],"replies":[{"embeddable":true,"href":"https:\/\/pscsvh.com\/ca\/wp-json\/wp\/v2\/comments?post=5246"}],"version-history":[{"count":1,"href":"https:\/\/pscsvh.com\/ca\/wp-json\/wp\/v2\/posts\/5246\/revisions"}],"predecessor-version":[{"id":5247,"href":"https:\/\/pscsvh.com\/ca\/wp-json\/wp\/v2\/posts\/5246\/revisions\/5247"}],"wp:featuredmedia":[{"embeddable":true,"href":"https:\/\/pscsvh.com\/ca\/wp-json\/wp\/v2\/media\/4346"}],"wp:attachment":[{"href":"https:\/\/pscsvh.com\/ca\/wp-json\/wp\/v2\/media?parent=5246"}],"wp:term":[{"taxonomy":"category","embeddable":true,"href":"https:\/\/pscsvh.com\/ca\/wp-json\/wp\/v2\/categories?post=5246"},{"taxonomy":"post_tag","embeddable":true,"href":"https:\/\/pscsvh.com\/ca\/wp-json\/wp\/v2\/tags?post=5246"},{"taxonomy":"citadela-post-location","embeddable":true,"href":"https:\/\/pscsvh.com\/ca\/wp-json\/wp\/v2\/citadela-post-location?post=5246"}],"curies":[{"name":"wp","href":"https:\/\/api.w.org\/{rel}","templated":true}]}}