{"id":5244,"date":"2022-11-25T23:46:00","date_gmt":"2022-11-25T22:46:00","guid":{"rendered":"https:\/\/pscsvh.com\/25n-a-sant-vicenc-dels-horts\/"},"modified":"2023-02-13T14:37:05","modified_gmt":"2023-02-13T13:37:05","slug":"25n-a-sant-vicenc-dels-horts","status":"publish","type":"post","link":"https:\/\/pscsvh.com\/ca\/25n-a-sant-vicenc-dels-horts\/","title":{"rendered":"25N a Sant Vicen\u00e7 dels Horts"},"content":{"rendered":"\n<p><strong><a href=\"https:\/\/www.instagram.com\/miguelcomino\/\">Miguel Comino,<\/a> alcalde de Sant Vicen\u00e7 dels Horts i <a href=\"https:\/\/www.instagram.com\/higueras_patricia\/\">Patricia Higueras<\/a> regidor de feminisme, acompanyats per l&#8217;equip de govern i ve\u00efnes i ve\u00efns de la ciutat es concentren en contra de la viol\u00e8ncia masclista.<\/strong><\/p>\n\n<p>La pla\u00e7a Narc\u00eds Dilluns es va omplir de gent per llan\u00e7ar un crit un\u00e0nime i col\u00b7lectiu en contra de la viol\u00e8ncia masclista.<\/p>\n\n<p>Elena Meca Soldado ha llegit el manifest del 25N a Sant Vice\u00e7 dels Horts, que posa en valor la feina dels moviments feministes de tot el m\u00f3n en contra de les viol\u00e8ncies sexuals, una de les formes de domini patriarcal. <\/p>\n\n<p>L&#8217;acte ha finalitzat amb la interpretaci\u00f3 d&#8217;unes can\u00e7ons per Elena Meca amb Xavier Pujadas.<\/p>\n\n<p><strong>Viu Sant Vicen\u00e7 dels Horts sense viol\u00e8ncies masclistes<\/strong><\/p>\n\n<figure class=\"wp-block-gallery has-nested-images columns-default is-cropped wp-block-gallery-1 is-layout-flex wp-block-gallery-is-layout-flex\">\n<figure class=\"wp-block-image size-large\"><a href=\"https:\/\/pscsvh.com\/wp-content\/uploads\/2022\/12\/316116116_10230677212293125_4230766573544314976_n.jpg\"><img loading=\"lazy\" decoding=\"async\" width=\"1024\" height=\"683\" data-id=\"4360\" src=\"https:\/\/pscsvh.com\/wp-content\/uploads\/2022\/12\/316116116_10230677212293125_4230766573544314976_n-1024x683.jpg\" alt=\"\" class=\"wp-image-4360\" srcset=\"https:\/\/pscsvh.com\/wp-content\/uploads\/2022\/12\/316116116_10230677212293125_4230766573544314976_n-1024x683.jpg 1024w, https:\/\/pscsvh.com\/wp-content\/uploads\/2022\/12\/316116116_10230677212293125_4230766573544314976_n-300x200.jpg 300w, https:\/\/pscsvh.com\/wp-content\/uploads\/2022\/12\/316116116_10230677212293125_4230766573544314976_n-768x512.jpg 768w, https:\/\/pscsvh.com\/wp-content\/uploads\/2022\/12\/316116116_10230677212293125_4230766573544314976_n-1536x1024.jpg 1536w, https:\/\/pscsvh.com\/wp-content\/uploads\/2022\/12\/316116116_10230677212293125_4230766573544314976_n.jpg 1600w\" sizes=\"auto, (max-width: 1024px) 100vw, 1024px\" \/><\/a><\/figure>\n\n\n\n<figure class=\"wp-block-image size-large\"><a href=\"https:\/\/pscsvh.com\/wp-content\/uploads\/2022\/12\/316679445_10230677208613033_4840219203002341004_n.jpg\"><img loading=\"lazy\" decoding=\"async\" width=\"960\" height=\"960\" data-id=\"4354\" src=\"https:\/\/pscsvh.com\/wp-content\/uploads\/2022\/12\/316679445_10230677208613033_4840219203002341004_n.jpg\" alt=\"\" class=\"wp-image-4354\" srcset=\"https:\/\/pscsvh.com\/wp-content\/uploads\/2022\/12\/316679445_10230677208613033_4840219203002341004_n.jpg 960w, https:\/\/pscsvh.com\/wp-content\/uploads\/2022\/12\/316679445_10230677208613033_4840219203002341004_n-300x300.jpg 300w, https:\/\/pscsvh.com\/wp-content\/uploads\/2022\/12\/316679445_10230677208613033_4840219203002341004_n-150x150.jpg 150w, https:\/\/pscsvh.com\/wp-content\/uploads\/2022\/12\/316679445_10230677208613033_4840219203002341004_n-768x768.jpg 768w\" sizes=\"auto, (max-width: 960px) 100vw, 960px\" \/><\/a><\/figure>\n\n\n\n<figure class=\"wp-block-image size-large\"><a href=\"https:\/\/pscsvh.com\/wp-content\/uploads\/2022\/12\/316692347_10230677207132996_3709606106312224825_n.jpg\"><img loading=\"lazy\" decoding=\"async\" width=\"960\" height=\"641\" data-id=\"4357\" src=\"https:\/\/pscsvh.com\/wp-content\/uploads\/2022\/12\/316692347_10230677207132996_3709606106312224825_n.jpg\" alt=\"\" class=\"wp-image-4357\" srcset=\"https:\/\/pscsvh.com\/wp-content\/uploads\/2022\/12\/316692347_10230677207132996_3709606106312224825_n.jpg 960w, https:\/\/pscsvh.com\/wp-content\/uploads\/2022\/12\/316692347_10230677207132996_3709606106312224825_n-300x200.jpg 300w, https:\/\/pscsvh.com\/wp-content\/uploads\/2022\/12\/316692347_10230677207132996_3709606106312224825_n-768x513.jpg 768w\" sizes=\"auto, (max-width: 960px) 100vw, 960px\" \/><\/a><\/figure>\n\n\n\n<figure class=\"wp-block-image size-large\"><a href=\"https:\/\/pscsvh.com\/wp-content\/uploads\/2022\/12\/316690074_10230677208093020_4532465207364214665_n.jpg\"><img loading=\"lazy\" decoding=\"async\" width=\"960\" height=\"960\" data-id=\"4356\" src=\"https:\/\/pscsvh.com\/wp-content\/uploads\/2022\/12\/316690074_10230677208093020_4532465207364214665_n.jpg\" alt=\"\" class=\"wp-image-4356\" srcset=\"https:\/\/pscsvh.com\/wp-content\/uploads\/2022\/12\/316690074_10230677208093020_4532465207364214665_n.jpg 960w, https:\/\/pscsvh.com\/wp-content\/uploads\/2022\/12\/316690074_10230677208093020_4532465207364214665_n-300x300.jpg 300w, https:\/\/pscsvh.com\/wp-content\/uploads\/2022\/12\/316690074_10230677208093020_4532465207364214665_n-150x150.jpg 150w, https:\/\/pscsvh.com\/wp-content\/uploads\/2022\/12\/316690074_10230677208093020_4532465207364214665_n-768x768.jpg 768w\" sizes=\"auto, (max-width: 960px) 100vw, 960px\" \/><\/a><\/figure>\n\n\n\n<figure class=\"wp-block-image size-large\"><a href=\"https:\/\/pscsvh.com\/wp-content\/uploads\/2022\/12\/316944937_10230677207733011_1435311549178993938_n.jpg\"><img loading=\"lazy\" decoding=\"async\" width=\"924\" height=\"924\" data-id=\"4362\" src=\"https:\/\/pscsvh.com\/wp-content\/uploads\/2022\/12\/316944937_10230677207733011_1435311549178993938_n.jpg\" alt=\"\" class=\"wp-image-4362\" srcset=\"https:\/\/pscsvh.com\/wp-content\/uploads\/2022\/12\/316944937_10230677207733011_1435311549178993938_n.jpg 924w, https:\/\/pscsvh.com\/wp-content\/uploads\/2022\/12\/316944937_10230677207733011_1435311549178993938_n-300x300.jpg 300w, https:\/\/pscsvh.com\/wp-content\/uploads\/2022\/12\/316944937_10230677207733011_1435311549178993938_n-150x150.jpg 150w, https:\/\/pscsvh.com\/wp-content\/uploads\/2022\/12\/316944937_10230677207733011_1435311549178993938_n-768x768.jpg 768w\" sizes=\"auto, (max-width: 924px) 100vw, 924px\" \/><\/a><\/figure>\n\n\n\n<figure class=\"wp-block-image size-large\"><a href=\"https:\/\/pscsvh.com\/wp-content\/uploads\/2022\/12\/316307338_10230677211533106_4287028671135497960_n-1.jpg\"><img loading=\"lazy\" decoding=\"async\" width=\"1024\" height=\"1024\" data-id=\"4366\" src=\"https:\/\/pscsvh.com\/wp-content\/uploads\/2022\/12\/316307338_10230677211533106_4287028671135497960_n-1-1024x1024.jpg\" alt=\"\" class=\"wp-image-4366\" srcset=\"https:\/\/pscsvh.com\/wp-content\/uploads\/2022\/12\/316307338_10230677211533106_4287028671135497960_n-1-1024x1024.jpg 1024w, https:\/\/pscsvh.com\/wp-content\/uploads\/2022\/12\/316307338_10230677211533106_4287028671135497960_n-1-300x300.jpg 300w, https:\/\/pscsvh.com\/wp-content\/uploads\/2022\/12\/316307338_10230677211533106_4287028671135497960_n-1-150x150.jpg 150w, https:\/\/pscsvh.com\/wp-content\/uploads\/2022\/12\/316307338_10230677211533106_4287028671135497960_n-1-768x768.jpg 768w, https:\/\/pscsvh.com\/wp-content\/uploads\/2022\/12\/316307338_10230677211533106_4287028671135497960_n-1.jpg 1067w\" sizes=\"auto, (max-width: 1024px) 100vw, 1024px\" \/><\/a><\/figure>\n\n\n\n<figure class=\"wp-block-image size-large\"><a href=\"https:\/\/pscsvh.com\/wp-content\/uploads\/2022\/12\/316420912_10230677211653109_2152168252721152243_n-1.jpg\"><img loading=\"lazy\" decoding=\"async\" width=\"1024\" height=\"1024\" data-id=\"4364\" src=\"https:\/\/pscsvh.com\/wp-content\/uploads\/2022\/12\/316420912_10230677211653109_2152168252721152243_n-1-1024x1024.jpg\" alt=\"\" class=\"wp-image-4364\" srcset=\"https:\/\/pscsvh.com\/wp-content\/uploads\/2022\/12\/316420912_10230677211653109_2152168252721152243_n-1-1024x1024.jpg 1024w, https:\/\/pscsvh.com\/wp-content\/uploads\/2022\/12\/316420912_10230677211653109_2152168252721152243_n-1-300x300.jpg 300w, https:\/\/pscsvh.com\/wp-content\/uploads\/2022\/12\/316420912_10230677211653109_2152168252721152243_n-1-150x150.jpg 150w, https:\/\/pscsvh.com\/wp-content\/uploads\/2022\/12\/316420912_10230677211653109_2152168252721152243_n-1-768x768.jpg 768w, https:\/\/pscsvh.com\/wp-content\/uploads\/2022\/12\/316420912_10230677211653109_2152168252721152243_n-1.jpg 1067w\" sizes=\"auto, (max-width: 1024px) 100vw, 1024px\" \/><\/a><\/figure>\n<\/figure>\n","protected":false},"excerpt":{"rendered":"<p>Miguel Comino, alcalde de Sant Vicen\u00e7 dels Horts i Patricia Higueras regidor de feminisme, acompanyats per l&#8217;equip de govern i ve\u00efnes i ve\u00efns de la ciutat es concentren en contra de la viol\u00e8ncia masclista.<\/p>\n","protected":false},"author":2,"featured_media":4358,"comment_status":"open","ping_status":"closed","sticky":false,"template":"","format":"standard","meta":{"_citadela_custom_class":"","footnotes":""},"categories":[57],"tags":[313],"citadela-post-location":[],"class_list":["post-5244","post","type-post","status-publish","format-standard","has-post-thumbnail","hentry","category-actualitat-vicentina","tag-25n-ca"],"yoast_head":"<!-- This site is optimized with the Yoast SEO plugin v24.7 - https:\/\/yoast.com\/wordpress\/plugins\/seo\/ -->\n<title>25N a Sant Vicen\u00e7 dels Horts - PSC SVH<\/title>\n<meta name=\"description\" content=\"25N a Sant Vicen\u00e7 dels Horts. Miguel Comino, alcalde de Sant Vicen\u00e7 dels Horts i Patricia Higueras regidor de feminisme, acompanyats per l&#039;equip de govern i ve\u00efnes i ve\u00efns de la ciutat es concentren en contra de la viol\u00e8ncia masclista.\" \/>\n<meta name=\"robots\" content=\"index, follow, max-snippet:-1, max-image-preview:large, max-video-preview:-1\" \/>\n<link rel=\"canonical\" href=\"https:\/\/pscsvh.com\/ca\/25n-a-sant-vicenc-dels-horts\/\" \/>\n<meta property=\"og:locale\" content=\"ca_ES\" \/>\n<meta property=\"og:type\" content=\"article\" \/>\n<meta property=\"og:title\" content=\"25N a Sant Vicen\u00e7 dels Horts - PSC SVH\" \/>\n<meta property=\"og:description\" content=\"25N a Sant Vicen\u00e7 dels Horts. Miguel Comino, alcalde de Sant Vicen\u00e7 dels Horts i Patricia Higueras regidor de feminisme, acompanyats per l&#039;equip de govern i ve\u00efnes i ve\u00efns de la ciutat es concentren en contra de la viol\u00e8ncia masclista.\" \/>\n<meta property=\"og:url\" content=\"https:\/\/pscsvh.com\/ca\/25n-a-sant-vicenc-dels-horts\/\" \/>\n<meta property=\"og:site_name\" content=\"PSC SVH\" \/>\n<meta property=\"article:published_time\" content=\"2022-11-25T22:46:00+00:00\" \/>\n<meta property=\"article:modified_time\" content=\"2023-02-13T13:37:05+00:00\" \/>\n<meta property=\"og:image\" content=\"https:\/\/pscsvh.com\/wp-content\/uploads\/2022\/12\/316690074_10230677208093020_4532465207364214665_n.jpg\" \/>\n\t<meta property=\"og:image:width\" content=\"960\" \/>\n\t<meta property=\"og:image:height\" content=\"960\" \/>\n\t<meta property=\"og:image:type\" content=\"image\/jpeg\" \/>\n<meta name=\"author\" content=\"PSC SVH\" \/>\n<meta name=\"twitter:card\" content=\"summary_large_image\" \/>\n<meta name=\"twitter:label1\" content=\"Escrit per\" \/>\n\t<meta name=\"twitter:data1\" content=\"PSC SVH\" \/>\n\t<meta name=\"twitter:label2\" content=\"Temps estimat de lectura\" \/>\n\t<meta name=\"twitter:data2\" content=\"1 minut\" \/>\n<script type=\"application\/ld+json\" class=\"yoast-schema-graph\">{\"@context\":\"https:\/\/schema.org\",\"@graph\":[{\"@type\":\"Article\",\"@id\":\"https:\/\/pscsvh.com\/ca\/25n-a-sant-vicenc-dels-horts\/#article\",\"isPartOf\":{\"@id\":\"https:\/\/pscsvh.com\/ca\/25n-a-sant-vicenc-dels-horts\/\"},\"author\":{\"name\":\"PSC SVH\",\"@id\":\"https:\/\/pscsvh.com\/ca\/#\/schema\/person\/6ad2cedf14b82878e2897de3ed64f1f9\"},\"headline\":\"25N a Sant Vicen\u00e7 dels Horts\",\"datePublished\":\"2022-11-25T22:46:00+00:00\",\"dateModified\":\"2023-02-13T13:37:05+00:00\",\"mainEntityOfPage\":{\"@id\":\"https:\/\/pscsvh.com\/ca\/25n-a-sant-vicenc-dels-horts\/\"},\"wordCount\":140,\"commentCount\":0,\"publisher\":{\"@id\":\"https:\/\/pscsvh.com\/ca\/#organization\"},\"image\":{\"@id\":\"https:\/\/pscsvh.com\/ca\/25n-a-sant-vicenc-dels-horts\/#primaryimage\"},\"thumbnailUrl\":\"https:\/\/pscsvh.com\/wp-content\/uploads\/2022\/12\/316690074_10230677208093020_4532465207364214665_n.jpg\",\"keywords\":[\"25N\"],\"articleSection\":[\"Actualitat Vicentina\"],\"inLanguage\":\"ca\",\"potentialAction\":[{\"@type\":\"CommentAction\",\"name\":\"Comment\",\"target\":[\"https:\/\/pscsvh.com\/ca\/25n-a-sant-vicenc-dels-horts\/#respond\"]}]},{\"@type\":\"WebPage\",\"@id\":\"https:\/\/pscsvh.com\/ca\/25n-a-sant-vicenc-dels-horts\/\",\"url\":\"https:\/\/pscsvh.com\/ca\/25n-a-sant-vicenc-dels-horts\/\",\"name\":\"25N a Sant Vicen\u00e7 dels Horts - PSC SVH\",\"isPartOf\":{\"@id\":\"https:\/\/pscsvh.com\/ca\/#website\"},\"primaryImageOfPage\":{\"@id\":\"https:\/\/pscsvh.com\/ca\/25n-a-sant-vicenc-dels-horts\/#primaryimage\"},\"image\":{\"@id\":\"https:\/\/pscsvh.com\/ca\/25n-a-sant-vicenc-dels-horts\/#primaryimage\"},\"thumbnailUrl\":\"https:\/\/pscsvh.com\/wp-content\/uploads\/2022\/12\/316690074_10230677208093020_4532465207364214665_n.jpg\",\"datePublished\":\"2022-11-25T22:46:00+00:00\",\"dateModified\":\"2023-02-13T13:37:05+00:00\",\"description\":\"25N a Sant Vicen\u00e7 dels Horts. Miguel Comino, alcalde de Sant Vicen\u00e7 dels Horts i Patricia Higueras regidor de feminisme, acompanyats per l'equip de govern i ve\u00efnes i ve\u00efns de la ciutat es concentren en contra de la viol\u00e8ncia masclista.\",\"breadcrumb\":{\"@id\":\"https:\/\/pscsvh.com\/ca\/25n-a-sant-vicenc-dels-horts\/#breadcrumb\"},\"inLanguage\":\"ca\",\"potentialAction\":[{\"@type\":\"ReadAction\",\"target\":[\"https:\/\/pscsvh.com\/ca\/25n-a-sant-vicenc-dels-horts\/\"]}]},{\"@type\":\"ImageObject\",\"inLanguage\":\"ca\",\"@id\":\"https:\/\/pscsvh.com\/ca\/25n-a-sant-vicenc-dels-horts\/#primaryimage\",\"url\":\"https:\/\/pscsvh.com\/wp-content\/uploads\/2022\/12\/316690074_10230677208093020_4532465207364214665_n.jpg\",\"contentUrl\":\"https:\/\/pscsvh.com\/wp-content\/uploads\/2022\/12\/316690074_10230677208093020_4532465207364214665_n.jpg\",\"width\":960,\"height\":960,\"caption\":\"25N en Sant Vicen\u00e7 dels Horts. Miguel Comino, alcalde de Sant Vicen\u00e7 dels Horts y Patricia Higueras concejal de feminismo, acompa\u00f1ados por el equipo de gobierno y vecinas y vecinos de la ciudad se concentran en contra de la violencia machista.\"},{\"@type\":\"BreadcrumbList\",\"@id\":\"https:\/\/pscsvh.com\/ca\/25n-a-sant-vicenc-dels-horts\/#breadcrumb\",\"itemListElement\":[{\"@type\":\"ListItem\",\"position\":1,\"name\":\"Portada\",\"item\":\"https:\/\/pscsvh.com\/ca\/\"},{\"@type\":\"ListItem\",\"position\":2,\"name\":\"25N a Sant Vicen\u00e7 dels Horts\"}]},{\"@type\":\"WebSite\",\"@id\":\"https:\/\/pscsvh.com\/ca\/#website\",\"url\":\"https:\/\/pscsvh.com\/ca\/\",\"name\":\"PSC SVH\",\"description\":\"El cambio que suma\",\"publisher\":{\"@id\":\"https:\/\/pscsvh.com\/ca\/#organization\"},\"potentialAction\":[{\"@type\":\"SearchAction\",\"target\":{\"@type\":\"EntryPoint\",\"urlTemplate\":\"https:\/\/pscsvh.com\/ca\/?s={search_term_string}\"},\"query-input\":{\"@type\":\"PropertyValueSpecification\",\"valueRequired\":true,\"valueName\":\"search_term_string\"}}],\"inLanguage\":\"ca\"},{\"@type\":\"Organization\",\"@id\":\"https:\/\/pscsvh.com\/ca\/#organization\",\"name\":\"PSC SVH\",\"url\":\"https:\/\/pscsvh.com\/ca\/\",\"logo\":{\"@type\":\"ImageObject\",\"inLanguage\":\"ca\",\"@id\":\"https:\/\/pscsvh.com\/ca\/#\/schema\/logo\/image\/\",\"url\":\"https:\/\/pscsvh.com\/wp-content\/uploads\/2022\/06\/cropped-Logo_SVh2-300x158-1.png\",\"contentUrl\":\"https:\/\/pscsvh.com\/wp-content\/uploads\/2022\/06\/cropped-Logo_SVh2-300x158-1.png\",\"width\":300,\"height\":158,\"caption\":\"PSC SVH\"},\"image\":{\"@id\":\"https:\/\/pscsvh.com\/ca\/#\/schema\/logo\/image\/\"}},{\"@type\":\"Person\",\"@id\":\"https:\/\/pscsvh.com\/ca\/#\/schema\/person\/6ad2cedf14b82878e2897de3ed64f1f9\",\"name\":\"PSC SVH\",\"image\":{\"@type\":\"ImageObject\",\"inLanguage\":\"ca\",\"@id\":\"https:\/\/pscsvh.com\/ca\/#\/schema\/person\/image\/\",\"url\":\"https:\/\/secure.gravatar.com\/avatar\/a019c39072cc7d669be4d6e2cda099b4e834789e55938a3ec58bef829a37db42?s=96&d=mm&r=g\",\"contentUrl\":\"https:\/\/secure.gravatar.com\/avatar\/a019c39072cc7d669be4d6e2cda099b4e834789e55938a3ec58bef829a37db42?s=96&d=mm&r=g\",\"caption\":\"PSC SVH\"},\"url\":\"https:\/\/pscsvh.com\/ca\/author\/admin-2\/\"}]}<\/script>\n<!-- \/ Yoast SEO plugin. -->","yoast_head_json":{"title":"25N a Sant Vicen\u00e7 dels Horts - PSC SVH","description":"25N a Sant Vicen\u00e7 dels Horts. Miguel Comino, alcalde de Sant Vicen\u00e7 dels Horts i Patricia Higueras regidor de feminisme, acompanyats per l'equip de govern i ve\u00efnes i ve\u00efns de la ciutat es concentren en contra de la viol\u00e8ncia masclista.","robots":{"index":"index","follow":"follow","max-snippet":"max-snippet:-1","max-image-preview":"max-image-preview:large","max-video-preview":"max-video-preview:-1"},"canonical":"https:\/\/pscsvh.com\/ca\/25n-a-sant-vicenc-dels-horts\/","og_locale":"ca_ES","og_type":"article","og_title":"25N a Sant Vicen\u00e7 dels Horts - PSC SVH","og_description":"25N a Sant Vicen\u00e7 dels Horts. Miguel Comino, alcalde de Sant Vicen\u00e7 dels Horts i Patricia Higueras regidor de feminisme, acompanyats per l'equip de govern i ve\u00efnes i ve\u00efns de la ciutat es concentren en contra de la viol\u00e8ncia masclista.","og_url":"https:\/\/pscsvh.com\/ca\/25n-a-sant-vicenc-dels-horts\/","og_site_name":"PSC SVH","article_published_time":"2022-11-25T22:46:00+00:00","article_modified_time":"2023-02-13T13:37:05+00:00","og_image":[{"width":960,"height":960,"url":"https:\/\/pscsvh.com\/wp-content\/uploads\/2022\/12\/316690074_10230677208093020_4532465207364214665_n.jpg","type":"image\/jpeg"}],"author":"PSC SVH","twitter_card":"summary_large_image","twitter_misc":{"Escrit per":"PSC SVH","Temps estimat de lectura":"1 minut"},"schema":{"@context":"https:\/\/schema.org","@graph":[{"@type":"Article","@id":"https:\/\/pscsvh.com\/ca\/25n-a-sant-vicenc-dels-horts\/#article","isPartOf":{"@id":"https:\/\/pscsvh.com\/ca\/25n-a-sant-vicenc-dels-horts\/"},"author":{"name":"PSC SVH","@id":"https:\/\/pscsvh.com\/ca\/#\/schema\/person\/6ad2cedf14b82878e2897de3ed64f1f9"},"headline":"25N a Sant Vicen\u00e7 dels Horts","datePublished":"2022-11-25T22:46:00+00:00","dateModified":"2023-02-13T13:37:05+00:00","mainEntityOfPage":{"@id":"https:\/\/pscsvh.com\/ca\/25n-a-sant-vicenc-dels-horts\/"},"wordCount":140,"commentCount":0,"publisher":{"@id":"https:\/\/pscsvh.com\/ca\/#organization"},"image":{"@id":"https:\/\/pscsvh.com\/ca\/25n-a-sant-vicenc-dels-horts\/#primaryimage"},"thumbnailUrl":"https:\/\/pscsvh.com\/wp-content\/uploads\/2022\/12\/316690074_10230677208093020_4532465207364214665_n.jpg","keywords":["25N"],"articleSection":["Actualitat Vicentina"],"inLanguage":"ca","potentialAction":[{"@type":"CommentAction","name":"Comment","target":["https:\/\/pscsvh.com\/ca\/25n-a-sant-vicenc-dels-horts\/#respond"]}]},{"@type":"WebPage","@id":"https:\/\/pscsvh.com\/ca\/25n-a-sant-vicenc-dels-horts\/","url":"https:\/\/pscsvh.com\/ca\/25n-a-sant-vicenc-dels-horts\/","name":"25N a Sant Vicen\u00e7 dels Horts - PSC SVH","isPartOf":{"@id":"https:\/\/pscsvh.com\/ca\/#website"},"primaryImageOfPage":{"@id":"https:\/\/pscsvh.com\/ca\/25n-a-sant-vicenc-dels-horts\/#primaryimage"},"image":{"@id":"https:\/\/pscsvh.com\/ca\/25n-a-sant-vicenc-dels-horts\/#primaryimage"},"thumbnailUrl":"https:\/\/pscsvh.com\/wp-content\/uploads\/2022\/12\/316690074_10230677208093020_4532465207364214665_n.jpg","datePublished":"2022-11-25T22:46:00+00:00","dateModified":"2023-02-13T13:37:05+00:00","description":"25N a Sant Vicen\u00e7 dels Horts. Miguel Comino, alcalde de Sant Vicen\u00e7 dels Horts i Patricia Higueras regidor de feminisme, acompanyats per l'equip de govern i ve\u00efnes i ve\u00efns de la ciutat es concentren en contra de la viol\u00e8ncia masclista.","breadcrumb":{"@id":"https:\/\/pscsvh.com\/ca\/25n-a-sant-vicenc-dels-horts\/#breadcrumb"},"inLanguage":"ca","potentialAction":[{"@type":"ReadAction","target":["https:\/\/pscsvh.com\/ca\/25n-a-sant-vicenc-dels-horts\/"]}]},{"@type":"ImageObject","inLanguage":"ca","@id":"https:\/\/pscsvh.com\/ca\/25n-a-sant-vicenc-dels-horts\/#primaryimage","url":"https:\/\/pscsvh.com\/wp-content\/uploads\/2022\/12\/316690074_10230677208093020_4532465207364214665_n.jpg","contentUrl":"https:\/\/pscsvh.com\/wp-content\/uploads\/2022\/12\/316690074_10230677208093020_4532465207364214665_n.jpg","width":960,"height":960,"caption":"25N en Sant Vicen\u00e7 dels Horts. Miguel Comino, alcalde de Sant Vicen\u00e7 dels Horts y Patricia Higueras concejal de feminismo, acompa\u00f1ados por el equipo de gobierno y vecinas y vecinos de la ciudad se concentran en contra de la violencia machista."},{"@type":"BreadcrumbList","@id":"https:\/\/pscsvh.com\/ca\/25n-a-sant-vicenc-dels-horts\/#breadcrumb","itemListElement":[{"@type":"ListItem","position":1,"name":"Portada","item":"https:\/\/pscsvh.com\/ca\/"},{"@type":"ListItem","position":2,"name":"25N a Sant Vicen\u00e7 dels Horts"}]},{"@type":"WebSite","@id":"https:\/\/pscsvh.com\/ca\/#website","url":"https:\/\/pscsvh.com\/ca\/","name":"PSC SVH","description":"El cambio que suma","publisher":{"@id":"https:\/\/pscsvh.com\/ca\/#organization"},"potentialAction":[{"@type":"SearchAction","target":{"@type":"EntryPoint","urlTemplate":"https:\/\/pscsvh.com\/ca\/?s={search_term_string}"},"query-input":{"@type":"PropertyValueSpecification","valueRequired":true,"valueName":"search_term_string"}}],"inLanguage":"ca"},{"@type":"Organization","@id":"https:\/\/pscsvh.com\/ca\/#organization","name":"PSC SVH","url":"https:\/\/pscsvh.com\/ca\/","logo":{"@type":"ImageObject","inLanguage":"ca","@id":"https:\/\/pscsvh.com\/ca\/#\/schema\/logo\/image\/","url":"https:\/\/pscsvh.com\/wp-content\/uploads\/2022\/06\/cropped-Logo_SVh2-300x158-1.png","contentUrl":"https:\/\/pscsvh.com\/wp-content\/uploads\/2022\/06\/cropped-Logo_SVh2-300x158-1.png","width":300,"height":158,"caption":"PSC SVH"},"image":{"@id":"https:\/\/pscsvh.com\/ca\/#\/schema\/logo\/image\/"}},{"@type":"Person","@id":"https:\/\/pscsvh.com\/ca\/#\/schema\/person\/6ad2cedf14b82878e2897de3ed64f1f9","name":"PSC SVH","image":{"@type":"ImageObject","inLanguage":"ca","@id":"https:\/\/pscsvh.com\/ca\/#\/schema\/person\/image\/","url":"https:\/\/secure.gravatar.com\/avatar\/a019c39072cc7d669be4d6e2cda099b4e834789e55938a3ec58bef829a37db42?s=96&d=mm&r=g","contentUrl":"https:\/\/secure.gravatar.com\/avatar\/a019c39072cc7d669be4d6e2cda099b4e834789e55938a3ec58bef829a37db42?s=96&d=mm&r=g","caption":"PSC SVH"},"url":"https:\/\/pscsvh.com\/ca\/author\/admin-2\/"}]}},"_links":{"self":[{"href":"https:\/\/pscsvh.com\/ca\/wp-json\/wp\/v2\/posts\/5244","targetHints":{"allow":["GET"]}}],"collection":[{"href":"https:\/\/pscsvh.com\/ca\/wp-json\/wp\/v2\/posts"}],"about":[{"href":"https:\/\/pscsvh.com\/ca\/wp-json\/wp\/v2\/types\/post"}],"author":[{"embeddable":true,"href":"https:\/\/pscsvh.com\/ca\/wp-json\/wp\/v2\/users\/2"}],"replies":[{"embeddable":true,"href":"https:\/\/pscsvh.com\/ca\/wp-json\/wp\/v2\/comments?post=5244"}],"version-history":[{"count":1,"href":"https:\/\/pscsvh.com\/ca\/wp-json\/wp\/v2\/posts\/5244\/revisions"}],"predecessor-version":[{"id":5245,"href":"https:\/\/pscsvh.com\/ca\/wp-json\/wp\/v2\/posts\/5244\/revisions\/5245"}],"wp:featuredmedia":[{"embeddable":true,"href":"https:\/\/pscsvh.com\/ca\/wp-json\/wp\/v2\/media\/4358"}],"wp:attachment":[{"href":"https:\/\/pscsvh.com\/ca\/wp-json\/wp\/v2\/media?parent=5244"}],"wp:term":[{"taxonomy":"category","embeddable":true,"href":"https:\/\/pscsvh.com\/ca\/wp-json\/wp\/v2\/categories?post=5244"},{"taxonomy":"post_tag","embeddable":true,"href":"https:\/\/pscsvh.com\/ca\/wp-json\/wp\/v2\/tags?post=5244"},{"taxonomy":"citadela-post-location","embeddable":true,"href":"https:\/\/pscsvh.com\/ca\/wp-json\/wp\/v2\/citadela-post-location?post=5244"}],"curies":[{"name":"wp","href":"https:\/\/api.w.org\/{rel}","templated":true}]}}