{"id":5226,"date":"2022-12-13T10:12:39","date_gmt":"2022-12-13T09:12:39","guid":{"rendered":"https:\/\/pscsvh.com\/exposicio-desembre-dart\/"},"modified":"2023-02-13T08:11:26","modified_gmt":"2023-02-13T07:11:26","slug":"exposicio-desembre-dart","status":"publish","type":"post","link":"https:\/\/pscsvh.com\/ca\/exposicio-desembre-dart\/","title":{"rendered":"Exposici\u00f3 &#8220;Desembre d&#8217;Art&#8221;"},"content":{"rendered":"\n<p>L&#8217;alcalde de Sant Vicen\u00e7 dels Horts <a href=\"https:\/\/www.instagram.com\/miguelcomino\/\">Miguel Comino<\/a> i els seus companys de govern <a href=\"https:\/\/www.instagram.com\/isidre.svh\/\" target=\"_blank\" rel=\"noreferrer noopener\">Isidre Bautista<\/a> i <a href=\"https:\/\/www.instagram.com\/capelladesladevesa\/\" target=\"_blank\" rel=\"noreferrer noopener\">Paqui Capellades<\/a> han visitat l&#8217;exposici\u00f3 Desembre d&#8217;art, organitzada pel Col\u00b7lectiu d&#8217;Artistes Vicentins.<\/p>\n\n<p>Una extraordin\u00e0ria iniciativa, de gran qualitat art\u00edstica, que es pot visitar a l&#8217;Espai Forn fins al dia 23 de desembre.<\/p>\n\n<figure class=\"wp-block-gallery has-nested-images columns-default is-cropped wp-block-gallery-1 is-layout-flex wp-block-gallery-is-layout-flex\">\n<figure class=\"wp-block-image size-large\"><a href=\"https:\/\/pscsvh.com\/wp-content\/uploads\/2023\/01\/06-6.jpg\"><img loading=\"lazy\" decoding=\"async\" width=\"1024\" height=\"1024\" data-id=\"4695\" src=\"https:\/\/pscsvh.com\/wp-content\/uploads\/2023\/01\/06-6.jpg\" alt=\"\" class=\"wp-image-4695\" srcset=\"https:\/\/pscsvh.com\/wp-content\/uploads\/2023\/01\/06-6.jpg 1024w, https:\/\/pscsvh.com\/wp-content\/uploads\/2023\/01\/06-6-300x300.jpg 300w, https:\/\/pscsvh.com\/wp-content\/uploads\/2023\/01\/06-6-150x150.jpg 150w, https:\/\/pscsvh.com\/wp-content\/uploads\/2023\/01\/06-6-768x768.jpg 768w\" sizes=\"auto, (max-width: 1024px) 100vw, 1024px\" \/><\/a><\/figure>\n\n\n\n<figure class=\"wp-block-image size-large\"><a href=\"https:\/\/pscsvh.com\/wp-content\/uploads\/2023\/01\/05-7.jpg\"><img loading=\"lazy\" decoding=\"async\" width=\"1024\" height=\"682\" data-id=\"4691\" src=\"https:\/\/pscsvh.com\/wp-content\/uploads\/2023\/01\/05-7-1024x682.jpg\" alt=\"\" class=\"wp-image-4691\" srcset=\"https:\/\/pscsvh.com\/wp-content\/uploads\/2023\/01\/05-7-1024x682.jpg 1024w, https:\/\/pscsvh.com\/wp-content\/uploads\/2023\/01\/05-7-300x200.jpg 300w, https:\/\/pscsvh.com\/wp-content\/uploads\/2023\/01\/05-7-768x512.jpg 768w, https:\/\/pscsvh.com\/wp-content\/uploads\/2023\/01\/05-7-1536x1023.jpg 1536w, https:\/\/pscsvh.com\/wp-content\/uploads\/2023\/01\/05-7.jpg 1600w\" sizes=\"auto, (max-width: 1024px) 100vw, 1024px\" \/><\/a><\/figure>\n\n\n\n<figure class=\"wp-block-image size-large\"><a href=\"https:\/\/pscsvh.com\/wp-content\/uploads\/2023\/01\/04-8.jpg\"><img loading=\"lazy\" decoding=\"async\" width=\"1024\" height=\"682\" data-id=\"4697\" src=\"https:\/\/pscsvh.com\/wp-content\/uploads\/2023\/01\/04-8-1024x682.jpg\" alt=\"\" class=\"wp-image-4697\" srcset=\"https:\/\/pscsvh.com\/wp-content\/uploads\/2023\/01\/04-8-1024x682.jpg 1024w, https:\/\/pscsvh.com\/wp-content\/uploads\/2023\/01\/04-8-300x200.jpg 300w, https:\/\/pscsvh.com\/wp-content\/uploads\/2023\/01\/04-8-768x512.jpg 768w, https:\/\/pscsvh.com\/wp-content\/uploads\/2023\/01\/04-8-1536x1023.jpg 1536w, https:\/\/pscsvh.com\/wp-content\/uploads\/2023\/01\/04-8.jpg 1600w\" sizes=\"auto, (max-width: 1024px) 100vw, 1024px\" \/><\/a><\/figure>\n\n\n\n<figure class=\"wp-block-image size-large\"><a href=\"https:\/\/pscsvh.com\/wp-content\/uploads\/2023\/01\/03-8.jpg\"><img loading=\"lazy\" decoding=\"async\" width=\"1024\" height=\"682\" data-id=\"4699\" src=\"https:\/\/pscsvh.com\/wp-content\/uploads\/2023\/01\/03-8-1024x682.jpg\" alt=\"\" class=\"wp-image-4699\" srcset=\"https:\/\/pscsvh.com\/wp-content\/uploads\/2023\/01\/03-8-1024x682.jpg 1024w, https:\/\/pscsvh.com\/wp-content\/uploads\/2023\/01\/03-8-300x200.jpg 300w, https:\/\/pscsvh.com\/wp-content\/uploads\/2023\/01\/03-8-768x512.jpg 768w, https:\/\/pscsvh.com\/wp-content\/uploads\/2023\/01\/03-8-1536x1023.jpg 1536w, https:\/\/pscsvh.com\/wp-content\/uploads\/2023\/01\/03-8.jpg 1600w\" sizes=\"auto, (max-width: 1024px) 100vw, 1024px\" \/><\/a><\/figure>\n\n\n\n<figure class=\"wp-block-image size-large\"><a href=\"https:\/\/pscsvh.com\/wp-content\/uploads\/2023\/01\/02-8.jpg\"><img loading=\"lazy\" decoding=\"async\" width=\"1024\" height=\"682\" data-id=\"4701\" src=\"https:\/\/pscsvh.com\/wp-content\/uploads\/2023\/01\/02-8-1024x682.jpg\" alt=\"\" class=\"wp-image-4701\" srcset=\"https:\/\/pscsvh.com\/wp-content\/uploads\/2023\/01\/02-8-1024x682.jpg 1024w, https:\/\/pscsvh.com\/wp-content\/uploads\/2023\/01\/02-8-300x200.jpg 300w, https:\/\/pscsvh.com\/wp-content\/uploads\/2023\/01\/02-8-768x512.jpg 768w, https:\/\/pscsvh.com\/wp-content\/uploads\/2023\/01\/02-8-1536x1023.jpg 1536w, https:\/\/pscsvh.com\/wp-content\/uploads\/2023\/01\/02-8.jpg 1600w\" sizes=\"auto, (max-width: 1024px) 100vw, 1024px\" \/><\/a><\/figure>\n\n\n\n<figure class=\"wp-block-image size-large\"><a href=\"https:\/\/pscsvh.com\/wp-content\/uploads\/2023\/01\/01-6.jpg\"><img loading=\"lazy\" decoding=\"async\" width=\"1024\" height=\"682\" data-id=\"4693\" src=\"https:\/\/pscsvh.com\/wp-content\/uploads\/2023\/01\/01-6-1024x682.jpg\" alt=\"\" class=\"wp-image-4693\" srcset=\"https:\/\/pscsvh.com\/wp-content\/uploads\/2023\/01\/01-6-1024x682.jpg 1024w, https:\/\/pscsvh.com\/wp-content\/uploads\/2023\/01\/01-6-300x200.jpg 300w, https:\/\/pscsvh.com\/wp-content\/uploads\/2023\/01\/01-6-768x512.jpg 768w, https:\/\/pscsvh.com\/wp-content\/uploads\/2023\/01\/01-6-1536x1023.jpg 1536w, https:\/\/pscsvh.com\/wp-content\/uploads\/2023\/01\/01-6.jpg 1600w\" sizes=\"auto, (max-width: 1024px) 100vw, 1024px\" \/><\/a><\/figure>\n<\/figure>\n","protected":false},"excerpt":{"rendered":"<p>L&#8217;alcalde de Sant Vicen\u00e7 dels Horts Miguel Comino i els seus companys de govern Isidre Bautista i Paqui Capellades han visitat l&#8217;exposici\u00f3 Desembre d&#8217;art, organitzada pel Col\u00b7lectiu d&#8217;Artistes Vicentins. Una extraordin\u00e0ria iniciativa, de gran qualitat art\u00edstica, que es pot visitar a l&#8217;Espai Forn fins al dia 23 de desembre.<\/p>\n","protected":false},"author":2,"featured_media":4694,"comment_status":"open","ping_status":"closed","sticky":false,"template":"","format":"standard","meta":{"_citadela_custom_class":"","footnotes":""},"categories":[173],"tags":[245],"citadela-post-location":[42],"class_list":["post-5226","post","type-post","status-publish","format-standard","has-post-thumbnail","hentry","category-reconeixements","tag-desembre-dart"],"yoast_head":"<!-- This site is optimized with the Yoast SEO plugin v24.7 - https:\/\/yoast.com\/wordpress\/plugins\/seo\/ -->\n<title>Exposici\u00f3 &quot;Desembre d&#039;Art&quot; - PSC SVH<\/title>\n<meta name=\"description\" content=\"Exposici\u00f3 &quot;Desembre d&#039;Art&quot;. L&#039;alcalde de Sant Vicen\u00e7 dels Horts Miguel Comino, i els seus companys de govern Isidre Bautista i Paqui Capellades han visitat l&#039;exposici\u00f3 Desembre d&#039;art, organitzada pel Col\u00b7lectiu d&#039;Artistes Vicentins.\" \/>\n<meta name=\"robots\" content=\"index, follow, max-snippet:-1, max-image-preview:large, max-video-preview:-1\" \/>\n<link rel=\"canonical\" href=\"https:\/\/pscsvh.com\/ca\/exposicio-desembre-dart\/\" \/>\n<meta property=\"og:locale\" content=\"ca_ES\" \/>\n<meta property=\"og:type\" content=\"article\" \/>\n<meta property=\"og:title\" content=\"Exposici\u00f3 &quot;Desembre d&#039;Art&quot; - PSC SVH\" \/>\n<meta property=\"og:description\" content=\"Exposici\u00f3 &quot;Desembre d&#039;Art&quot;. L&#039;alcalde de Sant Vicen\u00e7 dels Horts Miguel Comino, i els seus companys de govern Isidre Bautista i Paqui Capellades han visitat l&#039;exposici\u00f3 Desembre d&#039;art, organitzada pel Col\u00b7lectiu d&#039;Artistes Vicentins.\" \/>\n<meta property=\"og:url\" content=\"https:\/\/pscsvh.com\/ca\/exposicio-desembre-dart\/\" \/>\n<meta property=\"og:site_name\" content=\"PSC SVH\" \/>\n<meta property=\"article:published_time\" content=\"2022-12-13T09:12:39+00:00\" \/>\n<meta property=\"article:modified_time\" content=\"2023-02-13T07:11:26+00:00\" \/>\n<meta property=\"og:image\" content=\"https:\/\/pscsvh.com\/wp-content\/uploads\/2023\/01\/01-6.jpg\" \/>\n\t<meta property=\"og:image:width\" content=\"1600\" \/>\n\t<meta property=\"og:image:height\" content=\"1066\" \/>\n\t<meta property=\"og:image:type\" content=\"image\/jpeg\" \/>\n<meta name=\"author\" content=\"PSC SVH\" \/>\n<meta name=\"twitter:card\" content=\"summary_large_image\" \/>\n<meta name=\"twitter:label1\" content=\"Escrit per\" \/>\n\t<meta name=\"twitter:data1\" content=\"PSC SVH\" \/>\n<script type=\"application\/ld+json\" class=\"yoast-schema-graph\">{\"@context\":\"https:\/\/schema.org\",\"@graph\":[{\"@type\":\"Article\",\"@id\":\"https:\/\/pscsvh.com\/ca\/exposicio-desembre-dart\/#article\",\"isPartOf\":{\"@id\":\"https:\/\/pscsvh.com\/ca\/exposicio-desembre-dart\/\"},\"author\":{\"name\":\"PSC SVH\",\"@id\":\"https:\/\/pscsvh.com\/ca\/#\/schema\/person\/6ad2cedf14b82878e2897de3ed64f1f9\"},\"headline\":\"Exposici\u00f3 &#8220;Desembre d&#8217;Art&#8221;\",\"datePublished\":\"2022-12-13T09:12:39+00:00\",\"dateModified\":\"2023-02-13T07:11:26+00:00\",\"mainEntityOfPage\":{\"@id\":\"https:\/\/pscsvh.com\/ca\/exposicio-desembre-dart\/\"},\"wordCount\":60,\"commentCount\":0,\"publisher\":{\"@id\":\"https:\/\/pscsvh.com\/ca\/#organization\"},\"image\":{\"@id\":\"https:\/\/pscsvh.com\/ca\/exposicio-desembre-dart\/#primaryimage\"},\"thumbnailUrl\":\"https:\/\/pscsvh.com\/wp-content\/uploads\/2023\/01\/01-6.jpg\",\"keywords\":[\"Desembre d&#039;Art\"],\"articleSection\":[\"Reconeixements\"],\"inLanguage\":\"ca\",\"potentialAction\":[{\"@type\":\"CommentAction\",\"name\":\"Comment\",\"target\":[\"https:\/\/pscsvh.com\/ca\/exposicio-desembre-dart\/#respond\"]}]},{\"@type\":\"WebPage\",\"@id\":\"https:\/\/pscsvh.com\/ca\/exposicio-desembre-dart\/\",\"url\":\"https:\/\/pscsvh.com\/ca\/exposicio-desembre-dart\/\",\"name\":\"Exposici\u00f3 \\\"Desembre d'Art\\\" - PSC SVH\",\"isPartOf\":{\"@id\":\"https:\/\/pscsvh.com\/ca\/#website\"},\"primaryImageOfPage\":{\"@id\":\"https:\/\/pscsvh.com\/ca\/exposicio-desembre-dart\/#primaryimage\"},\"image\":{\"@id\":\"https:\/\/pscsvh.com\/ca\/exposicio-desembre-dart\/#primaryimage\"},\"thumbnailUrl\":\"https:\/\/pscsvh.com\/wp-content\/uploads\/2023\/01\/01-6.jpg\",\"datePublished\":\"2022-12-13T09:12:39+00:00\",\"dateModified\":\"2023-02-13T07:11:26+00:00\",\"description\":\"Exposici\u00f3 \\\"Desembre d'Art\\\". L'alcalde de Sant Vicen\u00e7 dels Horts Miguel Comino, i els seus companys de govern Isidre Bautista i Paqui Capellades han visitat l'exposici\u00f3 Desembre d'art, organitzada pel Col\u00b7lectiu d'Artistes Vicentins.\",\"breadcrumb\":{\"@id\":\"https:\/\/pscsvh.com\/ca\/exposicio-desembre-dart\/#breadcrumb\"},\"inLanguage\":\"ca\",\"potentialAction\":[{\"@type\":\"ReadAction\",\"target\":[\"https:\/\/pscsvh.com\/ca\/exposicio-desembre-dart\/\"]}]},{\"@type\":\"ImageObject\",\"inLanguage\":\"ca\",\"@id\":\"https:\/\/pscsvh.com\/ca\/exposicio-desembre-dart\/#primaryimage\",\"url\":\"https:\/\/pscsvh.com\/wp-content\/uploads\/2023\/01\/01-6.jpg\",\"contentUrl\":\"https:\/\/pscsvh.com\/wp-content\/uploads\/2023\/01\/01-6.jpg\",\"width\":1600,\"height\":1066,\"caption\":\"Exposici\u00f3n \u00abDesembre d\u2019Art\u00bb El alcalde de Sant Vicen\u00e7 dels Horts Miguel Comino, y sus compa\u00f1eros de gobierno Isidre Bautista y Paqui Capellades han visitado la exposici\u00f3n \u00abDesembre d\u2019art\u00bb, organizada por el Colectivo de Artistas Vicentinos. Una extraordinaria iniciativa, de gran calidad art\u00edstica, que se puede visitar en el \u2018Espai Forn\u2019 hasta el d\u00eda 23 de diciembre.\"},{\"@type\":\"BreadcrumbList\",\"@id\":\"https:\/\/pscsvh.com\/ca\/exposicio-desembre-dart\/#breadcrumb\",\"itemListElement\":[{\"@type\":\"ListItem\",\"position\":1,\"name\":\"Portada\",\"item\":\"https:\/\/pscsvh.com\/ca\/\"},{\"@type\":\"ListItem\",\"position\":2,\"name\":\"Exposici\u00f3 &#8220;Desembre d&#8217;Art&#8221;\"}]},{\"@type\":\"WebSite\",\"@id\":\"https:\/\/pscsvh.com\/ca\/#website\",\"url\":\"https:\/\/pscsvh.com\/ca\/\",\"name\":\"PSC SVH\",\"description\":\"El cambio que suma\",\"publisher\":{\"@id\":\"https:\/\/pscsvh.com\/ca\/#organization\"},\"potentialAction\":[{\"@type\":\"SearchAction\",\"target\":{\"@type\":\"EntryPoint\",\"urlTemplate\":\"https:\/\/pscsvh.com\/ca\/?s={search_term_string}\"},\"query-input\":{\"@type\":\"PropertyValueSpecification\",\"valueRequired\":true,\"valueName\":\"search_term_string\"}}],\"inLanguage\":\"ca\"},{\"@type\":\"Organization\",\"@id\":\"https:\/\/pscsvh.com\/ca\/#organization\",\"name\":\"PSC SVH\",\"url\":\"https:\/\/pscsvh.com\/ca\/\",\"logo\":{\"@type\":\"ImageObject\",\"inLanguage\":\"ca\",\"@id\":\"https:\/\/pscsvh.com\/ca\/#\/schema\/logo\/image\/\",\"url\":\"https:\/\/pscsvh.com\/wp-content\/uploads\/2022\/06\/cropped-Logo_SVh2-300x158-1.png\",\"contentUrl\":\"https:\/\/pscsvh.com\/wp-content\/uploads\/2022\/06\/cropped-Logo_SVh2-300x158-1.png\",\"width\":300,\"height\":158,\"caption\":\"PSC SVH\"},\"image\":{\"@id\":\"https:\/\/pscsvh.com\/ca\/#\/schema\/logo\/image\/\"}},{\"@type\":\"Person\",\"@id\":\"https:\/\/pscsvh.com\/ca\/#\/schema\/person\/6ad2cedf14b82878e2897de3ed64f1f9\",\"name\":\"PSC SVH\",\"image\":{\"@type\":\"ImageObject\",\"inLanguage\":\"ca\",\"@id\":\"https:\/\/pscsvh.com\/ca\/#\/schema\/person\/image\/\",\"url\":\"https:\/\/secure.gravatar.com\/avatar\/a019c39072cc7d669be4d6e2cda099b4e834789e55938a3ec58bef829a37db42?s=96&d=mm&r=g\",\"contentUrl\":\"https:\/\/secure.gravatar.com\/avatar\/a019c39072cc7d669be4d6e2cda099b4e834789e55938a3ec58bef829a37db42?s=96&d=mm&r=g\",\"caption\":\"PSC SVH\"},\"url\":\"https:\/\/pscsvh.com\/ca\/author\/admin-2\/\"}]}<\/script>\n<!-- \/ Yoast SEO plugin. -->","yoast_head_json":{"title":"Exposici\u00f3 \"Desembre d'Art\" - PSC SVH","description":"Exposici\u00f3 \"Desembre d'Art\". L'alcalde de Sant Vicen\u00e7 dels Horts Miguel Comino, i els seus companys de govern Isidre Bautista i Paqui Capellades han visitat l'exposici\u00f3 Desembre d'art, organitzada pel Col\u00b7lectiu d'Artistes Vicentins.","robots":{"index":"index","follow":"follow","max-snippet":"max-snippet:-1","max-image-preview":"max-image-preview:large","max-video-preview":"max-video-preview:-1"},"canonical":"https:\/\/pscsvh.com\/ca\/exposicio-desembre-dart\/","og_locale":"ca_ES","og_type":"article","og_title":"Exposici\u00f3 \"Desembre d'Art\" - PSC SVH","og_description":"Exposici\u00f3 \"Desembre d'Art\". L'alcalde de Sant Vicen\u00e7 dels Horts Miguel Comino, i els seus companys de govern Isidre Bautista i Paqui Capellades han visitat l'exposici\u00f3 Desembre d'art, organitzada pel Col\u00b7lectiu d'Artistes Vicentins.","og_url":"https:\/\/pscsvh.com\/ca\/exposicio-desembre-dart\/","og_site_name":"PSC SVH","article_published_time":"2022-12-13T09:12:39+00:00","article_modified_time":"2023-02-13T07:11:26+00:00","og_image":[{"width":1600,"height":1066,"url":"https:\/\/pscsvh.com\/wp-content\/uploads\/2023\/01\/01-6.jpg","type":"image\/jpeg"}],"author":"PSC SVH","twitter_card":"summary_large_image","twitter_misc":{"Escrit per":"PSC SVH"},"schema":{"@context":"https:\/\/schema.org","@graph":[{"@type":"Article","@id":"https:\/\/pscsvh.com\/ca\/exposicio-desembre-dart\/#article","isPartOf":{"@id":"https:\/\/pscsvh.com\/ca\/exposicio-desembre-dart\/"},"author":{"name":"PSC SVH","@id":"https:\/\/pscsvh.com\/ca\/#\/schema\/person\/6ad2cedf14b82878e2897de3ed64f1f9"},"headline":"Exposici\u00f3 &#8220;Desembre d&#8217;Art&#8221;","datePublished":"2022-12-13T09:12:39+00:00","dateModified":"2023-02-13T07:11:26+00:00","mainEntityOfPage":{"@id":"https:\/\/pscsvh.com\/ca\/exposicio-desembre-dart\/"},"wordCount":60,"commentCount":0,"publisher":{"@id":"https:\/\/pscsvh.com\/ca\/#organization"},"image":{"@id":"https:\/\/pscsvh.com\/ca\/exposicio-desembre-dart\/#primaryimage"},"thumbnailUrl":"https:\/\/pscsvh.com\/wp-content\/uploads\/2023\/01\/01-6.jpg","keywords":["Desembre d&#039;Art"],"articleSection":["Reconeixements"],"inLanguage":"ca","potentialAction":[{"@type":"CommentAction","name":"Comment","target":["https:\/\/pscsvh.com\/ca\/exposicio-desembre-dart\/#respond"]}]},{"@type":"WebPage","@id":"https:\/\/pscsvh.com\/ca\/exposicio-desembre-dart\/","url":"https:\/\/pscsvh.com\/ca\/exposicio-desembre-dart\/","name":"Exposici\u00f3 \"Desembre d'Art\" - PSC SVH","isPartOf":{"@id":"https:\/\/pscsvh.com\/ca\/#website"},"primaryImageOfPage":{"@id":"https:\/\/pscsvh.com\/ca\/exposicio-desembre-dart\/#primaryimage"},"image":{"@id":"https:\/\/pscsvh.com\/ca\/exposicio-desembre-dart\/#primaryimage"},"thumbnailUrl":"https:\/\/pscsvh.com\/wp-content\/uploads\/2023\/01\/01-6.jpg","datePublished":"2022-12-13T09:12:39+00:00","dateModified":"2023-02-13T07:11:26+00:00","description":"Exposici\u00f3 \"Desembre d'Art\". L'alcalde de Sant Vicen\u00e7 dels Horts Miguel Comino, i els seus companys de govern Isidre Bautista i Paqui Capellades han visitat l'exposici\u00f3 Desembre d'art, organitzada pel Col\u00b7lectiu d'Artistes Vicentins.","breadcrumb":{"@id":"https:\/\/pscsvh.com\/ca\/exposicio-desembre-dart\/#breadcrumb"},"inLanguage":"ca","potentialAction":[{"@type":"ReadAction","target":["https:\/\/pscsvh.com\/ca\/exposicio-desembre-dart\/"]}]},{"@type":"ImageObject","inLanguage":"ca","@id":"https:\/\/pscsvh.com\/ca\/exposicio-desembre-dart\/#primaryimage","url":"https:\/\/pscsvh.com\/wp-content\/uploads\/2023\/01\/01-6.jpg","contentUrl":"https:\/\/pscsvh.com\/wp-content\/uploads\/2023\/01\/01-6.jpg","width":1600,"height":1066,"caption":"Exposici\u00f3n \u00abDesembre d\u2019Art\u00bb El alcalde de Sant Vicen\u00e7 dels Horts Miguel Comino, y sus compa\u00f1eros de gobierno Isidre Bautista y Paqui Capellades han visitado la exposici\u00f3n \u00abDesembre d\u2019art\u00bb, organizada por el Colectivo de Artistas Vicentinos. Una extraordinaria iniciativa, de gran calidad art\u00edstica, que se puede visitar en el \u2018Espai Forn\u2019 hasta el d\u00eda 23 de diciembre."},{"@type":"BreadcrumbList","@id":"https:\/\/pscsvh.com\/ca\/exposicio-desembre-dart\/#breadcrumb","itemListElement":[{"@type":"ListItem","position":1,"name":"Portada","item":"https:\/\/pscsvh.com\/ca\/"},{"@type":"ListItem","position":2,"name":"Exposici\u00f3 &#8220;Desembre d&#8217;Art&#8221;"}]},{"@type":"WebSite","@id":"https:\/\/pscsvh.com\/ca\/#website","url":"https:\/\/pscsvh.com\/ca\/","name":"PSC SVH","description":"El cambio que suma","publisher":{"@id":"https:\/\/pscsvh.com\/ca\/#organization"},"potentialAction":[{"@type":"SearchAction","target":{"@type":"EntryPoint","urlTemplate":"https:\/\/pscsvh.com\/ca\/?s={search_term_string}"},"query-input":{"@type":"PropertyValueSpecification","valueRequired":true,"valueName":"search_term_string"}}],"inLanguage":"ca"},{"@type":"Organization","@id":"https:\/\/pscsvh.com\/ca\/#organization","name":"PSC SVH","url":"https:\/\/pscsvh.com\/ca\/","logo":{"@type":"ImageObject","inLanguage":"ca","@id":"https:\/\/pscsvh.com\/ca\/#\/schema\/logo\/image\/","url":"https:\/\/pscsvh.com\/wp-content\/uploads\/2022\/06\/cropped-Logo_SVh2-300x158-1.png","contentUrl":"https:\/\/pscsvh.com\/wp-content\/uploads\/2022\/06\/cropped-Logo_SVh2-300x158-1.png","width":300,"height":158,"caption":"PSC SVH"},"image":{"@id":"https:\/\/pscsvh.com\/ca\/#\/schema\/logo\/image\/"}},{"@type":"Person","@id":"https:\/\/pscsvh.com\/ca\/#\/schema\/person\/6ad2cedf14b82878e2897de3ed64f1f9","name":"PSC SVH","image":{"@type":"ImageObject","inLanguage":"ca","@id":"https:\/\/pscsvh.com\/ca\/#\/schema\/person\/image\/","url":"https:\/\/secure.gravatar.com\/avatar\/a019c39072cc7d669be4d6e2cda099b4e834789e55938a3ec58bef829a37db42?s=96&d=mm&r=g","contentUrl":"https:\/\/secure.gravatar.com\/avatar\/a019c39072cc7d669be4d6e2cda099b4e834789e55938a3ec58bef829a37db42?s=96&d=mm&r=g","caption":"PSC SVH"},"url":"https:\/\/pscsvh.com\/ca\/author\/admin-2\/"}]}},"_links":{"self":[{"href":"https:\/\/pscsvh.com\/ca\/wp-json\/wp\/v2\/posts\/5226","targetHints":{"allow":["GET"]}}],"collection":[{"href":"https:\/\/pscsvh.com\/ca\/wp-json\/wp\/v2\/posts"}],"about":[{"href":"https:\/\/pscsvh.com\/ca\/wp-json\/wp\/v2\/types\/post"}],"author":[{"embeddable":true,"href":"https:\/\/pscsvh.com\/ca\/wp-json\/wp\/v2\/users\/2"}],"replies":[{"embeddable":true,"href":"https:\/\/pscsvh.com\/ca\/wp-json\/wp\/v2\/comments?post=5226"}],"version-history":[{"count":1,"href":"https:\/\/pscsvh.com\/ca\/wp-json\/wp\/v2\/posts\/5226\/revisions"}],"predecessor-version":[{"id":5227,"href":"https:\/\/pscsvh.com\/ca\/wp-json\/wp\/v2\/posts\/5226\/revisions\/5227"}],"wp:featuredmedia":[{"embeddable":true,"href":"https:\/\/pscsvh.com\/ca\/wp-json\/wp\/v2\/media\/4694"}],"wp:attachment":[{"href":"https:\/\/pscsvh.com\/ca\/wp-json\/wp\/v2\/media?parent=5226"}],"wp:term":[{"taxonomy":"category","embeddable":true,"href":"https:\/\/pscsvh.com\/ca\/wp-json\/wp\/v2\/categories?post=5226"},{"taxonomy":"post_tag","embeddable":true,"href":"https:\/\/pscsvh.com\/ca\/wp-json\/wp\/v2\/tags?post=5226"},{"taxonomy":"citadela-post-location","embeddable":true,"href":"https:\/\/pscsvh.com\/ca\/wp-json\/wp\/v2\/citadela-post-location?post=5226"}],"curies":[{"name":"wp","href":"https:\/\/api.w.org\/{rel}","templated":true}]}}