{"id":5222,"date":"2023-02-06T20:37:23","date_gmt":"2023-02-06T19:37:23","guid":{"rendered":"https:\/\/pscsvh.com\/presentem-una-proposta-de-pressupost-per-al-2023-adaptada-a-les-necessitats-reals-de-la-ciutadania\/"},"modified":"2023-02-13T07:59:23","modified_gmt":"2023-02-13T06:59:23","slug":"presentem-una-proposta-de-pressupost-per-al-2023-adaptada-a-les-necessitats-reals-de-la-ciutadania","status":"publish","type":"post","link":"https:\/\/pscsvh.com\/ca\/presentem-una-proposta-de-pressupost-per-al-2023-adaptada-a-les-necessitats-reals-de-la-ciutadania\/","title":{"rendered":"Presentem una proposta de pressupost per al 2023 adaptada a les necessitats reals de la ciutadania"},"content":{"rendered":"\n<p><strong><a href=\"https:\/\/www.instagram.com\/xgasvh\/\">Xavi G\u00f3mez,<\/a> regidor d&#8217;economia, presenta la proposta de pressupostos per al 2023 que s&#8217;adapta a les necessitats reals de la ciutadania, als grups de l&#8217;oposici\u00f3.<\/strong><\/p>\n\n<ul class=\"wp-block-list\">\n<li>Congelaci\u00f3 d&#8217;impostos i taxes<\/li>\n\n\n\n<li>El 62% de la despesa es destina a serveis p\u00fablics ia pol\u00edtiques socials<\/li>\n\n\n\n<li> 4,9M\u20ac a convenis per a subvencions i entitats<\/li>\n\n\n\n<li>Protecci\u00f3 de la ciutadania m\u00e9s vulnerable i foment de l&#8217;ocupaci\u00f3<\/li>\n\n\n\n<li>9,4M\u20ac d&#8217;inversi\u00f3 a l&#8217;espai p\u00fablic, sostenibilitat i medi ambient<\/li>\n\n\n\n<li>Comprom\u00eds per mantenir la totalitat de la plantilla de la policia local i impuls de la policia de proximitat.<\/li>\n<\/ul>\n\n<p>Necessitem aquest pressupost, perqu\u00e8 Sant Vicen\u00e7 es transforma per viure-hi.<\/p>\n","protected":false},"excerpt":{"rendered":"<p>Xavi G\u00f3mez, regidor d&#8217;economia, presenta la proposta de pressupostos per al 2023 que s&#8217;adapta a les necessitats reals de la ciutadania, als grups de l&#8217;oposici\u00f3.<\/p>\n","protected":false},"author":2,"featured_media":4471,"comment_status":"open","ping_status":"closed","sticky":false,"template":"","format":"standard","meta":{"_citadela_custom_class":"","footnotes":""},"categories":[300],"tags":[],"citadela-post-location":[],"class_list":["post-5222","post","type-post","status-publish","format-standard","has-post-thumbnail","hentry","category-pressupostos"],"yoast_head":"<!-- This site is optimized with the Yoast SEO plugin v24.7 - https:\/\/yoast.com\/wordpress\/plugins\/seo\/ -->\n<title>Presentem una proposta de pressupost per al 2023 adaptada a les necessitats reals de la ciutadania - PSC SVH<\/title>\n<meta name=\"description\" content=\"Presentem una proposta de pressupost per al 2023 adaptada a les necessitats reals de la ciutadania. Xavi G\u00f3mez, regidor d&#039;economia, presenta la proposta de pressupostos per al 2023 que s&#039;adapta a les necessitats reals de la ciutadania, als grups de l&#039;oposici\u00f3.\" \/>\n<meta name=\"robots\" content=\"index, follow, max-snippet:-1, max-image-preview:large, max-video-preview:-1\" \/>\n<link rel=\"canonical\" href=\"https:\/\/pscsvh.com\/ca\/presentem-una-proposta-de-pressupost-per-al-2023-adaptada-a-les-necessitats-reals-de-la-ciutadania\/\" \/>\n<meta property=\"og:locale\" content=\"ca_ES\" \/>\n<meta property=\"og:type\" content=\"article\" \/>\n<meta property=\"og:title\" content=\"Presentem una proposta de pressupost per al 2023 adaptada a les necessitats reals de la ciutadania - PSC SVH\" \/>\n<meta property=\"og:description\" content=\"Presentem una proposta de pressupost per al 2023 adaptada a les necessitats reals de la ciutadania. Xavi G\u00f3mez, regidor d&#039;economia, presenta la proposta de pressupostos per al 2023 que s&#039;adapta a les necessitats reals de la ciutadania, als grups de l&#039;oposici\u00f3.\" \/>\n<meta property=\"og:url\" content=\"https:\/\/pscsvh.com\/ca\/presentem-una-proposta-de-pressupost-per-al-2023-adaptada-a-les-necessitats-reals-de-la-ciutadania\/\" \/>\n<meta property=\"og:site_name\" content=\"PSC SVH\" \/>\n<meta property=\"article:published_time\" content=\"2023-02-06T19:37:23+00:00\" \/>\n<meta property=\"article:modified_time\" content=\"2023-02-13T06:59:23+00:00\" \/>\n<meta property=\"og:image\" content=\"https:\/\/pscsvh.com\/wp-content\/uploads\/2022\/12\/descarga.jpeg\" \/>\n\t<meta property=\"og:image:width\" content=\"183\" \/>\n\t<meta property=\"og:image:height\" content=\"275\" \/>\n\t<meta property=\"og:image:type\" content=\"image\/jpeg\" \/>\n<meta name=\"author\" content=\"PSC SVH\" \/>\n<meta name=\"twitter:card\" content=\"summary_large_image\" \/>\n<meta name=\"twitter:label1\" content=\"Escrit per\" \/>\n\t<meta name=\"twitter:data1\" content=\"PSC SVH\" \/>\n\t<meta name=\"twitter:label2\" content=\"Temps estimat de lectura\" \/>\n\t<meta name=\"twitter:data2\" content=\"1 minut\" \/>\n<script type=\"application\/ld+json\" class=\"yoast-schema-graph\">{\"@context\":\"https:\/\/schema.org\",\"@graph\":[{\"@type\":\"Article\",\"@id\":\"https:\/\/pscsvh.com\/ca\/presentem-una-proposta-de-pressupost-per-al-2023-adaptada-a-les-necessitats-reals-de-la-ciutadania\/#article\",\"isPartOf\":{\"@id\":\"https:\/\/pscsvh.com\/ca\/presentem-una-proposta-de-pressupost-per-al-2023-adaptada-a-les-necessitats-reals-de-la-ciutadania\/\"},\"author\":{\"name\":\"PSC SVH\",\"@id\":\"https:\/\/pscsvh.com\/ca\/#\/schema\/person\/6ad2cedf14b82878e2897de3ed64f1f9\"},\"headline\":\"Presentem una proposta de pressupost per al 2023 adaptada a les necessitats reals de la ciutadania\",\"datePublished\":\"2023-02-06T19:37:23+00:00\",\"dateModified\":\"2023-02-13T06:59:23+00:00\",\"mainEntityOfPage\":{\"@id\":\"https:\/\/pscsvh.com\/ca\/presentem-una-proposta-de-pressupost-per-al-2023-adaptada-a-les-necessitats-reals-de-la-ciutadania\/\"},\"wordCount\":124,\"commentCount\":0,\"publisher\":{\"@id\":\"https:\/\/pscsvh.com\/ca\/#organization\"},\"image\":{\"@id\":\"https:\/\/pscsvh.com\/ca\/presentem-una-proposta-de-pressupost-per-al-2023-adaptada-a-les-necessitats-reals-de-la-ciutadania\/#primaryimage\"},\"thumbnailUrl\":\"https:\/\/pscsvh.com\/wp-content\/uploads\/2022\/12\/descarga.jpeg\",\"articleSection\":[\"Pressupostos\"],\"inLanguage\":\"ca\",\"potentialAction\":[{\"@type\":\"CommentAction\",\"name\":\"Comment\",\"target\":[\"https:\/\/pscsvh.com\/ca\/presentem-una-proposta-de-pressupost-per-al-2023-adaptada-a-les-necessitats-reals-de-la-ciutadania\/#respond\"]}]},{\"@type\":\"WebPage\",\"@id\":\"https:\/\/pscsvh.com\/ca\/presentem-una-proposta-de-pressupost-per-al-2023-adaptada-a-les-necessitats-reals-de-la-ciutadania\/\",\"url\":\"https:\/\/pscsvh.com\/ca\/presentem-una-proposta-de-pressupost-per-al-2023-adaptada-a-les-necessitats-reals-de-la-ciutadania\/\",\"name\":\"Presentem una proposta de pressupost per al 2023 adaptada a les necessitats reals de la ciutadania - PSC SVH\",\"isPartOf\":{\"@id\":\"https:\/\/pscsvh.com\/ca\/#website\"},\"primaryImageOfPage\":{\"@id\":\"https:\/\/pscsvh.com\/ca\/presentem-una-proposta-de-pressupost-per-al-2023-adaptada-a-les-necessitats-reals-de-la-ciutadania\/#primaryimage\"},\"image\":{\"@id\":\"https:\/\/pscsvh.com\/ca\/presentem-una-proposta-de-pressupost-per-al-2023-adaptada-a-les-necessitats-reals-de-la-ciutadania\/#primaryimage\"},\"thumbnailUrl\":\"https:\/\/pscsvh.com\/wp-content\/uploads\/2022\/12\/descarga.jpeg\",\"datePublished\":\"2023-02-06T19:37:23+00:00\",\"dateModified\":\"2023-02-13T06:59:23+00:00\",\"description\":\"Presentem una proposta de pressupost per al 2023 adaptada a les necessitats reals de la ciutadania. Xavi G\u00f3mez, regidor d'economia, presenta la proposta de pressupostos per al 2023 que s'adapta a les necessitats reals de la ciutadania, als grups de l'oposici\u00f3.\",\"breadcrumb\":{\"@id\":\"https:\/\/pscsvh.com\/ca\/presentem-una-proposta-de-pressupost-per-al-2023-adaptada-a-les-necessitats-reals-de-la-ciutadania\/#breadcrumb\"},\"inLanguage\":\"ca\",\"potentialAction\":[{\"@type\":\"ReadAction\",\"target\":[\"https:\/\/pscsvh.com\/ca\/presentem-una-proposta-de-pressupost-per-al-2023-adaptada-a-les-necessitats-reals-de-la-ciutadania\/\"]}]},{\"@type\":\"ImageObject\",\"inLanguage\":\"ca\",\"@id\":\"https:\/\/pscsvh.com\/ca\/presentem-una-proposta-de-pressupost-per-al-2023-adaptada-a-les-necessitats-reals-de-la-ciutadania\/#primaryimage\",\"url\":\"https:\/\/pscsvh.com\/wp-content\/uploads\/2022\/12\/descarga.jpeg\",\"contentUrl\":\"https:\/\/pscsvh.com\/wp-content\/uploads\/2022\/12\/descarga.jpeg\",\"width\":183,\"height\":275,\"caption\":\"Xavi G\u00f3mez, Concejal de Gobierno del PSC Sant Vicen\u00e7 dels Horts\"},{\"@type\":\"BreadcrumbList\",\"@id\":\"https:\/\/pscsvh.com\/ca\/presentem-una-proposta-de-pressupost-per-al-2023-adaptada-a-les-necessitats-reals-de-la-ciutadania\/#breadcrumb\",\"itemListElement\":[{\"@type\":\"ListItem\",\"position\":1,\"name\":\"Portada\",\"item\":\"https:\/\/pscsvh.com\/ca\/\"},{\"@type\":\"ListItem\",\"position\":2,\"name\":\"Presentem una proposta de pressupost per al 2023 adaptada a les necessitats reals de la ciutadania\"}]},{\"@type\":\"WebSite\",\"@id\":\"https:\/\/pscsvh.com\/ca\/#website\",\"url\":\"https:\/\/pscsvh.com\/ca\/\",\"name\":\"PSC SVH\",\"description\":\"El cambio que suma\",\"publisher\":{\"@id\":\"https:\/\/pscsvh.com\/ca\/#organization\"},\"potentialAction\":[{\"@type\":\"SearchAction\",\"target\":{\"@type\":\"EntryPoint\",\"urlTemplate\":\"https:\/\/pscsvh.com\/ca\/?s={search_term_string}\"},\"query-input\":{\"@type\":\"PropertyValueSpecification\",\"valueRequired\":true,\"valueName\":\"search_term_string\"}}],\"inLanguage\":\"ca\"},{\"@type\":\"Organization\",\"@id\":\"https:\/\/pscsvh.com\/ca\/#organization\",\"name\":\"PSC SVH\",\"url\":\"https:\/\/pscsvh.com\/ca\/\",\"logo\":{\"@type\":\"ImageObject\",\"inLanguage\":\"ca\",\"@id\":\"https:\/\/pscsvh.com\/ca\/#\/schema\/logo\/image\/\",\"url\":\"https:\/\/pscsvh.com\/wp-content\/uploads\/2022\/06\/cropped-Logo_SVh2-300x158-1.png\",\"contentUrl\":\"https:\/\/pscsvh.com\/wp-content\/uploads\/2022\/06\/cropped-Logo_SVh2-300x158-1.png\",\"width\":300,\"height\":158,\"caption\":\"PSC SVH\"},\"image\":{\"@id\":\"https:\/\/pscsvh.com\/ca\/#\/schema\/logo\/image\/\"}},{\"@type\":\"Person\",\"@id\":\"https:\/\/pscsvh.com\/ca\/#\/schema\/person\/6ad2cedf14b82878e2897de3ed64f1f9\",\"name\":\"PSC SVH\",\"image\":{\"@type\":\"ImageObject\",\"inLanguage\":\"ca\",\"@id\":\"https:\/\/pscsvh.com\/ca\/#\/schema\/person\/image\/\",\"url\":\"https:\/\/secure.gravatar.com\/avatar\/a019c39072cc7d669be4d6e2cda099b4e834789e55938a3ec58bef829a37db42?s=96&d=mm&r=g\",\"contentUrl\":\"https:\/\/secure.gravatar.com\/avatar\/a019c39072cc7d669be4d6e2cda099b4e834789e55938a3ec58bef829a37db42?s=96&d=mm&r=g\",\"caption\":\"PSC SVH\"},\"url\":\"https:\/\/pscsvh.com\/ca\/author\/admin-2\/\"}]}<\/script>\n<!-- \/ Yoast SEO plugin. -->","yoast_head_json":{"title":"Presentem una proposta de pressupost per al 2023 adaptada a les necessitats reals de la ciutadania - PSC SVH","description":"Presentem una proposta de pressupost per al 2023 adaptada a les necessitats reals de la ciutadania. Xavi G\u00f3mez, regidor d'economia, presenta la proposta de pressupostos per al 2023 que s'adapta a les necessitats reals de la ciutadania, als grups de l'oposici\u00f3.","robots":{"index":"index","follow":"follow","max-snippet":"max-snippet:-1","max-image-preview":"max-image-preview:large","max-video-preview":"max-video-preview:-1"},"canonical":"https:\/\/pscsvh.com\/ca\/presentem-una-proposta-de-pressupost-per-al-2023-adaptada-a-les-necessitats-reals-de-la-ciutadania\/","og_locale":"ca_ES","og_type":"article","og_title":"Presentem una proposta de pressupost per al 2023 adaptada a les necessitats reals de la ciutadania - PSC SVH","og_description":"Presentem una proposta de pressupost per al 2023 adaptada a les necessitats reals de la ciutadania. Xavi G\u00f3mez, regidor d'economia, presenta la proposta de pressupostos per al 2023 que s'adapta a les necessitats reals de la ciutadania, als grups de l'oposici\u00f3.","og_url":"https:\/\/pscsvh.com\/ca\/presentem-una-proposta-de-pressupost-per-al-2023-adaptada-a-les-necessitats-reals-de-la-ciutadania\/","og_site_name":"PSC SVH","article_published_time":"2023-02-06T19:37:23+00:00","article_modified_time":"2023-02-13T06:59:23+00:00","og_image":[{"width":183,"height":275,"url":"https:\/\/pscsvh.com\/wp-content\/uploads\/2022\/12\/descarga.jpeg","type":"image\/jpeg"}],"author":"PSC SVH","twitter_card":"summary_large_image","twitter_misc":{"Escrit per":"PSC SVH","Temps estimat de lectura":"1 minut"},"schema":{"@context":"https:\/\/schema.org","@graph":[{"@type":"Article","@id":"https:\/\/pscsvh.com\/ca\/presentem-una-proposta-de-pressupost-per-al-2023-adaptada-a-les-necessitats-reals-de-la-ciutadania\/#article","isPartOf":{"@id":"https:\/\/pscsvh.com\/ca\/presentem-una-proposta-de-pressupost-per-al-2023-adaptada-a-les-necessitats-reals-de-la-ciutadania\/"},"author":{"name":"PSC SVH","@id":"https:\/\/pscsvh.com\/ca\/#\/schema\/person\/6ad2cedf14b82878e2897de3ed64f1f9"},"headline":"Presentem una proposta de pressupost per al 2023 adaptada a les necessitats reals de la ciutadania","datePublished":"2023-02-06T19:37:23+00:00","dateModified":"2023-02-13T06:59:23+00:00","mainEntityOfPage":{"@id":"https:\/\/pscsvh.com\/ca\/presentem-una-proposta-de-pressupost-per-al-2023-adaptada-a-les-necessitats-reals-de-la-ciutadania\/"},"wordCount":124,"commentCount":0,"publisher":{"@id":"https:\/\/pscsvh.com\/ca\/#organization"},"image":{"@id":"https:\/\/pscsvh.com\/ca\/presentem-una-proposta-de-pressupost-per-al-2023-adaptada-a-les-necessitats-reals-de-la-ciutadania\/#primaryimage"},"thumbnailUrl":"https:\/\/pscsvh.com\/wp-content\/uploads\/2022\/12\/descarga.jpeg","articleSection":["Pressupostos"],"inLanguage":"ca","potentialAction":[{"@type":"CommentAction","name":"Comment","target":["https:\/\/pscsvh.com\/ca\/presentem-una-proposta-de-pressupost-per-al-2023-adaptada-a-les-necessitats-reals-de-la-ciutadania\/#respond"]}]},{"@type":"WebPage","@id":"https:\/\/pscsvh.com\/ca\/presentem-una-proposta-de-pressupost-per-al-2023-adaptada-a-les-necessitats-reals-de-la-ciutadania\/","url":"https:\/\/pscsvh.com\/ca\/presentem-una-proposta-de-pressupost-per-al-2023-adaptada-a-les-necessitats-reals-de-la-ciutadania\/","name":"Presentem una proposta de pressupost per al 2023 adaptada a les necessitats reals de la ciutadania - PSC SVH","isPartOf":{"@id":"https:\/\/pscsvh.com\/ca\/#website"},"primaryImageOfPage":{"@id":"https:\/\/pscsvh.com\/ca\/presentem-una-proposta-de-pressupost-per-al-2023-adaptada-a-les-necessitats-reals-de-la-ciutadania\/#primaryimage"},"image":{"@id":"https:\/\/pscsvh.com\/ca\/presentem-una-proposta-de-pressupost-per-al-2023-adaptada-a-les-necessitats-reals-de-la-ciutadania\/#primaryimage"},"thumbnailUrl":"https:\/\/pscsvh.com\/wp-content\/uploads\/2022\/12\/descarga.jpeg","datePublished":"2023-02-06T19:37:23+00:00","dateModified":"2023-02-13T06:59:23+00:00","description":"Presentem una proposta de pressupost per al 2023 adaptada a les necessitats reals de la ciutadania. Xavi G\u00f3mez, regidor d'economia, presenta la proposta de pressupostos per al 2023 que s'adapta a les necessitats reals de la ciutadania, als grups de l'oposici\u00f3.","breadcrumb":{"@id":"https:\/\/pscsvh.com\/ca\/presentem-una-proposta-de-pressupost-per-al-2023-adaptada-a-les-necessitats-reals-de-la-ciutadania\/#breadcrumb"},"inLanguage":"ca","potentialAction":[{"@type":"ReadAction","target":["https:\/\/pscsvh.com\/ca\/presentem-una-proposta-de-pressupost-per-al-2023-adaptada-a-les-necessitats-reals-de-la-ciutadania\/"]}]},{"@type":"ImageObject","inLanguage":"ca","@id":"https:\/\/pscsvh.com\/ca\/presentem-una-proposta-de-pressupost-per-al-2023-adaptada-a-les-necessitats-reals-de-la-ciutadania\/#primaryimage","url":"https:\/\/pscsvh.com\/wp-content\/uploads\/2022\/12\/descarga.jpeg","contentUrl":"https:\/\/pscsvh.com\/wp-content\/uploads\/2022\/12\/descarga.jpeg","width":183,"height":275,"caption":"Xavi G\u00f3mez, Concejal de Gobierno del PSC Sant Vicen\u00e7 dels Horts"},{"@type":"BreadcrumbList","@id":"https:\/\/pscsvh.com\/ca\/presentem-una-proposta-de-pressupost-per-al-2023-adaptada-a-les-necessitats-reals-de-la-ciutadania\/#breadcrumb","itemListElement":[{"@type":"ListItem","position":1,"name":"Portada","item":"https:\/\/pscsvh.com\/ca\/"},{"@type":"ListItem","position":2,"name":"Presentem una proposta de pressupost per al 2023 adaptada a les necessitats reals de la ciutadania"}]},{"@type":"WebSite","@id":"https:\/\/pscsvh.com\/ca\/#website","url":"https:\/\/pscsvh.com\/ca\/","name":"PSC SVH","description":"El cambio que suma","publisher":{"@id":"https:\/\/pscsvh.com\/ca\/#organization"},"potentialAction":[{"@type":"SearchAction","target":{"@type":"EntryPoint","urlTemplate":"https:\/\/pscsvh.com\/ca\/?s={search_term_string}"},"query-input":{"@type":"PropertyValueSpecification","valueRequired":true,"valueName":"search_term_string"}}],"inLanguage":"ca"},{"@type":"Organization","@id":"https:\/\/pscsvh.com\/ca\/#organization","name":"PSC SVH","url":"https:\/\/pscsvh.com\/ca\/","logo":{"@type":"ImageObject","inLanguage":"ca","@id":"https:\/\/pscsvh.com\/ca\/#\/schema\/logo\/image\/","url":"https:\/\/pscsvh.com\/wp-content\/uploads\/2022\/06\/cropped-Logo_SVh2-300x158-1.png","contentUrl":"https:\/\/pscsvh.com\/wp-content\/uploads\/2022\/06\/cropped-Logo_SVh2-300x158-1.png","width":300,"height":158,"caption":"PSC SVH"},"image":{"@id":"https:\/\/pscsvh.com\/ca\/#\/schema\/logo\/image\/"}},{"@type":"Person","@id":"https:\/\/pscsvh.com\/ca\/#\/schema\/person\/6ad2cedf14b82878e2897de3ed64f1f9","name":"PSC SVH","image":{"@type":"ImageObject","inLanguage":"ca","@id":"https:\/\/pscsvh.com\/ca\/#\/schema\/person\/image\/","url":"https:\/\/secure.gravatar.com\/avatar\/a019c39072cc7d669be4d6e2cda099b4e834789e55938a3ec58bef829a37db42?s=96&d=mm&r=g","contentUrl":"https:\/\/secure.gravatar.com\/avatar\/a019c39072cc7d669be4d6e2cda099b4e834789e55938a3ec58bef829a37db42?s=96&d=mm&r=g","caption":"PSC SVH"},"url":"https:\/\/pscsvh.com\/ca\/author\/admin-2\/"}]}},"_links":{"self":[{"href":"https:\/\/pscsvh.com\/ca\/wp-json\/wp\/v2\/posts\/5222","targetHints":{"allow":["GET"]}}],"collection":[{"href":"https:\/\/pscsvh.com\/ca\/wp-json\/wp\/v2\/posts"}],"about":[{"href":"https:\/\/pscsvh.com\/ca\/wp-json\/wp\/v2\/types\/post"}],"author":[{"embeddable":true,"href":"https:\/\/pscsvh.com\/ca\/wp-json\/wp\/v2\/users\/2"}],"replies":[{"embeddable":true,"href":"https:\/\/pscsvh.com\/ca\/wp-json\/wp\/v2\/comments?post=5222"}],"version-history":[{"count":1,"href":"https:\/\/pscsvh.com\/ca\/wp-json\/wp\/v2\/posts\/5222\/revisions"}],"predecessor-version":[{"id":5223,"href":"https:\/\/pscsvh.com\/ca\/wp-json\/wp\/v2\/posts\/5222\/revisions\/5223"}],"wp:featuredmedia":[{"embeddable":true,"href":"https:\/\/pscsvh.com\/ca\/wp-json\/wp\/v2\/media\/4471"}],"wp:attachment":[{"href":"https:\/\/pscsvh.com\/ca\/wp-json\/wp\/v2\/media?parent=5222"}],"wp:term":[{"taxonomy":"category","embeddable":true,"href":"https:\/\/pscsvh.com\/ca\/wp-json\/wp\/v2\/categories?post=5222"},{"taxonomy":"post_tag","embeddable":true,"href":"https:\/\/pscsvh.com\/ca\/wp-json\/wp\/v2\/tags?post=5222"},{"taxonomy":"citadela-post-location","embeddable":true,"href":"https:\/\/pscsvh.com\/ca\/wp-json\/wp\/v2\/citadela-post-location?post=5222"}],"curies":[{"name":"wp","href":"https:\/\/api.w.org\/{rel}","templated":true}]}}