{"id":5214,"date":"2023-02-10T20:29:18","date_gmt":"2023-02-10T19:29:18","guid":{"rendered":"https:\/\/pscsvh.com\/proces-participatiu-per-al-nou-sistema-de-recollida-de-residus\/"},"modified":"2023-02-13T07:49:41","modified_gmt":"2023-02-13T06:49:41","slug":"proces-participatiu-per-al-nou-sistema-de-recollida-de-residus","status":"publish","type":"post","link":"https:\/\/pscsvh.com\/ca\/proces-participatiu-per-al-nou-sistema-de-recollida-de-residus\/","title":{"rendered":"Proc\u00e9s participatiu per al nou sistema de recollida de residus"},"content":{"rendered":"\n<p><strong>Aviat s&#8217;acabar\u00e0 el contracte de recollida selectiva que t\u00e9 en vigor l&#8217;Ajuntament de Sant Vicen\u00e7 dels Horts.<\/strong> Un contracte molt antic que no ens permet arribar a les xifres de reciclatge que voldr\u00edem i que estem obligats i obligades a tenir.<\/p>\n\n<p>Un bon moment per engegar un proc\u00e9s participatiu per reflexionar sobre quin ha de ser aquest nou model de recollida; sobre quin \u00e9s el model que Sant Vicen\u00e7 dels Horts necessita.<\/p>\n\n<p>El proc\u00e9s participatiu es far\u00e0 barri a barri, comptar\u00e0 amb enquestes a peu de carrer, per\u00f2 tindr\u00e0 una presentaci\u00f3 oficial on s&#8217;explicaran tots els detalls:<\/p>\n\n<p><img loading=\"lazy\" decoding=\"async\" height=\"16\" width=\"16\" alt=\"&#x1F5D3;&#xFE0F;\" src=\"https:\/\/static.xx.fbcdn.net\/images\/emoji.php\/v9\/tb5\/1.5\/16\/1f5d3.png\"\/> 15 de febrer<\/p>\n\n<p><img loading=\"lazy\" decoding=\"async\" height=\"16\" width=\"16\" alt=\"&#x1F4CD;\" src=\"https:\/\/static.xx.fbcdn.net\/images\/emoji.php\/v9\/t86\/1.5\/16\/1f4cd.png\"\/> Can Comamala<\/p>\n\n<p><img loading=\"lazy\" decoding=\"async\" height=\"16\" width=\"16\" alt=\"&#x1F561;\" src=\"https:\/\/static.xx.fbcdn.net\/images\/emoji.php\/v9\/t21\/1.5\/16\/1f561.png\"\/> 18.30 h<\/p>\n\n<p><a href=\"https:\/\/www.facebook.com\/hashtag\/santvicen%C3%A7setransforma?__eep__=6&amp;__cft__%5B0%5D=AZWPtEzcOYrJ1RTZGslIjWkapcDqU_Rc8vGIg2AiKoifuUJsKJKxA97245SrxTC--ATrYRVRiTZP2K37-CeyWI6r2GD6eDLQm7rjB5kQMR3X2-EpPZirtwie9enqVUArO72vx6Db-CbmMsLdirrttv5ngZuXudhLvyyHVdNCTcLWF8gNN-KVZq_MPy91dd-Tl3I&amp;__tn__=*NK-R\">#SantVicen\u00e7SeTransforma<\/a><\/p>\n","protected":false},"excerpt":{"rendered":"<p>Posarem en marxa un proc\u00e9s participatiu per reflexionar sobre quin ha de ser aquest nou model de recollida; sobre quin \u00e9s el model que Sant Vicen\u00e7 dels Horts necessita.<\/p>\n","protected":false},"author":2,"featured_media":5200,"comment_status":"open","ping_status":"closed","sticky":false,"template":"","format":"standard","meta":{"_citadela_custom_class":"","footnotes":""},"categories":[296],"tags":[297],"citadela-post-location":[],"class_list":["post-5214","post","type-post","status-publish","format-standard","has-post-thumbnail","hentry","category-processos-participatius","tag-recollida-de-residus"],"yoast_head":"<!-- This site is optimized with the Yoast SEO plugin v24.7 - https:\/\/yoast.com\/wordpress\/plugins\/seo\/ -->\n<title>Proc\u00e9s participatiu per al nou sistema de recollida de residus - PSC SVH<\/title>\n<meta name=\"description\" content=\"Proc\u00e9s participatiu per al nou sistema de recollida de residus a sant Vicen\u00e7 dels Horts\" \/>\n<meta name=\"robots\" content=\"index, follow, max-snippet:-1, max-image-preview:large, max-video-preview:-1\" \/>\n<link rel=\"canonical\" href=\"https:\/\/pscsvh.com\/ca\/proces-participatiu-per-al-nou-sistema-de-recollida-de-residus\/\" \/>\n<meta property=\"og:locale\" content=\"ca_ES\" \/>\n<meta property=\"og:type\" content=\"article\" \/>\n<meta property=\"og:title\" content=\"Proc\u00e9s participatiu per al nou sistema de recollida de residus - PSC SVH\" \/>\n<meta property=\"og:description\" content=\"Proc\u00e9s participatiu per al nou sistema de recollida de residus a sant Vicen\u00e7 dels Horts\" \/>\n<meta property=\"og:url\" content=\"https:\/\/pscsvh.com\/ca\/proces-participatiu-per-al-nou-sistema-de-recollida-de-residus\/\" \/>\n<meta property=\"og:site_name\" content=\"PSC SVH\" \/>\n<meta property=\"article:published_time\" content=\"2023-02-10T19:29:18+00:00\" \/>\n<meta property=\"article:modified_time\" content=\"2023-02-13T06:49:41+00:00\" \/>\n<meta property=\"og:image\" content=\"https:\/\/pscsvh.com\/wp-content\/uploads\/2023\/02\/329028635_1600756700395783_8778850617148765050_n.jpg\" \/>\n\t<meta property=\"og:image:width\" content=\"843\" \/>\n\t<meta property=\"og:image:height\" content=\"843\" \/>\n\t<meta property=\"og:image:type\" content=\"image\/jpeg\" \/>\n<meta name=\"author\" content=\"PSC SVH\" \/>\n<meta name=\"twitter:card\" content=\"summary_large_image\" \/>\n<meta name=\"twitter:label1\" content=\"Escrit per\" \/>\n\t<meta name=\"twitter:data1\" content=\"PSC SVH\" \/>\n\t<meta name=\"twitter:label2\" content=\"Temps estimat de lectura\" \/>\n\t<meta name=\"twitter:data2\" content=\"1 minut\" \/>\n<script type=\"application\/ld+json\" class=\"yoast-schema-graph\">{\"@context\":\"https:\/\/schema.org\",\"@graph\":[{\"@type\":\"Article\",\"@id\":\"https:\/\/pscsvh.com\/ca\/proces-participatiu-per-al-nou-sistema-de-recollida-de-residus\/#article\",\"isPartOf\":{\"@id\":\"https:\/\/pscsvh.com\/ca\/proces-participatiu-per-al-nou-sistema-de-recollida-de-residus\/\"},\"author\":{\"name\":\"PSC SVH\",\"@id\":\"https:\/\/pscsvh.com\/ca\/#\/schema\/person\/6ad2cedf14b82878e2897de3ed64f1f9\"},\"headline\":\"Proc\u00e9s participatiu per al nou sistema de recollida de residus\",\"datePublished\":\"2023-02-10T19:29:18+00:00\",\"dateModified\":\"2023-02-13T06:49:41+00:00\",\"mainEntityOfPage\":{\"@id\":\"https:\/\/pscsvh.com\/ca\/proces-participatiu-per-al-nou-sistema-de-recollida-de-residus\/\"},\"wordCount\":121,\"commentCount\":0,\"publisher\":{\"@id\":\"https:\/\/pscsvh.com\/ca\/#organization\"},\"image\":{\"@id\":\"https:\/\/pscsvh.com\/ca\/proces-participatiu-per-al-nou-sistema-de-recollida-de-residus\/#primaryimage\"},\"thumbnailUrl\":\"https:\/\/pscsvh.com\/wp-content\/uploads\/2023\/02\/329028635_1600756700395783_8778850617148765050_n.jpg\",\"keywords\":[\"Recollida de residus\"],\"articleSection\":[\"Processos Participatius\"],\"inLanguage\":\"ca\",\"potentialAction\":[{\"@type\":\"CommentAction\",\"name\":\"Comment\",\"target\":[\"https:\/\/pscsvh.com\/ca\/proces-participatiu-per-al-nou-sistema-de-recollida-de-residus\/#respond\"]}]},{\"@type\":\"WebPage\",\"@id\":\"https:\/\/pscsvh.com\/ca\/proces-participatiu-per-al-nou-sistema-de-recollida-de-residus\/\",\"url\":\"https:\/\/pscsvh.com\/ca\/proces-participatiu-per-al-nou-sistema-de-recollida-de-residus\/\",\"name\":\"Proc\u00e9s participatiu per al nou sistema de recollida de residus - PSC SVH\",\"isPartOf\":{\"@id\":\"https:\/\/pscsvh.com\/ca\/#website\"},\"primaryImageOfPage\":{\"@id\":\"https:\/\/pscsvh.com\/ca\/proces-participatiu-per-al-nou-sistema-de-recollida-de-residus\/#primaryimage\"},\"image\":{\"@id\":\"https:\/\/pscsvh.com\/ca\/proces-participatiu-per-al-nou-sistema-de-recollida-de-residus\/#primaryimage\"},\"thumbnailUrl\":\"https:\/\/pscsvh.com\/wp-content\/uploads\/2023\/02\/329028635_1600756700395783_8778850617148765050_n.jpg\",\"datePublished\":\"2023-02-10T19:29:18+00:00\",\"dateModified\":\"2023-02-13T06:49:41+00:00\",\"description\":\"Proc\u00e9s participatiu per al nou sistema de recollida de residus a sant Vicen\u00e7 dels Horts\",\"breadcrumb\":{\"@id\":\"https:\/\/pscsvh.com\/ca\/proces-participatiu-per-al-nou-sistema-de-recollida-de-residus\/#breadcrumb\"},\"inLanguage\":\"ca\",\"potentialAction\":[{\"@type\":\"ReadAction\",\"target\":[\"https:\/\/pscsvh.com\/ca\/proces-participatiu-per-al-nou-sistema-de-recollida-de-residus\/\"]}]},{\"@type\":\"ImageObject\",\"inLanguage\":\"ca\",\"@id\":\"https:\/\/pscsvh.com\/ca\/proces-participatiu-per-al-nou-sistema-de-recollida-de-residus\/#primaryimage\",\"url\":\"https:\/\/pscsvh.com\/wp-content\/uploads\/2023\/02\/329028635_1600756700395783_8778850617148765050_n.jpg\",\"contentUrl\":\"https:\/\/pscsvh.com\/wp-content\/uploads\/2023\/02\/329028635_1600756700395783_8778850617148765050_n.jpg\",\"width\":843,\"height\":843,\"caption\":\"Proceso participativo para el nuevo sistema de recogida de residuos\"},{\"@type\":\"BreadcrumbList\",\"@id\":\"https:\/\/pscsvh.com\/ca\/proces-participatiu-per-al-nou-sistema-de-recollida-de-residus\/#breadcrumb\",\"itemListElement\":[{\"@type\":\"ListItem\",\"position\":1,\"name\":\"Portada\",\"item\":\"https:\/\/pscsvh.com\/ca\/\"},{\"@type\":\"ListItem\",\"position\":2,\"name\":\"Proc\u00e9s participatiu per al nou sistema de recollida de residus\"}]},{\"@type\":\"WebSite\",\"@id\":\"https:\/\/pscsvh.com\/ca\/#website\",\"url\":\"https:\/\/pscsvh.com\/ca\/\",\"name\":\"PSC SVH\",\"description\":\"El cambio que suma\",\"publisher\":{\"@id\":\"https:\/\/pscsvh.com\/ca\/#organization\"},\"potentialAction\":[{\"@type\":\"SearchAction\",\"target\":{\"@type\":\"EntryPoint\",\"urlTemplate\":\"https:\/\/pscsvh.com\/ca\/?s={search_term_string}\"},\"query-input\":{\"@type\":\"PropertyValueSpecification\",\"valueRequired\":true,\"valueName\":\"search_term_string\"}}],\"inLanguage\":\"ca\"},{\"@type\":\"Organization\",\"@id\":\"https:\/\/pscsvh.com\/ca\/#organization\",\"name\":\"PSC SVH\",\"url\":\"https:\/\/pscsvh.com\/ca\/\",\"logo\":{\"@type\":\"ImageObject\",\"inLanguage\":\"ca\",\"@id\":\"https:\/\/pscsvh.com\/ca\/#\/schema\/logo\/image\/\",\"url\":\"https:\/\/pscsvh.com\/wp-content\/uploads\/2022\/06\/cropped-Logo_SVh2-300x158-1.png\",\"contentUrl\":\"https:\/\/pscsvh.com\/wp-content\/uploads\/2022\/06\/cropped-Logo_SVh2-300x158-1.png\",\"width\":300,\"height\":158,\"caption\":\"PSC SVH\"},\"image\":{\"@id\":\"https:\/\/pscsvh.com\/ca\/#\/schema\/logo\/image\/\"}},{\"@type\":\"Person\",\"@id\":\"https:\/\/pscsvh.com\/ca\/#\/schema\/person\/6ad2cedf14b82878e2897de3ed64f1f9\",\"name\":\"PSC SVH\",\"image\":{\"@type\":\"ImageObject\",\"inLanguage\":\"ca\",\"@id\":\"https:\/\/pscsvh.com\/ca\/#\/schema\/person\/image\/\",\"url\":\"https:\/\/secure.gravatar.com\/avatar\/a019c39072cc7d669be4d6e2cda099b4e834789e55938a3ec58bef829a37db42?s=96&d=mm&r=g\",\"contentUrl\":\"https:\/\/secure.gravatar.com\/avatar\/a019c39072cc7d669be4d6e2cda099b4e834789e55938a3ec58bef829a37db42?s=96&d=mm&r=g\",\"caption\":\"PSC SVH\"},\"url\":\"https:\/\/pscsvh.com\/ca\/author\/admin-2\/\"}]}<\/script>\n<!-- \/ Yoast SEO plugin. -->","yoast_head_json":{"title":"Proc\u00e9s participatiu per al nou sistema de recollida de residus - PSC SVH","description":"Proc\u00e9s participatiu per al nou sistema de recollida de residus a sant Vicen\u00e7 dels Horts","robots":{"index":"index","follow":"follow","max-snippet":"max-snippet:-1","max-image-preview":"max-image-preview:large","max-video-preview":"max-video-preview:-1"},"canonical":"https:\/\/pscsvh.com\/ca\/proces-participatiu-per-al-nou-sistema-de-recollida-de-residus\/","og_locale":"ca_ES","og_type":"article","og_title":"Proc\u00e9s participatiu per al nou sistema de recollida de residus - PSC SVH","og_description":"Proc\u00e9s participatiu per al nou sistema de recollida de residus a sant Vicen\u00e7 dels Horts","og_url":"https:\/\/pscsvh.com\/ca\/proces-participatiu-per-al-nou-sistema-de-recollida-de-residus\/","og_site_name":"PSC SVH","article_published_time":"2023-02-10T19:29:18+00:00","article_modified_time":"2023-02-13T06:49:41+00:00","og_image":[{"width":843,"height":843,"url":"https:\/\/pscsvh.com\/wp-content\/uploads\/2023\/02\/329028635_1600756700395783_8778850617148765050_n.jpg","type":"image\/jpeg"}],"author":"PSC SVH","twitter_card":"summary_large_image","twitter_misc":{"Escrit per":"PSC SVH","Temps estimat de lectura":"1 minut"},"schema":{"@context":"https:\/\/schema.org","@graph":[{"@type":"Article","@id":"https:\/\/pscsvh.com\/ca\/proces-participatiu-per-al-nou-sistema-de-recollida-de-residus\/#article","isPartOf":{"@id":"https:\/\/pscsvh.com\/ca\/proces-participatiu-per-al-nou-sistema-de-recollida-de-residus\/"},"author":{"name":"PSC SVH","@id":"https:\/\/pscsvh.com\/ca\/#\/schema\/person\/6ad2cedf14b82878e2897de3ed64f1f9"},"headline":"Proc\u00e9s participatiu per al nou sistema de recollida de residus","datePublished":"2023-02-10T19:29:18+00:00","dateModified":"2023-02-13T06:49:41+00:00","mainEntityOfPage":{"@id":"https:\/\/pscsvh.com\/ca\/proces-participatiu-per-al-nou-sistema-de-recollida-de-residus\/"},"wordCount":121,"commentCount":0,"publisher":{"@id":"https:\/\/pscsvh.com\/ca\/#organization"},"image":{"@id":"https:\/\/pscsvh.com\/ca\/proces-participatiu-per-al-nou-sistema-de-recollida-de-residus\/#primaryimage"},"thumbnailUrl":"https:\/\/pscsvh.com\/wp-content\/uploads\/2023\/02\/329028635_1600756700395783_8778850617148765050_n.jpg","keywords":["Recollida de residus"],"articleSection":["Processos Participatius"],"inLanguage":"ca","potentialAction":[{"@type":"CommentAction","name":"Comment","target":["https:\/\/pscsvh.com\/ca\/proces-participatiu-per-al-nou-sistema-de-recollida-de-residus\/#respond"]}]},{"@type":"WebPage","@id":"https:\/\/pscsvh.com\/ca\/proces-participatiu-per-al-nou-sistema-de-recollida-de-residus\/","url":"https:\/\/pscsvh.com\/ca\/proces-participatiu-per-al-nou-sistema-de-recollida-de-residus\/","name":"Proc\u00e9s participatiu per al nou sistema de recollida de residus - PSC SVH","isPartOf":{"@id":"https:\/\/pscsvh.com\/ca\/#website"},"primaryImageOfPage":{"@id":"https:\/\/pscsvh.com\/ca\/proces-participatiu-per-al-nou-sistema-de-recollida-de-residus\/#primaryimage"},"image":{"@id":"https:\/\/pscsvh.com\/ca\/proces-participatiu-per-al-nou-sistema-de-recollida-de-residus\/#primaryimage"},"thumbnailUrl":"https:\/\/pscsvh.com\/wp-content\/uploads\/2023\/02\/329028635_1600756700395783_8778850617148765050_n.jpg","datePublished":"2023-02-10T19:29:18+00:00","dateModified":"2023-02-13T06:49:41+00:00","description":"Proc\u00e9s participatiu per al nou sistema de recollida de residus a sant Vicen\u00e7 dels Horts","breadcrumb":{"@id":"https:\/\/pscsvh.com\/ca\/proces-participatiu-per-al-nou-sistema-de-recollida-de-residus\/#breadcrumb"},"inLanguage":"ca","potentialAction":[{"@type":"ReadAction","target":["https:\/\/pscsvh.com\/ca\/proces-participatiu-per-al-nou-sistema-de-recollida-de-residus\/"]}]},{"@type":"ImageObject","inLanguage":"ca","@id":"https:\/\/pscsvh.com\/ca\/proces-participatiu-per-al-nou-sistema-de-recollida-de-residus\/#primaryimage","url":"https:\/\/pscsvh.com\/wp-content\/uploads\/2023\/02\/329028635_1600756700395783_8778850617148765050_n.jpg","contentUrl":"https:\/\/pscsvh.com\/wp-content\/uploads\/2023\/02\/329028635_1600756700395783_8778850617148765050_n.jpg","width":843,"height":843,"caption":"Proceso participativo para el nuevo sistema de recogida de residuos"},{"@type":"BreadcrumbList","@id":"https:\/\/pscsvh.com\/ca\/proces-participatiu-per-al-nou-sistema-de-recollida-de-residus\/#breadcrumb","itemListElement":[{"@type":"ListItem","position":1,"name":"Portada","item":"https:\/\/pscsvh.com\/ca\/"},{"@type":"ListItem","position":2,"name":"Proc\u00e9s participatiu per al nou sistema de recollida de residus"}]},{"@type":"WebSite","@id":"https:\/\/pscsvh.com\/ca\/#website","url":"https:\/\/pscsvh.com\/ca\/","name":"PSC SVH","description":"El cambio que suma","publisher":{"@id":"https:\/\/pscsvh.com\/ca\/#organization"},"potentialAction":[{"@type":"SearchAction","target":{"@type":"EntryPoint","urlTemplate":"https:\/\/pscsvh.com\/ca\/?s={search_term_string}"},"query-input":{"@type":"PropertyValueSpecification","valueRequired":true,"valueName":"search_term_string"}}],"inLanguage":"ca"},{"@type":"Organization","@id":"https:\/\/pscsvh.com\/ca\/#organization","name":"PSC SVH","url":"https:\/\/pscsvh.com\/ca\/","logo":{"@type":"ImageObject","inLanguage":"ca","@id":"https:\/\/pscsvh.com\/ca\/#\/schema\/logo\/image\/","url":"https:\/\/pscsvh.com\/wp-content\/uploads\/2022\/06\/cropped-Logo_SVh2-300x158-1.png","contentUrl":"https:\/\/pscsvh.com\/wp-content\/uploads\/2022\/06\/cropped-Logo_SVh2-300x158-1.png","width":300,"height":158,"caption":"PSC SVH"},"image":{"@id":"https:\/\/pscsvh.com\/ca\/#\/schema\/logo\/image\/"}},{"@type":"Person","@id":"https:\/\/pscsvh.com\/ca\/#\/schema\/person\/6ad2cedf14b82878e2897de3ed64f1f9","name":"PSC SVH","image":{"@type":"ImageObject","inLanguage":"ca","@id":"https:\/\/pscsvh.com\/ca\/#\/schema\/person\/image\/","url":"https:\/\/secure.gravatar.com\/avatar\/a019c39072cc7d669be4d6e2cda099b4e834789e55938a3ec58bef829a37db42?s=96&d=mm&r=g","contentUrl":"https:\/\/secure.gravatar.com\/avatar\/a019c39072cc7d669be4d6e2cda099b4e834789e55938a3ec58bef829a37db42?s=96&d=mm&r=g","caption":"PSC SVH"},"url":"https:\/\/pscsvh.com\/ca\/author\/admin-2\/"}]}},"_links":{"self":[{"href":"https:\/\/pscsvh.com\/ca\/wp-json\/wp\/v2\/posts\/5214","targetHints":{"allow":["GET"]}}],"collection":[{"href":"https:\/\/pscsvh.com\/ca\/wp-json\/wp\/v2\/posts"}],"about":[{"href":"https:\/\/pscsvh.com\/ca\/wp-json\/wp\/v2\/types\/post"}],"author":[{"embeddable":true,"href":"https:\/\/pscsvh.com\/ca\/wp-json\/wp\/v2\/users\/2"}],"replies":[{"embeddable":true,"href":"https:\/\/pscsvh.com\/ca\/wp-json\/wp\/v2\/comments?post=5214"}],"version-history":[{"count":1,"href":"https:\/\/pscsvh.com\/ca\/wp-json\/wp\/v2\/posts\/5214\/revisions"}],"predecessor-version":[{"id":5215,"href":"https:\/\/pscsvh.com\/ca\/wp-json\/wp\/v2\/posts\/5214\/revisions\/5215"}],"wp:featuredmedia":[{"embeddable":true,"href":"https:\/\/pscsvh.com\/ca\/wp-json\/wp\/v2\/media\/5200"}],"wp:attachment":[{"href":"https:\/\/pscsvh.com\/ca\/wp-json\/wp\/v2\/media?parent=5214"}],"wp:term":[{"taxonomy":"category","embeddable":true,"href":"https:\/\/pscsvh.com\/ca\/wp-json\/wp\/v2\/categories?post=5214"},{"taxonomy":"post_tag","embeddable":true,"href":"https:\/\/pscsvh.com\/ca\/wp-json\/wp\/v2\/tags?post=5214"},{"taxonomy":"citadela-post-location","embeddable":true,"href":"https:\/\/pscsvh.com\/ca\/wp-json\/wp\/v2\/citadela-post-location?post=5214"}],"curies":[{"name":"wp","href":"https:\/\/api.w.org\/{rel}","templated":true}]}}