{"id":5148,"date":"2023-01-05T08:01:00","date_gmt":"2023-01-05T07:01:00","guid":{"rendered":"https:\/\/pscsvh.com\/recollida-de-cartes-a-limplicat-per-sant-josep\/"},"modified":"2023-02-10T15:32:21","modified_gmt":"2023-02-10T14:32:21","slug":"recollida-de-cartes-a-limplicat-per-sant-josep","status":"publish","type":"post","link":"https:\/\/pscsvh.com\/ca\/recollida-de-cartes-a-limplicat-per-sant-josep\/","title":{"rendered":"Recollida de cartes a l&#8217;Implicat per Sant Josep"},"content":{"rendered":"\n<p><strong>L&#8217;Implicat per Sant Josep ha organitzat una recollida de cartes a c\u00e0rrec de les patges reials i l&#8217;associaci\u00f3 de ve\u00efns i ve\u00efnes del Tur\u00f3 ha organitzat una visita dels Reis Mags al barri. L&#8217;alcalde de Sant Vicen\u00e7 dels Horts <a href=\"https:\/\/www.instagram.com\/miguelcomino\/\" target=\"_blank\" rel=\"noreferrer noopener\">Miguel Comino<\/a> , ha passat a saludar-los.<\/strong><\/p>\n\n<p>La il\u00b7lusi\u00f3 dels nens quan escriuen les seves cartes als Reis Mags \u00e9s una cosa especial i m\u00e0gica. A mesura que s&#8217;acosta el Dia de Reis, els nens s&#8217;emocionen pensant en els regals que els agradaria rebre i en les aventures que podrien tenir amb ells. <\/p>\n\n<p>En escriure les seves cartes, els nens posen tota la seva creativitat i el seu enginy a pensar en all\u00f2 que volen demanar i com explicar-ho de la manera m\u00e9s clara i especial possible. Per a molts nens, escriure la carta als Reis Mags \u00e9s una ocasi\u00f3 especial i emocionant, ja que significa que el Nadal i el Dia de Reis s\u00f3n cada cop m\u00e9s a prop. <\/p>\n\n<p>Els nens esperen amb \u00e0nsia l&#8217;arribada dels Reis Mags i la possibilitat de veure els seus desitjos complerts.<\/p>\n\n<blockquote class=\"wp-block-quote is-layout-flow wp-block-quote-is-layout-flow\">\n<p>Moltes gr\u00e0cies per fer-nos part\u00edcips, per dinamitzar els barris i generar il\u00b7lusi\u00f3 als m\u00e9s petits!<\/p>\n<cite>Miguel Comino<\/cite><\/blockquote>\n\n<figure class=\"wp-block-gallery has-nested-images columns-2 is-cropped wp-block-gallery-1 is-layout-flex wp-block-gallery-is-layout-flex\">\n<figure class=\"wp-block-image size-large\"><img loading=\"lazy\" decoding=\"async\" width=\"1024\" height=\"765\" data-id=\"4736\" src=\"https:\/\/pscsvh.com\/wp-content\/uploads\/2023\/01\/2-1024x765.jpg\" alt=\"\" class=\"wp-image-4736\" srcset=\"https:\/\/pscsvh.com\/wp-content\/uploads\/2023\/01\/2-1024x765.jpg 1024w, https:\/\/pscsvh.com\/wp-content\/uploads\/2023\/01\/2-300x224.jpg 300w, https:\/\/pscsvh.com\/wp-content\/uploads\/2023\/01\/2-768x574.jpg 768w, https:\/\/pscsvh.com\/wp-content\/uploads\/2023\/01\/2-480x360.jpg 480w, https:\/\/pscsvh.com\/wp-content\/uploads\/2023\/01\/2.jpg 1440w\" sizes=\"auto, (max-width: 1024px) 100vw, 1024px\" \/><\/figure>\n\n\n\n<figure class=\"wp-block-image size-large\"><img loading=\"lazy\" decoding=\"async\" width=\"1024\" height=\"1024\" data-id=\"4739\" src=\"https:\/\/pscsvh.com\/wp-content\/uploads\/2023\/01\/1-1024x1024.jpg\" alt=\"\" class=\"wp-image-4739\" srcset=\"https:\/\/pscsvh.com\/wp-content\/uploads\/2023\/01\/1-1024x1024.jpg 1024w, https:\/\/pscsvh.com\/wp-content\/uploads\/2023\/01\/1-300x300.jpg 300w, https:\/\/pscsvh.com\/wp-content\/uploads\/2023\/01\/1-150x150.jpg 150w, https:\/\/pscsvh.com\/wp-content\/uploads\/2023\/01\/1-768x768.jpg 768w, https:\/\/pscsvh.com\/wp-content\/uploads\/2023\/01\/1.jpg 1440w\" sizes=\"auto, (max-width: 1024px) 100vw, 1024px\" \/><\/figure>\n\n\n\n<figure class=\"wp-block-image size-large\"><img loading=\"lazy\" decoding=\"async\" width=\"1024\" height=\"768\" data-id=\"4735\" src=\"https:\/\/pscsvh.com\/wp-content\/uploads\/2023\/01\/3-1024x768.jpg\" alt=\"\" class=\"wp-image-4735\" srcset=\"https:\/\/pscsvh.com\/wp-content\/uploads\/2023\/01\/3-1024x768.jpg 1024w, https:\/\/pscsvh.com\/wp-content\/uploads\/2023\/01\/3-300x225.jpg 300w, https:\/\/pscsvh.com\/wp-content\/uploads\/2023\/01\/3-768x576.jpg 768w, https:\/\/pscsvh.com\/wp-content\/uploads\/2023\/01\/3-640x480.jpg 640w, https:\/\/pscsvh.com\/wp-content\/uploads\/2023\/01\/3-480x360.jpg 480w, https:\/\/pscsvh.com\/wp-content\/uploads\/2023\/01\/3.jpg 1440w\" sizes=\"auto, (max-width: 1024px) 100vw, 1024px\" \/><\/figure>\n<\/figure>\n","protected":false},"excerpt":{"rendered":"<p>L&#8217;Implicat per Sant Josep ha organitzat una recollida de cartes a c\u00e0rrec de les patges reials i l&#8217;associaci\u00f3 de ve\u00efns i ve\u00efnes del Tur\u00f3 ha organitzat una visita dels Reis Mags al barri. L&#8217;alcalde de Sant Vicen\u00e7 dels Horts Miguel Comino ha passat a saludar-los.<\/p>\n","protected":false},"author":2,"featured_media":4740,"comment_status":"open","ping_status":"closed","sticky":false,"template":"","format":"standard","meta":{"_citadela_custom_class":"","footnotes":""},"categories":[57],"tags":[280,279],"citadela-post-location":[],"class_list":["post-5148","post","type-post","status-publish","format-standard","has-post-thumbnail","hentry","category-actualitat-vicentina","tag-nadal","tag-reis-mags"],"yoast_head":"<!-- This site is optimized with the Yoast SEO plugin v24.7 - https:\/\/yoast.com\/wordpress\/plugins\/seo\/ -->\n<title>Recollida de cartes a l&#039;Implicat per Sant Josep - PSC SVH<\/title>\n<meta name=\"description\" content=\"Recollida de cartes a l&#039;Implicat per Sant Josep. L&#039;Implicat per Sant Josep ha organitzat una recollida de cartes a c\u00e0rrec de les patges reials i l&#039;associaci\u00f3 de ve\u00efns i ve\u00efnes del Tur\u00f3 ha organitzat una visita dels Reis Mags al barri.\" \/>\n<meta name=\"robots\" content=\"index, follow, max-snippet:-1, max-image-preview:large, max-video-preview:-1\" \/>\n<link rel=\"canonical\" href=\"https:\/\/pscsvh.com\/ca\/recollida-de-cartes-a-limplicat-per-sant-josep\/\" \/>\n<meta property=\"og:locale\" content=\"ca_ES\" \/>\n<meta property=\"og:type\" content=\"article\" \/>\n<meta property=\"og:title\" content=\"Recollida de cartes a l&#039;Implicat per Sant Josep - PSC SVH\" \/>\n<meta property=\"og:description\" content=\"Recollida de cartes a l&#039;Implicat per Sant Josep. L&#039;Implicat per Sant Josep ha organitzat una recollida de cartes a c\u00e0rrec de les patges reials i l&#039;associaci\u00f3 de ve\u00efns i ve\u00efnes del Tur\u00f3 ha organitzat una visita dels Reis Mags al barri.\" \/>\n<meta property=\"og:url\" content=\"https:\/\/pscsvh.com\/ca\/recollida-de-cartes-a-limplicat-per-sant-josep\/\" \/>\n<meta property=\"og:site_name\" content=\"PSC SVH\" \/>\n<meta property=\"article:published_time\" content=\"2023-01-05T07:01:00+00:00\" \/>\n<meta property=\"article:modified_time\" content=\"2023-02-10T14:32:21+00:00\" \/>\n<meta property=\"og:image\" content=\"https:\/\/pscsvh.com\/wp-content\/uploads\/2023\/01\/1.jpg\" \/>\n\t<meta property=\"og:image:width\" content=\"1440\" \/>\n\t<meta property=\"og:image:height\" content=\"1440\" \/>\n\t<meta property=\"og:image:type\" content=\"image\/jpeg\" \/>\n<meta name=\"author\" content=\"PSC SVH\" \/>\n<meta name=\"twitter:card\" content=\"summary_large_image\" \/>\n<meta name=\"twitter:label1\" content=\"Escrit per\" \/>\n\t<meta name=\"twitter:data1\" content=\"PSC SVH\" \/>\n\t<meta name=\"twitter:label2\" content=\"Temps estimat de lectura\" \/>\n\t<meta name=\"twitter:data2\" content=\"1 minut\" \/>\n<script type=\"application\/ld+json\" class=\"yoast-schema-graph\">{\"@context\":\"https:\/\/schema.org\",\"@graph\":[{\"@type\":\"Article\",\"@id\":\"https:\/\/pscsvh.com\/ca\/recollida-de-cartes-a-limplicat-per-sant-josep\/#article\",\"isPartOf\":{\"@id\":\"https:\/\/pscsvh.com\/ca\/recollida-de-cartes-a-limplicat-per-sant-josep\/\"},\"author\":{\"name\":\"PSC SVH\",\"@id\":\"https:\/\/pscsvh.com\/ca\/#\/schema\/person\/6ad2cedf14b82878e2897de3ed64f1f9\"},\"headline\":\"Recollida de cartes a l&#8217;Implicat per Sant Josep\",\"datePublished\":\"2023-01-05T07:01:00+00:00\",\"dateModified\":\"2023-02-10T14:32:21+00:00\",\"mainEntityOfPage\":{\"@id\":\"https:\/\/pscsvh.com\/ca\/recollida-de-cartes-a-limplicat-per-sant-josep\/\"},\"wordCount\":220,\"commentCount\":0,\"publisher\":{\"@id\":\"https:\/\/pscsvh.com\/ca\/#organization\"},\"image\":{\"@id\":\"https:\/\/pscsvh.com\/ca\/recollida-de-cartes-a-limplicat-per-sant-josep\/#primaryimage\"},\"thumbnailUrl\":\"https:\/\/pscsvh.com\/wp-content\/uploads\/2023\/01\/1.jpg\",\"keywords\":[\"Nadal\",\"Reis Mags\"],\"articleSection\":[\"Actualitat Vicentina\"],\"inLanguage\":\"ca\",\"potentialAction\":[{\"@type\":\"CommentAction\",\"name\":\"Comment\",\"target\":[\"https:\/\/pscsvh.com\/ca\/recollida-de-cartes-a-limplicat-per-sant-josep\/#respond\"]}]},{\"@type\":\"WebPage\",\"@id\":\"https:\/\/pscsvh.com\/ca\/recollida-de-cartes-a-limplicat-per-sant-josep\/\",\"url\":\"https:\/\/pscsvh.com\/ca\/recollida-de-cartes-a-limplicat-per-sant-josep\/\",\"name\":\"Recollida de cartes a l'Implicat per Sant Josep - PSC SVH\",\"isPartOf\":{\"@id\":\"https:\/\/pscsvh.com\/ca\/#website\"},\"primaryImageOfPage\":{\"@id\":\"https:\/\/pscsvh.com\/ca\/recollida-de-cartes-a-limplicat-per-sant-josep\/#primaryimage\"},\"image\":{\"@id\":\"https:\/\/pscsvh.com\/ca\/recollida-de-cartes-a-limplicat-per-sant-josep\/#primaryimage\"},\"thumbnailUrl\":\"https:\/\/pscsvh.com\/wp-content\/uploads\/2023\/01\/1.jpg\",\"datePublished\":\"2023-01-05T07:01:00+00:00\",\"dateModified\":\"2023-02-10T14:32:21+00:00\",\"description\":\"Recollida de cartes a l'Implicat per Sant Josep. L'Implicat per Sant Josep ha organitzat una recollida de cartes a c\u00e0rrec de les patges reials i l'associaci\u00f3 de ve\u00efns i ve\u00efnes del Tur\u00f3 ha organitzat una visita dels Reis Mags al barri.\",\"breadcrumb\":{\"@id\":\"https:\/\/pscsvh.com\/ca\/recollida-de-cartes-a-limplicat-per-sant-josep\/#breadcrumb\"},\"inLanguage\":\"ca\",\"potentialAction\":[{\"@type\":\"ReadAction\",\"target\":[\"https:\/\/pscsvh.com\/ca\/recollida-de-cartes-a-limplicat-per-sant-josep\/\"]}]},{\"@type\":\"ImageObject\",\"inLanguage\":\"ca\",\"@id\":\"https:\/\/pscsvh.com\/ca\/recollida-de-cartes-a-limplicat-per-sant-josep\/#primaryimage\",\"url\":\"https:\/\/pscsvh.com\/wp-content\/uploads\/2023\/01\/1.jpg\",\"contentUrl\":\"https:\/\/pscsvh.com\/wp-content\/uploads\/2023\/01\/1.jpg\",\"width\":1440,\"height\":1440,\"caption\":\"Recogida de cartas en el Implicat per Sant Josep El Implicat per Sant Josep ha organizado una recogida de cartas a cargo de las pajes reales y la asociaci\u00f3n de vecinos y vecinas del Tur\u00f3 ha organizado una visita de los Reyes Magos al barrio. El alcalde de Sant Vicen\u00e7 dels Horts Miguel Comino, ha pasado a saludarlos. La ilusi\u00f3n de los ni\u00f1os cuando escriben sus cartas a los Reyes Magos es algo especial y m\u00e1gico. A medida que se acerca el D\u00eda de Reyes, los ni\u00f1os se emocionan al pensar en los regalos que les gustar\u00eda recibir y en las aventuras que podr\u00edan tener con ellos. Al escribir sus cartas, los ni\u00f1os ponen toda su creatividad y su ingenio en pensar en lo que quieren pedir y en c\u00f3mo explicarlo de la manera m\u00e1s clara y especial posible. Para muchos ni\u00f1os, escribir la carta a los Reyes Magos es una ocasi\u00f3n especial y emocionante, ya que significa que la Navidad y el D\u00eda de Reyes est\u00e1n cada vez m\u00e1s cerca. Los ni\u00f1os esperan con ansias la llegada de los Reyes Magos y la posibilidad de ver sus deseos cumplidos. Muchas gracias por hacernos part\u00edcipes, por dinamizar los barrios y generar ilusi\u00f3n a l@s m\u00e1s peque\u00f1@s!\"},{\"@type\":\"BreadcrumbList\",\"@id\":\"https:\/\/pscsvh.com\/ca\/recollida-de-cartes-a-limplicat-per-sant-josep\/#breadcrumb\",\"itemListElement\":[{\"@type\":\"ListItem\",\"position\":1,\"name\":\"Portada\",\"item\":\"https:\/\/pscsvh.com\/ca\/\"},{\"@type\":\"ListItem\",\"position\":2,\"name\":\"Recollida de cartes a l&#8217;Implicat per Sant Josep\"}]},{\"@type\":\"WebSite\",\"@id\":\"https:\/\/pscsvh.com\/ca\/#website\",\"url\":\"https:\/\/pscsvh.com\/ca\/\",\"name\":\"PSC SVH\",\"description\":\"El cambio que suma\",\"publisher\":{\"@id\":\"https:\/\/pscsvh.com\/ca\/#organization\"},\"potentialAction\":[{\"@type\":\"SearchAction\",\"target\":{\"@type\":\"EntryPoint\",\"urlTemplate\":\"https:\/\/pscsvh.com\/ca\/?s={search_term_string}\"},\"query-input\":{\"@type\":\"PropertyValueSpecification\",\"valueRequired\":true,\"valueName\":\"search_term_string\"}}],\"inLanguage\":\"ca\"},{\"@type\":\"Organization\",\"@id\":\"https:\/\/pscsvh.com\/ca\/#organization\",\"name\":\"PSC SVH\",\"url\":\"https:\/\/pscsvh.com\/ca\/\",\"logo\":{\"@type\":\"ImageObject\",\"inLanguage\":\"ca\",\"@id\":\"https:\/\/pscsvh.com\/ca\/#\/schema\/logo\/image\/\",\"url\":\"https:\/\/pscsvh.com\/wp-content\/uploads\/2022\/06\/cropped-Logo_SVh2-300x158-1.png\",\"contentUrl\":\"https:\/\/pscsvh.com\/wp-content\/uploads\/2022\/06\/cropped-Logo_SVh2-300x158-1.png\",\"width\":300,\"height\":158,\"caption\":\"PSC SVH\"},\"image\":{\"@id\":\"https:\/\/pscsvh.com\/ca\/#\/schema\/logo\/image\/\"}},{\"@type\":\"Person\",\"@id\":\"https:\/\/pscsvh.com\/ca\/#\/schema\/person\/6ad2cedf14b82878e2897de3ed64f1f9\",\"name\":\"PSC SVH\",\"image\":{\"@type\":\"ImageObject\",\"inLanguage\":\"ca\",\"@id\":\"https:\/\/pscsvh.com\/ca\/#\/schema\/person\/image\/\",\"url\":\"https:\/\/secure.gravatar.com\/avatar\/a019c39072cc7d669be4d6e2cda099b4e834789e55938a3ec58bef829a37db42?s=96&d=mm&r=g\",\"contentUrl\":\"https:\/\/secure.gravatar.com\/avatar\/a019c39072cc7d669be4d6e2cda099b4e834789e55938a3ec58bef829a37db42?s=96&d=mm&r=g\",\"caption\":\"PSC SVH\"},\"url\":\"https:\/\/pscsvh.com\/ca\/author\/admin-2\/\"}]}<\/script>\n<!-- \/ Yoast SEO plugin. -->","yoast_head_json":{"title":"Recollida de cartes a l'Implicat per Sant Josep - PSC SVH","description":"Recollida de cartes a l'Implicat per Sant Josep. L'Implicat per Sant Josep ha organitzat una recollida de cartes a c\u00e0rrec de les patges reials i l'associaci\u00f3 de ve\u00efns i ve\u00efnes del Tur\u00f3 ha organitzat una visita dels Reis Mags al barri.","robots":{"index":"index","follow":"follow","max-snippet":"max-snippet:-1","max-image-preview":"max-image-preview:large","max-video-preview":"max-video-preview:-1"},"canonical":"https:\/\/pscsvh.com\/ca\/recollida-de-cartes-a-limplicat-per-sant-josep\/","og_locale":"ca_ES","og_type":"article","og_title":"Recollida de cartes a l'Implicat per Sant Josep - PSC SVH","og_description":"Recollida de cartes a l'Implicat per Sant Josep. L'Implicat per Sant Josep ha organitzat una recollida de cartes a c\u00e0rrec de les patges reials i l'associaci\u00f3 de ve\u00efns i ve\u00efnes del Tur\u00f3 ha organitzat una visita dels Reis Mags al barri.","og_url":"https:\/\/pscsvh.com\/ca\/recollida-de-cartes-a-limplicat-per-sant-josep\/","og_site_name":"PSC SVH","article_published_time":"2023-01-05T07:01:00+00:00","article_modified_time":"2023-02-10T14:32:21+00:00","og_image":[{"width":1440,"height":1440,"url":"https:\/\/pscsvh.com\/wp-content\/uploads\/2023\/01\/1.jpg","type":"image\/jpeg"}],"author":"PSC SVH","twitter_card":"summary_large_image","twitter_misc":{"Escrit per":"PSC SVH","Temps estimat de lectura":"1 minut"},"schema":{"@context":"https:\/\/schema.org","@graph":[{"@type":"Article","@id":"https:\/\/pscsvh.com\/ca\/recollida-de-cartes-a-limplicat-per-sant-josep\/#article","isPartOf":{"@id":"https:\/\/pscsvh.com\/ca\/recollida-de-cartes-a-limplicat-per-sant-josep\/"},"author":{"name":"PSC SVH","@id":"https:\/\/pscsvh.com\/ca\/#\/schema\/person\/6ad2cedf14b82878e2897de3ed64f1f9"},"headline":"Recollida de cartes a l&#8217;Implicat per Sant Josep","datePublished":"2023-01-05T07:01:00+00:00","dateModified":"2023-02-10T14:32:21+00:00","mainEntityOfPage":{"@id":"https:\/\/pscsvh.com\/ca\/recollida-de-cartes-a-limplicat-per-sant-josep\/"},"wordCount":220,"commentCount":0,"publisher":{"@id":"https:\/\/pscsvh.com\/ca\/#organization"},"image":{"@id":"https:\/\/pscsvh.com\/ca\/recollida-de-cartes-a-limplicat-per-sant-josep\/#primaryimage"},"thumbnailUrl":"https:\/\/pscsvh.com\/wp-content\/uploads\/2023\/01\/1.jpg","keywords":["Nadal","Reis Mags"],"articleSection":["Actualitat Vicentina"],"inLanguage":"ca","potentialAction":[{"@type":"CommentAction","name":"Comment","target":["https:\/\/pscsvh.com\/ca\/recollida-de-cartes-a-limplicat-per-sant-josep\/#respond"]}]},{"@type":"WebPage","@id":"https:\/\/pscsvh.com\/ca\/recollida-de-cartes-a-limplicat-per-sant-josep\/","url":"https:\/\/pscsvh.com\/ca\/recollida-de-cartes-a-limplicat-per-sant-josep\/","name":"Recollida de cartes a l'Implicat per Sant Josep - PSC SVH","isPartOf":{"@id":"https:\/\/pscsvh.com\/ca\/#website"},"primaryImageOfPage":{"@id":"https:\/\/pscsvh.com\/ca\/recollida-de-cartes-a-limplicat-per-sant-josep\/#primaryimage"},"image":{"@id":"https:\/\/pscsvh.com\/ca\/recollida-de-cartes-a-limplicat-per-sant-josep\/#primaryimage"},"thumbnailUrl":"https:\/\/pscsvh.com\/wp-content\/uploads\/2023\/01\/1.jpg","datePublished":"2023-01-05T07:01:00+00:00","dateModified":"2023-02-10T14:32:21+00:00","description":"Recollida de cartes a l'Implicat per Sant Josep. L'Implicat per Sant Josep ha organitzat una recollida de cartes a c\u00e0rrec de les patges reials i l'associaci\u00f3 de ve\u00efns i ve\u00efnes del Tur\u00f3 ha organitzat una visita dels Reis Mags al barri.","breadcrumb":{"@id":"https:\/\/pscsvh.com\/ca\/recollida-de-cartes-a-limplicat-per-sant-josep\/#breadcrumb"},"inLanguage":"ca","potentialAction":[{"@type":"ReadAction","target":["https:\/\/pscsvh.com\/ca\/recollida-de-cartes-a-limplicat-per-sant-josep\/"]}]},{"@type":"ImageObject","inLanguage":"ca","@id":"https:\/\/pscsvh.com\/ca\/recollida-de-cartes-a-limplicat-per-sant-josep\/#primaryimage","url":"https:\/\/pscsvh.com\/wp-content\/uploads\/2023\/01\/1.jpg","contentUrl":"https:\/\/pscsvh.com\/wp-content\/uploads\/2023\/01\/1.jpg","width":1440,"height":1440,"caption":"Recogida de cartas en el Implicat per Sant Josep El Implicat per Sant Josep ha organizado una recogida de cartas a cargo de las pajes reales y la asociaci\u00f3n de vecinos y vecinas del Tur\u00f3 ha organizado una visita de los Reyes Magos al barrio. El alcalde de Sant Vicen\u00e7 dels Horts Miguel Comino, ha pasado a saludarlos. La ilusi\u00f3n de los ni\u00f1os cuando escriben sus cartas a los Reyes Magos es algo especial y m\u00e1gico. A medida que se acerca el D\u00eda de Reyes, los ni\u00f1os se emocionan al pensar en los regalos que les gustar\u00eda recibir y en las aventuras que podr\u00edan tener con ellos. Al escribir sus cartas, los ni\u00f1os ponen toda su creatividad y su ingenio en pensar en lo que quieren pedir y en c\u00f3mo explicarlo de la manera m\u00e1s clara y especial posible. Para muchos ni\u00f1os, escribir la carta a los Reyes Magos es una ocasi\u00f3n especial y emocionante, ya que significa que la Navidad y el D\u00eda de Reyes est\u00e1n cada vez m\u00e1s cerca. Los ni\u00f1os esperan con ansias la llegada de los Reyes Magos y la posibilidad de ver sus deseos cumplidos. Muchas gracias por hacernos part\u00edcipes, por dinamizar los barrios y generar ilusi\u00f3n a l@s m\u00e1s peque\u00f1@s!"},{"@type":"BreadcrumbList","@id":"https:\/\/pscsvh.com\/ca\/recollida-de-cartes-a-limplicat-per-sant-josep\/#breadcrumb","itemListElement":[{"@type":"ListItem","position":1,"name":"Portada","item":"https:\/\/pscsvh.com\/ca\/"},{"@type":"ListItem","position":2,"name":"Recollida de cartes a l&#8217;Implicat per Sant Josep"}]},{"@type":"WebSite","@id":"https:\/\/pscsvh.com\/ca\/#website","url":"https:\/\/pscsvh.com\/ca\/","name":"PSC SVH","description":"El cambio que suma","publisher":{"@id":"https:\/\/pscsvh.com\/ca\/#organization"},"potentialAction":[{"@type":"SearchAction","target":{"@type":"EntryPoint","urlTemplate":"https:\/\/pscsvh.com\/ca\/?s={search_term_string}"},"query-input":{"@type":"PropertyValueSpecification","valueRequired":true,"valueName":"search_term_string"}}],"inLanguage":"ca"},{"@type":"Organization","@id":"https:\/\/pscsvh.com\/ca\/#organization","name":"PSC SVH","url":"https:\/\/pscsvh.com\/ca\/","logo":{"@type":"ImageObject","inLanguage":"ca","@id":"https:\/\/pscsvh.com\/ca\/#\/schema\/logo\/image\/","url":"https:\/\/pscsvh.com\/wp-content\/uploads\/2022\/06\/cropped-Logo_SVh2-300x158-1.png","contentUrl":"https:\/\/pscsvh.com\/wp-content\/uploads\/2022\/06\/cropped-Logo_SVh2-300x158-1.png","width":300,"height":158,"caption":"PSC SVH"},"image":{"@id":"https:\/\/pscsvh.com\/ca\/#\/schema\/logo\/image\/"}},{"@type":"Person","@id":"https:\/\/pscsvh.com\/ca\/#\/schema\/person\/6ad2cedf14b82878e2897de3ed64f1f9","name":"PSC SVH","image":{"@type":"ImageObject","inLanguage":"ca","@id":"https:\/\/pscsvh.com\/ca\/#\/schema\/person\/image\/","url":"https:\/\/secure.gravatar.com\/avatar\/a019c39072cc7d669be4d6e2cda099b4e834789e55938a3ec58bef829a37db42?s=96&d=mm&r=g","contentUrl":"https:\/\/secure.gravatar.com\/avatar\/a019c39072cc7d669be4d6e2cda099b4e834789e55938a3ec58bef829a37db42?s=96&d=mm&r=g","caption":"PSC SVH"},"url":"https:\/\/pscsvh.com\/ca\/author\/admin-2\/"}]}},"_links":{"self":[{"href":"https:\/\/pscsvh.com\/ca\/wp-json\/wp\/v2\/posts\/5148","targetHints":{"allow":["GET"]}}],"collection":[{"href":"https:\/\/pscsvh.com\/ca\/wp-json\/wp\/v2\/posts"}],"about":[{"href":"https:\/\/pscsvh.com\/ca\/wp-json\/wp\/v2\/types\/post"}],"author":[{"embeddable":true,"href":"https:\/\/pscsvh.com\/ca\/wp-json\/wp\/v2\/users\/2"}],"replies":[{"embeddable":true,"href":"https:\/\/pscsvh.com\/ca\/wp-json\/wp\/v2\/comments?post=5148"}],"version-history":[{"count":1,"href":"https:\/\/pscsvh.com\/ca\/wp-json\/wp\/v2\/posts\/5148\/revisions"}],"predecessor-version":[{"id":5149,"href":"https:\/\/pscsvh.com\/ca\/wp-json\/wp\/v2\/posts\/5148\/revisions\/5149"}],"wp:featuredmedia":[{"embeddable":true,"href":"https:\/\/pscsvh.com\/ca\/wp-json\/wp\/v2\/media\/4740"}],"wp:attachment":[{"href":"https:\/\/pscsvh.com\/ca\/wp-json\/wp\/v2\/media?parent=5148"}],"wp:term":[{"taxonomy":"category","embeddable":true,"href":"https:\/\/pscsvh.com\/ca\/wp-json\/wp\/v2\/categories?post=5148"},{"taxonomy":"post_tag","embeddable":true,"href":"https:\/\/pscsvh.com\/ca\/wp-json\/wp\/v2\/tags?post=5148"},{"taxonomy":"citadela-post-location","embeddable":true,"href":"https:\/\/pscsvh.com\/ca\/wp-json\/wp\/v2\/citadela-post-location?post=5148"}],"curies":[{"name":"wp","href":"https:\/\/api.w.org\/{rel}","templated":true}]}}