{"id":5138,"date":"2023-01-13T19:08:48","date_gmt":"2023-01-13T18:08:48","guid":{"rendered":"https:\/\/pscsvh.com\/conferencia-de-ciutat\/"},"modified":"2023-02-10T15:17:59","modified_gmt":"2023-02-10T14:17:59","slug":"conferencia-de-ciutat","status":"publish","type":"post","link":"https:\/\/pscsvh.com\/ca\/conferencia-de-ciutat\/","title":{"rendered":"Confer\u00e8ncia de Ciutat"},"content":{"rendered":"\n<p>L&#8217;alcalde de Sant Vicen\u00e7 dels Horts, <a href=\"https:\/\/www.instagram.com\/miguelcomino\/\" target=\"_blank\" rel=\"noreferrer noopener\">Miguel Comino<\/a> , fa una confer\u00e8ncia de ciutat on explica la situaci\u00f3 actual del municipi i els projectes que s&#8217;han dut a terme en aquesta segona etapa del mandat.<\/p>\n\n<blockquote class=\"wp-block-quote is-layout-flow wp-block-quote-is-layout-flow\">\n<p>Hi ha poques coses que m&#8217;agradin tant com parlar de Sant Vicen\u00e7 dels Horts. Aquesta tarda hem pogut explicar a quin punt es troba el nostre municipi. Moltes gr\u00e0cies per acompanyar-nos. El model de ciutat que est\u00e0 en marxa genera consensos i \u00e9s compartit per la immensa majoria de la ciutadania. Els temps nom\u00e9s s\u00f3n dif\u00edcils quan les coses no tenen sentit o quan no saps cap on vas.<\/p>\n<cite>Miguel Comino<\/cite><\/blockquote>\n\n<figure class=\"wp-block-gallery has-nested-images columns-default is-cropped wp-block-gallery-1 is-layout-flex wp-block-gallery-is-layout-flex\">\n<figure class=\"wp-block-image size-large\"><a href=\"https:\/\/pscsvh.com\/wp-content\/uploads\/2023\/01\/325653427_1244080409849095_1423214593926868321_n-1.jpg\"><img loading=\"lazy\" decoding=\"async\" width=\"1000\" height=\"1000\" data-id=\"4880\" src=\"https:\/\/pscsvh.com\/wp-content\/uploads\/2023\/01\/325653427_1244080409849095_1423214593926868321_n-1.jpg\" alt=\"\" class=\"wp-image-4880\" srcset=\"https:\/\/pscsvh.com\/wp-content\/uploads\/2023\/01\/325653427_1244080409849095_1423214593926868321_n-1.jpg 1000w, https:\/\/pscsvh.com\/wp-content\/uploads\/2023\/01\/325653427_1244080409849095_1423214593926868321_n-1-300x300.jpg 300w, https:\/\/pscsvh.com\/wp-content\/uploads\/2023\/01\/325653427_1244080409849095_1423214593926868321_n-1-150x150.jpg 150w, https:\/\/pscsvh.com\/wp-content\/uploads\/2023\/01\/325653427_1244080409849095_1423214593926868321_n-1-768x768.jpg 768w\" sizes=\"auto, (max-width: 1000px) 100vw, 1000px\" \/><\/a><\/figure>\n\n\n\n<figure class=\"wp-block-image size-large\"><a href=\"https:\/\/pscsvh.com\/wp-content\/uploads\/2023\/01\/325501616_902062197479483_4942380500501923622_n.jpg\"><img loading=\"lazy\" decoding=\"async\" width=\"1024\" height=\"683\" data-id=\"4884\" src=\"https:\/\/pscsvh.com\/wp-content\/uploads\/2023\/01\/325501616_902062197479483_4942380500501923622_n-1024x683.jpg\" alt=\"\" class=\"wp-image-4884\" srcset=\"https:\/\/pscsvh.com\/wp-content\/uploads\/2023\/01\/325501616_902062197479483_4942380500501923622_n-1024x683.jpg 1024w, https:\/\/pscsvh.com\/wp-content\/uploads\/2023\/01\/325501616_902062197479483_4942380500501923622_n-300x200.jpg 300w, https:\/\/pscsvh.com\/wp-content\/uploads\/2023\/01\/325501616_902062197479483_4942380500501923622_n-768x512.jpg 768w, https:\/\/pscsvh.com\/wp-content\/uploads\/2023\/01\/325501616_902062197479483_4942380500501923622_n.jpg 1440w\" sizes=\"auto, (max-width: 1024px) 100vw, 1024px\" \/><\/a><\/figure>\n\n\n\n<figure class=\"wp-block-image size-large\"><a href=\"https:\/\/pscsvh.com\/wp-content\/uploads\/2023\/01\/325682666_1580174722498974_2602812365736123644_n.jpg\"><img loading=\"lazy\" decoding=\"async\" width=\"1000\" height=\"1000\" data-id=\"4882\" src=\"https:\/\/pscsvh.com\/wp-content\/uploads\/2023\/01\/325682666_1580174722498974_2602812365736123644_n.jpg\" alt=\"\" class=\"wp-image-4882\" srcset=\"https:\/\/pscsvh.com\/wp-content\/uploads\/2023\/01\/325682666_1580174722498974_2602812365736123644_n.jpg 1000w, https:\/\/pscsvh.com\/wp-content\/uploads\/2023\/01\/325682666_1580174722498974_2602812365736123644_n-300x300.jpg 300w, https:\/\/pscsvh.com\/wp-content\/uploads\/2023\/01\/325682666_1580174722498974_2602812365736123644_n-150x150.jpg 150w, https:\/\/pscsvh.com\/wp-content\/uploads\/2023\/01\/325682666_1580174722498974_2602812365736123644_n-768x768.jpg 768w\" sizes=\"auto, (max-width: 1000px) 100vw, 1000px\" \/><\/a><\/figure>\n\n\n\n<figure class=\"wp-block-image size-large\"><a href=\"https:\/\/pscsvh.com\/wp-content\/uploads\/2023\/01\/325635192_1493040514553460_6787919704016652397_n.jpg\"><img loading=\"lazy\" decoding=\"async\" width=\"1024\" height=\"829\" data-id=\"4886\" src=\"https:\/\/pscsvh.com\/wp-content\/uploads\/2023\/01\/325635192_1493040514553460_6787919704016652397_n.jpg\" alt=\"\" class=\"wp-image-4886\" srcset=\"https:\/\/pscsvh.com\/wp-content\/uploads\/2023\/01\/325635192_1493040514553460_6787919704016652397_n.jpg 1024w, https:\/\/pscsvh.com\/wp-content\/uploads\/2023\/01\/325635192_1493040514553460_6787919704016652397_n-300x243.jpg 300w, https:\/\/pscsvh.com\/wp-content\/uploads\/2023\/01\/325635192_1493040514553460_6787919704016652397_n-768x622.jpg 768w\" sizes=\"auto, (max-width: 1024px) 100vw, 1024px\" \/><\/a><\/figure>\n\n\n\n<figure class=\"wp-block-image size-large\"><a href=\"https:\/\/pscsvh.com\/wp-content\/uploads\/2023\/01\/325620764_698098051845765_5573160170081292421_n-1024x683.jpg\"><img loading=\"lazy\" decoding=\"async\" width=\"1024\" height=\"683\" data-id=\"4888\" src=\"https:\/\/pscsvh.com\/wp-content\/uploads\/2023\/01\/325620764_698098051845765_5573160170081292421_n-1024x683.jpg\" alt=\"\" class=\"wp-image-4888\" srcset=\"https:\/\/pscsvh.com\/wp-content\/uploads\/2023\/01\/325620764_698098051845765_5573160170081292421_n-1024x683.jpg 1024w, https:\/\/pscsvh.com\/wp-content\/uploads\/2023\/01\/325620764_698098051845765_5573160170081292421_n-300x200.jpg 300w, https:\/\/pscsvh.com\/wp-content\/uploads\/2023\/01\/325620764_698098051845765_5573160170081292421_n-768x512.jpg 768w, https:\/\/pscsvh.com\/wp-content\/uploads\/2023\/01\/325620764_698098051845765_5573160170081292421_n.jpg 1440w\" sizes=\"auto, (max-width: 1024px) 100vw, 1024px\" \/><\/a><\/figure>\n<\/figure>\n","protected":false},"excerpt":{"rendered":"<p>L&#8217;alcalde de Sant Vicen\u00e7 dels Horts, Miguel Comino, fa una confer\u00e8ncia de ciutat on explica la situaci\u00f3 actual del municipi i els projectes que s&#8217;han dut a terme en aquesta segona etapa del mandat.<\/p>\n","protected":false},"author":2,"featured_media":4883,"comment_status":"open","ping_status":"closed","sticky":false,"template":"","format":"standard","meta":{"_citadela_custom_class":"","footnotes":""},"categories":[54],"tags":[277],"citadela-post-location":[42],"class_list":["post-5138","post","type-post","status-publish","format-standard","has-post-thumbnail","hentry","category-actes","tag-conferencia-de-ciutat"],"yoast_head":"<!-- This site is optimized with the Yoast SEO plugin v24.7 - https:\/\/yoast.com\/wordpress\/plugins\/seo\/ -->\n<title>Confer\u00e8ncia de Ciutat - PSC SVH<\/title>\n<meta name=\"description\" content=\"Confer\u00e8ncia de Ciutat. L&#039;alcalde de Sant Vicen\u00e7 dels Horts, Miguel Comino, fa una confer\u00e8ncia de ciutat on explica la situaci\u00f3 actual del municipi i els projectes que s&#039;han dut a terme en aquesta segona etapa del mandat.\" \/>\n<meta name=\"robots\" content=\"index, follow, max-snippet:-1, max-image-preview:large, max-video-preview:-1\" \/>\n<link rel=\"canonical\" href=\"https:\/\/pscsvh.com\/ca\/conferencia-de-ciutat\/\" \/>\n<meta property=\"og:locale\" content=\"ca_ES\" \/>\n<meta property=\"og:type\" content=\"article\" \/>\n<meta property=\"og:title\" content=\"Confer\u00e8ncia de Ciutat - PSC SVH\" \/>\n<meta property=\"og:description\" content=\"Confer\u00e8ncia de Ciutat. L&#039;alcalde de Sant Vicen\u00e7 dels Horts, Miguel Comino, fa una confer\u00e8ncia de ciutat on explica la situaci\u00f3 actual del municipi i els projectes que s&#039;han dut a terme en aquesta segona etapa del mandat.\" \/>\n<meta property=\"og:url\" content=\"https:\/\/pscsvh.com\/ca\/conferencia-de-ciutat\/\" \/>\n<meta property=\"og:site_name\" content=\"PSC SVH\" \/>\n<meta property=\"article:published_time\" content=\"2023-01-13T18:08:48+00:00\" \/>\n<meta property=\"article:modified_time\" content=\"2023-02-10T14:17:59+00:00\" \/>\n<meta property=\"og:image\" content=\"https:\/\/pscsvh.com\/wp-content\/uploads\/2023\/01\/325682666_1580174722498974_2602812365736123644_n.jpg\" \/>\n\t<meta property=\"og:image:width\" content=\"1000\" \/>\n\t<meta property=\"og:image:height\" content=\"1000\" \/>\n\t<meta property=\"og:image:type\" content=\"image\/jpeg\" \/>\n<meta name=\"author\" content=\"PSC SVH\" \/>\n<meta name=\"twitter:card\" content=\"summary_large_image\" \/>\n<meta name=\"twitter:label1\" content=\"Escrit per\" \/>\n\t<meta name=\"twitter:data1\" content=\"PSC SVH\" \/>\n\t<meta name=\"twitter:label2\" content=\"Temps estimat de lectura\" \/>\n\t<meta name=\"twitter:data2\" content=\"1 minut\" \/>\n<script type=\"application\/ld+json\" class=\"yoast-schema-graph\">{\"@context\":\"https:\/\/schema.org\",\"@graph\":[{\"@type\":\"Article\",\"@id\":\"https:\/\/pscsvh.com\/ca\/conferencia-de-ciutat\/#article\",\"isPartOf\":{\"@id\":\"https:\/\/pscsvh.com\/ca\/conferencia-de-ciutat\/\"},\"author\":{\"name\":\"PSC SVH\",\"@id\":\"https:\/\/pscsvh.com\/ca\/#\/schema\/person\/6ad2cedf14b82878e2897de3ed64f1f9\"},\"headline\":\"Confer\u00e8ncia de Ciutat\",\"datePublished\":\"2023-01-13T18:08:48+00:00\",\"dateModified\":\"2023-02-10T14:17:59+00:00\",\"mainEntityOfPage\":{\"@id\":\"https:\/\/pscsvh.com\/ca\/conferencia-de-ciutat\/\"},\"wordCount\":117,\"commentCount\":0,\"publisher\":{\"@id\":\"https:\/\/pscsvh.com\/ca\/#organization\"},\"image\":{\"@id\":\"https:\/\/pscsvh.com\/ca\/conferencia-de-ciutat\/#primaryimage\"},\"thumbnailUrl\":\"https:\/\/pscsvh.com\/wp-content\/uploads\/2023\/01\/325682666_1580174722498974_2602812365736123644_n.jpg\",\"keywords\":[\"Confer\u00e8ncia de ciutat\"],\"articleSection\":[\"Actes\"],\"inLanguage\":\"ca\",\"potentialAction\":[{\"@type\":\"CommentAction\",\"name\":\"Comment\",\"target\":[\"https:\/\/pscsvh.com\/ca\/conferencia-de-ciutat\/#respond\"]}]},{\"@type\":\"WebPage\",\"@id\":\"https:\/\/pscsvh.com\/ca\/conferencia-de-ciutat\/\",\"url\":\"https:\/\/pscsvh.com\/ca\/conferencia-de-ciutat\/\",\"name\":\"Confer\u00e8ncia de Ciutat - PSC SVH\",\"isPartOf\":{\"@id\":\"https:\/\/pscsvh.com\/ca\/#website\"},\"primaryImageOfPage\":{\"@id\":\"https:\/\/pscsvh.com\/ca\/conferencia-de-ciutat\/#primaryimage\"},\"image\":{\"@id\":\"https:\/\/pscsvh.com\/ca\/conferencia-de-ciutat\/#primaryimage\"},\"thumbnailUrl\":\"https:\/\/pscsvh.com\/wp-content\/uploads\/2023\/01\/325682666_1580174722498974_2602812365736123644_n.jpg\",\"datePublished\":\"2023-01-13T18:08:48+00:00\",\"dateModified\":\"2023-02-10T14:17:59+00:00\",\"description\":\"Confer\u00e8ncia de Ciutat. L'alcalde de Sant Vicen\u00e7 dels Horts, Miguel Comino, fa una confer\u00e8ncia de ciutat on explica la situaci\u00f3 actual del municipi i els projectes que s'han dut a terme en aquesta segona etapa del mandat.\",\"breadcrumb\":{\"@id\":\"https:\/\/pscsvh.com\/ca\/conferencia-de-ciutat\/#breadcrumb\"},\"inLanguage\":\"ca\",\"potentialAction\":[{\"@type\":\"ReadAction\",\"target\":[\"https:\/\/pscsvh.com\/ca\/conferencia-de-ciutat\/\"]}]},{\"@type\":\"ImageObject\",\"inLanguage\":\"ca\",\"@id\":\"https:\/\/pscsvh.com\/ca\/conferencia-de-ciutat\/#primaryimage\",\"url\":\"https:\/\/pscsvh.com\/wp-content\/uploads\/2023\/01\/325682666_1580174722498974_2602812365736123644_n.jpg\",\"contentUrl\":\"https:\/\/pscsvh.com\/wp-content\/uploads\/2023\/01\/325682666_1580174722498974_2602812365736123644_n.jpg\",\"width\":1000,\"height\":1000,\"caption\":\"Conferencia de Ciudad El alcalde de Sant Vicen\u00e7 dels Horts, Miguel Comino, da una conferencia de ciudad donde explica la situaci\u00f3n actual del municipio y los proyectos que se han llevado a cabo en esta segunda etapa del mandato. Hay pocas cosas que me gusten tanto como hablar de Sant Vicen\u00e7 dels Horts. Esta tarde hemos podido explicar en qu\u00e9 punto se encuentra nuestro municipio. Muchas gracias por acompa\u00f1arnos. El modelo de ciudad que est\u00e1 en marcha genera consensos y es compartido por la inmensa mayor\u00eda de la ciudadan\u00eda. Los tiempos s\u00f3lo son dif\u00edciles cuando las cosas no tienen sentido o cuando no sabes hacia d\u00f3nde vas.\"},{\"@type\":\"BreadcrumbList\",\"@id\":\"https:\/\/pscsvh.com\/ca\/conferencia-de-ciutat\/#breadcrumb\",\"itemListElement\":[{\"@type\":\"ListItem\",\"position\":1,\"name\":\"Portada\",\"item\":\"https:\/\/pscsvh.com\/ca\/\"},{\"@type\":\"ListItem\",\"position\":2,\"name\":\"Confer\u00e8ncia de Ciutat\"}]},{\"@type\":\"WebSite\",\"@id\":\"https:\/\/pscsvh.com\/ca\/#website\",\"url\":\"https:\/\/pscsvh.com\/ca\/\",\"name\":\"PSC SVH\",\"description\":\"El cambio que suma\",\"publisher\":{\"@id\":\"https:\/\/pscsvh.com\/ca\/#organization\"},\"potentialAction\":[{\"@type\":\"SearchAction\",\"target\":{\"@type\":\"EntryPoint\",\"urlTemplate\":\"https:\/\/pscsvh.com\/ca\/?s={search_term_string}\"},\"query-input\":{\"@type\":\"PropertyValueSpecification\",\"valueRequired\":true,\"valueName\":\"search_term_string\"}}],\"inLanguage\":\"ca\"},{\"@type\":\"Organization\",\"@id\":\"https:\/\/pscsvh.com\/ca\/#organization\",\"name\":\"PSC SVH\",\"url\":\"https:\/\/pscsvh.com\/ca\/\",\"logo\":{\"@type\":\"ImageObject\",\"inLanguage\":\"ca\",\"@id\":\"https:\/\/pscsvh.com\/ca\/#\/schema\/logo\/image\/\",\"url\":\"https:\/\/pscsvh.com\/wp-content\/uploads\/2022\/06\/cropped-Logo_SVh2-300x158-1.png\",\"contentUrl\":\"https:\/\/pscsvh.com\/wp-content\/uploads\/2022\/06\/cropped-Logo_SVh2-300x158-1.png\",\"width\":300,\"height\":158,\"caption\":\"PSC SVH\"},\"image\":{\"@id\":\"https:\/\/pscsvh.com\/ca\/#\/schema\/logo\/image\/\"}},{\"@type\":\"Person\",\"@id\":\"https:\/\/pscsvh.com\/ca\/#\/schema\/person\/6ad2cedf14b82878e2897de3ed64f1f9\",\"name\":\"PSC SVH\",\"image\":{\"@type\":\"ImageObject\",\"inLanguage\":\"ca\",\"@id\":\"https:\/\/pscsvh.com\/ca\/#\/schema\/person\/image\/\",\"url\":\"https:\/\/secure.gravatar.com\/avatar\/a019c39072cc7d669be4d6e2cda099b4e834789e55938a3ec58bef829a37db42?s=96&d=mm&r=g\",\"contentUrl\":\"https:\/\/secure.gravatar.com\/avatar\/a019c39072cc7d669be4d6e2cda099b4e834789e55938a3ec58bef829a37db42?s=96&d=mm&r=g\",\"caption\":\"PSC SVH\"},\"url\":\"https:\/\/pscsvh.com\/ca\/author\/admin-2\/\"}]}<\/script>\n<!-- \/ Yoast SEO plugin. -->","yoast_head_json":{"title":"Confer\u00e8ncia de Ciutat - PSC SVH","description":"Confer\u00e8ncia de Ciutat. L'alcalde de Sant Vicen\u00e7 dels Horts, Miguel Comino, fa una confer\u00e8ncia de ciutat on explica la situaci\u00f3 actual del municipi i els projectes que s'han dut a terme en aquesta segona etapa del mandat.","robots":{"index":"index","follow":"follow","max-snippet":"max-snippet:-1","max-image-preview":"max-image-preview:large","max-video-preview":"max-video-preview:-1"},"canonical":"https:\/\/pscsvh.com\/ca\/conferencia-de-ciutat\/","og_locale":"ca_ES","og_type":"article","og_title":"Confer\u00e8ncia de Ciutat - PSC SVH","og_description":"Confer\u00e8ncia de Ciutat. L'alcalde de Sant Vicen\u00e7 dels Horts, Miguel Comino, fa una confer\u00e8ncia de ciutat on explica la situaci\u00f3 actual del municipi i els projectes que s'han dut a terme en aquesta segona etapa del mandat.","og_url":"https:\/\/pscsvh.com\/ca\/conferencia-de-ciutat\/","og_site_name":"PSC SVH","article_published_time":"2023-01-13T18:08:48+00:00","article_modified_time":"2023-02-10T14:17:59+00:00","og_image":[{"width":1000,"height":1000,"url":"https:\/\/pscsvh.com\/wp-content\/uploads\/2023\/01\/325682666_1580174722498974_2602812365736123644_n.jpg","type":"image\/jpeg"}],"author":"PSC SVH","twitter_card":"summary_large_image","twitter_misc":{"Escrit per":"PSC SVH","Temps estimat de lectura":"1 minut"},"schema":{"@context":"https:\/\/schema.org","@graph":[{"@type":"Article","@id":"https:\/\/pscsvh.com\/ca\/conferencia-de-ciutat\/#article","isPartOf":{"@id":"https:\/\/pscsvh.com\/ca\/conferencia-de-ciutat\/"},"author":{"name":"PSC SVH","@id":"https:\/\/pscsvh.com\/ca\/#\/schema\/person\/6ad2cedf14b82878e2897de3ed64f1f9"},"headline":"Confer\u00e8ncia de Ciutat","datePublished":"2023-01-13T18:08:48+00:00","dateModified":"2023-02-10T14:17:59+00:00","mainEntityOfPage":{"@id":"https:\/\/pscsvh.com\/ca\/conferencia-de-ciutat\/"},"wordCount":117,"commentCount":0,"publisher":{"@id":"https:\/\/pscsvh.com\/ca\/#organization"},"image":{"@id":"https:\/\/pscsvh.com\/ca\/conferencia-de-ciutat\/#primaryimage"},"thumbnailUrl":"https:\/\/pscsvh.com\/wp-content\/uploads\/2023\/01\/325682666_1580174722498974_2602812365736123644_n.jpg","keywords":["Confer\u00e8ncia de ciutat"],"articleSection":["Actes"],"inLanguage":"ca","potentialAction":[{"@type":"CommentAction","name":"Comment","target":["https:\/\/pscsvh.com\/ca\/conferencia-de-ciutat\/#respond"]}]},{"@type":"WebPage","@id":"https:\/\/pscsvh.com\/ca\/conferencia-de-ciutat\/","url":"https:\/\/pscsvh.com\/ca\/conferencia-de-ciutat\/","name":"Confer\u00e8ncia de Ciutat - PSC SVH","isPartOf":{"@id":"https:\/\/pscsvh.com\/ca\/#website"},"primaryImageOfPage":{"@id":"https:\/\/pscsvh.com\/ca\/conferencia-de-ciutat\/#primaryimage"},"image":{"@id":"https:\/\/pscsvh.com\/ca\/conferencia-de-ciutat\/#primaryimage"},"thumbnailUrl":"https:\/\/pscsvh.com\/wp-content\/uploads\/2023\/01\/325682666_1580174722498974_2602812365736123644_n.jpg","datePublished":"2023-01-13T18:08:48+00:00","dateModified":"2023-02-10T14:17:59+00:00","description":"Confer\u00e8ncia de Ciutat. L'alcalde de Sant Vicen\u00e7 dels Horts, Miguel Comino, fa una confer\u00e8ncia de ciutat on explica la situaci\u00f3 actual del municipi i els projectes que s'han dut a terme en aquesta segona etapa del mandat.","breadcrumb":{"@id":"https:\/\/pscsvh.com\/ca\/conferencia-de-ciutat\/#breadcrumb"},"inLanguage":"ca","potentialAction":[{"@type":"ReadAction","target":["https:\/\/pscsvh.com\/ca\/conferencia-de-ciutat\/"]}]},{"@type":"ImageObject","inLanguage":"ca","@id":"https:\/\/pscsvh.com\/ca\/conferencia-de-ciutat\/#primaryimage","url":"https:\/\/pscsvh.com\/wp-content\/uploads\/2023\/01\/325682666_1580174722498974_2602812365736123644_n.jpg","contentUrl":"https:\/\/pscsvh.com\/wp-content\/uploads\/2023\/01\/325682666_1580174722498974_2602812365736123644_n.jpg","width":1000,"height":1000,"caption":"Conferencia de Ciudad El alcalde de Sant Vicen\u00e7 dels Horts, Miguel Comino, da una conferencia de ciudad donde explica la situaci\u00f3n actual del municipio y los proyectos que se han llevado a cabo en esta segunda etapa del mandato. Hay pocas cosas que me gusten tanto como hablar de Sant Vicen\u00e7 dels Horts. Esta tarde hemos podido explicar en qu\u00e9 punto se encuentra nuestro municipio. Muchas gracias por acompa\u00f1arnos. El modelo de ciudad que est\u00e1 en marcha genera consensos y es compartido por la inmensa mayor\u00eda de la ciudadan\u00eda. Los tiempos s\u00f3lo son dif\u00edciles cuando las cosas no tienen sentido o cuando no sabes hacia d\u00f3nde vas."},{"@type":"BreadcrumbList","@id":"https:\/\/pscsvh.com\/ca\/conferencia-de-ciutat\/#breadcrumb","itemListElement":[{"@type":"ListItem","position":1,"name":"Portada","item":"https:\/\/pscsvh.com\/ca\/"},{"@type":"ListItem","position":2,"name":"Confer\u00e8ncia de Ciutat"}]},{"@type":"WebSite","@id":"https:\/\/pscsvh.com\/ca\/#website","url":"https:\/\/pscsvh.com\/ca\/","name":"PSC SVH","description":"El cambio que suma","publisher":{"@id":"https:\/\/pscsvh.com\/ca\/#organization"},"potentialAction":[{"@type":"SearchAction","target":{"@type":"EntryPoint","urlTemplate":"https:\/\/pscsvh.com\/ca\/?s={search_term_string}"},"query-input":{"@type":"PropertyValueSpecification","valueRequired":true,"valueName":"search_term_string"}}],"inLanguage":"ca"},{"@type":"Organization","@id":"https:\/\/pscsvh.com\/ca\/#organization","name":"PSC SVH","url":"https:\/\/pscsvh.com\/ca\/","logo":{"@type":"ImageObject","inLanguage":"ca","@id":"https:\/\/pscsvh.com\/ca\/#\/schema\/logo\/image\/","url":"https:\/\/pscsvh.com\/wp-content\/uploads\/2022\/06\/cropped-Logo_SVh2-300x158-1.png","contentUrl":"https:\/\/pscsvh.com\/wp-content\/uploads\/2022\/06\/cropped-Logo_SVh2-300x158-1.png","width":300,"height":158,"caption":"PSC SVH"},"image":{"@id":"https:\/\/pscsvh.com\/ca\/#\/schema\/logo\/image\/"}},{"@type":"Person","@id":"https:\/\/pscsvh.com\/ca\/#\/schema\/person\/6ad2cedf14b82878e2897de3ed64f1f9","name":"PSC SVH","image":{"@type":"ImageObject","inLanguage":"ca","@id":"https:\/\/pscsvh.com\/ca\/#\/schema\/person\/image\/","url":"https:\/\/secure.gravatar.com\/avatar\/a019c39072cc7d669be4d6e2cda099b4e834789e55938a3ec58bef829a37db42?s=96&d=mm&r=g","contentUrl":"https:\/\/secure.gravatar.com\/avatar\/a019c39072cc7d669be4d6e2cda099b4e834789e55938a3ec58bef829a37db42?s=96&d=mm&r=g","caption":"PSC SVH"},"url":"https:\/\/pscsvh.com\/ca\/author\/admin-2\/"}]}},"_links":{"self":[{"href":"https:\/\/pscsvh.com\/ca\/wp-json\/wp\/v2\/posts\/5138","targetHints":{"allow":["GET"]}}],"collection":[{"href":"https:\/\/pscsvh.com\/ca\/wp-json\/wp\/v2\/posts"}],"about":[{"href":"https:\/\/pscsvh.com\/ca\/wp-json\/wp\/v2\/types\/post"}],"author":[{"embeddable":true,"href":"https:\/\/pscsvh.com\/ca\/wp-json\/wp\/v2\/users\/2"}],"replies":[{"embeddable":true,"href":"https:\/\/pscsvh.com\/ca\/wp-json\/wp\/v2\/comments?post=5138"}],"version-history":[{"count":1,"href":"https:\/\/pscsvh.com\/ca\/wp-json\/wp\/v2\/posts\/5138\/revisions"}],"predecessor-version":[{"id":5139,"href":"https:\/\/pscsvh.com\/ca\/wp-json\/wp\/v2\/posts\/5138\/revisions\/5139"}],"wp:featuredmedia":[{"embeddable":true,"href":"https:\/\/pscsvh.com\/ca\/wp-json\/wp\/v2\/media\/4883"}],"wp:attachment":[{"href":"https:\/\/pscsvh.com\/ca\/wp-json\/wp\/v2\/media?parent=5138"}],"wp:term":[{"taxonomy":"category","embeddable":true,"href":"https:\/\/pscsvh.com\/ca\/wp-json\/wp\/v2\/categories?post=5138"},{"taxonomy":"post_tag","embeddable":true,"href":"https:\/\/pscsvh.com\/ca\/wp-json\/wp\/v2\/tags?post=5138"},{"taxonomy":"citadela-post-location","embeddable":true,"href":"https:\/\/pscsvh.com\/ca\/wp-json\/wp\/v2\/citadela-post-location?post=5138"}],"curies":[{"name":"wp","href":"https:\/\/api.w.org\/{rel}","templated":true}]}}