{"id":5128,"date":"2023-01-09T16:34:35","date_gmt":"2023-01-09T15:34:35","guid":{"rendered":"https:\/\/pscsvh.com\/en-els-propers-anys-volem-crear-mes-de-400-habitatges-protegits\/"},"modified":"2023-02-10T15:05:21","modified_gmt":"2023-02-10T14:05:21","slug":"en-els-propers-anys-volem-crear-mes-de-400-habitatges-protegits","status":"publish","type":"post","link":"https:\/\/pscsvh.com\/ca\/en-els-propers-anys-volem-crear-mes-de-400-habitatges-protegits\/","title":{"rendered":"En els propers anys volem crear m\u00e9s de 400 habitatges protegits"},"content":{"rendered":"\n<p>Publicaci\u00f3 de <a href=\"https:\/\/www.lavanguardia.com\/local\/baix-llobregat\/20230102\/8665370\/publicado-anuario-2023-baix-llobregat.html\" target=\"_blank\" rel=\"noreferrer noopener\">lavanguardia.com<\/a> L&#8217;Anuari 2023 Next Llobregat ja es pot consultar. Al llarg de les seves 680 p\u00e0gines, s&#8217;anticipen les claus de la batalla que es lliurar\u00e0 aquest any al Baix Llobregat ia l&#8217;Hospitalet a causa de les eleccions municipals que tindran lloc el mes de maig. <\/p>\n\n<figure class=\"wp-block-gallery has-nested-images columns-1 is-cropped wp-block-gallery-1 is-layout-flex wp-block-gallery-is-layout-flex\">\n<figure class=\"wp-block-image size-large\"><img loading=\"lazy\" decoding=\"async\" width=\"819\" height=\"1024\" data-id=\"4780\" src=\"https:\/\/pscsvh.com\/wp-content\/uploads\/2023\/01\/01-8-819x1024.jpg\" alt=\"\" class=\"wp-image-4780\" srcset=\"https:\/\/pscsvh.com\/wp-content\/uploads\/2023\/01\/01-8-819x1024.jpg 819w, https:\/\/pscsvh.com\/wp-content\/uploads\/2023\/01\/01-8-240x300.jpg 240w, https:\/\/pscsvh.com\/wp-content\/uploads\/2023\/01\/01-8-768x960.jpg 768w, https:\/\/pscsvh.com\/wp-content\/uploads\/2023\/01\/01-8.jpg 1080w\" sizes=\"auto, (max-width: 819px) 100vw, 819px\" \/><\/figure>\n\n\n\n<figure class=\"wp-block-image size-large\"><img loading=\"lazy\" decoding=\"async\" width=\"819\" height=\"1024\" data-id=\"4782\" src=\"https:\/\/pscsvh.com\/wp-content\/uploads\/2023\/01\/08-1-819x1024.jpg\" alt=\"\" class=\"wp-image-4782\" srcset=\"https:\/\/pscsvh.com\/wp-content\/uploads\/2023\/01\/08-1-819x1024.jpg 819w, https:\/\/pscsvh.com\/wp-content\/uploads\/2023\/01\/08-1-240x300.jpg 240w, https:\/\/pscsvh.com\/wp-content\/uploads\/2023\/01\/08-1-768x960.jpg 768w, https:\/\/pscsvh.com\/wp-content\/uploads\/2023\/01\/08-1.jpg 1080w\" sizes=\"auto, (max-width: 819px) 100vw, 819px\" \/><\/figure>\n\n\n\n<figure class=\"wp-block-image size-large\"><img loading=\"lazy\" decoding=\"async\" width=\"819\" height=\"1024\" data-id=\"4784\" src=\"https:\/\/pscsvh.com\/wp-content\/uploads\/2023\/01\/04-10-819x1024.jpg\" alt=\"\" class=\"wp-image-4784\" srcset=\"https:\/\/pscsvh.com\/wp-content\/uploads\/2023\/01\/04-10-819x1024.jpg 819w, https:\/\/pscsvh.com\/wp-content\/uploads\/2023\/01\/04-10-240x300.jpg 240w, https:\/\/pscsvh.com\/wp-content\/uploads\/2023\/01\/04-10-768x960.jpg 768w, https:\/\/pscsvh.com\/wp-content\/uploads\/2023\/01\/04-10.jpg 1080w\" sizes=\"auto, (max-width: 819px) 100vw, 819px\" \/><\/figure>\n\n\n\n<figure class=\"wp-block-image size-large\"><img loading=\"lazy\" decoding=\"async\" width=\"819\" height=\"1024\" data-id=\"4786\" src=\"https:\/\/pscsvh.com\/wp-content\/uploads\/2023\/01\/06-8-819x1024.jpg\" alt=\"\" class=\"wp-image-4786\" srcset=\"https:\/\/pscsvh.com\/wp-content\/uploads\/2023\/01\/06-8-819x1024.jpg 819w, https:\/\/pscsvh.com\/wp-content\/uploads\/2023\/01\/06-8-240x300.jpg 240w, https:\/\/pscsvh.com\/wp-content\/uploads\/2023\/01\/06-8-768x960.jpg 768w, https:\/\/pscsvh.com\/wp-content\/uploads\/2023\/01\/06-8.jpg 1080w\" sizes=\"auto, (max-width: 819px) 100vw, 819px\" \/><\/figure>\n\n\n\n<figure class=\"wp-block-image size-large\"><img loading=\"lazy\" decoding=\"async\" width=\"819\" height=\"1024\" data-id=\"4788\" src=\"https:\/\/pscsvh.com\/wp-content\/uploads\/2023\/01\/03-10-819x1024.jpg\" alt=\"\" class=\"wp-image-4788\" srcset=\"https:\/\/pscsvh.com\/wp-content\/uploads\/2023\/01\/03-10-819x1024.jpg 819w, https:\/\/pscsvh.com\/wp-content\/uploads\/2023\/01\/03-10-240x300.jpg 240w, https:\/\/pscsvh.com\/wp-content\/uploads\/2023\/01\/03-10-768x961.jpg 768w, https:\/\/pscsvh.com\/wp-content\/uploads\/2023\/01\/03-10.jpg 1080w\" sizes=\"auto, (max-width: 819px) 100vw, 819px\" \/><\/figure>\n\n\n\n<figure class=\"wp-block-image size-large\"><img loading=\"lazy\" decoding=\"async\" width=\"819\" height=\"1024\" data-id=\"4790\" src=\"https:\/\/pscsvh.com\/wp-content\/uploads\/2023\/01\/05-9-819x1024.jpg\" alt=\"\" class=\"wp-image-4790\" srcset=\"https:\/\/pscsvh.com\/wp-content\/uploads\/2023\/01\/05-9-819x1024.jpg 819w, https:\/\/pscsvh.com\/wp-content\/uploads\/2023\/01\/05-9-240x300.jpg 240w, https:\/\/pscsvh.com\/wp-content\/uploads\/2023\/01\/05-9-768x960.jpg 768w, https:\/\/pscsvh.com\/wp-content\/uploads\/2023\/01\/05-9.jpg 1080w\" sizes=\"auto, (max-width: 819px) 100vw, 819px\" \/><\/figure>\n\n\n\n<figure class=\"wp-block-image size-large\"><img loading=\"lazy\" decoding=\"async\" width=\"819\" height=\"1024\" data-id=\"4792\" src=\"https:\/\/pscsvh.com\/wp-content\/uploads\/2023\/01\/02-10-819x1024.jpg\" alt=\"\" class=\"wp-image-4792\" srcset=\"https:\/\/pscsvh.com\/wp-content\/uploads\/2023\/01\/02-10-819x1024.jpg 819w, https:\/\/pscsvh.com\/wp-content\/uploads\/2023\/01\/02-10-240x300.jpg 240w, https:\/\/pscsvh.com\/wp-content\/uploads\/2023\/01\/02-10-768x960.jpg 768w, https:\/\/pscsvh.com\/wp-content\/uploads\/2023\/01\/02-10.jpg 1052w\" sizes=\"auto, (max-width: 819px) 100vw, 819px\" \/><\/figure>\n\n\n\n<figure class=\"wp-block-image size-large\"><img loading=\"lazy\" decoding=\"async\" width=\"819\" height=\"1024\" data-id=\"4794\" src=\"https:\/\/pscsvh.com\/wp-content\/uploads\/2023\/01\/07-3-819x1024.jpg\" alt=\"\" class=\"wp-image-4794\" srcset=\"https:\/\/pscsvh.com\/wp-content\/uploads\/2023\/01\/07-3-819x1024.jpg 819w, https:\/\/pscsvh.com\/wp-content\/uploads\/2023\/01\/07-3-240x300.jpg 240w, https:\/\/pscsvh.com\/wp-content\/uploads\/2023\/01\/07-3-768x960.jpg 768w, https:\/\/pscsvh.com\/wp-content\/uploads\/2023\/01\/07-3.jpg 1080w\" sizes=\"auto, (max-width: 819px) 100vw, 819px\" \/><\/figure>\n<\/figure>\n","protected":false},"excerpt":{"rendered":"<p>L&#8217;Anuari 2023 Next Llobregat ja us podeu consultar. Al llarg de les seves 680 p\u00e0gines, s&#8217;anticipen les claus de la batalla que es lliurar\u00e0 aquest any al Baix Llobregat ia l&#8217;Hospitalet a causa de les eleccions municipals que tindran lloc el mes de maig. <\/p>\n","protected":false},"author":2,"featured_media":4797,"comment_status":"open","ping_status":"closed","sticky":false,"template":"","format":"standard","meta":{"_citadela_custom_class":"","footnotes":""},"categories":[57],"tags":[],"citadela-post-location":[],"class_list":["post-5128","post","type-post","status-publish","format-standard","has-post-thumbnail","hentry","category-actualitat-vicentina"],"yoast_head":"<!-- This site is optimized with the Yoast SEO plugin v24.7 - https:\/\/yoast.com\/wordpress\/plugins\/seo\/ -->\n<title>En els propers anys volem crear m\u00e9s de 400 habitatges protegits - PSC SVH<\/title>\n<meta name=\"description\" content=\"En els propers anys volem crear m\u00e9s de 400 habitatges protegits a Sant Vicen\u00e7 dels Horts\" \/>\n<meta name=\"robots\" content=\"index, follow, max-snippet:-1, max-image-preview:large, max-video-preview:-1\" \/>\n<link rel=\"canonical\" href=\"https:\/\/pscsvh.com\/ca\/en-els-propers-anys-volem-crear-mes-de-400-habitatges-protegits\/\" \/>\n<meta property=\"og:locale\" content=\"ca_ES\" \/>\n<meta property=\"og:type\" content=\"article\" \/>\n<meta property=\"og:title\" content=\"En els propers anys volem crear m\u00e9s de 400 habitatges protegits - PSC SVH\" \/>\n<meta property=\"og:description\" content=\"En els propers anys volem crear m\u00e9s de 400 habitatges protegits a Sant Vicen\u00e7 dels Horts\" \/>\n<meta property=\"og:url\" content=\"https:\/\/pscsvh.com\/ca\/en-els-propers-anys-volem-crear-mes-de-400-habitatges-protegits\/\" \/>\n<meta property=\"og:site_name\" content=\"PSC SVH\" \/>\n<meta property=\"article:published_time\" content=\"2023-01-09T15:34:35+00:00\" \/>\n<meta property=\"article:modified_time\" content=\"2023-02-10T14:05:21+00:00\" \/>\n<meta property=\"og:image\" content=\"https:\/\/pscsvh.com\/wp-content\/uploads\/2023\/01\/Captura-de-pantalla-2023-01-09-163251.png\" \/>\n\t<meta property=\"og:image:width\" content=\"682\" \/>\n\t<meta property=\"og:image:height\" content=\"326\" \/>\n\t<meta property=\"og:image:type\" content=\"image\/png\" \/>\n<meta name=\"author\" content=\"PSC SVH\" \/>\n<meta name=\"twitter:card\" content=\"summary_large_image\" \/>\n<meta name=\"twitter:label1\" content=\"Escrit per\" \/>\n\t<meta name=\"twitter:data1\" content=\"PSC SVH\" \/>\n<script type=\"application\/ld+json\" class=\"yoast-schema-graph\">{\"@context\":\"https:\/\/schema.org\",\"@graph\":[{\"@type\":\"Article\",\"@id\":\"https:\/\/pscsvh.com\/ca\/en-els-propers-anys-volem-crear-mes-de-400-habitatges-protegits\/#article\",\"isPartOf\":{\"@id\":\"https:\/\/pscsvh.com\/ca\/en-els-propers-anys-volem-crear-mes-de-400-habitatges-protegits\/\"},\"author\":{\"name\":\"PSC SVH\",\"@id\":\"https:\/\/pscsvh.com\/ca\/#\/schema\/person\/6ad2cedf14b82878e2897de3ed64f1f9\"},\"headline\":\"En els propers anys volem crear m\u00e9s de 400 habitatges protegits\",\"datePublished\":\"2023-01-09T15:34:35+00:00\",\"dateModified\":\"2023-02-10T14:05:21+00:00\",\"mainEntityOfPage\":{\"@id\":\"https:\/\/pscsvh.com\/ca\/en-els-propers-anys-volem-crear-mes-de-400-habitatges-protegits\/\"},\"wordCount\":61,\"commentCount\":0,\"publisher\":{\"@id\":\"https:\/\/pscsvh.com\/ca\/#organization\"},\"image\":{\"@id\":\"https:\/\/pscsvh.com\/ca\/en-els-propers-anys-volem-crear-mes-de-400-habitatges-protegits\/#primaryimage\"},\"thumbnailUrl\":\"https:\/\/pscsvh.com\/wp-content\/uploads\/2023\/01\/Captura-de-pantalla-2023-01-09-163251.png\",\"articleSection\":[\"Actualitat Vicentina\"],\"inLanguage\":\"ca\",\"potentialAction\":[{\"@type\":\"CommentAction\",\"name\":\"Comment\",\"target\":[\"https:\/\/pscsvh.com\/ca\/en-els-propers-anys-volem-crear-mes-de-400-habitatges-protegits\/#respond\"]}]},{\"@type\":\"WebPage\",\"@id\":\"https:\/\/pscsvh.com\/ca\/en-els-propers-anys-volem-crear-mes-de-400-habitatges-protegits\/\",\"url\":\"https:\/\/pscsvh.com\/ca\/en-els-propers-anys-volem-crear-mes-de-400-habitatges-protegits\/\",\"name\":\"En els propers anys volem crear m\u00e9s de 400 habitatges protegits - PSC SVH\",\"isPartOf\":{\"@id\":\"https:\/\/pscsvh.com\/ca\/#website\"},\"primaryImageOfPage\":{\"@id\":\"https:\/\/pscsvh.com\/ca\/en-els-propers-anys-volem-crear-mes-de-400-habitatges-protegits\/#primaryimage\"},\"image\":{\"@id\":\"https:\/\/pscsvh.com\/ca\/en-els-propers-anys-volem-crear-mes-de-400-habitatges-protegits\/#primaryimage\"},\"thumbnailUrl\":\"https:\/\/pscsvh.com\/wp-content\/uploads\/2023\/01\/Captura-de-pantalla-2023-01-09-163251.png\",\"datePublished\":\"2023-01-09T15:34:35+00:00\",\"dateModified\":\"2023-02-10T14:05:21+00:00\",\"description\":\"En els propers anys volem crear m\u00e9s de 400 habitatges protegits a Sant Vicen\u00e7 dels Horts\",\"breadcrumb\":{\"@id\":\"https:\/\/pscsvh.com\/ca\/en-els-propers-anys-volem-crear-mes-de-400-habitatges-protegits\/#breadcrumb\"},\"inLanguage\":\"ca\",\"potentialAction\":[{\"@type\":\"ReadAction\",\"target\":[\"https:\/\/pscsvh.com\/ca\/en-els-propers-anys-volem-crear-mes-de-400-habitatges-protegits\/\"]}]},{\"@type\":\"ImageObject\",\"inLanguage\":\"ca\",\"@id\":\"https:\/\/pscsvh.com\/ca\/en-els-propers-anys-volem-crear-mes-de-400-habitatges-protegits\/#primaryimage\",\"url\":\"https:\/\/pscsvh.com\/wp-content\/uploads\/2023\/01\/Captura-de-pantalla-2023-01-09-163251.png\",\"contentUrl\":\"https:\/\/pscsvh.com\/wp-content\/uploads\/2023\/01\/Captura-de-pantalla-2023-01-09-163251.png\",\"width\":682,\"height\":326,\"caption\":\"En los pr\u00f3ximos a\u00f1os queremos crear m\u00e1s de 400 viviendas protegidas Publicaci\u00f3n de lavanguardia.com El Anuario 2023 Next Llobregat ya se puede consultar. A lo largo de sus 680 p\u00e1ginas, se anticipan las claves de la batalla que se librar\u00e1 este a\u00f1o en el Baix Llobregat y en L\u2019Hospitalet debido a las elecciones municipales que tendr\u00e1n lugar el mes de mayo.\"},{\"@type\":\"BreadcrumbList\",\"@id\":\"https:\/\/pscsvh.com\/ca\/en-els-propers-anys-volem-crear-mes-de-400-habitatges-protegits\/#breadcrumb\",\"itemListElement\":[{\"@type\":\"ListItem\",\"position\":1,\"name\":\"Portada\",\"item\":\"https:\/\/pscsvh.com\/ca\/\"},{\"@type\":\"ListItem\",\"position\":2,\"name\":\"En els propers anys volem crear m\u00e9s de 400 habitatges protegits\"}]},{\"@type\":\"WebSite\",\"@id\":\"https:\/\/pscsvh.com\/ca\/#website\",\"url\":\"https:\/\/pscsvh.com\/ca\/\",\"name\":\"PSC SVH\",\"description\":\"El cambio que suma\",\"publisher\":{\"@id\":\"https:\/\/pscsvh.com\/ca\/#organization\"},\"potentialAction\":[{\"@type\":\"SearchAction\",\"target\":{\"@type\":\"EntryPoint\",\"urlTemplate\":\"https:\/\/pscsvh.com\/ca\/?s={search_term_string}\"},\"query-input\":{\"@type\":\"PropertyValueSpecification\",\"valueRequired\":true,\"valueName\":\"search_term_string\"}}],\"inLanguage\":\"ca\"},{\"@type\":\"Organization\",\"@id\":\"https:\/\/pscsvh.com\/ca\/#organization\",\"name\":\"PSC SVH\",\"url\":\"https:\/\/pscsvh.com\/ca\/\",\"logo\":{\"@type\":\"ImageObject\",\"inLanguage\":\"ca\",\"@id\":\"https:\/\/pscsvh.com\/ca\/#\/schema\/logo\/image\/\",\"url\":\"https:\/\/pscsvh.com\/wp-content\/uploads\/2022\/06\/cropped-Logo_SVh2-300x158-1.png\",\"contentUrl\":\"https:\/\/pscsvh.com\/wp-content\/uploads\/2022\/06\/cropped-Logo_SVh2-300x158-1.png\",\"width\":300,\"height\":158,\"caption\":\"PSC SVH\"},\"image\":{\"@id\":\"https:\/\/pscsvh.com\/ca\/#\/schema\/logo\/image\/\"}},{\"@type\":\"Person\",\"@id\":\"https:\/\/pscsvh.com\/ca\/#\/schema\/person\/6ad2cedf14b82878e2897de3ed64f1f9\",\"name\":\"PSC SVH\",\"image\":{\"@type\":\"ImageObject\",\"inLanguage\":\"ca\",\"@id\":\"https:\/\/pscsvh.com\/ca\/#\/schema\/person\/image\/\",\"url\":\"https:\/\/secure.gravatar.com\/avatar\/a019c39072cc7d669be4d6e2cda099b4e834789e55938a3ec58bef829a37db42?s=96&d=mm&r=g\",\"contentUrl\":\"https:\/\/secure.gravatar.com\/avatar\/a019c39072cc7d669be4d6e2cda099b4e834789e55938a3ec58bef829a37db42?s=96&d=mm&r=g\",\"caption\":\"PSC SVH\"},\"url\":\"https:\/\/pscsvh.com\/ca\/author\/admin-2\/\"}]}<\/script>\n<!-- \/ Yoast SEO plugin. -->","yoast_head_json":{"title":"En els propers anys volem crear m\u00e9s de 400 habitatges protegits - PSC SVH","description":"En els propers anys volem crear m\u00e9s de 400 habitatges protegits a Sant Vicen\u00e7 dels Horts","robots":{"index":"index","follow":"follow","max-snippet":"max-snippet:-1","max-image-preview":"max-image-preview:large","max-video-preview":"max-video-preview:-1"},"canonical":"https:\/\/pscsvh.com\/ca\/en-els-propers-anys-volem-crear-mes-de-400-habitatges-protegits\/","og_locale":"ca_ES","og_type":"article","og_title":"En els propers anys volem crear m\u00e9s de 400 habitatges protegits - PSC SVH","og_description":"En els propers anys volem crear m\u00e9s de 400 habitatges protegits a Sant Vicen\u00e7 dels Horts","og_url":"https:\/\/pscsvh.com\/ca\/en-els-propers-anys-volem-crear-mes-de-400-habitatges-protegits\/","og_site_name":"PSC SVH","article_published_time":"2023-01-09T15:34:35+00:00","article_modified_time":"2023-02-10T14:05:21+00:00","og_image":[{"width":682,"height":326,"url":"https:\/\/pscsvh.com\/wp-content\/uploads\/2023\/01\/Captura-de-pantalla-2023-01-09-163251.png","type":"image\/png"}],"author":"PSC SVH","twitter_card":"summary_large_image","twitter_misc":{"Escrit per":"PSC SVH"},"schema":{"@context":"https:\/\/schema.org","@graph":[{"@type":"Article","@id":"https:\/\/pscsvh.com\/ca\/en-els-propers-anys-volem-crear-mes-de-400-habitatges-protegits\/#article","isPartOf":{"@id":"https:\/\/pscsvh.com\/ca\/en-els-propers-anys-volem-crear-mes-de-400-habitatges-protegits\/"},"author":{"name":"PSC SVH","@id":"https:\/\/pscsvh.com\/ca\/#\/schema\/person\/6ad2cedf14b82878e2897de3ed64f1f9"},"headline":"En els propers anys volem crear m\u00e9s de 400 habitatges protegits","datePublished":"2023-01-09T15:34:35+00:00","dateModified":"2023-02-10T14:05:21+00:00","mainEntityOfPage":{"@id":"https:\/\/pscsvh.com\/ca\/en-els-propers-anys-volem-crear-mes-de-400-habitatges-protegits\/"},"wordCount":61,"commentCount":0,"publisher":{"@id":"https:\/\/pscsvh.com\/ca\/#organization"},"image":{"@id":"https:\/\/pscsvh.com\/ca\/en-els-propers-anys-volem-crear-mes-de-400-habitatges-protegits\/#primaryimage"},"thumbnailUrl":"https:\/\/pscsvh.com\/wp-content\/uploads\/2023\/01\/Captura-de-pantalla-2023-01-09-163251.png","articleSection":["Actualitat Vicentina"],"inLanguage":"ca","potentialAction":[{"@type":"CommentAction","name":"Comment","target":["https:\/\/pscsvh.com\/ca\/en-els-propers-anys-volem-crear-mes-de-400-habitatges-protegits\/#respond"]}]},{"@type":"WebPage","@id":"https:\/\/pscsvh.com\/ca\/en-els-propers-anys-volem-crear-mes-de-400-habitatges-protegits\/","url":"https:\/\/pscsvh.com\/ca\/en-els-propers-anys-volem-crear-mes-de-400-habitatges-protegits\/","name":"En els propers anys volem crear m\u00e9s de 400 habitatges protegits - PSC SVH","isPartOf":{"@id":"https:\/\/pscsvh.com\/ca\/#website"},"primaryImageOfPage":{"@id":"https:\/\/pscsvh.com\/ca\/en-els-propers-anys-volem-crear-mes-de-400-habitatges-protegits\/#primaryimage"},"image":{"@id":"https:\/\/pscsvh.com\/ca\/en-els-propers-anys-volem-crear-mes-de-400-habitatges-protegits\/#primaryimage"},"thumbnailUrl":"https:\/\/pscsvh.com\/wp-content\/uploads\/2023\/01\/Captura-de-pantalla-2023-01-09-163251.png","datePublished":"2023-01-09T15:34:35+00:00","dateModified":"2023-02-10T14:05:21+00:00","description":"En els propers anys volem crear m\u00e9s de 400 habitatges protegits a Sant Vicen\u00e7 dels Horts","breadcrumb":{"@id":"https:\/\/pscsvh.com\/ca\/en-els-propers-anys-volem-crear-mes-de-400-habitatges-protegits\/#breadcrumb"},"inLanguage":"ca","potentialAction":[{"@type":"ReadAction","target":["https:\/\/pscsvh.com\/ca\/en-els-propers-anys-volem-crear-mes-de-400-habitatges-protegits\/"]}]},{"@type":"ImageObject","inLanguage":"ca","@id":"https:\/\/pscsvh.com\/ca\/en-els-propers-anys-volem-crear-mes-de-400-habitatges-protegits\/#primaryimage","url":"https:\/\/pscsvh.com\/wp-content\/uploads\/2023\/01\/Captura-de-pantalla-2023-01-09-163251.png","contentUrl":"https:\/\/pscsvh.com\/wp-content\/uploads\/2023\/01\/Captura-de-pantalla-2023-01-09-163251.png","width":682,"height":326,"caption":"En los pr\u00f3ximos a\u00f1os queremos crear m\u00e1s de 400 viviendas protegidas Publicaci\u00f3n de lavanguardia.com El Anuario 2023 Next Llobregat ya se puede consultar. A lo largo de sus 680 p\u00e1ginas, se anticipan las claves de la batalla que se librar\u00e1 este a\u00f1o en el Baix Llobregat y en L\u2019Hospitalet debido a las elecciones municipales que tendr\u00e1n lugar el mes de mayo."},{"@type":"BreadcrumbList","@id":"https:\/\/pscsvh.com\/ca\/en-els-propers-anys-volem-crear-mes-de-400-habitatges-protegits\/#breadcrumb","itemListElement":[{"@type":"ListItem","position":1,"name":"Portada","item":"https:\/\/pscsvh.com\/ca\/"},{"@type":"ListItem","position":2,"name":"En els propers anys volem crear m\u00e9s de 400 habitatges protegits"}]},{"@type":"WebSite","@id":"https:\/\/pscsvh.com\/ca\/#website","url":"https:\/\/pscsvh.com\/ca\/","name":"PSC SVH","description":"El cambio que suma","publisher":{"@id":"https:\/\/pscsvh.com\/ca\/#organization"},"potentialAction":[{"@type":"SearchAction","target":{"@type":"EntryPoint","urlTemplate":"https:\/\/pscsvh.com\/ca\/?s={search_term_string}"},"query-input":{"@type":"PropertyValueSpecification","valueRequired":true,"valueName":"search_term_string"}}],"inLanguage":"ca"},{"@type":"Organization","@id":"https:\/\/pscsvh.com\/ca\/#organization","name":"PSC SVH","url":"https:\/\/pscsvh.com\/ca\/","logo":{"@type":"ImageObject","inLanguage":"ca","@id":"https:\/\/pscsvh.com\/ca\/#\/schema\/logo\/image\/","url":"https:\/\/pscsvh.com\/wp-content\/uploads\/2022\/06\/cropped-Logo_SVh2-300x158-1.png","contentUrl":"https:\/\/pscsvh.com\/wp-content\/uploads\/2022\/06\/cropped-Logo_SVh2-300x158-1.png","width":300,"height":158,"caption":"PSC SVH"},"image":{"@id":"https:\/\/pscsvh.com\/ca\/#\/schema\/logo\/image\/"}},{"@type":"Person","@id":"https:\/\/pscsvh.com\/ca\/#\/schema\/person\/6ad2cedf14b82878e2897de3ed64f1f9","name":"PSC SVH","image":{"@type":"ImageObject","inLanguage":"ca","@id":"https:\/\/pscsvh.com\/ca\/#\/schema\/person\/image\/","url":"https:\/\/secure.gravatar.com\/avatar\/a019c39072cc7d669be4d6e2cda099b4e834789e55938a3ec58bef829a37db42?s=96&d=mm&r=g","contentUrl":"https:\/\/secure.gravatar.com\/avatar\/a019c39072cc7d669be4d6e2cda099b4e834789e55938a3ec58bef829a37db42?s=96&d=mm&r=g","caption":"PSC SVH"},"url":"https:\/\/pscsvh.com\/ca\/author\/admin-2\/"}]}},"_links":{"self":[{"href":"https:\/\/pscsvh.com\/ca\/wp-json\/wp\/v2\/posts\/5128","targetHints":{"allow":["GET"]}}],"collection":[{"href":"https:\/\/pscsvh.com\/ca\/wp-json\/wp\/v2\/posts"}],"about":[{"href":"https:\/\/pscsvh.com\/ca\/wp-json\/wp\/v2\/types\/post"}],"author":[{"embeddable":true,"href":"https:\/\/pscsvh.com\/ca\/wp-json\/wp\/v2\/users\/2"}],"replies":[{"embeddable":true,"href":"https:\/\/pscsvh.com\/ca\/wp-json\/wp\/v2\/comments?post=5128"}],"version-history":[{"count":1,"href":"https:\/\/pscsvh.com\/ca\/wp-json\/wp\/v2\/posts\/5128\/revisions"}],"predecessor-version":[{"id":5129,"href":"https:\/\/pscsvh.com\/ca\/wp-json\/wp\/v2\/posts\/5128\/revisions\/5129"}],"wp:featuredmedia":[{"embeddable":true,"href":"https:\/\/pscsvh.com\/ca\/wp-json\/wp\/v2\/media\/4797"}],"wp:attachment":[{"href":"https:\/\/pscsvh.com\/ca\/wp-json\/wp\/v2\/media?parent=5128"}],"wp:term":[{"taxonomy":"category","embeddable":true,"href":"https:\/\/pscsvh.com\/ca\/wp-json\/wp\/v2\/categories?post=5128"},{"taxonomy":"post_tag","embeddable":true,"href":"https:\/\/pscsvh.com\/ca\/wp-json\/wp\/v2\/tags?post=5128"},{"taxonomy":"citadela-post-location","embeddable":true,"href":"https:\/\/pscsvh.com\/ca\/wp-json\/wp\/v2\/citadela-post-location?post=5128"}],"curies":[{"name":"wp","href":"https:\/\/api.w.org\/{rel}","templated":true}]}}