{"id":3953,"date":"2022-09-24T20:16:00","date_gmt":"2022-09-24T18:16:00","guid":{"rendered":"https:\/\/pscsvh.com\/cursa-dels-bons-amics-a-sant-vicenc-dels-horts\/"},"modified":"2022-10-24T12:45:55","modified_gmt":"2022-10-24T10:45:55","slug":"cursa-dels-bons-amics-a-sant-vicenc-dels-horts","status":"publish","type":"post","link":"https:\/\/pscsvh.com\/ca\/cursa-dels-bons-amics-a-sant-vicenc-dels-horts\/","title":{"rendered":"Cursa dels Bons Amics a Sant Vicen\u00e7 dels Horts"},"content":{"rendered":"\n<p>Un any m\u00e9s, se celebra la <em>Cursa dels Bons Amics<\/em> amb un recorregut pels carrers del Barri de la Vinyala.<\/p>\n\n<p>L\u00b4alcalde <a href=\"https:\/\/www.instagram.com\/miguelcomino\/?hl=es\" target=\"_blank\" rel=\"noreferrer noopener\">Miguel Comino<\/a> i el regidor d\u00b4esports, <a href=\"https:\/\/www.instagram.com\/xgasvh\/?hl=es\" target=\"_blank\" rel=\"noreferrer noopener\">Xavi G\u00f3mez<\/a> participen en el lliurament de premis del pen\u00faltim campionat puntuable.<\/p>\n\n<figure class=\"wp-block-gallery has-nested-images columns-default is-cropped wp-block-gallery-1 is-layout-flex wp-block-gallery-is-layout-flex\">\n<figure class=\"wp-block-image size-large\"><a href=\"https:\/\/pscsvh.com\/wp-content\/uploads\/2022\/10\/1.jpg\"><img loading=\"lazy\" decoding=\"async\" width=\"1024\" height=\"682\" data-id=\"3820\" src=\"https:\/\/pscsvh.com\/wp-content\/uploads\/2022\/10\/1-1024x682.jpg\" alt=\"\" class=\"wp-image-3820\" srcset=\"https:\/\/pscsvh.com\/wp-content\/uploads\/2022\/10\/1-1024x682.jpg 1024w, https:\/\/pscsvh.com\/wp-content\/uploads\/2022\/10\/1-300x200.jpg 300w, https:\/\/pscsvh.com\/wp-content\/uploads\/2022\/10\/1-768x512.jpg 768w, https:\/\/pscsvh.com\/wp-content\/uploads\/2022\/10\/1-1536x1023.jpg 1536w, https:\/\/pscsvh.com\/wp-content\/uploads\/2022\/10\/1.jpg 1600w\" sizes=\"auto, (max-width: 1024px) 100vw, 1024px\" \/><\/a><\/figure>\n\n\n\n<figure class=\"wp-block-image size-large\"><a href=\"https:\/\/pscsvh.com\/wp-content\/uploads\/2022\/10\/2.jpg\"><img loading=\"lazy\" decoding=\"async\" width=\"1600\" height=\"1066\" data-id=\"3816\" src=\"https:\/\/pscsvh.com\/wp-content\/uploads\/2022\/10\/2-1024x682.jpg\" alt=\"\" class=\"wp-image-3816\" srcset=\"https:\/\/pscsvh.com\/wp-content\/uploads\/2022\/10\/2-1024x682.jpg 1024w, https:\/\/pscsvh.com\/wp-content\/uploads\/2022\/10\/2-300x200.jpg 300w, https:\/\/pscsvh.com\/wp-content\/uploads\/2022\/10\/2-768x512.jpg 768w, https:\/\/pscsvh.com\/wp-content\/uploads\/2022\/10\/2-1536x1023.jpg 1536w, https:\/\/pscsvh.com\/wp-content\/uploads\/2022\/10\/2.jpg 1600w\" sizes=\"auto, (max-width: 1600px) 100vw, 1600px\" \/><\/a><\/figure>\n\n\n\n<figure class=\"wp-block-image size-large\"><a href=\"https:\/\/pscsvh.com\/wp-content\/uploads\/2022\/10\/3.jpg\"><img loading=\"lazy\" decoding=\"async\" width=\"1024\" height=\"682\" data-id=\"3822\" src=\"https:\/\/pscsvh.com\/wp-content\/uploads\/2022\/10\/3-1024x682.jpg\" alt=\"\" class=\"wp-image-3822\" srcset=\"https:\/\/pscsvh.com\/wp-content\/uploads\/2022\/10\/3-1024x682.jpg 1024w, https:\/\/pscsvh.com\/wp-content\/uploads\/2022\/10\/3-300x200.jpg 300w, https:\/\/pscsvh.com\/wp-content\/uploads\/2022\/10\/3-768x512.jpg 768w, https:\/\/pscsvh.com\/wp-content\/uploads\/2022\/10\/3-1536x1023.jpg 1536w, https:\/\/pscsvh.com\/wp-content\/uploads\/2022\/10\/3.jpg 1600w\" sizes=\"auto, (max-width: 1024px) 100vw, 1024px\" \/><\/a><\/figure>\n\n\n\n<figure class=\"wp-block-image size-large\"><a href=\"https:\/\/pscsvh.com\/wp-content\/uploads\/2022\/10\/4.jpg\"><img loading=\"lazy\" decoding=\"async\" width=\"1024\" height=\"682\" data-id=\"3818\" src=\"https:\/\/pscsvh.com\/wp-content\/uploads\/2022\/10\/4-1024x682.jpg\" alt=\"\" class=\"wp-image-3818\" srcset=\"https:\/\/pscsvh.com\/wp-content\/uploads\/2022\/10\/4-1024x682.jpg 1024w, https:\/\/pscsvh.com\/wp-content\/uploads\/2022\/10\/4-300x200.jpg 300w, https:\/\/pscsvh.com\/wp-content\/uploads\/2022\/10\/4-768x512.jpg 768w, https:\/\/pscsvh.com\/wp-content\/uploads\/2022\/10\/4-1536x1023.jpg 1536w, https:\/\/pscsvh.com\/wp-content\/uploads\/2022\/10\/4.jpg 1600w\" sizes=\"auto, (max-width: 1024px) 100vw, 1024px\" \/><\/a><\/figure>\n\n\n\n<figure class=\"wp-block-image size-large\"><a href=\"https:\/\/pscsvh.com\/wp-content\/uploads\/2022\/10\/5.jpg\"><img loading=\"lazy\" decoding=\"async\" width=\"1024\" height=\"682\" data-id=\"3826\" src=\"https:\/\/pscsvh.com\/wp-content\/uploads\/2022\/10\/5-1024x682.jpg\" alt=\"\" class=\"wp-image-3826\" srcset=\"https:\/\/pscsvh.com\/wp-content\/uploads\/2022\/10\/5-1024x682.jpg 1024w, https:\/\/pscsvh.com\/wp-content\/uploads\/2022\/10\/5-300x200.jpg 300w, https:\/\/pscsvh.com\/wp-content\/uploads\/2022\/10\/5-768x512.jpg 768w, https:\/\/pscsvh.com\/wp-content\/uploads\/2022\/10\/5-1536x1023.jpg 1536w, https:\/\/pscsvh.com\/wp-content\/uploads\/2022\/10\/5.jpg 1600w\" sizes=\"auto, (max-width: 1024px) 100vw, 1024px\" \/><\/a><\/figure>\n\n\n\n<figure class=\"wp-block-image size-large\"><a href=\"https:\/\/pscsvh.com\/wp-content\/uploads\/2022\/10\/6.jpg\"><img loading=\"lazy\" decoding=\"async\" width=\"1024\" height=\"682\" data-id=\"3823\" src=\"https:\/\/pscsvh.com\/wp-content\/uploads\/2022\/10\/6-1024x682.jpg\" alt=\"\" class=\"wp-image-3823\" srcset=\"https:\/\/pscsvh.com\/wp-content\/uploads\/2022\/10\/6-1024x682.jpg 1024w, https:\/\/pscsvh.com\/wp-content\/uploads\/2022\/10\/6-300x200.jpg 300w, https:\/\/pscsvh.com\/wp-content\/uploads\/2022\/10\/6-768x512.jpg 768w, https:\/\/pscsvh.com\/wp-content\/uploads\/2022\/10\/6-1536x1023.jpg 1536w, https:\/\/pscsvh.com\/wp-content\/uploads\/2022\/10\/6.jpg 1600w\" sizes=\"auto, (max-width: 1024px) 100vw, 1024px\" \/><\/a><\/figure>\n\n\n\n<figure class=\"wp-block-image size-large\"><a href=\"https:\/\/pscsvh.com\/wp-content\/uploads\/2022\/10\/7.jpg\"><img loading=\"lazy\" decoding=\"async\" width=\"1024\" height=\"682\" data-id=\"3828\" src=\"https:\/\/pscsvh.com\/wp-content\/uploads\/2022\/10\/7-1024x682.jpg\" alt=\"\" class=\"wp-image-3828\" srcset=\"https:\/\/pscsvh.com\/wp-content\/uploads\/2022\/10\/7-1024x682.jpg 1024w, https:\/\/pscsvh.com\/wp-content\/uploads\/2022\/10\/7-300x200.jpg 300w, https:\/\/pscsvh.com\/wp-content\/uploads\/2022\/10\/7-768x512.jpg 768w, https:\/\/pscsvh.com\/wp-content\/uploads\/2022\/10\/7-1536x1023.jpg 1536w, https:\/\/pscsvh.com\/wp-content\/uploads\/2022\/10\/7.jpg 1600w\" sizes=\"auto, (max-width: 1024px) 100vw, 1024px\" \/><\/a><\/figure>\n\n\n\n<figure class=\"wp-block-image size-large\"><a href=\"https:\/\/pscsvh.com\/wp-content\/uploads\/2022\/10\/8.jpg\"><img loading=\"lazy\" decoding=\"async\" width=\"1024\" height=\"682\" data-id=\"3814\" src=\"https:\/\/pscsvh.com\/wp-content\/uploads\/2022\/10\/8-1024x682.jpg\" alt=\"\" class=\"wp-image-3814\" srcset=\"https:\/\/pscsvh.com\/wp-content\/uploads\/2022\/10\/8-1024x682.jpg 1024w, https:\/\/pscsvh.com\/wp-content\/uploads\/2022\/10\/8-300x200.jpg 300w, https:\/\/pscsvh.com\/wp-content\/uploads\/2022\/10\/8-768x512.jpg 768w, https:\/\/pscsvh.com\/wp-content\/uploads\/2022\/10\/8-1536x1023.jpg 1536w, https:\/\/pscsvh.com\/wp-content\/uploads\/2022\/10\/8.jpg 1600w\" sizes=\"auto, (max-width: 1024px) 100vw, 1024px\" \/><\/a><\/figure>\n<\/figure>\n","protected":false},"excerpt":{"rendered":"<p>L\u00b4alcalde Miguel Comino i el regidor d\u00b4esports, Xavi G\u00f3mez participen en el lliurament de premis del pen\u00faltim campionat puntuable.<\/p>\n","protected":false},"author":2,"featured_media":3815,"comment_status":"open","ping_status":"closed","sticky":false,"template":"","format":"standard","meta":{"_citadela_custom_class":"","footnotes":""},"categories":[57],"tags":[],"citadela-post-location":[42],"class_list":["post-3953","post","type-post","status-publish","format-standard","has-post-thumbnail","hentry","category-actualitat-vicentina"],"yoast_head":"<!-- This site is optimized with the Yoast SEO plugin v24.7 - https:\/\/yoast.com\/wordpress\/plugins\/seo\/ -->\n<title>Cursa dels Bons Amics a Sant Vicen\u00e7 dels Horts - PSC SVH<\/title>\n<meta name=\"description\" content=\"Cursa dels Bons Amics a Sant Vicen\u00e7 dels Horts. Un any m\u00e9s, se celebra la Cursa dels Bons Amics amb un recorregut pels carrers del Barri de la Vinyala.\" \/>\n<meta name=\"robots\" content=\"index, follow, max-snippet:-1, max-image-preview:large, max-video-preview:-1\" \/>\n<link rel=\"canonical\" href=\"https:\/\/pscsvh.com\/ca\/cursa-dels-bons-amics-a-sant-vicenc-dels-horts\/\" \/>\n<meta property=\"og:locale\" content=\"ca_ES\" \/>\n<meta property=\"og:type\" content=\"article\" \/>\n<meta property=\"og:title\" content=\"Cursa dels Bons Amics a Sant Vicen\u00e7 dels Horts - PSC SVH\" \/>\n<meta property=\"og:description\" content=\"Cursa dels Bons Amics a Sant Vicen\u00e7 dels Horts. Un any m\u00e9s, se celebra la Cursa dels Bons Amics amb un recorregut pels carrers del Barri de la Vinyala.\" \/>\n<meta property=\"og:url\" content=\"https:\/\/pscsvh.com\/ca\/cursa-dels-bons-amics-a-sant-vicenc-dels-horts\/\" \/>\n<meta property=\"og:site_name\" content=\"PSC SVH\" \/>\n<meta property=\"article:published_time\" content=\"2022-09-24T18:16:00+00:00\" \/>\n<meta property=\"article:modified_time\" content=\"2022-10-24T10:45:55+00:00\" \/>\n<meta property=\"og:image\" content=\"https:\/\/pscsvh.com\/wp-content\/uploads\/2022\/10\/8.jpg\" \/>\n\t<meta property=\"og:image:width\" content=\"1600\" \/>\n\t<meta property=\"og:image:height\" content=\"1066\" \/>\n\t<meta property=\"og:image:type\" content=\"image\/jpeg\" \/>\n<meta name=\"author\" content=\"PSC SVH\" \/>\n<meta name=\"twitter:card\" content=\"summary_large_image\" \/>\n<meta name=\"twitter:label1\" content=\"Escrit per\" \/>\n\t<meta name=\"twitter:data1\" content=\"PSC SVH\" \/>\n<script type=\"application\/ld+json\" class=\"yoast-schema-graph\">{\"@context\":\"https:\/\/schema.org\",\"@graph\":[{\"@type\":\"Article\",\"@id\":\"https:\/\/pscsvh.com\/ca\/cursa-dels-bons-amics-a-sant-vicenc-dels-horts\/#article\",\"isPartOf\":{\"@id\":\"https:\/\/pscsvh.com\/ca\/cursa-dels-bons-amics-a-sant-vicenc-dels-horts\/\"},\"author\":{\"name\":\"PSC SVH\",\"@id\":\"https:\/\/pscsvh.com\/ca\/#\/schema\/person\/6ad2cedf14b82878e2897de3ed64f1f9\"},\"headline\":\"Cursa dels Bons Amics a Sant Vicen\u00e7 dels Horts\",\"datePublished\":\"2022-09-24T18:16:00+00:00\",\"dateModified\":\"2022-10-24T10:45:55+00:00\",\"mainEntityOfPage\":{\"@id\":\"https:\/\/pscsvh.com\/ca\/cursa-dels-bons-amics-a-sant-vicenc-dels-horts\/\"},\"wordCount\":53,\"commentCount\":0,\"publisher\":{\"@id\":\"https:\/\/pscsvh.com\/ca\/#organization\"},\"image\":{\"@id\":\"https:\/\/pscsvh.com\/ca\/cursa-dels-bons-amics-a-sant-vicenc-dels-horts\/#primaryimage\"},\"thumbnailUrl\":\"https:\/\/pscsvh.com\/wp-content\/uploads\/2022\/10\/8.jpg\",\"articleSection\":[\"Actualitat Vicentina\"],\"inLanguage\":\"ca\",\"potentialAction\":[{\"@type\":\"CommentAction\",\"name\":\"Comment\",\"target\":[\"https:\/\/pscsvh.com\/ca\/cursa-dels-bons-amics-a-sant-vicenc-dels-horts\/#respond\"]}]},{\"@type\":\"WebPage\",\"@id\":\"https:\/\/pscsvh.com\/ca\/cursa-dels-bons-amics-a-sant-vicenc-dels-horts\/\",\"url\":\"https:\/\/pscsvh.com\/ca\/cursa-dels-bons-amics-a-sant-vicenc-dels-horts\/\",\"name\":\"Cursa dels Bons Amics a Sant Vicen\u00e7 dels Horts - PSC SVH\",\"isPartOf\":{\"@id\":\"https:\/\/pscsvh.com\/ca\/#website\"},\"primaryImageOfPage\":{\"@id\":\"https:\/\/pscsvh.com\/ca\/cursa-dels-bons-amics-a-sant-vicenc-dels-horts\/#primaryimage\"},\"image\":{\"@id\":\"https:\/\/pscsvh.com\/ca\/cursa-dels-bons-amics-a-sant-vicenc-dels-horts\/#primaryimage\"},\"thumbnailUrl\":\"https:\/\/pscsvh.com\/wp-content\/uploads\/2022\/10\/8.jpg\",\"datePublished\":\"2022-09-24T18:16:00+00:00\",\"dateModified\":\"2022-10-24T10:45:55+00:00\",\"description\":\"Cursa dels Bons Amics a Sant Vicen\u00e7 dels Horts. Un any m\u00e9s, se celebra la Cursa dels Bons Amics amb un recorregut pels carrers del Barri de la Vinyala.\",\"breadcrumb\":{\"@id\":\"https:\/\/pscsvh.com\/ca\/cursa-dels-bons-amics-a-sant-vicenc-dels-horts\/#breadcrumb\"},\"inLanguage\":\"ca\",\"potentialAction\":[{\"@type\":\"ReadAction\",\"target\":[\"https:\/\/pscsvh.com\/ca\/cursa-dels-bons-amics-a-sant-vicenc-dels-horts\/\"]}]},{\"@type\":\"ImageObject\",\"inLanguage\":\"ca\",\"@id\":\"https:\/\/pscsvh.com\/ca\/cursa-dels-bons-amics-a-sant-vicenc-dels-horts\/#primaryimage\",\"url\":\"https:\/\/pscsvh.com\/wp-content\/uploads\/2022\/10\/8.jpg\",\"contentUrl\":\"https:\/\/pscsvh.com\/wp-content\/uploads\/2022\/10\/8.jpg\",\"width\":1600,\"height\":1066},{\"@type\":\"BreadcrumbList\",\"@id\":\"https:\/\/pscsvh.com\/ca\/cursa-dels-bons-amics-a-sant-vicenc-dels-horts\/#breadcrumb\",\"itemListElement\":[{\"@type\":\"ListItem\",\"position\":1,\"name\":\"Portada\",\"item\":\"https:\/\/pscsvh.com\/ca\/\"},{\"@type\":\"ListItem\",\"position\":2,\"name\":\"Cursa dels Bons Amics a Sant Vicen\u00e7 dels Horts\"}]},{\"@type\":\"WebSite\",\"@id\":\"https:\/\/pscsvh.com\/ca\/#website\",\"url\":\"https:\/\/pscsvh.com\/ca\/\",\"name\":\"PSC SVH\",\"description\":\"El cambio que suma\",\"publisher\":{\"@id\":\"https:\/\/pscsvh.com\/ca\/#organization\"},\"potentialAction\":[{\"@type\":\"SearchAction\",\"target\":{\"@type\":\"EntryPoint\",\"urlTemplate\":\"https:\/\/pscsvh.com\/ca\/?s={search_term_string}\"},\"query-input\":{\"@type\":\"PropertyValueSpecification\",\"valueRequired\":true,\"valueName\":\"search_term_string\"}}],\"inLanguage\":\"ca\"},{\"@type\":\"Organization\",\"@id\":\"https:\/\/pscsvh.com\/ca\/#organization\",\"name\":\"PSC SVH\",\"url\":\"https:\/\/pscsvh.com\/ca\/\",\"logo\":{\"@type\":\"ImageObject\",\"inLanguage\":\"ca\",\"@id\":\"https:\/\/pscsvh.com\/ca\/#\/schema\/logo\/image\/\",\"url\":\"https:\/\/pscsvh.com\/wp-content\/uploads\/2022\/06\/cropped-Logo_SVh2-300x158-1.png\",\"contentUrl\":\"https:\/\/pscsvh.com\/wp-content\/uploads\/2022\/06\/cropped-Logo_SVh2-300x158-1.png\",\"width\":300,\"height\":158,\"caption\":\"PSC SVH\"},\"image\":{\"@id\":\"https:\/\/pscsvh.com\/ca\/#\/schema\/logo\/image\/\"}},{\"@type\":\"Person\",\"@id\":\"https:\/\/pscsvh.com\/ca\/#\/schema\/person\/6ad2cedf14b82878e2897de3ed64f1f9\",\"name\":\"PSC SVH\",\"image\":{\"@type\":\"ImageObject\",\"inLanguage\":\"ca\",\"@id\":\"https:\/\/pscsvh.com\/ca\/#\/schema\/person\/image\/\",\"url\":\"https:\/\/secure.gravatar.com\/avatar\/a019c39072cc7d669be4d6e2cda099b4e834789e55938a3ec58bef829a37db42?s=96&d=mm&r=g\",\"contentUrl\":\"https:\/\/secure.gravatar.com\/avatar\/a019c39072cc7d669be4d6e2cda099b4e834789e55938a3ec58bef829a37db42?s=96&d=mm&r=g\",\"caption\":\"PSC SVH\"},\"url\":\"https:\/\/pscsvh.com\/ca\/author\/admin-2\/\"}]}<\/script>\n<!-- \/ Yoast SEO plugin. -->","yoast_head_json":{"title":"Cursa dels Bons Amics a Sant Vicen\u00e7 dels Horts - PSC SVH","description":"Cursa dels Bons Amics a Sant Vicen\u00e7 dels Horts. Un any m\u00e9s, se celebra la Cursa dels Bons Amics amb un recorregut pels carrers del Barri de la Vinyala.","robots":{"index":"index","follow":"follow","max-snippet":"max-snippet:-1","max-image-preview":"max-image-preview:large","max-video-preview":"max-video-preview:-1"},"canonical":"https:\/\/pscsvh.com\/ca\/cursa-dels-bons-amics-a-sant-vicenc-dels-horts\/","og_locale":"ca_ES","og_type":"article","og_title":"Cursa dels Bons Amics a Sant Vicen\u00e7 dels Horts - PSC SVH","og_description":"Cursa dels Bons Amics a Sant Vicen\u00e7 dels Horts. Un any m\u00e9s, se celebra la Cursa dels Bons Amics amb un recorregut pels carrers del Barri de la Vinyala.","og_url":"https:\/\/pscsvh.com\/ca\/cursa-dels-bons-amics-a-sant-vicenc-dels-horts\/","og_site_name":"PSC SVH","article_published_time":"2022-09-24T18:16:00+00:00","article_modified_time":"2022-10-24T10:45:55+00:00","og_image":[{"width":1600,"height":1066,"url":"https:\/\/pscsvh.com\/wp-content\/uploads\/2022\/10\/8.jpg","type":"image\/jpeg"}],"author":"PSC SVH","twitter_card":"summary_large_image","twitter_misc":{"Escrit per":"PSC SVH"},"schema":{"@context":"https:\/\/schema.org","@graph":[{"@type":"Article","@id":"https:\/\/pscsvh.com\/ca\/cursa-dels-bons-amics-a-sant-vicenc-dels-horts\/#article","isPartOf":{"@id":"https:\/\/pscsvh.com\/ca\/cursa-dels-bons-amics-a-sant-vicenc-dels-horts\/"},"author":{"name":"PSC SVH","@id":"https:\/\/pscsvh.com\/ca\/#\/schema\/person\/6ad2cedf14b82878e2897de3ed64f1f9"},"headline":"Cursa dels Bons Amics a Sant Vicen\u00e7 dels Horts","datePublished":"2022-09-24T18:16:00+00:00","dateModified":"2022-10-24T10:45:55+00:00","mainEntityOfPage":{"@id":"https:\/\/pscsvh.com\/ca\/cursa-dels-bons-amics-a-sant-vicenc-dels-horts\/"},"wordCount":53,"commentCount":0,"publisher":{"@id":"https:\/\/pscsvh.com\/ca\/#organization"},"image":{"@id":"https:\/\/pscsvh.com\/ca\/cursa-dels-bons-amics-a-sant-vicenc-dels-horts\/#primaryimage"},"thumbnailUrl":"https:\/\/pscsvh.com\/wp-content\/uploads\/2022\/10\/8.jpg","articleSection":["Actualitat Vicentina"],"inLanguage":"ca","potentialAction":[{"@type":"CommentAction","name":"Comment","target":["https:\/\/pscsvh.com\/ca\/cursa-dels-bons-amics-a-sant-vicenc-dels-horts\/#respond"]}]},{"@type":"WebPage","@id":"https:\/\/pscsvh.com\/ca\/cursa-dels-bons-amics-a-sant-vicenc-dels-horts\/","url":"https:\/\/pscsvh.com\/ca\/cursa-dels-bons-amics-a-sant-vicenc-dels-horts\/","name":"Cursa dels Bons Amics a Sant Vicen\u00e7 dels Horts - PSC SVH","isPartOf":{"@id":"https:\/\/pscsvh.com\/ca\/#website"},"primaryImageOfPage":{"@id":"https:\/\/pscsvh.com\/ca\/cursa-dels-bons-amics-a-sant-vicenc-dels-horts\/#primaryimage"},"image":{"@id":"https:\/\/pscsvh.com\/ca\/cursa-dels-bons-amics-a-sant-vicenc-dels-horts\/#primaryimage"},"thumbnailUrl":"https:\/\/pscsvh.com\/wp-content\/uploads\/2022\/10\/8.jpg","datePublished":"2022-09-24T18:16:00+00:00","dateModified":"2022-10-24T10:45:55+00:00","description":"Cursa dels Bons Amics a Sant Vicen\u00e7 dels Horts. Un any m\u00e9s, se celebra la Cursa dels Bons Amics amb un recorregut pels carrers del Barri de la Vinyala.","breadcrumb":{"@id":"https:\/\/pscsvh.com\/ca\/cursa-dels-bons-amics-a-sant-vicenc-dels-horts\/#breadcrumb"},"inLanguage":"ca","potentialAction":[{"@type":"ReadAction","target":["https:\/\/pscsvh.com\/ca\/cursa-dels-bons-amics-a-sant-vicenc-dels-horts\/"]}]},{"@type":"ImageObject","inLanguage":"ca","@id":"https:\/\/pscsvh.com\/ca\/cursa-dels-bons-amics-a-sant-vicenc-dels-horts\/#primaryimage","url":"https:\/\/pscsvh.com\/wp-content\/uploads\/2022\/10\/8.jpg","contentUrl":"https:\/\/pscsvh.com\/wp-content\/uploads\/2022\/10\/8.jpg","width":1600,"height":1066},{"@type":"BreadcrumbList","@id":"https:\/\/pscsvh.com\/ca\/cursa-dels-bons-amics-a-sant-vicenc-dels-horts\/#breadcrumb","itemListElement":[{"@type":"ListItem","position":1,"name":"Portada","item":"https:\/\/pscsvh.com\/ca\/"},{"@type":"ListItem","position":2,"name":"Cursa dels Bons Amics a Sant Vicen\u00e7 dels Horts"}]},{"@type":"WebSite","@id":"https:\/\/pscsvh.com\/ca\/#website","url":"https:\/\/pscsvh.com\/ca\/","name":"PSC SVH","description":"El cambio que suma","publisher":{"@id":"https:\/\/pscsvh.com\/ca\/#organization"},"potentialAction":[{"@type":"SearchAction","target":{"@type":"EntryPoint","urlTemplate":"https:\/\/pscsvh.com\/ca\/?s={search_term_string}"},"query-input":{"@type":"PropertyValueSpecification","valueRequired":true,"valueName":"search_term_string"}}],"inLanguage":"ca"},{"@type":"Organization","@id":"https:\/\/pscsvh.com\/ca\/#organization","name":"PSC SVH","url":"https:\/\/pscsvh.com\/ca\/","logo":{"@type":"ImageObject","inLanguage":"ca","@id":"https:\/\/pscsvh.com\/ca\/#\/schema\/logo\/image\/","url":"https:\/\/pscsvh.com\/wp-content\/uploads\/2022\/06\/cropped-Logo_SVh2-300x158-1.png","contentUrl":"https:\/\/pscsvh.com\/wp-content\/uploads\/2022\/06\/cropped-Logo_SVh2-300x158-1.png","width":300,"height":158,"caption":"PSC SVH"},"image":{"@id":"https:\/\/pscsvh.com\/ca\/#\/schema\/logo\/image\/"}},{"@type":"Person","@id":"https:\/\/pscsvh.com\/ca\/#\/schema\/person\/6ad2cedf14b82878e2897de3ed64f1f9","name":"PSC SVH","image":{"@type":"ImageObject","inLanguage":"ca","@id":"https:\/\/pscsvh.com\/ca\/#\/schema\/person\/image\/","url":"https:\/\/secure.gravatar.com\/avatar\/a019c39072cc7d669be4d6e2cda099b4e834789e55938a3ec58bef829a37db42?s=96&d=mm&r=g","contentUrl":"https:\/\/secure.gravatar.com\/avatar\/a019c39072cc7d669be4d6e2cda099b4e834789e55938a3ec58bef829a37db42?s=96&d=mm&r=g","caption":"PSC SVH"},"url":"https:\/\/pscsvh.com\/ca\/author\/admin-2\/"}]}},"_links":{"self":[{"href":"https:\/\/pscsvh.com\/ca\/wp-json\/wp\/v2\/posts\/3953","targetHints":{"allow":["GET"]}}],"collection":[{"href":"https:\/\/pscsvh.com\/ca\/wp-json\/wp\/v2\/posts"}],"about":[{"href":"https:\/\/pscsvh.com\/ca\/wp-json\/wp\/v2\/types\/post"}],"author":[{"embeddable":true,"href":"https:\/\/pscsvh.com\/ca\/wp-json\/wp\/v2\/users\/2"}],"replies":[{"embeddable":true,"href":"https:\/\/pscsvh.com\/ca\/wp-json\/wp\/v2\/comments?post=3953"}],"version-history":[{"count":1,"href":"https:\/\/pscsvh.com\/ca\/wp-json\/wp\/v2\/posts\/3953\/revisions"}],"predecessor-version":[{"id":3954,"href":"https:\/\/pscsvh.com\/ca\/wp-json\/wp\/v2\/posts\/3953\/revisions\/3954"}],"wp:featuredmedia":[{"embeddable":true,"href":"https:\/\/pscsvh.com\/ca\/wp-json\/wp\/v2\/media\/3815"}],"wp:attachment":[{"href":"https:\/\/pscsvh.com\/ca\/wp-json\/wp\/v2\/media?parent=3953"}],"wp:term":[{"taxonomy":"category","embeddable":true,"href":"https:\/\/pscsvh.com\/ca\/wp-json\/wp\/v2\/categories?post=3953"},{"taxonomy":"post_tag","embeddable":true,"href":"https:\/\/pscsvh.com\/ca\/wp-json\/wp\/v2\/tags?post=3953"},{"taxonomy":"citadela-post-location","embeddable":true,"href":"https:\/\/pscsvh.com\/ca\/wp-json\/wp\/v2\/citadela-post-location?post=3953"}],"curies":[{"name":"wp","href":"https:\/\/api.w.org\/{rel}","templated":true}]}}