{"id":3943,"date":"2022-09-22T15:36:00","date_gmt":"2022-09-22T13:36:00","guid":{"rendered":"https:\/\/pscsvh.com\/el-conseller-deducacio-josep-gonzalez-cambray-visita-sant-vicenc-dels-horts\/"},"modified":"2022-10-24T12:44:44","modified_gmt":"2022-10-24T10:44:44","slug":"el-conseller-deducacio-josep-gonzalez-cambray-visita-sant-vicenc-dels-horts","status":"publish","type":"post","link":"https:\/\/pscsvh.com\/ca\/el-conseller-deducacio-josep-gonzalez-cambray-visita-sant-vicenc-dels-horts\/","title":{"rendered":"El conseller d&#8217;Educaci\u00f3 Josep Gonz\u00e0lez-Cambray visita Sant Vicen\u00e7 dels Horts"},"content":{"rendered":"\n<p><strong>L&#8217;alcalde de Sant Vicen\u00e7 dels Horts, <a href=\"https:\/\/www.instagram.com\/p\/Ci0I0JyIpRR\/?hl=es\" target=\"_blank\" rel=\"noreferrer noopener\">Miguel Comino<\/a> i la regidora d&#8217;educaci\u00f3 <a href=\"https:\/\/www.instagram.com\/higueras_patricia\/?hl=es\" target=\"_blank\" rel=\"noreferrer noopener\">Patricia Higueras<\/a> , han acompanyat el <em>Conseller d&#8217;Educaci\u00f3<\/em><\/strong> als centres educatius de la ciutat.<\/p>\n\n<p>El conseller <a href=\"https:\/\/www.instagram.com\/josepgcambray\/?hl=es\">Josep Gonz\u00e0lez Cambray<\/a> ha visitat aquest mat\u00ed <a href=\"https:\/\/www.instagram.com\/explore\/tags\/santvicen%C3%A7delshorts\/?hl=es\">Sant Vicen\u00e7 dels Horts<\/a> .<br\/>Primer s&#8217;ha reunit amb les direccions dels centres educatius de la ciutat i despr\u00e9s ha visitat l&#8217;Escola Sant Jordi.<\/p>\n\n<p>Durant aquesta visita hem pogut comprovar el grau dexecuci\u00f3 de les obres de millora de lEscola, aix\u00ed com la posada en marxa de la cuina i el menjador.<\/p>\n\n<p>Des de l&#8217;ajuntament hem demanat comprom\u00eds pressupostari per part de la Generalitat de Catalunya i ens hem mostrat oberts a ajudar en la mesura de les nostres possibilitats per poder acabar totes les actuacions pendents a l&#8217;Escola al m\u00e9s aviat possible.<\/p>\n\n<figure class=\"wp-block-gallery has-nested-images columns-default is-cropped wp-block-gallery-1 is-layout-flex wp-block-gallery-is-layout-flex\">\n<figure class=\"wp-block-image size-large\"><a href=\"https:\/\/pscsvh.com\/wp-content\/uploads\/2022\/10\/01-1.jpg\"><img loading=\"lazy\" decoding=\"async\" width=\"1024\" height=\"679\" data-id=\"3844\" src=\"https:\/\/pscsvh.com\/wp-content\/uploads\/2022\/10\/01-1-1024x679.jpg\" alt=\"\" class=\"wp-image-3844\" srcset=\"https:\/\/pscsvh.com\/wp-content\/uploads\/2022\/10\/01-1-1024x679.jpg 1024w, https:\/\/pscsvh.com\/wp-content\/uploads\/2022\/10\/01-1-300x199.jpg 300w, https:\/\/pscsvh.com\/wp-content\/uploads\/2022\/10\/01-1-768x510.jpg 768w, https:\/\/pscsvh.com\/wp-content\/uploads\/2022\/10\/01-1.jpg 1284w\" sizes=\"auto, (max-width: 1024px) 100vw, 1024px\" \/><\/a><\/figure>\n\n\n\n<figure class=\"wp-block-image size-large\"><a href=\"https:\/\/pscsvh.com\/wp-content\/uploads\/2022\/10\/02-1.jpg\"><img loading=\"lazy\" decoding=\"async\" width=\"1024\" height=\"672\" data-id=\"3856\" src=\"https:\/\/pscsvh.com\/wp-content\/uploads\/2022\/10\/02-1-1024x672.jpg\" alt=\"\" class=\"wp-image-3856\" srcset=\"https:\/\/pscsvh.com\/wp-content\/uploads\/2022\/10\/02-1-1024x672.jpg 1024w, https:\/\/pscsvh.com\/wp-content\/uploads\/2022\/10\/02-1-300x197.jpg 300w, https:\/\/pscsvh.com\/wp-content\/uploads\/2022\/10\/02-1-768x504.jpg 768w, https:\/\/pscsvh.com\/wp-content\/uploads\/2022\/10\/02-1.jpg 1284w\" sizes=\"auto, (max-width: 1024px) 100vw, 1024px\" \/><\/a><\/figure>\n\n\n\n<figure class=\"wp-block-image size-large\"><a href=\"https:\/\/pscsvh.com\/wp-content\/uploads\/2022\/10\/03-1.jpg\"><img loading=\"lazy\" decoding=\"async\" width=\"1024\" height=\"668\" data-id=\"3848\" src=\"https:\/\/pscsvh.com\/wp-content\/uploads\/2022\/10\/03-1-1024x668.jpg\" alt=\"\" class=\"wp-image-3848\" srcset=\"https:\/\/pscsvh.com\/wp-content\/uploads\/2022\/10\/03-1-1024x668.jpg 1024w, https:\/\/pscsvh.com\/wp-content\/uploads\/2022\/10\/03-1-300x196.jpg 300w, https:\/\/pscsvh.com\/wp-content\/uploads\/2022\/10\/03-1-768x501.jpg 768w, https:\/\/pscsvh.com\/wp-content\/uploads\/2022\/10\/03-1.jpg 1284w\" sizes=\"auto, (max-width: 1024px) 100vw, 1024px\" \/><\/a><\/figure>\n\n\n\n<figure class=\"wp-block-image size-large\"><a href=\"https:\/\/pscsvh.com\/wp-content\/uploads\/2022\/10\/04.jpg\"><img loading=\"lazy\" decoding=\"async\" width=\"1024\" height=\"678\" data-id=\"3845\" src=\"https:\/\/pscsvh.com\/wp-content\/uploads\/2022\/10\/04-1024x678.jpg\" alt=\"\" class=\"wp-image-3845\" srcset=\"https:\/\/pscsvh.com\/wp-content\/uploads\/2022\/10\/04-1024x678.jpg 1024w, https:\/\/pscsvh.com\/wp-content\/uploads\/2022\/10\/04-300x199.jpg 300w, https:\/\/pscsvh.com\/wp-content\/uploads\/2022\/10\/04-768x508.jpg 768w, https:\/\/pscsvh.com\/wp-content\/uploads\/2022\/10\/04.jpg 1284w\" sizes=\"auto, (max-width: 1024px) 100vw, 1024px\" \/><\/a><\/figure>\n\n\n\n<figure class=\"wp-block-image size-large\"><a href=\"https:\/\/pscsvh.com\/wp-content\/uploads\/2022\/10\/05.jpg\"><img loading=\"lazy\" decoding=\"async\" width=\"1024\" height=\"683\" data-id=\"3852\" src=\"https:\/\/pscsvh.com\/wp-content\/uploads\/2022\/10\/05-1024x683.jpg\" alt=\"\" class=\"wp-image-3852\" srcset=\"https:\/\/pscsvh.com\/wp-content\/uploads\/2022\/10\/05-1024x683.jpg 1024w, https:\/\/pscsvh.com\/wp-content\/uploads\/2022\/10\/05-300x200.jpg 300w, https:\/\/pscsvh.com\/wp-content\/uploads\/2022\/10\/05-768x513.jpg 768w, https:\/\/pscsvh.com\/wp-content\/uploads\/2022\/10\/05.jpg 1284w\" sizes=\"auto, (max-width: 1024px) 100vw, 1024px\" \/><\/a><\/figure>\n\n\n\n<figure class=\"wp-block-image size-large\"><a href=\"https:\/\/pscsvh.com\/wp-content\/uploads\/2022\/10\/06.jpg\"><img loading=\"lazy\" decoding=\"async\" width=\"1024\" height=\"677\" data-id=\"3854\" src=\"https:\/\/pscsvh.com\/wp-content\/uploads\/2022\/10\/06-1024x677.jpg\" alt=\"\" class=\"wp-image-3854\" srcset=\"https:\/\/pscsvh.com\/wp-content\/uploads\/2022\/10\/06-1024x677.jpg 1024w, https:\/\/pscsvh.com\/wp-content\/uploads\/2022\/10\/06-300x198.jpg 300w, https:\/\/pscsvh.com\/wp-content\/uploads\/2022\/10\/06-768x508.jpg 768w, https:\/\/pscsvh.com\/wp-content\/uploads\/2022\/10\/06.jpg 1284w\" sizes=\"auto, (max-width: 1024px) 100vw, 1024px\" \/><\/a><\/figure>\n\n\n\n<figure class=\"wp-block-image size-large\"><a href=\"https:\/\/pscsvh.com\/wp-content\/uploads\/2022\/10\/07.jpg\"><img loading=\"lazy\" decoding=\"async\" width=\"1024\" height=\"675\" data-id=\"3850\" src=\"https:\/\/pscsvh.com\/wp-content\/uploads\/2022\/10\/07-1024x675.jpg\" alt=\"\" class=\"wp-image-3850\" srcset=\"https:\/\/pscsvh.com\/wp-content\/uploads\/2022\/10\/07-1024x675.jpg 1024w, https:\/\/pscsvh.com\/wp-content\/uploads\/2022\/10\/07-300x198.jpg 300w, https:\/\/pscsvh.com\/wp-content\/uploads\/2022\/10\/07-768x507.jpg 768w, https:\/\/pscsvh.com\/wp-content\/uploads\/2022\/10\/07.jpg 1284w\" sizes=\"auto, (max-width: 1024px) 100vw, 1024px\" \/><\/a><\/figure>\n<\/figure>\n","protected":false},"excerpt":{"rendered":"<p>L\u00b4alcalde de Sant Vicen\u00e7 dels Horts, Miguel Comino i la regidora d\u00b4educaci\u00f3 Patricia Higueras, han acompanyat el Conseller d\u00b4Educaci\u00f3 als centres educatius de la ciutat.<\/p>\n","protected":false},"author":2,"featured_media":3851,"comment_status":"open","ping_status":"closed","sticky":false,"template":"","format":"standard","meta":{"_citadela_custom_class":"","footnotes":""},"categories":[57],"tags":[],"citadela-post-location":[42],"class_list":["post-3943","post","type-post","status-publish","format-standard","has-post-thumbnail","hentry","category-actualitat-vicentina"],"yoast_head":"<!-- This site is optimized with the Yoast SEO plugin v24.7 - https:\/\/yoast.com\/wordpress\/plugins\/seo\/ -->\n<title>El conseller d&#039;Educaci\u00f3 Josep Gonz\u00e0lez-Cambray visita Sant Vicen\u00e7 dels Horts - PSC SVH<\/title>\n<meta name=\"robots\" content=\"index, follow, max-snippet:-1, max-image-preview:large, max-video-preview:-1\" \/>\n<link rel=\"canonical\" href=\"https:\/\/pscsvh.com\/ca\/el-conseller-deducacio-josep-gonzalez-cambray-visita-sant-vicenc-dels-horts\/\" \/>\n<meta property=\"og:locale\" content=\"ca_ES\" \/>\n<meta property=\"og:type\" content=\"article\" \/>\n<meta property=\"og:title\" content=\"El conseller d&#039;Educaci\u00f3 Josep Gonz\u00e0lez-Cambray visita Sant Vicen\u00e7 dels Horts - PSC SVH\" \/>\n<meta property=\"og:description\" content=\"L\u00b4alcalde de Sant Vicen\u00e7 dels Horts, Miguel Comino i la regidora d\u00b4educaci\u00f3 Patricia Higueras, han acompanyat el Conseller d\u00b4Educaci\u00f3 als centres educatius de la ciutat.\" \/>\n<meta property=\"og:url\" content=\"https:\/\/pscsvh.com\/ca\/el-conseller-deducacio-josep-gonzalez-cambray-visita-sant-vicenc-dels-horts\/\" \/>\n<meta property=\"og:site_name\" content=\"PSC SVH\" \/>\n<meta property=\"article:published_time\" content=\"2022-09-22T13:36:00+00:00\" \/>\n<meta property=\"article:modified_time\" content=\"2022-10-24T10:44:44+00:00\" \/>\n<meta property=\"og:image\" content=\"https:\/\/pscsvh.com\/wp-content\/uploads\/2022\/10\/07.jpg\" \/>\n\t<meta property=\"og:image:width\" content=\"1284\" \/>\n\t<meta property=\"og:image:height\" content=\"847\" \/>\n\t<meta property=\"og:image:type\" content=\"image\/jpeg\" \/>\n<meta name=\"author\" content=\"PSC SVH\" \/>\n<meta name=\"twitter:card\" content=\"summary_large_image\" \/>\n<meta name=\"twitter:label1\" content=\"Escrit per\" \/>\n\t<meta name=\"twitter:data1\" content=\"PSC SVH\" \/>\n\t<meta name=\"twitter:label2\" content=\"Temps estimat de lectura\" \/>\n\t<meta name=\"twitter:data2\" content=\"1 minut\" \/>\n<script type=\"application\/ld+json\" class=\"yoast-schema-graph\">{\"@context\":\"https:\/\/schema.org\",\"@graph\":[{\"@type\":\"Article\",\"@id\":\"https:\/\/pscsvh.com\/ca\/el-conseller-deducacio-josep-gonzalez-cambray-visita-sant-vicenc-dels-horts\/#article\",\"isPartOf\":{\"@id\":\"https:\/\/pscsvh.com\/ca\/el-conseller-deducacio-josep-gonzalez-cambray-visita-sant-vicenc-dels-horts\/\"},\"author\":{\"name\":\"PSC SVH\",\"@id\":\"https:\/\/pscsvh.com\/ca\/#\/schema\/person\/6ad2cedf14b82878e2897de3ed64f1f9\"},\"headline\":\"El conseller d&#8217;Educaci\u00f3 Josep Gonz\u00e0lez-Cambray visita Sant Vicen\u00e7 dels Horts\",\"datePublished\":\"2022-09-22T13:36:00+00:00\",\"dateModified\":\"2022-10-24T10:44:44+00:00\",\"mainEntityOfPage\":{\"@id\":\"https:\/\/pscsvh.com\/ca\/el-conseller-deducacio-josep-gonzalez-cambray-visita-sant-vicenc-dels-horts\/\"},\"wordCount\":149,\"commentCount\":0,\"publisher\":{\"@id\":\"https:\/\/pscsvh.com\/ca\/#organization\"},\"image\":{\"@id\":\"https:\/\/pscsvh.com\/ca\/el-conseller-deducacio-josep-gonzalez-cambray-visita-sant-vicenc-dels-horts\/#primaryimage\"},\"thumbnailUrl\":\"https:\/\/pscsvh.com\/wp-content\/uploads\/2022\/10\/07.jpg\",\"articleSection\":[\"Actualitat Vicentina\"],\"inLanguage\":\"ca\",\"potentialAction\":[{\"@type\":\"CommentAction\",\"name\":\"Comment\",\"target\":[\"https:\/\/pscsvh.com\/ca\/el-conseller-deducacio-josep-gonzalez-cambray-visita-sant-vicenc-dels-horts\/#respond\"]}]},{\"@type\":\"WebPage\",\"@id\":\"https:\/\/pscsvh.com\/ca\/el-conseller-deducacio-josep-gonzalez-cambray-visita-sant-vicenc-dels-horts\/\",\"url\":\"https:\/\/pscsvh.com\/ca\/el-conseller-deducacio-josep-gonzalez-cambray-visita-sant-vicenc-dels-horts\/\",\"name\":\"El conseller d'Educaci\u00f3 Josep Gonz\u00e0lez-Cambray visita Sant Vicen\u00e7 dels Horts - PSC SVH\",\"isPartOf\":{\"@id\":\"https:\/\/pscsvh.com\/ca\/#website\"},\"primaryImageOfPage\":{\"@id\":\"https:\/\/pscsvh.com\/ca\/el-conseller-deducacio-josep-gonzalez-cambray-visita-sant-vicenc-dels-horts\/#primaryimage\"},\"image\":{\"@id\":\"https:\/\/pscsvh.com\/ca\/el-conseller-deducacio-josep-gonzalez-cambray-visita-sant-vicenc-dels-horts\/#primaryimage\"},\"thumbnailUrl\":\"https:\/\/pscsvh.com\/wp-content\/uploads\/2022\/10\/07.jpg\",\"datePublished\":\"2022-09-22T13:36:00+00:00\",\"dateModified\":\"2022-10-24T10:44:44+00:00\",\"breadcrumb\":{\"@id\":\"https:\/\/pscsvh.com\/ca\/el-conseller-deducacio-josep-gonzalez-cambray-visita-sant-vicenc-dels-horts\/#breadcrumb\"},\"inLanguage\":\"ca\",\"potentialAction\":[{\"@type\":\"ReadAction\",\"target\":[\"https:\/\/pscsvh.com\/ca\/el-conseller-deducacio-josep-gonzalez-cambray-visita-sant-vicenc-dels-horts\/\"]}]},{\"@type\":\"ImageObject\",\"inLanguage\":\"ca\",\"@id\":\"https:\/\/pscsvh.com\/ca\/el-conseller-deducacio-josep-gonzalez-cambray-visita-sant-vicenc-dels-horts\/#primaryimage\",\"url\":\"https:\/\/pscsvh.com\/wp-content\/uploads\/2022\/10\/07.jpg\",\"contentUrl\":\"https:\/\/pscsvh.com\/wp-content\/uploads\/2022\/10\/07.jpg\",\"width\":1284,\"height\":847},{\"@type\":\"BreadcrumbList\",\"@id\":\"https:\/\/pscsvh.com\/ca\/el-conseller-deducacio-josep-gonzalez-cambray-visita-sant-vicenc-dels-horts\/#breadcrumb\",\"itemListElement\":[{\"@type\":\"ListItem\",\"position\":1,\"name\":\"Portada\",\"item\":\"https:\/\/pscsvh.com\/ca\/\"},{\"@type\":\"ListItem\",\"position\":2,\"name\":\"El conseller d&#8217;Educaci\u00f3 Josep Gonz\u00e0lez-Cambray visita Sant Vicen\u00e7 dels Horts\"}]},{\"@type\":\"WebSite\",\"@id\":\"https:\/\/pscsvh.com\/ca\/#website\",\"url\":\"https:\/\/pscsvh.com\/ca\/\",\"name\":\"PSC SVH\",\"description\":\"El cambio que suma\",\"publisher\":{\"@id\":\"https:\/\/pscsvh.com\/ca\/#organization\"},\"potentialAction\":[{\"@type\":\"SearchAction\",\"target\":{\"@type\":\"EntryPoint\",\"urlTemplate\":\"https:\/\/pscsvh.com\/ca\/?s={search_term_string}\"},\"query-input\":{\"@type\":\"PropertyValueSpecification\",\"valueRequired\":true,\"valueName\":\"search_term_string\"}}],\"inLanguage\":\"ca\"},{\"@type\":\"Organization\",\"@id\":\"https:\/\/pscsvh.com\/ca\/#organization\",\"name\":\"PSC SVH\",\"url\":\"https:\/\/pscsvh.com\/ca\/\",\"logo\":{\"@type\":\"ImageObject\",\"inLanguage\":\"ca\",\"@id\":\"https:\/\/pscsvh.com\/ca\/#\/schema\/logo\/image\/\",\"url\":\"https:\/\/pscsvh.com\/wp-content\/uploads\/2022\/06\/cropped-Logo_SVh2-300x158-1.png\",\"contentUrl\":\"https:\/\/pscsvh.com\/wp-content\/uploads\/2022\/06\/cropped-Logo_SVh2-300x158-1.png\",\"width\":300,\"height\":158,\"caption\":\"PSC SVH\"},\"image\":{\"@id\":\"https:\/\/pscsvh.com\/ca\/#\/schema\/logo\/image\/\"}},{\"@type\":\"Person\",\"@id\":\"https:\/\/pscsvh.com\/ca\/#\/schema\/person\/6ad2cedf14b82878e2897de3ed64f1f9\",\"name\":\"PSC SVH\",\"image\":{\"@type\":\"ImageObject\",\"inLanguage\":\"ca\",\"@id\":\"https:\/\/pscsvh.com\/ca\/#\/schema\/person\/image\/\",\"url\":\"https:\/\/secure.gravatar.com\/avatar\/a019c39072cc7d669be4d6e2cda099b4e834789e55938a3ec58bef829a37db42?s=96&d=mm&r=g\",\"contentUrl\":\"https:\/\/secure.gravatar.com\/avatar\/a019c39072cc7d669be4d6e2cda099b4e834789e55938a3ec58bef829a37db42?s=96&d=mm&r=g\",\"caption\":\"PSC SVH\"},\"url\":\"https:\/\/pscsvh.com\/ca\/author\/admin-2\/\"}]}<\/script>\n<!-- \/ Yoast SEO plugin. -->","yoast_head_json":{"title":"El conseller d'Educaci\u00f3 Josep Gonz\u00e0lez-Cambray visita Sant Vicen\u00e7 dels Horts - PSC SVH","robots":{"index":"index","follow":"follow","max-snippet":"max-snippet:-1","max-image-preview":"max-image-preview:large","max-video-preview":"max-video-preview:-1"},"canonical":"https:\/\/pscsvh.com\/ca\/el-conseller-deducacio-josep-gonzalez-cambray-visita-sant-vicenc-dels-horts\/","og_locale":"ca_ES","og_type":"article","og_title":"El conseller d'Educaci\u00f3 Josep Gonz\u00e0lez-Cambray visita Sant Vicen\u00e7 dels Horts - PSC SVH","og_description":"L\u00b4alcalde de Sant Vicen\u00e7 dels Horts, Miguel Comino i la regidora d\u00b4educaci\u00f3 Patricia Higueras, han acompanyat el Conseller d\u00b4Educaci\u00f3 als centres educatius de la ciutat.","og_url":"https:\/\/pscsvh.com\/ca\/el-conseller-deducacio-josep-gonzalez-cambray-visita-sant-vicenc-dels-horts\/","og_site_name":"PSC SVH","article_published_time":"2022-09-22T13:36:00+00:00","article_modified_time":"2022-10-24T10:44:44+00:00","og_image":[{"width":1284,"height":847,"url":"https:\/\/pscsvh.com\/wp-content\/uploads\/2022\/10\/07.jpg","type":"image\/jpeg"}],"author":"PSC SVH","twitter_card":"summary_large_image","twitter_misc":{"Escrit per":"PSC SVH","Temps estimat de lectura":"1 minut"},"schema":{"@context":"https:\/\/schema.org","@graph":[{"@type":"Article","@id":"https:\/\/pscsvh.com\/ca\/el-conseller-deducacio-josep-gonzalez-cambray-visita-sant-vicenc-dels-horts\/#article","isPartOf":{"@id":"https:\/\/pscsvh.com\/ca\/el-conseller-deducacio-josep-gonzalez-cambray-visita-sant-vicenc-dels-horts\/"},"author":{"name":"PSC SVH","@id":"https:\/\/pscsvh.com\/ca\/#\/schema\/person\/6ad2cedf14b82878e2897de3ed64f1f9"},"headline":"El conseller d&#8217;Educaci\u00f3 Josep Gonz\u00e0lez-Cambray visita Sant Vicen\u00e7 dels Horts","datePublished":"2022-09-22T13:36:00+00:00","dateModified":"2022-10-24T10:44:44+00:00","mainEntityOfPage":{"@id":"https:\/\/pscsvh.com\/ca\/el-conseller-deducacio-josep-gonzalez-cambray-visita-sant-vicenc-dels-horts\/"},"wordCount":149,"commentCount":0,"publisher":{"@id":"https:\/\/pscsvh.com\/ca\/#organization"},"image":{"@id":"https:\/\/pscsvh.com\/ca\/el-conseller-deducacio-josep-gonzalez-cambray-visita-sant-vicenc-dels-horts\/#primaryimage"},"thumbnailUrl":"https:\/\/pscsvh.com\/wp-content\/uploads\/2022\/10\/07.jpg","articleSection":["Actualitat Vicentina"],"inLanguage":"ca","potentialAction":[{"@type":"CommentAction","name":"Comment","target":["https:\/\/pscsvh.com\/ca\/el-conseller-deducacio-josep-gonzalez-cambray-visita-sant-vicenc-dels-horts\/#respond"]}]},{"@type":"WebPage","@id":"https:\/\/pscsvh.com\/ca\/el-conseller-deducacio-josep-gonzalez-cambray-visita-sant-vicenc-dels-horts\/","url":"https:\/\/pscsvh.com\/ca\/el-conseller-deducacio-josep-gonzalez-cambray-visita-sant-vicenc-dels-horts\/","name":"El conseller d'Educaci\u00f3 Josep Gonz\u00e0lez-Cambray visita Sant Vicen\u00e7 dels Horts - PSC SVH","isPartOf":{"@id":"https:\/\/pscsvh.com\/ca\/#website"},"primaryImageOfPage":{"@id":"https:\/\/pscsvh.com\/ca\/el-conseller-deducacio-josep-gonzalez-cambray-visita-sant-vicenc-dels-horts\/#primaryimage"},"image":{"@id":"https:\/\/pscsvh.com\/ca\/el-conseller-deducacio-josep-gonzalez-cambray-visita-sant-vicenc-dels-horts\/#primaryimage"},"thumbnailUrl":"https:\/\/pscsvh.com\/wp-content\/uploads\/2022\/10\/07.jpg","datePublished":"2022-09-22T13:36:00+00:00","dateModified":"2022-10-24T10:44:44+00:00","breadcrumb":{"@id":"https:\/\/pscsvh.com\/ca\/el-conseller-deducacio-josep-gonzalez-cambray-visita-sant-vicenc-dels-horts\/#breadcrumb"},"inLanguage":"ca","potentialAction":[{"@type":"ReadAction","target":["https:\/\/pscsvh.com\/ca\/el-conseller-deducacio-josep-gonzalez-cambray-visita-sant-vicenc-dels-horts\/"]}]},{"@type":"ImageObject","inLanguage":"ca","@id":"https:\/\/pscsvh.com\/ca\/el-conseller-deducacio-josep-gonzalez-cambray-visita-sant-vicenc-dels-horts\/#primaryimage","url":"https:\/\/pscsvh.com\/wp-content\/uploads\/2022\/10\/07.jpg","contentUrl":"https:\/\/pscsvh.com\/wp-content\/uploads\/2022\/10\/07.jpg","width":1284,"height":847},{"@type":"BreadcrumbList","@id":"https:\/\/pscsvh.com\/ca\/el-conseller-deducacio-josep-gonzalez-cambray-visita-sant-vicenc-dels-horts\/#breadcrumb","itemListElement":[{"@type":"ListItem","position":1,"name":"Portada","item":"https:\/\/pscsvh.com\/ca\/"},{"@type":"ListItem","position":2,"name":"El conseller d&#8217;Educaci\u00f3 Josep Gonz\u00e0lez-Cambray visita Sant Vicen\u00e7 dels Horts"}]},{"@type":"WebSite","@id":"https:\/\/pscsvh.com\/ca\/#website","url":"https:\/\/pscsvh.com\/ca\/","name":"PSC SVH","description":"El cambio que suma","publisher":{"@id":"https:\/\/pscsvh.com\/ca\/#organization"},"potentialAction":[{"@type":"SearchAction","target":{"@type":"EntryPoint","urlTemplate":"https:\/\/pscsvh.com\/ca\/?s={search_term_string}"},"query-input":{"@type":"PropertyValueSpecification","valueRequired":true,"valueName":"search_term_string"}}],"inLanguage":"ca"},{"@type":"Organization","@id":"https:\/\/pscsvh.com\/ca\/#organization","name":"PSC SVH","url":"https:\/\/pscsvh.com\/ca\/","logo":{"@type":"ImageObject","inLanguage":"ca","@id":"https:\/\/pscsvh.com\/ca\/#\/schema\/logo\/image\/","url":"https:\/\/pscsvh.com\/wp-content\/uploads\/2022\/06\/cropped-Logo_SVh2-300x158-1.png","contentUrl":"https:\/\/pscsvh.com\/wp-content\/uploads\/2022\/06\/cropped-Logo_SVh2-300x158-1.png","width":300,"height":158,"caption":"PSC SVH"},"image":{"@id":"https:\/\/pscsvh.com\/ca\/#\/schema\/logo\/image\/"}},{"@type":"Person","@id":"https:\/\/pscsvh.com\/ca\/#\/schema\/person\/6ad2cedf14b82878e2897de3ed64f1f9","name":"PSC SVH","image":{"@type":"ImageObject","inLanguage":"ca","@id":"https:\/\/pscsvh.com\/ca\/#\/schema\/person\/image\/","url":"https:\/\/secure.gravatar.com\/avatar\/a019c39072cc7d669be4d6e2cda099b4e834789e55938a3ec58bef829a37db42?s=96&d=mm&r=g","contentUrl":"https:\/\/secure.gravatar.com\/avatar\/a019c39072cc7d669be4d6e2cda099b4e834789e55938a3ec58bef829a37db42?s=96&d=mm&r=g","caption":"PSC SVH"},"url":"https:\/\/pscsvh.com\/ca\/author\/admin-2\/"}]}},"_links":{"self":[{"href":"https:\/\/pscsvh.com\/ca\/wp-json\/wp\/v2\/posts\/3943","targetHints":{"allow":["GET"]}}],"collection":[{"href":"https:\/\/pscsvh.com\/ca\/wp-json\/wp\/v2\/posts"}],"about":[{"href":"https:\/\/pscsvh.com\/ca\/wp-json\/wp\/v2\/types\/post"}],"author":[{"embeddable":true,"href":"https:\/\/pscsvh.com\/ca\/wp-json\/wp\/v2\/users\/2"}],"replies":[{"embeddable":true,"href":"https:\/\/pscsvh.com\/ca\/wp-json\/wp\/v2\/comments?post=3943"}],"version-history":[{"count":1,"href":"https:\/\/pscsvh.com\/ca\/wp-json\/wp\/v2\/posts\/3943\/revisions"}],"predecessor-version":[{"id":3944,"href":"https:\/\/pscsvh.com\/ca\/wp-json\/wp\/v2\/posts\/3943\/revisions\/3944"}],"wp:featuredmedia":[{"embeddable":true,"href":"https:\/\/pscsvh.com\/ca\/wp-json\/wp\/v2\/media\/3851"}],"wp:attachment":[{"href":"https:\/\/pscsvh.com\/ca\/wp-json\/wp\/v2\/media?parent=3943"}],"wp:term":[{"taxonomy":"category","embeddable":true,"href":"https:\/\/pscsvh.com\/ca\/wp-json\/wp\/v2\/categories?post=3943"},{"taxonomy":"post_tag","embeddable":true,"href":"https:\/\/pscsvh.com\/ca\/wp-json\/wp\/v2\/tags?post=3943"},{"taxonomy":"citadela-post-location","embeddable":true,"href":"https:\/\/pscsvh.com\/ca\/wp-json\/wp\/v2\/citadela-post-location?post=3943"}],"curies":[{"name":"wp","href":"https:\/\/api.w.org\/{rel}","templated":true}]}}