{"id":3939,"date":"2022-09-21T15:46:00","date_gmt":"2022-09-21T13:46:00","guid":{"rendered":"https:\/\/pscsvh.com\/alcaldes-i-alcaldesses-per-la-pau\/"},"modified":"2022-10-24T12:44:25","modified_gmt":"2022-10-24T10:44:25","slug":"alcaldes-i-alcaldesses-per-la-pau","status":"publish","type":"post","link":"https:\/\/pscsvh.com\/ca\/alcaldes-i-alcaldesses-per-la-pau\/","title":{"rendered":"Alcaldes i Alcaldesses per la Pau"},"content":{"rendered":"\n<p>Avui \u00e9s el dia mundial de la <a href=\"https:\/\/www.instagram.com\/explore\/tags\/paz\/?hl=es\">Pau<\/a> ia l&#8217;Ajuntament de <a href=\"https:\/\/www.instagram.com\/explore\/tags\/santvicen%C3%A7delshorts\/?hl=es\">Sant Vicen\u00e7 dels Horts<\/a> ens hem adherit a la campanya de la Xarxa d&#8217;Alcaldes i Alcaldesses per la Pau: &#8220;la pau del m\u00f3n comen\u00e7a aqu\u00ed!&#8221;<\/p>\n\n<p><a href=\"https:\/\/www.instagram.com\/p\/Cixfy3yIhQx\/?hl=es\">Miguel Comino<\/a> , alcalde de Sant Vicen\u00e7 dels Horts<\/p>\n","protected":false},"excerpt":{"rendered":"<p>Campanya de la Xarxa d&#8217;Alcaldes i Alcaldesses per la Pau: &#8220;la pau del m\u00f3n comen\u00e7a aqu\u00ed!&#8221;<\/p>\n","protected":false},"author":2,"featured_media":3862,"comment_status":"open","ping_status":"closed","sticky":false,"template":"","format":"standard","meta":{"_citadela_custom_class":"","footnotes":""},"categories":[57],"tags":[],"citadela-post-location":[42],"class_list":["post-3939","post","type-post","status-publish","format-standard","has-post-thumbnail","hentry","category-actualitat-vicentina"],"yoast_head":"<!-- This site is optimized with the Yoast SEO plugin v24.7 - https:\/\/yoast.com\/wordpress\/plugins\/seo\/ -->\n<title>Alcaldes i Alcaldesses per la Pau - PSC SVH Miguel Comino, alcalde<\/title>\n<meta name=\"description\" content=\"Alcaldes i Alcaldesses per la Pau. Avui \u00e9s el dia mundial de la Pau ia l&#039;Ajuntament de Sant Vicen\u00e7 dels Horts ens hem adherit a la campanya de la Xarxa d&#039;Alcaldes i Alcaldesses per la Pau: &quot;la pau del m\u00f3n comen\u00e7a aqu\u00ed!&quot;\" \/>\n<meta name=\"robots\" content=\"index, follow, max-snippet:-1, max-image-preview:large, max-video-preview:-1\" \/>\n<link rel=\"canonical\" href=\"https:\/\/pscsvh.com\/ca\/alcaldes-i-alcaldesses-per-la-pau\/\" \/>\n<meta property=\"og:locale\" content=\"ca_ES\" \/>\n<meta property=\"og:type\" content=\"article\" \/>\n<meta property=\"og:title\" content=\"Alcaldes i Alcaldesses per la Pau - PSC SVH Miguel Comino, alcalde\" \/>\n<meta property=\"og:description\" content=\"Alcaldes i Alcaldesses per la Pau. Avui \u00e9s el dia mundial de la Pau ia l&#039;Ajuntament de Sant Vicen\u00e7 dels Horts ens hem adherit a la campanya de la Xarxa d&#039;Alcaldes i Alcaldesses per la Pau: &quot;la pau del m\u00f3n comen\u00e7a aqu\u00ed!&quot;\" \/>\n<meta property=\"og:url\" content=\"https:\/\/pscsvh.com\/ca\/alcaldes-i-alcaldesses-per-la-pau\/\" \/>\n<meta property=\"og:site_name\" content=\"PSC SVH\" \/>\n<meta property=\"article:published_time\" content=\"2022-09-21T13:46:00+00:00\" \/>\n<meta property=\"article:modified_time\" content=\"2022-10-24T10:44:25+00:00\" \/>\n<meta property=\"og:image\" content=\"https:\/\/pscsvh.com\/wp-content\/uploads\/2022\/10\/31f2640f-65bf-4882-9224-2d27b320e59d.jpg\" \/>\n\t<meta property=\"og:image:width\" content=\"1284\" \/>\n\t<meta property=\"og:image:height\" content=\"1268\" \/>\n\t<meta property=\"og:image:type\" content=\"image\/jpeg\" \/>\n<meta name=\"author\" content=\"PSC SVH\" \/>\n<meta name=\"twitter:card\" content=\"summary_large_image\" \/>\n<meta name=\"twitter:label1\" content=\"Escrit per\" \/>\n\t<meta name=\"twitter:data1\" content=\"PSC SVH\" \/>\n<script type=\"application\/ld+json\" class=\"yoast-schema-graph\">{\"@context\":\"https:\/\/schema.org\",\"@graph\":[{\"@type\":\"Article\",\"@id\":\"https:\/\/pscsvh.com\/ca\/alcaldes-i-alcaldesses-per-la-pau\/#article\",\"isPartOf\":{\"@id\":\"https:\/\/pscsvh.com\/ca\/alcaldes-i-alcaldesses-per-la-pau\/\"},\"author\":{\"name\":\"PSC SVH\",\"@id\":\"https:\/\/pscsvh.com\/ca\/#\/schema\/person\/6ad2cedf14b82878e2897de3ed64f1f9\"},\"headline\":\"Alcaldes i Alcaldesses per la Pau\",\"datePublished\":\"2022-09-21T13:46:00+00:00\",\"dateModified\":\"2022-10-24T10:44:25+00:00\",\"mainEntityOfPage\":{\"@id\":\"https:\/\/pscsvh.com\/ca\/alcaldes-i-alcaldesses-per-la-pau\/\"},\"wordCount\":54,\"commentCount\":0,\"publisher\":{\"@id\":\"https:\/\/pscsvh.com\/ca\/#organization\"},\"image\":{\"@id\":\"https:\/\/pscsvh.com\/ca\/alcaldes-i-alcaldesses-per-la-pau\/#primaryimage\"},\"thumbnailUrl\":\"https:\/\/pscsvh.com\/wp-content\/uploads\/2022\/10\/31f2640f-65bf-4882-9224-2d27b320e59d.jpg\",\"articleSection\":[\"Actualitat Vicentina\"],\"inLanguage\":\"ca\",\"potentialAction\":[{\"@type\":\"CommentAction\",\"name\":\"Comment\",\"target\":[\"https:\/\/pscsvh.com\/ca\/alcaldes-i-alcaldesses-per-la-pau\/#respond\"]}]},{\"@type\":\"WebPage\",\"@id\":\"https:\/\/pscsvh.com\/ca\/alcaldes-i-alcaldesses-per-la-pau\/\",\"url\":\"https:\/\/pscsvh.com\/ca\/alcaldes-i-alcaldesses-per-la-pau\/\",\"name\":\"Alcaldes i Alcaldesses per la Pau - PSC SVH Miguel Comino, alcalde\",\"isPartOf\":{\"@id\":\"https:\/\/pscsvh.com\/ca\/#website\"},\"primaryImageOfPage\":{\"@id\":\"https:\/\/pscsvh.com\/ca\/alcaldes-i-alcaldesses-per-la-pau\/#primaryimage\"},\"image\":{\"@id\":\"https:\/\/pscsvh.com\/ca\/alcaldes-i-alcaldesses-per-la-pau\/#primaryimage\"},\"thumbnailUrl\":\"https:\/\/pscsvh.com\/wp-content\/uploads\/2022\/10\/31f2640f-65bf-4882-9224-2d27b320e59d.jpg\",\"datePublished\":\"2022-09-21T13:46:00+00:00\",\"dateModified\":\"2022-10-24T10:44:25+00:00\",\"description\":\"Alcaldes i Alcaldesses per la Pau. Avui \u00e9s el dia mundial de la Pau ia l'Ajuntament de Sant Vicen\u00e7 dels Horts ens hem adherit a la campanya de la Xarxa d'Alcaldes i Alcaldesses per la Pau: \\\"la pau del m\u00f3n comen\u00e7a aqu\u00ed!\\\"\",\"breadcrumb\":{\"@id\":\"https:\/\/pscsvh.com\/ca\/alcaldes-i-alcaldesses-per-la-pau\/#breadcrumb\"},\"inLanguage\":\"ca\",\"potentialAction\":[{\"@type\":\"ReadAction\",\"target\":[\"https:\/\/pscsvh.com\/ca\/alcaldes-i-alcaldesses-per-la-pau\/\"]}]},{\"@type\":\"ImageObject\",\"inLanguage\":\"ca\",\"@id\":\"https:\/\/pscsvh.com\/ca\/alcaldes-i-alcaldesses-per-la-pau\/#primaryimage\",\"url\":\"https:\/\/pscsvh.com\/wp-content\/uploads\/2022\/10\/31f2640f-65bf-4882-9224-2d27b320e59d.jpg\",\"contentUrl\":\"https:\/\/pscsvh.com\/wp-content\/uploads\/2022\/10\/31f2640f-65bf-4882-9224-2d27b320e59d.jpg\",\"width\":1284,\"height\":1268},{\"@type\":\"BreadcrumbList\",\"@id\":\"https:\/\/pscsvh.com\/ca\/alcaldes-i-alcaldesses-per-la-pau\/#breadcrumb\",\"itemListElement\":[{\"@type\":\"ListItem\",\"position\":1,\"name\":\"Portada\",\"item\":\"https:\/\/pscsvh.com\/ca\/\"},{\"@type\":\"ListItem\",\"position\":2,\"name\":\"Alcaldes i Alcaldesses per la Pau\"}]},{\"@type\":\"WebSite\",\"@id\":\"https:\/\/pscsvh.com\/ca\/#website\",\"url\":\"https:\/\/pscsvh.com\/ca\/\",\"name\":\"PSC SVH\",\"description\":\"El cambio que suma\",\"publisher\":{\"@id\":\"https:\/\/pscsvh.com\/ca\/#organization\"},\"potentialAction\":[{\"@type\":\"SearchAction\",\"target\":{\"@type\":\"EntryPoint\",\"urlTemplate\":\"https:\/\/pscsvh.com\/ca\/?s={search_term_string}\"},\"query-input\":{\"@type\":\"PropertyValueSpecification\",\"valueRequired\":true,\"valueName\":\"search_term_string\"}}],\"inLanguage\":\"ca\"},{\"@type\":\"Organization\",\"@id\":\"https:\/\/pscsvh.com\/ca\/#organization\",\"name\":\"PSC SVH\",\"url\":\"https:\/\/pscsvh.com\/ca\/\",\"logo\":{\"@type\":\"ImageObject\",\"inLanguage\":\"ca\",\"@id\":\"https:\/\/pscsvh.com\/ca\/#\/schema\/logo\/image\/\",\"url\":\"https:\/\/pscsvh.com\/wp-content\/uploads\/2022\/06\/cropped-Logo_SVh2-300x158-1.png\",\"contentUrl\":\"https:\/\/pscsvh.com\/wp-content\/uploads\/2022\/06\/cropped-Logo_SVh2-300x158-1.png\",\"width\":300,\"height\":158,\"caption\":\"PSC SVH\"},\"image\":{\"@id\":\"https:\/\/pscsvh.com\/ca\/#\/schema\/logo\/image\/\"}},{\"@type\":\"Person\",\"@id\":\"https:\/\/pscsvh.com\/ca\/#\/schema\/person\/6ad2cedf14b82878e2897de3ed64f1f9\",\"name\":\"PSC SVH\",\"image\":{\"@type\":\"ImageObject\",\"inLanguage\":\"ca\",\"@id\":\"https:\/\/pscsvh.com\/ca\/#\/schema\/person\/image\/\",\"url\":\"https:\/\/secure.gravatar.com\/avatar\/a019c39072cc7d669be4d6e2cda099b4e834789e55938a3ec58bef829a37db42?s=96&d=mm&r=g\",\"contentUrl\":\"https:\/\/secure.gravatar.com\/avatar\/a019c39072cc7d669be4d6e2cda099b4e834789e55938a3ec58bef829a37db42?s=96&d=mm&r=g\",\"caption\":\"PSC SVH\"},\"url\":\"https:\/\/pscsvh.com\/ca\/author\/admin-2\/\"}]}<\/script>\n<!-- \/ Yoast SEO plugin. -->","yoast_head_json":{"title":"Alcaldes i Alcaldesses per la Pau - PSC SVH Miguel Comino, alcalde","description":"Alcaldes i Alcaldesses per la Pau. Avui \u00e9s el dia mundial de la Pau ia l'Ajuntament de Sant Vicen\u00e7 dels Horts ens hem adherit a la campanya de la Xarxa d'Alcaldes i Alcaldesses per la Pau: \"la pau del m\u00f3n comen\u00e7a aqu\u00ed!\"","robots":{"index":"index","follow":"follow","max-snippet":"max-snippet:-1","max-image-preview":"max-image-preview:large","max-video-preview":"max-video-preview:-1"},"canonical":"https:\/\/pscsvh.com\/ca\/alcaldes-i-alcaldesses-per-la-pau\/","og_locale":"ca_ES","og_type":"article","og_title":"Alcaldes i Alcaldesses per la Pau - PSC SVH Miguel Comino, alcalde","og_description":"Alcaldes i Alcaldesses per la Pau. Avui \u00e9s el dia mundial de la Pau ia l'Ajuntament de Sant Vicen\u00e7 dels Horts ens hem adherit a la campanya de la Xarxa d'Alcaldes i Alcaldesses per la Pau: \"la pau del m\u00f3n comen\u00e7a aqu\u00ed!\"","og_url":"https:\/\/pscsvh.com\/ca\/alcaldes-i-alcaldesses-per-la-pau\/","og_site_name":"PSC SVH","article_published_time":"2022-09-21T13:46:00+00:00","article_modified_time":"2022-10-24T10:44:25+00:00","og_image":[{"width":1284,"height":1268,"url":"https:\/\/pscsvh.com\/wp-content\/uploads\/2022\/10\/31f2640f-65bf-4882-9224-2d27b320e59d.jpg","type":"image\/jpeg"}],"author":"PSC SVH","twitter_card":"summary_large_image","twitter_misc":{"Escrit per":"PSC SVH"},"schema":{"@context":"https:\/\/schema.org","@graph":[{"@type":"Article","@id":"https:\/\/pscsvh.com\/ca\/alcaldes-i-alcaldesses-per-la-pau\/#article","isPartOf":{"@id":"https:\/\/pscsvh.com\/ca\/alcaldes-i-alcaldesses-per-la-pau\/"},"author":{"name":"PSC SVH","@id":"https:\/\/pscsvh.com\/ca\/#\/schema\/person\/6ad2cedf14b82878e2897de3ed64f1f9"},"headline":"Alcaldes i Alcaldesses per la Pau","datePublished":"2022-09-21T13:46:00+00:00","dateModified":"2022-10-24T10:44:25+00:00","mainEntityOfPage":{"@id":"https:\/\/pscsvh.com\/ca\/alcaldes-i-alcaldesses-per-la-pau\/"},"wordCount":54,"commentCount":0,"publisher":{"@id":"https:\/\/pscsvh.com\/ca\/#organization"},"image":{"@id":"https:\/\/pscsvh.com\/ca\/alcaldes-i-alcaldesses-per-la-pau\/#primaryimage"},"thumbnailUrl":"https:\/\/pscsvh.com\/wp-content\/uploads\/2022\/10\/31f2640f-65bf-4882-9224-2d27b320e59d.jpg","articleSection":["Actualitat Vicentina"],"inLanguage":"ca","potentialAction":[{"@type":"CommentAction","name":"Comment","target":["https:\/\/pscsvh.com\/ca\/alcaldes-i-alcaldesses-per-la-pau\/#respond"]}]},{"@type":"WebPage","@id":"https:\/\/pscsvh.com\/ca\/alcaldes-i-alcaldesses-per-la-pau\/","url":"https:\/\/pscsvh.com\/ca\/alcaldes-i-alcaldesses-per-la-pau\/","name":"Alcaldes i Alcaldesses per la Pau - PSC SVH Miguel Comino, alcalde","isPartOf":{"@id":"https:\/\/pscsvh.com\/ca\/#website"},"primaryImageOfPage":{"@id":"https:\/\/pscsvh.com\/ca\/alcaldes-i-alcaldesses-per-la-pau\/#primaryimage"},"image":{"@id":"https:\/\/pscsvh.com\/ca\/alcaldes-i-alcaldesses-per-la-pau\/#primaryimage"},"thumbnailUrl":"https:\/\/pscsvh.com\/wp-content\/uploads\/2022\/10\/31f2640f-65bf-4882-9224-2d27b320e59d.jpg","datePublished":"2022-09-21T13:46:00+00:00","dateModified":"2022-10-24T10:44:25+00:00","description":"Alcaldes i Alcaldesses per la Pau. Avui \u00e9s el dia mundial de la Pau ia l'Ajuntament de Sant Vicen\u00e7 dels Horts ens hem adherit a la campanya de la Xarxa d'Alcaldes i Alcaldesses per la Pau: \"la pau del m\u00f3n comen\u00e7a aqu\u00ed!\"","breadcrumb":{"@id":"https:\/\/pscsvh.com\/ca\/alcaldes-i-alcaldesses-per-la-pau\/#breadcrumb"},"inLanguage":"ca","potentialAction":[{"@type":"ReadAction","target":["https:\/\/pscsvh.com\/ca\/alcaldes-i-alcaldesses-per-la-pau\/"]}]},{"@type":"ImageObject","inLanguage":"ca","@id":"https:\/\/pscsvh.com\/ca\/alcaldes-i-alcaldesses-per-la-pau\/#primaryimage","url":"https:\/\/pscsvh.com\/wp-content\/uploads\/2022\/10\/31f2640f-65bf-4882-9224-2d27b320e59d.jpg","contentUrl":"https:\/\/pscsvh.com\/wp-content\/uploads\/2022\/10\/31f2640f-65bf-4882-9224-2d27b320e59d.jpg","width":1284,"height":1268},{"@type":"BreadcrumbList","@id":"https:\/\/pscsvh.com\/ca\/alcaldes-i-alcaldesses-per-la-pau\/#breadcrumb","itemListElement":[{"@type":"ListItem","position":1,"name":"Portada","item":"https:\/\/pscsvh.com\/ca\/"},{"@type":"ListItem","position":2,"name":"Alcaldes i Alcaldesses per la Pau"}]},{"@type":"WebSite","@id":"https:\/\/pscsvh.com\/ca\/#website","url":"https:\/\/pscsvh.com\/ca\/","name":"PSC SVH","description":"El cambio que suma","publisher":{"@id":"https:\/\/pscsvh.com\/ca\/#organization"},"potentialAction":[{"@type":"SearchAction","target":{"@type":"EntryPoint","urlTemplate":"https:\/\/pscsvh.com\/ca\/?s={search_term_string}"},"query-input":{"@type":"PropertyValueSpecification","valueRequired":true,"valueName":"search_term_string"}}],"inLanguage":"ca"},{"@type":"Organization","@id":"https:\/\/pscsvh.com\/ca\/#organization","name":"PSC SVH","url":"https:\/\/pscsvh.com\/ca\/","logo":{"@type":"ImageObject","inLanguage":"ca","@id":"https:\/\/pscsvh.com\/ca\/#\/schema\/logo\/image\/","url":"https:\/\/pscsvh.com\/wp-content\/uploads\/2022\/06\/cropped-Logo_SVh2-300x158-1.png","contentUrl":"https:\/\/pscsvh.com\/wp-content\/uploads\/2022\/06\/cropped-Logo_SVh2-300x158-1.png","width":300,"height":158,"caption":"PSC SVH"},"image":{"@id":"https:\/\/pscsvh.com\/ca\/#\/schema\/logo\/image\/"}},{"@type":"Person","@id":"https:\/\/pscsvh.com\/ca\/#\/schema\/person\/6ad2cedf14b82878e2897de3ed64f1f9","name":"PSC SVH","image":{"@type":"ImageObject","inLanguage":"ca","@id":"https:\/\/pscsvh.com\/ca\/#\/schema\/person\/image\/","url":"https:\/\/secure.gravatar.com\/avatar\/a019c39072cc7d669be4d6e2cda099b4e834789e55938a3ec58bef829a37db42?s=96&d=mm&r=g","contentUrl":"https:\/\/secure.gravatar.com\/avatar\/a019c39072cc7d669be4d6e2cda099b4e834789e55938a3ec58bef829a37db42?s=96&d=mm&r=g","caption":"PSC SVH"},"url":"https:\/\/pscsvh.com\/ca\/author\/admin-2\/"}]}},"_links":{"self":[{"href":"https:\/\/pscsvh.com\/ca\/wp-json\/wp\/v2\/posts\/3939","targetHints":{"allow":["GET"]}}],"collection":[{"href":"https:\/\/pscsvh.com\/ca\/wp-json\/wp\/v2\/posts"}],"about":[{"href":"https:\/\/pscsvh.com\/ca\/wp-json\/wp\/v2\/types\/post"}],"author":[{"embeddable":true,"href":"https:\/\/pscsvh.com\/ca\/wp-json\/wp\/v2\/users\/2"}],"replies":[{"embeddable":true,"href":"https:\/\/pscsvh.com\/ca\/wp-json\/wp\/v2\/comments?post=3939"}],"version-history":[{"count":3,"href":"https:\/\/pscsvh.com\/ca\/wp-json\/wp\/v2\/posts\/3939\/revisions"}],"predecessor-version":[{"id":3942,"href":"https:\/\/pscsvh.com\/ca\/wp-json\/wp\/v2\/posts\/3939\/revisions\/3942"}],"wp:featuredmedia":[{"embeddable":true,"href":"https:\/\/pscsvh.com\/ca\/wp-json\/wp\/v2\/media\/3862"}],"wp:attachment":[{"href":"https:\/\/pscsvh.com\/ca\/wp-json\/wp\/v2\/media?parent=3939"}],"wp:term":[{"taxonomy":"category","embeddable":true,"href":"https:\/\/pscsvh.com\/ca\/wp-json\/wp\/v2\/categories?post=3939"},{"taxonomy":"post_tag","embeddable":true,"href":"https:\/\/pscsvh.com\/ca\/wp-json\/wp\/v2\/tags?post=3939"},{"taxonomy":"citadela-post-location","embeddable":true,"href":"https:\/\/pscsvh.com\/ca\/wp-json\/wp\/v2\/citadela-post-location?post=3939"}],"curies":[{"name":"wp","href":"https:\/\/api.w.org\/{rel}","templated":true}]}}