{"id":3923,"date":"2022-09-18T12:09:00","date_gmt":"2022-09-18T10:09:00","guid":{"rendered":"https:\/\/pscsvh.com\/festa-per-la-diversitat-funcional-organitzada-per-adiscap\/"},"modified":"2022-10-24T12:39:52","modified_gmt":"2022-10-24T10:39:52","slug":"festa-per-la-diversitat-funcional-organitzada-per-adiscap","status":"publish","type":"post","link":"https:\/\/pscsvh.com\/ca\/festa-per-la-diversitat-funcional-organitzada-per-adiscap\/","title":{"rendered":"Festa per la diversitat funcional organitzada per Adiscap"},"content":{"rendered":"\n<p><strong>L&#8217;alcalde de Sant Vicen\u00e7 dels Horts <a href=\"https:\/\/www.instagram.com\/miguelcomino\/\">Miguel Comino<\/a> , juntament amb les seves companyes de Govern Patricia Higueras, <a href=\"https:\/\/www.instagram.com\/mireiavergessvh\/\" target=\"_blank\" rel=\"noreferrer noopener\">Mirei Verg\u00e9s<\/a> i <a href=\"https:\/\/www.instagram.com\/capelladesladevesa\/\" target=\"_blank\" rel=\"noreferrer noopener\">Paqui Capellades,<\/a> van estar gaudint de la festa amb les ve\u00efnes i ve\u00efns que hi van participar.<\/strong><\/p>\n\n<p>Aquest diumenge, <a href=\"https:\/\/www.instagram.com\/adiscapsvh\/\">@adiscapsvh<\/a> va organitzar la quarta festa per la diversitat funcional. Va ser una festa multitudin\u00e0ria on tots els assistents van gaudir d&#8217;activitats infantils, tallers de sensibilitzaci\u00f3, xocolatada, venda de manualitats i espectacles d&#8217;humor.<\/p>\n\n<p>Va ser un ambient festiu on tots ho van passar b\u00e9.<\/p>\n\n<blockquote class=\"wp-block-quote is-layout-flow wp-block-quote-is-layout-flow\"><p>Des d&#8217;Adiscap volem agrader la col\u00b7laboraci\u00f3 de tothom que ha fet possible la nostra quarta festa per la diversitat funcional.<\/p><p>Artistes, voluntaris, col\u00b7laboradors, entitats, t\u00e8cnics, Ajuntament, r\u00e0dio i TV local, ia tots els que ens heu acompanyat.<\/p><p>Farem m\u00e9s publicacions, tenim moltes fotos!<\/p><p>GR\u00c0CIES DE TOT COR A TOTHOM<\/p><cite><a href=\"https:\/\/www.instagram.com\/p\/CipAkgOIc6B\/\" target=\"_blank\" rel=\"noreferrer noopener\">Adiscap, Font: Instagram<\/a><\/cite><\/blockquote>\n\n<p><\/p>\n\n<figure class=\"wp-block-gallery has-nested-images columns-default is-cropped wp-block-gallery-1 is-layout-flex wp-block-gallery-is-layout-flex\">\n<figure class=\"wp-block-image size-large\"><a href=\"https:\/\/pscsvh.com\/wp-content\/uploads\/2022\/09\/01-1.jpg\"><img loading=\"lazy\" decoding=\"async\" width=\"1024\" height=\"683\" data-id=\"3692\" src=\"https:\/\/pscsvh.com\/wp-content\/uploads\/2022\/09\/01-1-1024x683.jpg\" alt=\"\" class=\"wp-image-3692\" srcset=\"https:\/\/pscsvh.com\/wp-content\/uploads\/2022\/09\/01-1-1024x683.jpg 1024w, https:\/\/pscsvh.com\/wp-content\/uploads\/2022\/09\/01-1-300x200.jpg 300w, https:\/\/pscsvh.com\/wp-content\/uploads\/2022\/09\/01-1-768x512.jpg 768w, https:\/\/pscsvh.com\/wp-content\/uploads\/2022\/09\/01-1-1536x1024.jpg 1536w, https:\/\/pscsvh.com\/wp-content\/uploads\/2022\/09\/01-1.jpg 1599w\" sizes=\"auto, (max-width: 1024px) 100vw, 1024px\" \/><\/a><\/figure>\n\n\n\n<figure class=\"wp-block-image size-large\"><a href=\"https:\/\/pscsvh.com\/wp-content\/uploads\/2022\/09\/02-1.jpg\"><img loading=\"lazy\" decoding=\"async\" width=\"1024\" height=\"683\" data-id=\"3690\" src=\"https:\/\/pscsvh.com\/wp-content\/uploads\/2022\/09\/02-1-1024x683.jpg\" alt=\"\" class=\"wp-image-3690\" srcset=\"https:\/\/pscsvh.com\/wp-content\/uploads\/2022\/09\/02-1-1024x683.jpg 1024w, https:\/\/pscsvh.com\/wp-content\/uploads\/2022\/09\/02-1-300x200.jpg 300w, https:\/\/pscsvh.com\/wp-content\/uploads\/2022\/09\/02-1-768x512.jpg 768w, https:\/\/pscsvh.com\/wp-content\/uploads\/2022\/09\/02-1-1536x1024.jpg 1536w, https:\/\/pscsvh.com\/wp-content\/uploads\/2022\/09\/02-1.jpg 1599w\" sizes=\"auto, (max-width: 1024px) 100vw, 1024px\" \/><\/a><\/figure>\n\n\n\n<figure class=\"wp-block-image size-large\"><a href=\"https:\/\/pscsvh.com\/wp-content\/uploads\/2022\/09\/03-1.jpg\"><img loading=\"lazy\" decoding=\"async\" width=\"1024\" height=\"683\" data-id=\"3696\" src=\"https:\/\/pscsvh.com\/wp-content\/uploads\/2022\/09\/03-1-1024x683.jpg\" alt=\"\" class=\"wp-image-3696\" srcset=\"https:\/\/pscsvh.com\/wp-content\/uploads\/2022\/09\/03-1-1024x683.jpg 1024w, https:\/\/pscsvh.com\/wp-content\/uploads\/2022\/09\/03-1-300x200.jpg 300w, https:\/\/pscsvh.com\/wp-content\/uploads\/2022\/09\/03-1-768x512.jpg 768w, https:\/\/pscsvh.com\/wp-content\/uploads\/2022\/09\/03-1-1536x1024.jpg 1536w, https:\/\/pscsvh.com\/wp-content\/uploads\/2022\/09\/03-1.jpg 1599w\" sizes=\"auto, (max-width: 1024px) 100vw, 1024px\" \/><\/a><\/figure>\n\n\n\n<figure class=\"wp-block-image size-large\"><a href=\"https:\/\/pscsvh.com\/wp-content\/uploads\/2022\/09\/04-1.jpg\"><img loading=\"lazy\" decoding=\"async\" width=\"1024\" height=\"683\" data-id=\"3694\" src=\"https:\/\/pscsvh.com\/wp-content\/uploads\/2022\/09\/04-1-1024x683.jpg\" alt=\"\" class=\"wp-image-3694\" srcset=\"https:\/\/pscsvh.com\/wp-content\/uploads\/2022\/09\/04-1-1024x683.jpg 1024w, https:\/\/pscsvh.com\/wp-content\/uploads\/2022\/09\/04-1-300x200.jpg 300w, https:\/\/pscsvh.com\/wp-content\/uploads\/2022\/09\/04-1-768x512.jpg 768w, https:\/\/pscsvh.com\/wp-content\/uploads\/2022\/09\/04-1-1536x1024.jpg 1536w, https:\/\/pscsvh.com\/wp-content\/uploads\/2022\/09\/04-1.jpg 1599w\" sizes=\"auto, (max-width: 1024px) 100vw, 1024px\" \/><\/a><\/figure>\n\n\n\n<figure class=\"wp-block-image size-large\"><a href=\"https:\/\/pscsvh.com\/wp-content\/uploads\/2022\/09\/05-1.jpg\"><img loading=\"lazy\" decoding=\"async\" width=\"1024\" height=\"683\" data-id=\"3702\" src=\"https:\/\/pscsvh.com\/wp-content\/uploads\/2022\/09\/05-1-1024x683.jpg\" alt=\"\" class=\"wp-image-3702\" srcset=\"https:\/\/pscsvh.com\/wp-content\/uploads\/2022\/09\/05-1-1024x683.jpg 1024w, https:\/\/pscsvh.com\/wp-content\/uploads\/2022\/09\/05-1-300x200.jpg 300w, https:\/\/pscsvh.com\/wp-content\/uploads\/2022\/09\/05-1-768x512.jpg 768w, https:\/\/pscsvh.com\/wp-content\/uploads\/2022\/09\/05-1-1536x1024.jpg 1536w, https:\/\/pscsvh.com\/wp-content\/uploads\/2022\/09\/05-1.jpg 1599w\" sizes=\"auto, (max-width: 1024px) 100vw, 1024px\" \/><\/a><\/figure>\n\n\n\n<figure class=\"wp-block-image size-large\"><a href=\"https:\/\/pscsvh.com\/wp-content\/uploads\/2022\/09\/06-1.jpg\"><img loading=\"lazy\" decoding=\"async\" width=\"1024\" height=\"683\" data-id=\"3703\" src=\"https:\/\/pscsvh.com\/wp-content\/uploads\/2022\/09\/06-1-1024x683.jpg\" alt=\"\" class=\"wp-image-3703\" srcset=\"https:\/\/pscsvh.com\/wp-content\/uploads\/2022\/09\/06-1-1024x683.jpg 1024w, https:\/\/pscsvh.com\/wp-content\/uploads\/2022\/09\/06-1-300x200.jpg 300w, https:\/\/pscsvh.com\/wp-content\/uploads\/2022\/09\/06-1-768x512.jpg 768w, https:\/\/pscsvh.com\/wp-content\/uploads\/2022\/09\/06-1-1536x1024.jpg 1536w, https:\/\/pscsvh.com\/wp-content\/uploads\/2022\/09\/06-1.jpg 1599w\" sizes=\"auto, (max-width: 1024px) 100vw, 1024px\" \/><\/a><\/figure>\n\n\n\n<figure class=\"wp-block-image size-large\"><a href=\"https:\/\/pscsvh.com\/wp-content\/uploads\/2022\/09\/07-1.jpg\"><img loading=\"lazy\" decoding=\"async\" width=\"1024\" height=\"683\" data-id=\"3698\" src=\"https:\/\/pscsvh.com\/wp-content\/uploads\/2022\/09\/07-1-1024x683.jpg\" alt=\"\" class=\"wp-image-3698\" srcset=\"https:\/\/pscsvh.com\/wp-content\/uploads\/2022\/09\/07-1-1024x683.jpg 1024w, https:\/\/pscsvh.com\/wp-content\/uploads\/2022\/09\/07-1-300x200.jpg 300w, https:\/\/pscsvh.com\/wp-content\/uploads\/2022\/09\/07-1-768x512.jpg 768w, https:\/\/pscsvh.com\/wp-content\/uploads\/2022\/09\/07-1-1536x1024.jpg 1536w, https:\/\/pscsvh.com\/wp-content\/uploads\/2022\/09\/07-1.jpg 1599w\" sizes=\"auto, (max-width: 1024px) 100vw, 1024px\" \/><\/a><\/figure>\n\n\n\n<figure class=\"wp-block-image size-large\"><a href=\"https:\/\/pscsvh.com\/wp-content\/uploads\/2022\/09\/08-1.jpg\"><img loading=\"lazy\" decoding=\"async\" width=\"1024\" height=\"683\" data-id=\"3718\" src=\"https:\/\/pscsvh.com\/wp-content\/uploads\/2022\/09\/08-1-1024x683.jpg\" alt=\"\" class=\"wp-image-3718\" srcset=\"https:\/\/pscsvh.com\/wp-content\/uploads\/2022\/09\/08-1-1024x683.jpg 1024w, https:\/\/pscsvh.com\/wp-content\/uploads\/2022\/09\/08-1-300x200.jpg 300w, https:\/\/pscsvh.com\/wp-content\/uploads\/2022\/09\/08-1-768x512.jpg 768w, https:\/\/pscsvh.com\/wp-content\/uploads\/2022\/09\/08-1-1536x1024.jpg 1536w, https:\/\/pscsvh.com\/wp-content\/uploads\/2022\/09\/08-1.jpg 1599w\" sizes=\"auto, (max-width: 1024px) 100vw, 1024px\" \/><\/a><\/figure>\n\n\n\n<figure class=\"wp-block-image size-large\"><a href=\"https:\/\/pscsvh.com\/wp-content\/uploads\/2022\/09\/09-1.jpg\"><img loading=\"lazy\" decoding=\"async\" width=\"1024\" height=\"683\" data-id=\"3700\" src=\"https:\/\/pscsvh.com\/wp-content\/uploads\/2022\/09\/09-1-1024x683.jpg\" alt=\"\" class=\"wp-image-3700\" srcset=\"https:\/\/pscsvh.com\/wp-content\/uploads\/2022\/09\/09-1-1024x683.jpg 1024w, https:\/\/pscsvh.com\/wp-content\/uploads\/2022\/09\/09-1-300x200.jpg 300w, https:\/\/pscsvh.com\/wp-content\/uploads\/2022\/09\/09-1-768x512.jpg 768w, https:\/\/pscsvh.com\/wp-content\/uploads\/2022\/09\/09-1-1536x1024.jpg 1536w, https:\/\/pscsvh.com\/wp-content\/uploads\/2022\/09\/09-1.jpg 1599w\" sizes=\"auto, (max-width: 1024px) 100vw, 1024px\" \/><\/a><\/figure>\n\n\n\n<figure class=\"wp-block-image size-large\"><a href=\"https:\/\/pscsvh.com\/wp-content\/uploads\/2022\/09\/010-1.jpg\"><img loading=\"lazy\" decoding=\"async\" width=\"1024\" height=\"683\" data-id=\"3708\" src=\"https:\/\/pscsvh.com\/wp-content\/uploads\/2022\/09\/010-1-1024x683.jpg\" alt=\"\" class=\"wp-image-3708\" srcset=\"https:\/\/pscsvh.com\/wp-content\/uploads\/2022\/09\/010-1-1024x683.jpg 1024w, https:\/\/pscsvh.com\/wp-content\/uploads\/2022\/09\/010-1-300x200.jpg 300w, https:\/\/pscsvh.com\/wp-content\/uploads\/2022\/09\/010-1-768x512.jpg 768w, https:\/\/pscsvh.com\/wp-content\/uploads\/2022\/09\/010-1-1536x1024.jpg 1536w, https:\/\/pscsvh.com\/wp-content\/uploads\/2022\/09\/010-1.jpg 1599w\" sizes=\"auto, (max-width: 1024px) 100vw, 1024px\" \/><\/a><\/figure>\n\n\n\n<figure class=\"wp-block-image size-large\"><a href=\"https:\/\/pscsvh.com\/wp-content\/uploads\/2022\/09\/011-1024x683.jpg\"><img loading=\"lazy\" decoding=\"async\" width=\"1024\" height=\"683\" data-id=\"3720\" src=\"https:\/\/pscsvh.com\/wp-content\/uploads\/2022\/09\/011-1024x683.jpg\" alt=\"\" class=\"wp-image-3720\" srcset=\"https:\/\/pscsvh.com\/wp-content\/uploads\/2022\/09\/011-1024x683.jpg 1024w, https:\/\/pscsvh.com\/wp-content\/uploads\/2022\/09\/011-300x200.jpg 300w, https:\/\/pscsvh.com\/wp-content\/uploads\/2022\/09\/011-768x512.jpg 768w, https:\/\/pscsvh.com\/wp-content\/uploads\/2022\/09\/011-1536x1024.jpg 1536w, https:\/\/pscsvh.com\/wp-content\/uploads\/2022\/09\/011.jpg 1599w\" sizes=\"auto, (max-width: 1024px) 100vw, 1024px\" \/><\/a><\/figure>\n\n\n\n<figure class=\"wp-block-image size-large\"><a href=\"https:\/\/pscsvh.com\/wp-content\/uploads\/2022\/09\/013-1024x683.jpg\"><img loading=\"lazy\" decoding=\"async\" width=\"1024\" height=\"683\" data-id=\"3710\" src=\"https:\/\/pscsvh.com\/wp-content\/uploads\/2022\/09\/013-1024x683.jpg\" alt=\"\" class=\"wp-image-3710\" srcset=\"https:\/\/pscsvh.com\/wp-content\/uploads\/2022\/09\/013-1024x683.jpg 1024w, https:\/\/pscsvh.com\/wp-content\/uploads\/2022\/09\/013-300x200.jpg 300w, https:\/\/pscsvh.com\/wp-content\/uploads\/2022\/09\/013-768x512.jpg 768w, https:\/\/pscsvh.com\/wp-content\/uploads\/2022\/09\/013-1536x1024.jpg 1536w, https:\/\/pscsvh.com\/wp-content\/uploads\/2022\/09\/013.jpg 1599w\" sizes=\"auto, (max-width: 1024px) 100vw, 1024px\" \/><\/a><\/figure>\n\n\n\n<figure class=\"wp-block-image size-large\"><a href=\"https:\/\/pscsvh.com\/wp-content\/uploads\/2022\/09\/014.jpg\"><img loading=\"lazy\" decoding=\"async\" width=\"1024\" height=\"683\" data-id=\"3716\" src=\"https:\/\/pscsvh.com\/wp-content\/uploads\/2022\/09\/014-1024x683.jpg\" alt=\"\" class=\"wp-image-3716\" srcset=\"https:\/\/pscsvh.com\/wp-content\/uploads\/2022\/09\/014-1024x683.jpg 1024w, https:\/\/pscsvh.com\/wp-content\/uploads\/2022\/09\/014-300x200.jpg 300w, https:\/\/pscsvh.com\/wp-content\/uploads\/2022\/09\/014-768x512.jpg 768w, https:\/\/pscsvh.com\/wp-content\/uploads\/2022\/09\/014-1536x1024.jpg 1536w, https:\/\/pscsvh.com\/wp-content\/uploads\/2022\/09\/014.jpg 1599w\" sizes=\"auto, (max-width: 1024px) 100vw, 1024px\" \/><\/a><\/figure>\n\n\n\n<figure class=\"wp-block-image size-large\"><a href=\"https:\/\/pscsvh.com\/wp-content\/uploads\/2022\/09\/015.jpg\"><img loading=\"lazy\" decoding=\"async\" width=\"1024\" height=\"683\" data-id=\"3706\" src=\"https:\/\/pscsvh.com\/wp-content\/uploads\/2022\/09\/015-1024x683.jpg\" alt=\"\" class=\"wp-image-3706\" srcset=\"https:\/\/pscsvh.com\/wp-content\/uploads\/2022\/09\/015-1024x683.jpg 1024w, https:\/\/pscsvh.com\/wp-content\/uploads\/2022\/09\/015-300x200.jpg 300w, https:\/\/pscsvh.com\/wp-content\/uploads\/2022\/09\/015-768x512.jpg 768w, https:\/\/pscsvh.com\/wp-content\/uploads\/2022\/09\/015-1536x1024.jpg 1536w, https:\/\/pscsvh.com\/wp-content\/uploads\/2022\/09\/015.jpg 1599w\" sizes=\"auto, (max-width: 1024px) 100vw, 1024px\" \/><\/a><\/figure>\n\n\n\n<figure class=\"wp-block-image size-large\"><a href=\"https:\/\/pscsvh.com\/wp-content\/uploads\/2022\/09\/016.jpg\"><img loading=\"lazy\" decoding=\"async\" width=\"1024\" height=\"683\" data-id=\"3722\" src=\"https:\/\/pscsvh.com\/wp-content\/uploads\/2022\/09\/016-1024x683.jpg\" alt=\"\" class=\"wp-image-3722\" srcset=\"https:\/\/pscsvh.com\/wp-content\/uploads\/2022\/09\/016-1024x683.jpg 1024w, https:\/\/pscsvh.com\/wp-content\/uploads\/2022\/09\/016-300x200.jpg 300w, https:\/\/pscsvh.com\/wp-content\/uploads\/2022\/09\/016-768x512.jpg 768w, https:\/\/pscsvh.com\/wp-content\/uploads\/2022\/09\/016-1536x1024.jpg 1536w, https:\/\/pscsvh.com\/wp-content\/uploads\/2022\/09\/016.jpg 1599w\" sizes=\"auto, (max-width: 1024px) 100vw, 1024px\" \/><\/a><\/figure>\n\n\n\n<figure class=\"wp-block-image size-large\"><a href=\"https:\/\/pscsvh.com\/wp-content\/uploads\/2022\/09\/017.jpg\"><img loading=\"lazy\" decoding=\"async\" width=\"1024\" height=\"683\" data-id=\"3714\" src=\"https:\/\/pscsvh.com\/wp-content\/uploads\/2022\/09\/017-1024x683.jpg\" alt=\"\" class=\"wp-image-3714\" srcset=\"https:\/\/pscsvh.com\/wp-content\/uploads\/2022\/09\/017-1024x683.jpg 1024w, https:\/\/pscsvh.com\/wp-content\/uploads\/2022\/09\/017-300x200.jpg 300w, https:\/\/pscsvh.com\/wp-content\/uploads\/2022\/09\/017-768x512.jpg 768w, https:\/\/pscsvh.com\/wp-content\/uploads\/2022\/09\/017-1536x1024.jpg 1536w, https:\/\/pscsvh.com\/wp-content\/uploads\/2022\/09\/017.jpg 1599w\" sizes=\"auto, (max-width: 1024px) 100vw, 1024px\" \/><\/a><\/figure>\n\n\n\n<figure class=\"wp-block-image size-large\"><a href=\"https:\/\/pscsvh.com\/wp-content\/uploads\/2022\/09\/018.jpg\"><img loading=\"lazy\" decoding=\"async\" width=\"1024\" height=\"683\" data-id=\"3712\" src=\"https:\/\/pscsvh.com\/wp-content\/uploads\/2022\/09\/018-1024x683.jpg\" alt=\"\" class=\"wp-image-3712\" srcset=\"https:\/\/pscsvh.com\/wp-content\/uploads\/2022\/09\/018-1024x683.jpg 1024w, https:\/\/pscsvh.com\/wp-content\/uploads\/2022\/09\/018-300x200.jpg 300w, https:\/\/pscsvh.com\/wp-content\/uploads\/2022\/09\/018-768x512.jpg 768w, https:\/\/pscsvh.com\/wp-content\/uploads\/2022\/09\/018-1536x1024.jpg 1536w, https:\/\/pscsvh.com\/wp-content\/uploads\/2022\/09\/018.jpg 1599w\" sizes=\"auto, (max-width: 1024px) 100vw, 1024px\" \/><\/a><\/figure>\n<\/figure>\n","protected":false},"excerpt":{"rendered":"<p>L&#8217;alcalde de Sant Vicen\u00e7 dels Horts Miguel Comino, juntament amb les seves companyes de Govern Patricia Higueras, Mirei Verg\u00e9s i Paqui Capellades, van estar gaudint de la festa amb les ve\u00efnes i ve\u00efns que hi van participar.<\/p>\n","protected":false},"author":2,"featured_media":3699,"comment_status":"open","ping_status":"closed","sticky":false,"template":"","format":"standard","meta":{"_citadela_custom_class":"","footnotes":""},"categories":[57],"tags":[208],"citadela-post-location":[42],"class_list":["post-3923","post","type-post","status-publish","format-standard","has-post-thumbnail","hentry","category-actualitat-vicentina","tag-festa-per-la-diversitat-funcional"],"yoast_head":"<!-- This site is optimized with the Yoast SEO plugin v24.7 - https:\/\/yoast.com\/wordpress\/plugins\/seo\/ -->\n<title>Festa per la diversitat funcional organitzada per Adiscap - PSC SVH<\/title>\n<meta name=\"description\" content=\"Festa per la diversitat funcional organitzada per Adiscap. L&#039;alcalde de Sant Vicen\u00e7 dels Horts Miguel Comino, juntament amb les seves companyes de Govern Patricia Higueras, Mirei Verg\u00e9s i Paqui Capellades, van estar gaudint de la festa amb les ve\u00efnes i ve\u00efns que hi van participar.\" \/>\n<meta name=\"robots\" content=\"index, follow, max-snippet:-1, max-image-preview:large, max-video-preview:-1\" \/>\n<link rel=\"canonical\" href=\"https:\/\/pscsvh.com\/ca\/festa-per-la-diversitat-funcional-organitzada-per-adiscap\/\" \/>\n<meta property=\"og:locale\" content=\"ca_ES\" \/>\n<meta property=\"og:type\" content=\"article\" \/>\n<meta property=\"og:title\" content=\"Festa per la diversitat funcional organitzada per Adiscap - PSC SVH\" \/>\n<meta property=\"og:description\" content=\"Festa per la diversitat funcional organitzada per Adiscap. L&#039;alcalde de Sant Vicen\u00e7 dels Horts Miguel Comino, juntament amb les seves companyes de Govern Patricia Higueras, Mirei Verg\u00e9s i Paqui Capellades, van estar gaudint de la festa amb les ve\u00efnes i ve\u00efns que hi van participar.\" \/>\n<meta property=\"og:url\" content=\"https:\/\/pscsvh.com\/ca\/festa-per-la-diversitat-funcional-organitzada-per-adiscap\/\" \/>\n<meta property=\"og:site_name\" content=\"PSC SVH\" \/>\n<meta property=\"article:published_time\" content=\"2022-09-18T10:09:00+00:00\" \/>\n<meta property=\"article:modified_time\" content=\"2022-10-24T10:39:52+00:00\" \/>\n<meta property=\"og:image\" content=\"https:\/\/pscsvh.com\/wp-content\/uploads\/2022\/09\/07-1.jpg\" \/>\n\t<meta property=\"og:image:width\" content=\"1599\" \/>\n\t<meta property=\"og:image:height\" content=\"1066\" \/>\n\t<meta property=\"og:image:type\" content=\"image\/jpeg\" \/>\n<meta name=\"author\" content=\"PSC SVH\" \/>\n<meta name=\"twitter:card\" content=\"summary_large_image\" \/>\n<meta name=\"twitter:label1\" content=\"Escrit per\" \/>\n\t<meta name=\"twitter:data1\" content=\"PSC SVH\" \/>\n\t<meta name=\"twitter:label2\" content=\"Temps estimat de lectura\" \/>\n\t<meta name=\"twitter:data2\" content=\"1 minut\" \/>\n<script type=\"application\/ld+json\" class=\"yoast-schema-graph\">{\"@context\":\"https:\/\/schema.org\",\"@graph\":[{\"@type\":\"Article\",\"@id\":\"https:\/\/pscsvh.com\/ca\/festa-per-la-diversitat-funcional-organitzada-per-adiscap\/#article\",\"isPartOf\":{\"@id\":\"https:\/\/pscsvh.com\/ca\/festa-per-la-diversitat-funcional-organitzada-per-adiscap\/\"},\"author\":{\"name\":\"PSC SVH\",\"@id\":\"https:\/\/pscsvh.com\/ca\/#\/schema\/person\/6ad2cedf14b82878e2897de3ed64f1f9\"},\"headline\":\"Festa per la diversitat funcional organitzada per Adiscap\",\"datePublished\":\"2022-09-18T10:09:00+00:00\",\"dateModified\":\"2022-10-24T10:39:52+00:00\",\"mainEntityOfPage\":{\"@id\":\"https:\/\/pscsvh.com\/ca\/festa-per-la-diversitat-funcional-organitzada-per-adiscap\/\"},\"wordCount\":157,\"commentCount\":0,\"publisher\":{\"@id\":\"https:\/\/pscsvh.com\/ca\/#organization\"},\"image\":{\"@id\":\"https:\/\/pscsvh.com\/ca\/festa-per-la-diversitat-funcional-organitzada-per-adiscap\/#primaryimage\"},\"thumbnailUrl\":\"https:\/\/pscsvh.com\/wp-content\/uploads\/2022\/09\/07-1.jpg\",\"keywords\":[\"Festa per la diversitat funcional\"],\"articleSection\":[\"Actualitat Vicentina\"],\"inLanguage\":\"ca\",\"potentialAction\":[{\"@type\":\"CommentAction\",\"name\":\"Comment\",\"target\":[\"https:\/\/pscsvh.com\/ca\/festa-per-la-diversitat-funcional-organitzada-per-adiscap\/#respond\"]}]},{\"@type\":\"WebPage\",\"@id\":\"https:\/\/pscsvh.com\/ca\/festa-per-la-diversitat-funcional-organitzada-per-adiscap\/\",\"url\":\"https:\/\/pscsvh.com\/ca\/festa-per-la-diversitat-funcional-organitzada-per-adiscap\/\",\"name\":\"Festa per la diversitat funcional organitzada per Adiscap - PSC SVH\",\"isPartOf\":{\"@id\":\"https:\/\/pscsvh.com\/ca\/#website\"},\"primaryImageOfPage\":{\"@id\":\"https:\/\/pscsvh.com\/ca\/festa-per-la-diversitat-funcional-organitzada-per-adiscap\/#primaryimage\"},\"image\":{\"@id\":\"https:\/\/pscsvh.com\/ca\/festa-per-la-diversitat-funcional-organitzada-per-adiscap\/#primaryimage\"},\"thumbnailUrl\":\"https:\/\/pscsvh.com\/wp-content\/uploads\/2022\/09\/07-1.jpg\",\"datePublished\":\"2022-09-18T10:09:00+00:00\",\"dateModified\":\"2022-10-24T10:39:52+00:00\",\"description\":\"Festa per la diversitat funcional organitzada per Adiscap. L'alcalde de Sant Vicen\u00e7 dels Horts Miguel Comino, juntament amb les seves companyes de Govern Patricia Higueras, Mirei Verg\u00e9s i Paqui Capellades, van estar gaudint de la festa amb les ve\u00efnes i ve\u00efns que hi van participar.\",\"breadcrumb\":{\"@id\":\"https:\/\/pscsvh.com\/ca\/festa-per-la-diversitat-funcional-organitzada-per-adiscap\/#breadcrumb\"},\"inLanguage\":\"ca\",\"potentialAction\":[{\"@type\":\"ReadAction\",\"target\":[\"https:\/\/pscsvh.com\/ca\/festa-per-la-diversitat-funcional-organitzada-per-adiscap\/\"]}]},{\"@type\":\"ImageObject\",\"inLanguage\":\"ca\",\"@id\":\"https:\/\/pscsvh.com\/ca\/festa-per-la-diversitat-funcional-organitzada-per-adiscap\/#primaryimage\",\"url\":\"https:\/\/pscsvh.com\/wp-content\/uploads\/2022\/09\/07-1.jpg\",\"contentUrl\":\"https:\/\/pscsvh.com\/wp-content\/uploads\/2022\/09\/07-1.jpg\",\"width\":1599,\"height\":1066},{\"@type\":\"BreadcrumbList\",\"@id\":\"https:\/\/pscsvh.com\/ca\/festa-per-la-diversitat-funcional-organitzada-per-adiscap\/#breadcrumb\",\"itemListElement\":[{\"@type\":\"ListItem\",\"position\":1,\"name\":\"Portada\",\"item\":\"https:\/\/pscsvh.com\/ca\/\"},{\"@type\":\"ListItem\",\"position\":2,\"name\":\"Festa per la diversitat funcional organitzada per Adiscap\"}]},{\"@type\":\"WebSite\",\"@id\":\"https:\/\/pscsvh.com\/ca\/#website\",\"url\":\"https:\/\/pscsvh.com\/ca\/\",\"name\":\"PSC SVH\",\"description\":\"El cambio que suma\",\"publisher\":{\"@id\":\"https:\/\/pscsvh.com\/ca\/#organization\"},\"potentialAction\":[{\"@type\":\"SearchAction\",\"target\":{\"@type\":\"EntryPoint\",\"urlTemplate\":\"https:\/\/pscsvh.com\/ca\/?s={search_term_string}\"},\"query-input\":{\"@type\":\"PropertyValueSpecification\",\"valueRequired\":true,\"valueName\":\"search_term_string\"}}],\"inLanguage\":\"ca\"},{\"@type\":\"Organization\",\"@id\":\"https:\/\/pscsvh.com\/ca\/#organization\",\"name\":\"PSC SVH\",\"url\":\"https:\/\/pscsvh.com\/ca\/\",\"logo\":{\"@type\":\"ImageObject\",\"inLanguage\":\"ca\",\"@id\":\"https:\/\/pscsvh.com\/ca\/#\/schema\/logo\/image\/\",\"url\":\"https:\/\/pscsvh.com\/wp-content\/uploads\/2022\/06\/cropped-Logo_SVh2-300x158-1.png\",\"contentUrl\":\"https:\/\/pscsvh.com\/wp-content\/uploads\/2022\/06\/cropped-Logo_SVh2-300x158-1.png\",\"width\":300,\"height\":158,\"caption\":\"PSC SVH\"},\"image\":{\"@id\":\"https:\/\/pscsvh.com\/ca\/#\/schema\/logo\/image\/\"}},{\"@type\":\"Person\",\"@id\":\"https:\/\/pscsvh.com\/ca\/#\/schema\/person\/6ad2cedf14b82878e2897de3ed64f1f9\",\"name\":\"PSC SVH\",\"image\":{\"@type\":\"ImageObject\",\"inLanguage\":\"ca\",\"@id\":\"https:\/\/pscsvh.com\/ca\/#\/schema\/person\/image\/\",\"url\":\"https:\/\/secure.gravatar.com\/avatar\/a019c39072cc7d669be4d6e2cda099b4e834789e55938a3ec58bef829a37db42?s=96&d=mm&r=g\",\"contentUrl\":\"https:\/\/secure.gravatar.com\/avatar\/a019c39072cc7d669be4d6e2cda099b4e834789e55938a3ec58bef829a37db42?s=96&d=mm&r=g\",\"caption\":\"PSC SVH\"},\"url\":\"https:\/\/pscsvh.com\/ca\/author\/admin-2\/\"}]}<\/script>\n<!-- \/ Yoast SEO plugin. -->","yoast_head_json":{"title":"Festa per la diversitat funcional organitzada per Adiscap - PSC SVH","description":"Festa per la diversitat funcional organitzada per Adiscap. L'alcalde de Sant Vicen\u00e7 dels Horts Miguel Comino, juntament amb les seves companyes de Govern Patricia Higueras, Mirei Verg\u00e9s i Paqui Capellades, van estar gaudint de la festa amb les ve\u00efnes i ve\u00efns que hi van participar.","robots":{"index":"index","follow":"follow","max-snippet":"max-snippet:-1","max-image-preview":"max-image-preview:large","max-video-preview":"max-video-preview:-1"},"canonical":"https:\/\/pscsvh.com\/ca\/festa-per-la-diversitat-funcional-organitzada-per-adiscap\/","og_locale":"ca_ES","og_type":"article","og_title":"Festa per la diversitat funcional organitzada per Adiscap - PSC SVH","og_description":"Festa per la diversitat funcional organitzada per Adiscap. L'alcalde de Sant Vicen\u00e7 dels Horts Miguel Comino, juntament amb les seves companyes de Govern Patricia Higueras, Mirei Verg\u00e9s i Paqui Capellades, van estar gaudint de la festa amb les ve\u00efnes i ve\u00efns que hi van participar.","og_url":"https:\/\/pscsvh.com\/ca\/festa-per-la-diversitat-funcional-organitzada-per-adiscap\/","og_site_name":"PSC SVH","article_published_time":"2022-09-18T10:09:00+00:00","article_modified_time":"2022-10-24T10:39:52+00:00","og_image":[{"width":1599,"height":1066,"url":"https:\/\/pscsvh.com\/wp-content\/uploads\/2022\/09\/07-1.jpg","type":"image\/jpeg"}],"author":"PSC SVH","twitter_card":"summary_large_image","twitter_misc":{"Escrit per":"PSC SVH","Temps estimat de lectura":"1 minut"},"schema":{"@context":"https:\/\/schema.org","@graph":[{"@type":"Article","@id":"https:\/\/pscsvh.com\/ca\/festa-per-la-diversitat-funcional-organitzada-per-adiscap\/#article","isPartOf":{"@id":"https:\/\/pscsvh.com\/ca\/festa-per-la-diversitat-funcional-organitzada-per-adiscap\/"},"author":{"name":"PSC SVH","@id":"https:\/\/pscsvh.com\/ca\/#\/schema\/person\/6ad2cedf14b82878e2897de3ed64f1f9"},"headline":"Festa per la diversitat funcional organitzada per Adiscap","datePublished":"2022-09-18T10:09:00+00:00","dateModified":"2022-10-24T10:39:52+00:00","mainEntityOfPage":{"@id":"https:\/\/pscsvh.com\/ca\/festa-per-la-diversitat-funcional-organitzada-per-adiscap\/"},"wordCount":157,"commentCount":0,"publisher":{"@id":"https:\/\/pscsvh.com\/ca\/#organization"},"image":{"@id":"https:\/\/pscsvh.com\/ca\/festa-per-la-diversitat-funcional-organitzada-per-adiscap\/#primaryimage"},"thumbnailUrl":"https:\/\/pscsvh.com\/wp-content\/uploads\/2022\/09\/07-1.jpg","keywords":["Festa per la diversitat funcional"],"articleSection":["Actualitat Vicentina"],"inLanguage":"ca","potentialAction":[{"@type":"CommentAction","name":"Comment","target":["https:\/\/pscsvh.com\/ca\/festa-per-la-diversitat-funcional-organitzada-per-adiscap\/#respond"]}]},{"@type":"WebPage","@id":"https:\/\/pscsvh.com\/ca\/festa-per-la-diversitat-funcional-organitzada-per-adiscap\/","url":"https:\/\/pscsvh.com\/ca\/festa-per-la-diversitat-funcional-organitzada-per-adiscap\/","name":"Festa per la diversitat funcional organitzada per Adiscap - PSC SVH","isPartOf":{"@id":"https:\/\/pscsvh.com\/ca\/#website"},"primaryImageOfPage":{"@id":"https:\/\/pscsvh.com\/ca\/festa-per-la-diversitat-funcional-organitzada-per-adiscap\/#primaryimage"},"image":{"@id":"https:\/\/pscsvh.com\/ca\/festa-per-la-diversitat-funcional-organitzada-per-adiscap\/#primaryimage"},"thumbnailUrl":"https:\/\/pscsvh.com\/wp-content\/uploads\/2022\/09\/07-1.jpg","datePublished":"2022-09-18T10:09:00+00:00","dateModified":"2022-10-24T10:39:52+00:00","description":"Festa per la diversitat funcional organitzada per Adiscap. L'alcalde de Sant Vicen\u00e7 dels Horts Miguel Comino, juntament amb les seves companyes de Govern Patricia Higueras, Mirei Verg\u00e9s i Paqui Capellades, van estar gaudint de la festa amb les ve\u00efnes i ve\u00efns que hi van participar.","breadcrumb":{"@id":"https:\/\/pscsvh.com\/ca\/festa-per-la-diversitat-funcional-organitzada-per-adiscap\/#breadcrumb"},"inLanguage":"ca","potentialAction":[{"@type":"ReadAction","target":["https:\/\/pscsvh.com\/ca\/festa-per-la-diversitat-funcional-organitzada-per-adiscap\/"]}]},{"@type":"ImageObject","inLanguage":"ca","@id":"https:\/\/pscsvh.com\/ca\/festa-per-la-diversitat-funcional-organitzada-per-adiscap\/#primaryimage","url":"https:\/\/pscsvh.com\/wp-content\/uploads\/2022\/09\/07-1.jpg","contentUrl":"https:\/\/pscsvh.com\/wp-content\/uploads\/2022\/09\/07-1.jpg","width":1599,"height":1066},{"@type":"BreadcrumbList","@id":"https:\/\/pscsvh.com\/ca\/festa-per-la-diversitat-funcional-organitzada-per-adiscap\/#breadcrumb","itemListElement":[{"@type":"ListItem","position":1,"name":"Portada","item":"https:\/\/pscsvh.com\/ca\/"},{"@type":"ListItem","position":2,"name":"Festa per la diversitat funcional organitzada per Adiscap"}]},{"@type":"WebSite","@id":"https:\/\/pscsvh.com\/ca\/#website","url":"https:\/\/pscsvh.com\/ca\/","name":"PSC SVH","description":"El cambio que suma","publisher":{"@id":"https:\/\/pscsvh.com\/ca\/#organization"},"potentialAction":[{"@type":"SearchAction","target":{"@type":"EntryPoint","urlTemplate":"https:\/\/pscsvh.com\/ca\/?s={search_term_string}"},"query-input":{"@type":"PropertyValueSpecification","valueRequired":true,"valueName":"search_term_string"}}],"inLanguage":"ca"},{"@type":"Organization","@id":"https:\/\/pscsvh.com\/ca\/#organization","name":"PSC SVH","url":"https:\/\/pscsvh.com\/ca\/","logo":{"@type":"ImageObject","inLanguage":"ca","@id":"https:\/\/pscsvh.com\/ca\/#\/schema\/logo\/image\/","url":"https:\/\/pscsvh.com\/wp-content\/uploads\/2022\/06\/cropped-Logo_SVh2-300x158-1.png","contentUrl":"https:\/\/pscsvh.com\/wp-content\/uploads\/2022\/06\/cropped-Logo_SVh2-300x158-1.png","width":300,"height":158,"caption":"PSC SVH"},"image":{"@id":"https:\/\/pscsvh.com\/ca\/#\/schema\/logo\/image\/"}},{"@type":"Person","@id":"https:\/\/pscsvh.com\/ca\/#\/schema\/person\/6ad2cedf14b82878e2897de3ed64f1f9","name":"PSC SVH","image":{"@type":"ImageObject","inLanguage":"ca","@id":"https:\/\/pscsvh.com\/ca\/#\/schema\/person\/image\/","url":"https:\/\/secure.gravatar.com\/avatar\/a019c39072cc7d669be4d6e2cda099b4e834789e55938a3ec58bef829a37db42?s=96&d=mm&r=g","contentUrl":"https:\/\/secure.gravatar.com\/avatar\/a019c39072cc7d669be4d6e2cda099b4e834789e55938a3ec58bef829a37db42?s=96&d=mm&r=g","caption":"PSC SVH"},"url":"https:\/\/pscsvh.com\/ca\/author\/admin-2\/"}]}},"_links":{"self":[{"href":"https:\/\/pscsvh.com\/ca\/wp-json\/wp\/v2\/posts\/3923","targetHints":{"allow":["GET"]}}],"collection":[{"href":"https:\/\/pscsvh.com\/ca\/wp-json\/wp\/v2\/posts"}],"about":[{"href":"https:\/\/pscsvh.com\/ca\/wp-json\/wp\/v2\/types\/post"}],"author":[{"embeddable":true,"href":"https:\/\/pscsvh.com\/ca\/wp-json\/wp\/v2\/users\/2"}],"replies":[{"embeddable":true,"href":"https:\/\/pscsvh.com\/ca\/wp-json\/wp\/v2\/comments?post=3923"}],"version-history":[{"count":1,"href":"https:\/\/pscsvh.com\/ca\/wp-json\/wp\/v2\/posts\/3923\/revisions"}],"predecessor-version":[{"id":3924,"href":"https:\/\/pscsvh.com\/ca\/wp-json\/wp\/v2\/posts\/3923\/revisions\/3924"}],"wp:featuredmedia":[{"embeddable":true,"href":"https:\/\/pscsvh.com\/ca\/wp-json\/wp\/v2\/media\/3699"}],"wp:attachment":[{"href":"https:\/\/pscsvh.com\/ca\/wp-json\/wp\/v2\/media?parent=3923"}],"wp:term":[{"taxonomy":"category","embeddable":true,"href":"https:\/\/pscsvh.com\/ca\/wp-json\/wp\/v2\/categories?post=3923"},{"taxonomy":"post_tag","embeddable":true,"href":"https:\/\/pscsvh.com\/ca\/wp-json\/wp\/v2\/tags?post=3923"},{"taxonomy":"citadela-post-location","embeddable":true,"href":"https:\/\/pscsvh.com\/ca\/wp-json\/wp\/v2\/citadela-post-location?post=3923"}],"curies":[{"name":"wp","href":"https:\/\/api.w.org\/{rel}","templated":true}]}}