{"id":3513,"date":"2022-08-01T10:20:00","date_gmt":"2022-08-01T08:20:00","guid":{"rendered":"https:\/\/pscsvh.com\/ombra-per-al-parc-infantil-de-la-placa-miquel-julia\/"},"modified":"2022-08-24T20:11:53","modified_gmt":"2022-08-24T18:11:53","slug":"ombra-per-al-parc-infantil-de-la-placa-miquel-julia","status":"publish","type":"post","link":"https:\/\/pscsvh.com\/ca\/ombra-per-al-parc-infantil-de-la-placa-miquel-julia\/","title":{"rendered":"Ombra per al parc infantil de la Pla\u00e7a Miquel Juli\u00e0"},"content":{"rendered":"\n<p>Al parc de la pla\u00e7a Miquel Juli\u00e0, del barri de Can Ros, es van haver de tallar tots els arbres perqu\u00e8 estaven malalts.<\/p>\n\n<p>Aix\u00f2 va fer que fos impossible que els m\u00e9s petits gaudissin a causa de les altes temperatures.<\/p>\n\n<blockquote class=\"wp-block-quote is-layout-flow wp-block-quote-is-layout-flow\"><p>Despr\u00e9s d&#8217;una demanda dels ve\u00efns i ve\u00efnes de la zona s&#8217;ha posat una lona per fer ombra i permetre als m\u00e9s petits poder gaudir a l&#8217;aire lliure.<\/p><cite>Miguel Comino<\/cite><\/blockquote>\n\n<figure class=\"wp-block-gallery has-nested-images columns-default is-cropped wp-block-gallery-1 is-layout-flex wp-block-gallery-is-layout-flex\">\n<figure class=\"wp-block-image size-large\"><img loading=\"lazy\" decoding=\"async\" width=\"755\" height=\"597\" data-id=\"3394\" src=\"https:\/\/pscsvh.com\/wp-content\/uploads\/2022\/08\/Captura-de-pantalla-2022-08-13-101902.png\" alt=\"\" class=\"wp-image-3394\" srcset=\"https:\/\/pscsvh.com\/wp-content\/uploads\/2022\/08\/Captura-de-pantalla-2022-08-13-101902.png 755w, https:\/\/pscsvh.com\/wp-content\/uploads\/2022\/08\/Captura-de-pantalla-2022-08-13-101902-300x237.png 300w\" sizes=\"auto, (max-width: 755px) 100vw, 755px\" \/><\/figure>\n\n\n\n<figure class=\"wp-block-image size-large\"><img loading=\"lazy\" decoding=\"async\" width=\"795\" height=\"585\" data-id=\"3392\" src=\"https:\/\/pscsvh.com\/wp-content\/uploads\/2022\/08\/Captura-de-pantalla-2022-08-13-101839.png\" alt=\"\" class=\"wp-image-3392\" srcset=\"https:\/\/pscsvh.com\/wp-content\/uploads\/2022\/08\/Captura-de-pantalla-2022-08-13-101839.png 795w, https:\/\/pscsvh.com\/wp-content\/uploads\/2022\/08\/Captura-de-pantalla-2022-08-13-101839-300x221.png 300w, https:\/\/pscsvh.com\/wp-content\/uploads\/2022\/08\/Captura-de-pantalla-2022-08-13-101839-768x565.png 768w\" sizes=\"auto, (max-width: 795px) 100vw, 795px\" \/><\/figure>\n<\/figure>\n","protected":false},"excerpt":{"rendered":"<p>Despr\u00e9s d&#8217;una demanda dels ve\u00efns i ve\u00efnes de la zona s&#8217;ha posat una lona per fer ombra i permetre als m\u00e9s petits poder gaudir a l&#8217;aire lliure.<\/p>\n","protected":false},"author":2,"featured_media":3393,"comment_status":"open","ping_status":"closed","sticky":false,"template":"","format":"standard","meta":{"_citadela_custom_class":"","footnotes":""},"categories":[57],"tags":[172],"citadela-post-location":[42],"class_list":["post-3513","post","type-post","status-publish","format-standard","has-post-thumbnail","hentry","category-actualitat-vicentina","tag-parcs-infantils"],"yoast_head":"<!-- This site is optimized with the Yoast SEO plugin v24.7 - https:\/\/yoast.com\/wordpress\/plugins\/seo\/ -->\n<title>Ombra per al parc infantil de la Pla\u00e7a Miquel Juli\u00e0 - PSC SVH<\/title>\n<meta name=\"description\" content=\"Ombra per al parc infantil de la Pla\u00e7a Miquel Juli\u00e0\" \/>\n<meta name=\"robots\" content=\"index, follow, max-snippet:-1, max-image-preview:large, max-video-preview:-1\" \/>\n<link rel=\"canonical\" href=\"https:\/\/pscsvh.com\/ca\/ombra-per-al-parc-infantil-de-la-placa-miquel-julia\/\" \/>\n<meta property=\"og:locale\" content=\"ca_ES\" \/>\n<meta property=\"og:type\" content=\"article\" \/>\n<meta property=\"og:title\" content=\"Ombra per al parc infantil de la Pla\u00e7a Miquel Juli\u00e0 - PSC SVH\" \/>\n<meta property=\"og:description\" content=\"Ombra per al parc infantil de la Pla\u00e7a Miquel Juli\u00e0\" \/>\n<meta property=\"og:url\" content=\"https:\/\/pscsvh.com\/ca\/ombra-per-al-parc-infantil-de-la-placa-miquel-julia\/\" \/>\n<meta property=\"og:site_name\" content=\"PSC SVH\" \/>\n<meta property=\"article:published_time\" content=\"2022-08-01T08:20:00+00:00\" \/>\n<meta property=\"article:modified_time\" content=\"2022-08-24T18:11:53+00:00\" \/>\n<meta property=\"og:image\" content=\"https:\/\/pscsvh.com\/wp-content\/uploads\/2022\/08\/Captura-de-pantalla-2022-08-13-101839.png\" \/>\n\t<meta property=\"og:image:width\" content=\"795\" \/>\n\t<meta property=\"og:image:height\" content=\"585\" \/>\n\t<meta property=\"og:image:type\" content=\"image\/png\" \/>\n<meta name=\"author\" content=\"PSC SVH\" \/>\n<meta name=\"twitter:card\" content=\"summary_large_image\" \/>\n<meta name=\"twitter:label1\" content=\"Escrit per\" \/>\n\t<meta name=\"twitter:data1\" content=\"PSC SVH\" \/>\n<script type=\"application\/ld+json\" class=\"yoast-schema-graph\">{\"@context\":\"https:\/\/schema.org\",\"@graph\":[{\"@type\":\"Article\",\"@id\":\"https:\/\/pscsvh.com\/ca\/ombra-per-al-parc-infantil-de-la-placa-miquel-julia\/#article\",\"isPartOf\":{\"@id\":\"https:\/\/pscsvh.com\/ca\/ombra-per-al-parc-infantil-de-la-placa-miquel-julia\/\"},\"author\":{\"name\":\"PSC SVH\",\"@id\":\"https:\/\/pscsvh.com\/ca\/#\/schema\/person\/6ad2cedf14b82878e2897de3ed64f1f9\"},\"headline\":\"Ombra per al parc infantil de la Pla\u00e7a Miquel Juli\u00e0\",\"datePublished\":\"2022-08-01T08:20:00+00:00\",\"dateModified\":\"2022-08-24T18:11:53+00:00\",\"mainEntityOfPage\":{\"@id\":\"https:\/\/pscsvh.com\/ca\/ombra-per-al-parc-infantil-de-la-placa-miquel-julia\/\"},\"wordCount\":89,\"commentCount\":0,\"publisher\":{\"@id\":\"https:\/\/pscsvh.com\/ca\/#organization\"},\"image\":{\"@id\":\"https:\/\/pscsvh.com\/ca\/ombra-per-al-parc-infantil-de-la-placa-miquel-julia\/#primaryimage\"},\"thumbnailUrl\":\"https:\/\/pscsvh.com\/wp-content\/uploads\/2022\/08\/Captura-de-pantalla-2022-08-13-101839.png\",\"keywords\":[\"Parcs infantils\"],\"articleSection\":[\"Actualitat Vicentina\"],\"inLanguage\":\"ca\",\"potentialAction\":[{\"@type\":\"CommentAction\",\"name\":\"Comment\",\"target\":[\"https:\/\/pscsvh.com\/ca\/ombra-per-al-parc-infantil-de-la-placa-miquel-julia\/#respond\"]}]},{\"@type\":\"WebPage\",\"@id\":\"https:\/\/pscsvh.com\/ca\/ombra-per-al-parc-infantil-de-la-placa-miquel-julia\/\",\"url\":\"https:\/\/pscsvh.com\/ca\/ombra-per-al-parc-infantil-de-la-placa-miquel-julia\/\",\"name\":\"Ombra per al parc infantil de la Pla\u00e7a Miquel Juli\u00e0 - PSC SVH\",\"isPartOf\":{\"@id\":\"https:\/\/pscsvh.com\/ca\/#website\"},\"primaryImageOfPage\":{\"@id\":\"https:\/\/pscsvh.com\/ca\/ombra-per-al-parc-infantil-de-la-placa-miquel-julia\/#primaryimage\"},\"image\":{\"@id\":\"https:\/\/pscsvh.com\/ca\/ombra-per-al-parc-infantil-de-la-placa-miquel-julia\/#primaryimage\"},\"thumbnailUrl\":\"https:\/\/pscsvh.com\/wp-content\/uploads\/2022\/08\/Captura-de-pantalla-2022-08-13-101839.png\",\"datePublished\":\"2022-08-01T08:20:00+00:00\",\"dateModified\":\"2022-08-24T18:11:53+00:00\",\"description\":\"Ombra per al parc infantil de la Pla\u00e7a Miquel Juli\u00e0\",\"breadcrumb\":{\"@id\":\"https:\/\/pscsvh.com\/ca\/ombra-per-al-parc-infantil-de-la-placa-miquel-julia\/#breadcrumb\"},\"inLanguage\":\"ca\",\"potentialAction\":[{\"@type\":\"ReadAction\",\"target\":[\"https:\/\/pscsvh.com\/ca\/ombra-per-al-parc-infantil-de-la-placa-miquel-julia\/\"]}]},{\"@type\":\"ImageObject\",\"inLanguage\":\"ca\",\"@id\":\"https:\/\/pscsvh.com\/ca\/ombra-per-al-parc-infantil-de-la-placa-miquel-julia\/#primaryimage\",\"url\":\"https:\/\/pscsvh.com\/wp-content\/uploads\/2022\/08\/Captura-de-pantalla-2022-08-13-101839.png\",\"contentUrl\":\"https:\/\/pscsvh.com\/wp-content\/uploads\/2022\/08\/Captura-de-pantalla-2022-08-13-101839.png\",\"width\":795,\"height\":585},{\"@type\":\"BreadcrumbList\",\"@id\":\"https:\/\/pscsvh.com\/ca\/ombra-per-al-parc-infantil-de-la-placa-miquel-julia\/#breadcrumb\",\"itemListElement\":[{\"@type\":\"ListItem\",\"position\":1,\"name\":\"Portada\",\"item\":\"https:\/\/pscsvh.com\/ca\/\"},{\"@type\":\"ListItem\",\"position\":2,\"name\":\"Ombra per al parc infantil de la Pla\u00e7a Miquel Juli\u00e0\"}]},{\"@type\":\"WebSite\",\"@id\":\"https:\/\/pscsvh.com\/ca\/#website\",\"url\":\"https:\/\/pscsvh.com\/ca\/\",\"name\":\"PSC SVH\",\"description\":\"El cambio que suma\",\"publisher\":{\"@id\":\"https:\/\/pscsvh.com\/ca\/#organization\"},\"potentialAction\":[{\"@type\":\"SearchAction\",\"target\":{\"@type\":\"EntryPoint\",\"urlTemplate\":\"https:\/\/pscsvh.com\/ca\/?s={search_term_string}\"},\"query-input\":{\"@type\":\"PropertyValueSpecification\",\"valueRequired\":true,\"valueName\":\"search_term_string\"}}],\"inLanguage\":\"ca\"},{\"@type\":\"Organization\",\"@id\":\"https:\/\/pscsvh.com\/ca\/#organization\",\"name\":\"PSC SVH\",\"url\":\"https:\/\/pscsvh.com\/ca\/\",\"logo\":{\"@type\":\"ImageObject\",\"inLanguage\":\"ca\",\"@id\":\"https:\/\/pscsvh.com\/ca\/#\/schema\/logo\/image\/\",\"url\":\"https:\/\/pscsvh.com\/wp-content\/uploads\/2022\/06\/cropped-Logo_SVh2-300x158-1.png\",\"contentUrl\":\"https:\/\/pscsvh.com\/wp-content\/uploads\/2022\/06\/cropped-Logo_SVh2-300x158-1.png\",\"width\":300,\"height\":158,\"caption\":\"PSC SVH\"},\"image\":{\"@id\":\"https:\/\/pscsvh.com\/ca\/#\/schema\/logo\/image\/\"}},{\"@type\":\"Person\",\"@id\":\"https:\/\/pscsvh.com\/ca\/#\/schema\/person\/6ad2cedf14b82878e2897de3ed64f1f9\",\"name\":\"PSC SVH\",\"image\":{\"@type\":\"ImageObject\",\"inLanguage\":\"ca\",\"@id\":\"https:\/\/pscsvh.com\/ca\/#\/schema\/person\/image\/\",\"url\":\"https:\/\/secure.gravatar.com\/avatar\/a019c39072cc7d669be4d6e2cda099b4e834789e55938a3ec58bef829a37db42?s=96&d=mm&r=g\",\"contentUrl\":\"https:\/\/secure.gravatar.com\/avatar\/a019c39072cc7d669be4d6e2cda099b4e834789e55938a3ec58bef829a37db42?s=96&d=mm&r=g\",\"caption\":\"PSC SVH\"},\"url\":\"https:\/\/pscsvh.com\/ca\/author\/admin-2\/\"}]}<\/script>\n<!-- \/ Yoast SEO plugin. -->","yoast_head_json":{"title":"Ombra per al parc infantil de la Pla\u00e7a Miquel Juli\u00e0 - PSC SVH","description":"Ombra per al parc infantil de la Pla\u00e7a Miquel Juli\u00e0","robots":{"index":"index","follow":"follow","max-snippet":"max-snippet:-1","max-image-preview":"max-image-preview:large","max-video-preview":"max-video-preview:-1"},"canonical":"https:\/\/pscsvh.com\/ca\/ombra-per-al-parc-infantil-de-la-placa-miquel-julia\/","og_locale":"ca_ES","og_type":"article","og_title":"Ombra per al parc infantil de la Pla\u00e7a Miquel Juli\u00e0 - PSC SVH","og_description":"Ombra per al parc infantil de la Pla\u00e7a Miquel Juli\u00e0","og_url":"https:\/\/pscsvh.com\/ca\/ombra-per-al-parc-infantil-de-la-placa-miquel-julia\/","og_site_name":"PSC SVH","article_published_time":"2022-08-01T08:20:00+00:00","article_modified_time":"2022-08-24T18:11:53+00:00","og_image":[{"width":795,"height":585,"url":"https:\/\/pscsvh.com\/wp-content\/uploads\/2022\/08\/Captura-de-pantalla-2022-08-13-101839.png","type":"image\/png"}],"author":"PSC SVH","twitter_card":"summary_large_image","twitter_misc":{"Escrit per":"PSC SVH"},"schema":{"@context":"https:\/\/schema.org","@graph":[{"@type":"Article","@id":"https:\/\/pscsvh.com\/ca\/ombra-per-al-parc-infantil-de-la-placa-miquel-julia\/#article","isPartOf":{"@id":"https:\/\/pscsvh.com\/ca\/ombra-per-al-parc-infantil-de-la-placa-miquel-julia\/"},"author":{"name":"PSC SVH","@id":"https:\/\/pscsvh.com\/ca\/#\/schema\/person\/6ad2cedf14b82878e2897de3ed64f1f9"},"headline":"Ombra per al parc infantil de la Pla\u00e7a Miquel Juli\u00e0","datePublished":"2022-08-01T08:20:00+00:00","dateModified":"2022-08-24T18:11:53+00:00","mainEntityOfPage":{"@id":"https:\/\/pscsvh.com\/ca\/ombra-per-al-parc-infantil-de-la-placa-miquel-julia\/"},"wordCount":89,"commentCount":0,"publisher":{"@id":"https:\/\/pscsvh.com\/ca\/#organization"},"image":{"@id":"https:\/\/pscsvh.com\/ca\/ombra-per-al-parc-infantil-de-la-placa-miquel-julia\/#primaryimage"},"thumbnailUrl":"https:\/\/pscsvh.com\/wp-content\/uploads\/2022\/08\/Captura-de-pantalla-2022-08-13-101839.png","keywords":["Parcs infantils"],"articleSection":["Actualitat Vicentina"],"inLanguage":"ca","potentialAction":[{"@type":"CommentAction","name":"Comment","target":["https:\/\/pscsvh.com\/ca\/ombra-per-al-parc-infantil-de-la-placa-miquel-julia\/#respond"]}]},{"@type":"WebPage","@id":"https:\/\/pscsvh.com\/ca\/ombra-per-al-parc-infantil-de-la-placa-miquel-julia\/","url":"https:\/\/pscsvh.com\/ca\/ombra-per-al-parc-infantil-de-la-placa-miquel-julia\/","name":"Ombra per al parc infantil de la Pla\u00e7a Miquel Juli\u00e0 - PSC SVH","isPartOf":{"@id":"https:\/\/pscsvh.com\/ca\/#website"},"primaryImageOfPage":{"@id":"https:\/\/pscsvh.com\/ca\/ombra-per-al-parc-infantil-de-la-placa-miquel-julia\/#primaryimage"},"image":{"@id":"https:\/\/pscsvh.com\/ca\/ombra-per-al-parc-infantil-de-la-placa-miquel-julia\/#primaryimage"},"thumbnailUrl":"https:\/\/pscsvh.com\/wp-content\/uploads\/2022\/08\/Captura-de-pantalla-2022-08-13-101839.png","datePublished":"2022-08-01T08:20:00+00:00","dateModified":"2022-08-24T18:11:53+00:00","description":"Ombra per al parc infantil de la Pla\u00e7a Miquel Juli\u00e0","breadcrumb":{"@id":"https:\/\/pscsvh.com\/ca\/ombra-per-al-parc-infantil-de-la-placa-miquel-julia\/#breadcrumb"},"inLanguage":"ca","potentialAction":[{"@type":"ReadAction","target":["https:\/\/pscsvh.com\/ca\/ombra-per-al-parc-infantil-de-la-placa-miquel-julia\/"]}]},{"@type":"ImageObject","inLanguage":"ca","@id":"https:\/\/pscsvh.com\/ca\/ombra-per-al-parc-infantil-de-la-placa-miquel-julia\/#primaryimage","url":"https:\/\/pscsvh.com\/wp-content\/uploads\/2022\/08\/Captura-de-pantalla-2022-08-13-101839.png","contentUrl":"https:\/\/pscsvh.com\/wp-content\/uploads\/2022\/08\/Captura-de-pantalla-2022-08-13-101839.png","width":795,"height":585},{"@type":"BreadcrumbList","@id":"https:\/\/pscsvh.com\/ca\/ombra-per-al-parc-infantil-de-la-placa-miquel-julia\/#breadcrumb","itemListElement":[{"@type":"ListItem","position":1,"name":"Portada","item":"https:\/\/pscsvh.com\/ca\/"},{"@type":"ListItem","position":2,"name":"Ombra per al parc infantil de la Pla\u00e7a Miquel Juli\u00e0"}]},{"@type":"WebSite","@id":"https:\/\/pscsvh.com\/ca\/#website","url":"https:\/\/pscsvh.com\/ca\/","name":"PSC SVH","description":"El cambio que suma","publisher":{"@id":"https:\/\/pscsvh.com\/ca\/#organization"},"potentialAction":[{"@type":"SearchAction","target":{"@type":"EntryPoint","urlTemplate":"https:\/\/pscsvh.com\/ca\/?s={search_term_string}"},"query-input":{"@type":"PropertyValueSpecification","valueRequired":true,"valueName":"search_term_string"}}],"inLanguage":"ca"},{"@type":"Organization","@id":"https:\/\/pscsvh.com\/ca\/#organization","name":"PSC SVH","url":"https:\/\/pscsvh.com\/ca\/","logo":{"@type":"ImageObject","inLanguage":"ca","@id":"https:\/\/pscsvh.com\/ca\/#\/schema\/logo\/image\/","url":"https:\/\/pscsvh.com\/wp-content\/uploads\/2022\/06\/cropped-Logo_SVh2-300x158-1.png","contentUrl":"https:\/\/pscsvh.com\/wp-content\/uploads\/2022\/06\/cropped-Logo_SVh2-300x158-1.png","width":300,"height":158,"caption":"PSC SVH"},"image":{"@id":"https:\/\/pscsvh.com\/ca\/#\/schema\/logo\/image\/"}},{"@type":"Person","@id":"https:\/\/pscsvh.com\/ca\/#\/schema\/person\/6ad2cedf14b82878e2897de3ed64f1f9","name":"PSC SVH","image":{"@type":"ImageObject","inLanguage":"ca","@id":"https:\/\/pscsvh.com\/ca\/#\/schema\/person\/image\/","url":"https:\/\/secure.gravatar.com\/avatar\/a019c39072cc7d669be4d6e2cda099b4e834789e55938a3ec58bef829a37db42?s=96&d=mm&r=g","contentUrl":"https:\/\/secure.gravatar.com\/avatar\/a019c39072cc7d669be4d6e2cda099b4e834789e55938a3ec58bef829a37db42?s=96&d=mm&r=g","caption":"PSC SVH"},"url":"https:\/\/pscsvh.com\/ca\/author\/admin-2\/"}]}},"_links":{"self":[{"href":"https:\/\/pscsvh.com\/ca\/wp-json\/wp\/v2\/posts\/3513","targetHints":{"allow":["GET"]}}],"collection":[{"href":"https:\/\/pscsvh.com\/ca\/wp-json\/wp\/v2\/posts"}],"about":[{"href":"https:\/\/pscsvh.com\/ca\/wp-json\/wp\/v2\/types\/post"}],"author":[{"embeddable":true,"href":"https:\/\/pscsvh.com\/ca\/wp-json\/wp\/v2\/users\/2"}],"replies":[{"embeddable":true,"href":"https:\/\/pscsvh.com\/ca\/wp-json\/wp\/v2\/comments?post=3513"}],"version-history":[{"count":1,"href":"https:\/\/pscsvh.com\/ca\/wp-json\/wp\/v2\/posts\/3513\/revisions"}],"predecessor-version":[{"id":3514,"href":"https:\/\/pscsvh.com\/ca\/wp-json\/wp\/v2\/posts\/3513\/revisions\/3514"}],"wp:featuredmedia":[{"embeddable":true,"href":"https:\/\/pscsvh.com\/ca\/wp-json\/wp\/v2\/media\/3393"}],"wp:attachment":[{"href":"https:\/\/pscsvh.com\/ca\/wp-json\/wp\/v2\/media?parent=3513"}],"wp:term":[{"taxonomy":"category","embeddable":true,"href":"https:\/\/pscsvh.com\/ca\/wp-json\/wp\/v2\/categories?post=3513"},{"taxonomy":"post_tag","embeddable":true,"href":"https:\/\/pscsvh.com\/ca\/wp-json\/wp\/v2\/tags?post=3513"},{"taxonomy":"citadela-post-location","embeddable":true,"href":"https:\/\/pscsvh.com\/ca\/wp-json\/wp\/v2\/citadela-post-location?post=3513"}],"curies":[{"name":"wp","href":"https:\/\/api.w.org\/{rel}","templated":true}]}}