{"id":3142,"date":"2022-07-03T12:12:00","date_gmt":"2022-07-03T10:12:00","guid":{"rendered":"https:\/\/pscsvh.com\/festes-de-barri-a-sant-vicenc-dels-horts\/"},"modified":"2022-07-17T18:16:42","modified_gmt":"2022-07-17T16:16:42","slug":"festes-de-barri-a-sant-vicenc-dels-horts","status":"publish","type":"post","link":"https:\/\/pscsvh.com\/ca\/festes-de-barri-a-sant-vicenc-dels-horts\/","title":{"rendered":"Festes de barri a Sant Vicen\u00e7 dels Horts"},"content":{"rendered":"\n<p><strong>Durant tot el cap de setmana s&#8217;han celebrat diferents festes als barris de Grup Llin\u00e0s, Can Costa, Font del Llargarut i Sant Roc.<\/strong><\/p>\n\n<p>Els regidors i regidores del govern del PSC a Sant Vicen\u00e7 dels Horts, <a href=\"https:\/\/www.instagram.com\/capelladesladevesa\/\" target=\"_blank\" rel=\"noreferrer noopener\">Paqui Capellades<\/a> , <a href=\"https:\/\/www.instagram.com\/higueras_patricia\/\" target=\"_blank\" rel=\"noreferrer noopener\">Patricia Higueras<\/a> , <a href=\"https:\/\/www.instagram.com\/xgasvh\/\" target=\"_blank\" rel=\"noreferrer noopener\">Xavi G\u00f3mez<\/a> i <a href=\"https:\/\/www.instagram.com\/maria_pelaezsvh\/\" target=\"_blank\" rel=\"noreferrer noopener\">Mar\u00eda Pel\u00e1ez<\/a> van assistir durant tot el cap de setmana a les diferents activitats de les festes.<\/p>\n\n<p>Trobades amb els ve\u00efns i ve\u00efnes, vermut ve\u00efnal, botifarrada i diferents activitats musicals i l\u00fadiques per intercanviar opinions i relacionar-se amb la cultura popular.<\/p>\n\n<figure class=\"wp-block-gallery has-nested-images columns-2 is-cropped wp-block-gallery-1 is-layout-flex wp-block-gallery-is-layout-flex\">\n<figure class=\"wp-block-image size-large\"><a href=\"https:\/\/pscsvh.com\/wp-content\/uploads\/2022\/07\/WhatsApp-Image-2022-07-02-at-2.43.53-PM.jpeg\"><img loading=\"lazy\" decoding=\"async\" width=\"1024\" height=\"768\" data-id=\"2952\" src=\"https:\/\/pscsvh.com\/wp-content\/uploads\/2022\/07\/WhatsApp-Image-2022-07-02-at-2.43.53-PM.jpeg\" alt=\"\" class=\"wp-image-2952\" srcset=\"https:\/\/pscsvh.com\/wp-content\/uploads\/2022\/07\/WhatsApp-Image-2022-07-02-at-2.43.53-PM.jpeg 1024w, https:\/\/pscsvh.com\/wp-content\/uploads\/2022\/07\/WhatsApp-Image-2022-07-02-at-2.43.53-PM-300x225.jpeg 300w, https:\/\/pscsvh.com\/wp-content\/uploads\/2022\/07\/WhatsApp-Image-2022-07-02-at-2.43.53-PM-768x576.jpeg 768w, https:\/\/pscsvh.com\/wp-content\/uploads\/2022\/07\/WhatsApp-Image-2022-07-02-at-2.43.53-PM-640x480.jpeg 640w, https:\/\/pscsvh.com\/wp-content\/uploads\/2022\/07\/WhatsApp-Image-2022-07-02-at-2.43.53-PM-480x360.jpeg 480w\" sizes=\"auto, (max-width: 1024px) 100vw, 1024px\" \/><\/a><\/figure>\n\n\n\n<figure class=\"wp-block-image size-large\"><a href=\"https:\/\/pscsvh.com\/wp-content\/uploads\/2022\/07\/WhatsApp-Image-2022-07-01-at-9.50.57-PM.jpeg\"><img loading=\"lazy\" decoding=\"async\" width=\"768\" height=\"1024\" data-id=\"2950\" src=\"https:\/\/pscsvh.com\/wp-content\/uploads\/2022\/07\/WhatsApp-Image-2022-07-01-at-9.50.57-PM-768x1024.jpeg\" alt=\"\" class=\"wp-image-2950\" srcset=\"https:\/\/pscsvh.com\/wp-content\/uploads\/2022\/07\/WhatsApp-Image-2022-07-01-at-9.50.57-PM-768x1024.jpeg 768w, https:\/\/pscsvh.com\/wp-content\/uploads\/2022\/07\/WhatsApp-Image-2022-07-01-at-9.50.57-PM-225x300.jpeg 225w, https:\/\/pscsvh.com\/wp-content\/uploads\/2022\/07\/WhatsApp-Image-2022-07-01-at-9.50.57-PM-1152x1536.jpeg 1152w, https:\/\/pscsvh.com\/wp-content\/uploads\/2022\/07\/WhatsApp-Image-2022-07-01-at-9.50.57-PM.jpeg 1536w\" sizes=\"auto, (max-width: 768px) 100vw, 768px\" \/><\/a><\/figure>\n\n\n\n<figure class=\"wp-block-image size-large\"><a href=\"https:\/\/pscsvh.com\/wp-content\/uploads\/2022\/07\/WhatsApp-Image-2022-07-02-at-2.43.24-PM.jpeg\"><img loading=\"lazy\" decoding=\"async\" width=\"1024\" height=\"768\" data-id=\"2956\" src=\"https:\/\/pscsvh.com\/wp-content\/uploads\/2022\/07\/WhatsApp-Image-2022-07-02-at-2.43.24-PM.jpeg\" alt=\"\" class=\"wp-image-2956\" srcset=\"https:\/\/pscsvh.com\/wp-content\/uploads\/2022\/07\/WhatsApp-Image-2022-07-02-at-2.43.24-PM.jpeg 1024w, https:\/\/pscsvh.com\/wp-content\/uploads\/2022\/07\/WhatsApp-Image-2022-07-02-at-2.43.24-PM-300x225.jpeg 300w, https:\/\/pscsvh.com\/wp-content\/uploads\/2022\/07\/WhatsApp-Image-2022-07-02-at-2.43.24-PM-768x576.jpeg 768w, https:\/\/pscsvh.com\/wp-content\/uploads\/2022\/07\/WhatsApp-Image-2022-07-02-at-2.43.24-PM-640x480.jpeg 640w, https:\/\/pscsvh.com\/wp-content\/uploads\/2022\/07\/WhatsApp-Image-2022-07-02-at-2.43.24-PM-480x360.jpeg 480w\" sizes=\"auto, (max-width: 1024px) 100vw, 1024px\" \/><\/a><\/figure>\n\n\n\n<figure class=\"wp-block-image size-large\"><a href=\"https:\/\/pscsvh.com\/wp-content\/uploads\/2022\/07\/WhatsApp-Image-2022-07-01-at-9.48.47-PM.jpeg\"><img loading=\"lazy\" decoding=\"async\" width=\"1024\" height=\"460\" data-id=\"2954\" src=\"https:\/\/pscsvh.com\/wp-content\/uploads\/2022\/07\/WhatsApp-Image-2022-07-01-at-9.48.47-PM-1024x460.jpeg\" alt=\"\" class=\"wp-image-2954\" srcset=\"https:\/\/pscsvh.com\/wp-content\/uploads\/2022\/07\/WhatsApp-Image-2022-07-01-at-9.48.47-PM-1024x460.jpeg 1024w, https:\/\/pscsvh.com\/wp-content\/uploads\/2022\/07\/WhatsApp-Image-2022-07-01-at-9.48.47-PM-300x135.jpeg 300w, https:\/\/pscsvh.com\/wp-content\/uploads\/2022\/07\/WhatsApp-Image-2022-07-01-at-9.48.47-PM-768x345.jpeg 768w, https:\/\/pscsvh.com\/wp-content\/uploads\/2022\/07\/WhatsApp-Image-2022-07-01-at-9.48.47-PM-1536x690.jpeg 1536w, https:\/\/pscsvh.com\/wp-content\/uploads\/2022\/07\/WhatsApp-Image-2022-07-01-at-9.48.47-PM.jpeg 1600w\" sizes=\"auto, (max-width: 1024px) 100vw, 1024px\" \/><\/a><\/figure>\n\n\n\n<figure class=\"wp-block-image size-large\"><a href=\"https:\/\/pscsvh.com\/wp-content\/uploads\/2022\/07\/WhatsApp-Image-2022-07-01-at-9.48.36-PM.jpeg\"><img loading=\"lazy\" decoding=\"async\" width=\"1024\" height=\"768\" data-id=\"2948\" src=\"https:\/\/pscsvh.com\/wp-content\/uploads\/2022\/07\/WhatsApp-Image-2022-07-01-at-9.48.36-PM.jpeg\" alt=\"\" class=\"wp-image-2948\" srcset=\"https:\/\/pscsvh.com\/wp-content\/uploads\/2022\/07\/WhatsApp-Image-2022-07-01-at-9.48.36-PM.jpeg 1024w, https:\/\/pscsvh.com\/wp-content\/uploads\/2022\/07\/WhatsApp-Image-2022-07-01-at-9.48.36-PM-300x225.jpeg 300w, https:\/\/pscsvh.com\/wp-content\/uploads\/2022\/07\/WhatsApp-Image-2022-07-01-at-9.48.36-PM-768x576.jpeg 768w, https:\/\/pscsvh.com\/wp-content\/uploads\/2022\/07\/WhatsApp-Image-2022-07-01-at-9.48.36-PM-640x480.jpeg 640w, https:\/\/pscsvh.com\/wp-content\/uploads\/2022\/07\/WhatsApp-Image-2022-07-01-at-9.48.36-PM-480x360.jpeg 480w\" sizes=\"auto, (max-width: 1024px) 100vw, 1024px\" \/><\/a><\/figure>\n\n\n\n<figure class=\"wp-block-image size-large\"><a href=\"https:\/\/pscsvh.com\/wp-content\/uploads\/2022\/07\/WhatsApp-Image-2022-07-01-at-8.59.48-PM.jpeg\"><img loading=\"lazy\" decoding=\"async\" width=\"1024\" height=\"768\" data-id=\"2958\" src=\"https:\/\/pscsvh.com\/wp-content\/uploads\/2022\/07\/WhatsApp-Image-2022-07-01-at-8.59.48-PM.jpeg\" alt=\"\" class=\"wp-image-2958\" srcset=\"https:\/\/pscsvh.com\/wp-content\/uploads\/2022\/07\/WhatsApp-Image-2022-07-01-at-8.59.48-PM.jpeg 1024w, https:\/\/pscsvh.com\/wp-content\/uploads\/2022\/07\/WhatsApp-Image-2022-07-01-at-8.59.48-PM-300x225.jpeg 300w, https:\/\/pscsvh.com\/wp-content\/uploads\/2022\/07\/WhatsApp-Image-2022-07-01-at-8.59.48-PM-768x576.jpeg 768w, https:\/\/pscsvh.com\/wp-content\/uploads\/2022\/07\/WhatsApp-Image-2022-07-01-at-8.59.48-PM-640x480.jpeg 640w, https:\/\/pscsvh.com\/wp-content\/uploads\/2022\/07\/WhatsApp-Image-2022-07-01-at-8.59.48-PM-480x360.jpeg 480w\" sizes=\"auto, (max-width: 1024px) 100vw, 1024px\" \/><\/a><\/figure>\n<\/figure>\n","protected":false},"excerpt":{"rendered":"<p>Els regidors i regidores del govern del PSC a Sant Vicen\u00e7 dels Horts, Paqui Capellades, Patricia Higueras, Xavi G\u00f3mez i Mar\u00eda Pel\u00e1ez van assistir durant tot el cap de setmana a les diferents activitats de les festes.<\/p>\n","protected":false},"author":2,"featured_media":2957,"comment_status":"closed","ping_status":"closed","sticky":false,"template":"","format":"standard","meta":{"_citadela_custom_class":"","footnotes":""},"categories":[57],"tags":[121],"citadela-post-location":[42],"class_list":["post-3142","post","type-post","status-publish","format-standard","has-post-thumbnail","hentry","category-actualitat-vicentina","tag-festes-de-barri"],"yoast_head":"<!-- This site is optimized with the Yoast SEO plugin v24.7 - https:\/\/yoast.com\/wordpress\/plugins\/seo\/ -->\n<title>Festes de barri a Sant Vicen\u00e7 dels Horts - PSC SVH Grup Llin\u00e0s, Can Costa, Font del Llargarut i Sant Roc.<\/title>\n<meta name=\"description\" content=\"Festes de barri a Sant Vicen\u00e7 dels Horts. Durant tot el cap de setmana s&#039;han celebrat diferents festes als barris de Grup Llin\u00e0s, Can Costa, Font del Llargarut i Sant Roc.\" \/>\n<meta name=\"robots\" content=\"index, follow, max-snippet:-1, max-image-preview:large, max-video-preview:-1\" \/>\n<link rel=\"canonical\" href=\"https:\/\/pscsvh.com\/ca\/festes-de-barri-a-sant-vicenc-dels-horts\/\" \/>\n<meta property=\"og:locale\" content=\"ca_ES\" \/>\n<meta property=\"og:type\" content=\"article\" \/>\n<meta property=\"og:title\" content=\"Festes de barri a Sant Vicen\u00e7 dels Horts - PSC SVH Grup Llin\u00e0s, Can Costa, Font del Llargarut i Sant Roc.\" \/>\n<meta property=\"og:description\" content=\"Festes de barri a Sant Vicen\u00e7 dels Horts. Durant tot el cap de setmana s&#039;han celebrat diferents festes als barris de Grup Llin\u00e0s, Can Costa, Font del Llargarut i Sant Roc.\" \/>\n<meta property=\"og:url\" content=\"https:\/\/pscsvh.com\/ca\/festes-de-barri-a-sant-vicenc-dels-horts\/\" \/>\n<meta property=\"og:site_name\" content=\"PSC SVH\" \/>\n<meta property=\"article:published_time\" content=\"2022-07-03T10:12:00+00:00\" \/>\n<meta property=\"article:modified_time\" content=\"2022-07-17T16:16:42+00:00\" \/>\n<meta property=\"og:image\" content=\"https:\/\/pscsvh.com\/wp-content\/uploads\/2022\/07\/WhatsApp-Image-2022-07-02-at-2.43.24-PM.jpeg\" \/>\n\t<meta property=\"og:image:width\" content=\"1024\" \/>\n\t<meta property=\"og:image:height\" content=\"768\" \/>\n\t<meta property=\"og:image:type\" content=\"image\/jpeg\" \/>\n<meta name=\"author\" content=\"PSC SVH\" \/>\n<meta name=\"twitter:card\" content=\"summary_large_image\" \/>\n<meta name=\"twitter:label1\" content=\"Escrit per\" \/>\n\t<meta name=\"twitter:data1\" content=\"PSC SVH\" \/>\n<script type=\"application\/ld+json\" class=\"yoast-schema-graph\">{\"@context\":\"https:\/\/schema.org\",\"@graph\":[{\"@type\":\"Article\",\"@id\":\"https:\/\/pscsvh.com\/ca\/festes-de-barri-a-sant-vicenc-dels-horts\/#article\",\"isPartOf\":{\"@id\":\"https:\/\/pscsvh.com\/ca\/festes-de-barri-a-sant-vicenc-dels-horts\/\"},\"author\":{\"name\":\"PSC SVH\",\"@id\":\"https:\/\/pscsvh.com\/ca\/#\/schema\/person\/6ad2cedf14b82878e2897de3ed64f1f9\"},\"headline\":\"Festes de barri a Sant Vicen\u00e7 dels Horts\",\"datePublished\":\"2022-07-03T10:12:00+00:00\",\"dateModified\":\"2022-07-17T16:16:42+00:00\",\"mainEntityOfPage\":{\"@id\":\"https:\/\/pscsvh.com\/ca\/festes-de-barri-a-sant-vicenc-dels-horts\/\"},\"wordCount\":101,\"publisher\":{\"@id\":\"https:\/\/pscsvh.com\/ca\/#organization\"},\"image\":{\"@id\":\"https:\/\/pscsvh.com\/ca\/festes-de-barri-a-sant-vicenc-dels-horts\/#primaryimage\"},\"thumbnailUrl\":\"https:\/\/pscsvh.com\/wp-content\/uploads\/2022\/07\/WhatsApp-Image-2022-07-02-at-2.43.24-PM.jpeg\",\"keywords\":[\"Festes de barri\"],\"articleSection\":[\"Actualitat Vicentina\"],\"inLanguage\":\"ca\"},{\"@type\":\"WebPage\",\"@id\":\"https:\/\/pscsvh.com\/ca\/festes-de-barri-a-sant-vicenc-dels-horts\/\",\"url\":\"https:\/\/pscsvh.com\/ca\/festes-de-barri-a-sant-vicenc-dels-horts\/\",\"name\":\"Festes de barri a Sant Vicen\u00e7 dels Horts - PSC SVH Grup Llin\u00e0s, Can Costa, Font del Llargarut i Sant Roc.\",\"isPartOf\":{\"@id\":\"https:\/\/pscsvh.com\/ca\/#website\"},\"primaryImageOfPage\":{\"@id\":\"https:\/\/pscsvh.com\/ca\/festes-de-barri-a-sant-vicenc-dels-horts\/#primaryimage\"},\"image\":{\"@id\":\"https:\/\/pscsvh.com\/ca\/festes-de-barri-a-sant-vicenc-dels-horts\/#primaryimage\"},\"thumbnailUrl\":\"https:\/\/pscsvh.com\/wp-content\/uploads\/2022\/07\/WhatsApp-Image-2022-07-02-at-2.43.24-PM.jpeg\",\"datePublished\":\"2022-07-03T10:12:00+00:00\",\"dateModified\":\"2022-07-17T16:16:42+00:00\",\"description\":\"Festes de barri a Sant Vicen\u00e7 dels Horts. Durant tot el cap de setmana s'han celebrat diferents festes als barris de Grup Llin\u00e0s, Can Costa, Font del Llargarut i Sant Roc.\",\"breadcrumb\":{\"@id\":\"https:\/\/pscsvh.com\/ca\/festes-de-barri-a-sant-vicenc-dels-horts\/#breadcrumb\"},\"inLanguage\":\"ca\",\"potentialAction\":[{\"@type\":\"ReadAction\",\"target\":[\"https:\/\/pscsvh.com\/ca\/festes-de-barri-a-sant-vicenc-dels-horts\/\"]}]},{\"@type\":\"ImageObject\",\"inLanguage\":\"ca\",\"@id\":\"https:\/\/pscsvh.com\/ca\/festes-de-barri-a-sant-vicenc-dels-horts\/#primaryimage\",\"url\":\"https:\/\/pscsvh.com\/wp-content\/uploads\/2022\/07\/WhatsApp-Image-2022-07-02-at-2.43.24-PM.jpeg\",\"contentUrl\":\"https:\/\/pscsvh.com\/wp-content\/uploads\/2022\/07\/WhatsApp-Image-2022-07-02-at-2.43.24-PM.jpeg\",\"width\":1024,\"height\":768},{\"@type\":\"BreadcrumbList\",\"@id\":\"https:\/\/pscsvh.com\/ca\/festes-de-barri-a-sant-vicenc-dels-horts\/#breadcrumb\",\"itemListElement\":[{\"@type\":\"ListItem\",\"position\":1,\"name\":\"Portada\",\"item\":\"https:\/\/pscsvh.com\/ca\/\"},{\"@type\":\"ListItem\",\"position\":2,\"name\":\"Festes de barri a Sant Vicen\u00e7 dels Horts\"}]},{\"@type\":\"WebSite\",\"@id\":\"https:\/\/pscsvh.com\/ca\/#website\",\"url\":\"https:\/\/pscsvh.com\/ca\/\",\"name\":\"PSC SVH\",\"description\":\"El cambio que suma\",\"publisher\":{\"@id\":\"https:\/\/pscsvh.com\/ca\/#organization\"},\"potentialAction\":[{\"@type\":\"SearchAction\",\"target\":{\"@type\":\"EntryPoint\",\"urlTemplate\":\"https:\/\/pscsvh.com\/ca\/?s={search_term_string}\"},\"query-input\":{\"@type\":\"PropertyValueSpecification\",\"valueRequired\":true,\"valueName\":\"search_term_string\"}}],\"inLanguage\":\"ca\"},{\"@type\":\"Organization\",\"@id\":\"https:\/\/pscsvh.com\/ca\/#organization\",\"name\":\"PSC SVH\",\"url\":\"https:\/\/pscsvh.com\/ca\/\",\"logo\":{\"@type\":\"ImageObject\",\"inLanguage\":\"ca\",\"@id\":\"https:\/\/pscsvh.com\/ca\/#\/schema\/logo\/image\/\",\"url\":\"https:\/\/pscsvh.com\/wp-content\/uploads\/2022\/06\/cropped-Logo_SVh2-300x158-1.png\",\"contentUrl\":\"https:\/\/pscsvh.com\/wp-content\/uploads\/2022\/06\/cropped-Logo_SVh2-300x158-1.png\",\"width\":300,\"height\":158,\"caption\":\"PSC SVH\"},\"image\":{\"@id\":\"https:\/\/pscsvh.com\/ca\/#\/schema\/logo\/image\/\"}},{\"@type\":\"Person\",\"@id\":\"https:\/\/pscsvh.com\/ca\/#\/schema\/person\/6ad2cedf14b82878e2897de3ed64f1f9\",\"name\":\"PSC SVH\",\"image\":{\"@type\":\"ImageObject\",\"inLanguage\":\"ca\",\"@id\":\"https:\/\/pscsvh.com\/ca\/#\/schema\/person\/image\/\",\"url\":\"https:\/\/secure.gravatar.com\/avatar\/a019c39072cc7d669be4d6e2cda099b4e834789e55938a3ec58bef829a37db42?s=96&d=mm&r=g\",\"contentUrl\":\"https:\/\/secure.gravatar.com\/avatar\/a019c39072cc7d669be4d6e2cda099b4e834789e55938a3ec58bef829a37db42?s=96&d=mm&r=g\",\"caption\":\"PSC SVH\"},\"url\":\"https:\/\/pscsvh.com\/ca\/author\/admin-2\/\"}]}<\/script>\n<!-- \/ Yoast SEO plugin. -->","yoast_head_json":{"title":"Festes de barri a Sant Vicen\u00e7 dels Horts - PSC SVH Grup Llin\u00e0s, Can Costa, Font del Llargarut i Sant Roc.","description":"Festes de barri a Sant Vicen\u00e7 dels Horts. Durant tot el cap de setmana s'han celebrat diferents festes als barris de Grup Llin\u00e0s, Can Costa, Font del Llargarut i Sant Roc.","robots":{"index":"index","follow":"follow","max-snippet":"max-snippet:-1","max-image-preview":"max-image-preview:large","max-video-preview":"max-video-preview:-1"},"canonical":"https:\/\/pscsvh.com\/ca\/festes-de-barri-a-sant-vicenc-dels-horts\/","og_locale":"ca_ES","og_type":"article","og_title":"Festes de barri a Sant Vicen\u00e7 dels Horts - PSC SVH Grup Llin\u00e0s, Can Costa, Font del Llargarut i Sant Roc.","og_description":"Festes de barri a Sant Vicen\u00e7 dels Horts. Durant tot el cap de setmana s'han celebrat diferents festes als barris de Grup Llin\u00e0s, Can Costa, Font del Llargarut i Sant Roc.","og_url":"https:\/\/pscsvh.com\/ca\/festes-de-barri-a-sant-vicenc-dels-horts\/","og_site_name":"PSC SVH","article_published_time":"2022-07-03T10:12:00+00:00","article_modified_time":"2022-07-17T16:16:42+00:00","og_image":[{"width":1024,"height":768,"url":"https:\/\/pscsvh.com\/wp-content\/uploads\/2022\/07\/WhatsApp-Image-2022-07-02-at-2.43.24-PM.jpeg","type":"image\/jpeg"}],"author":"PSC SVH","twitter_card":"summary_large_image","twitter_misc":{"Escrit per":"PSC SVH"},"schema":{"@context":"https:\/\/schema.org","@graph":[{"@type":"Article","@id":"https:\/\/pscsvh.com\/ca\/festes-de-barri-a-sant-vicenc-dels-horts\/#article","isPartOf":{"@id":"https:\/\/pscsvh.com\/ca\/festes-de-barri-a-sant-vicenc-dels-horts\/"},"author":{"name":"PSC SVH","@id":"https:\/\/pscsvh.com\/ca\/#\/schema\/person\/6ad2cedf14b82878e2897de3ed64f1f9"},"headline":"Festes de barri a Sant Vicen\u00e7 dels Horts","datePublished":"2022-07-03T10:12:00+00:00","dateModified":"2022-07-17T16:16:42+00:00","mainEntityOfPage":{"@id":"https:\/\/pscsvh.com\/ca\/festes-de-barri-a-sant-vicenc-dels-horts\/"},"wordCount":101,"publisher":{"@id":"https:\/\/pscsvh.com\/ca\/#organization"},"image":{"@id":"https:\/\/pscsvh.com\/ca\/festes-de-barri-a-sant-vicenc-dels-horts\/#primaryimage"},"thumbnailUrl":"https:\/\/pscsvh.com\/wp-content\/uploads\/2022\/07\/WhatsApp-Image-2022-07-02-at-2.43.24-PM.jpeg","keywords":["Festes de barri"],"articleSection":["Actualitat Vicentina"],"inLanguage":"ca"},{"@type":"WebPage","@id":"https:\/\/pscsvh.com\/ca\/festes-de-barri-a-sant-vicenc-dels-horts\/","url":"https:\/\/pscsvh.com\/ca\/festes-de-barri-a-sant-vicenc-dels-horts\/","name":"Festes de barri a Sant Vicen\u00e7 dels Horts - PSC SVH Grup Llin\u00e0s, Can Costa, Font del Llargarut i Sant Roc.","isPartOf":{"@id":"https:\/\/pscsvh.com\/ca\/#website"},"primaryImageOfPage":{"@id":"https:\/\/pscsvh.com\/ca\/festes-de-barri-a-sant-vicenc-dels-horts\/#primaryimage"},"image":{"@id":"https:\/\/pscsvh.com\/ca\/festes-de-barri-a-sant-vicenc-dels-horts\/#primaryimage"},"thumbnailUrl":"https:\/\/pscsvh.com\/wp-content\/uploads\/2022\/07\/WhatsApp-Image-2022-07-02-at-2.43.24-PM.jpeg","datePublished":"2022-07-03T10:12:00+00:00","dateModified":"2022-07-17T16:16:42+00:00","description":"Festes de barri a Sant Vicen\u00e7 dels Horts. Durant tot el cap de setmana s'han celebrat diferents festes als barris de Grup Llin\u00e0s, Can Costa, Font del Llargarut i Sant Roc.","breadcrumb":{"@id":"https:\/\/pscsvh.com\/ca\/festes-de-barri-a-sant-vicenc-dels-horts\/#breadcrumb"},"inLanguage":"ca","potentialAction":[{"@type":"ReadAction","target":["https:\/\/pscsvh.com\/ca\/festes-de-barri-a-sant-vicenc-dels-horts\/"]}]},{"@type":"ImageObject","inLanguage":"ca","@id":"https:\/\/pscsvh.com\/ca\/festes-de-barri-a-sant-vicenc-dels-horts\/#primaryimage","url":"https:\/\/pscsvh.com\/wp-content\/uploads\/2022\/07\/WhatsApp-Image-2022-07-02-at-2.43.24-PM.jpeg","contentUrl":"https:\/\/pscsvh.com\/wp-content\/uploads\/2022\/07\/WhatsApp-Image-2022-07-02-at-2.43.24-PM.jpeg","width":1024,"height":768},{"@type":"BreadcrumbList","@id":"https:\/\/pscsvh.com\/ca\/festes-de-barri-a-sant-vicenc-dels-horts\/#breadcrumb","itemListElement":[{"@type":"ListItem","position":1,"name":"Portada","item":"https:\/\/pscsvh.com\/ca\/"},{"@type":"ListItem","position":2,"name":"Festes de barri a Sant Vicen\u00e7 dels Horts"}]},{"@type":"WebSite","@id":"https:\/\/pscsvh.com\/ca\/#website","url":"https:\/\/pscsvh.com\/ca\/","name":"PSC SVH","description":"El cambio que suma","publisher":{"@id":"https:\/\/pscsvh.com\/ca\/#organization"},"potentialAction":[{"@type":"SearchAction","target":{"@type":"EntryPoint","urlTemplate":"https:\/\/pscsvh.com\/ca\/?s={search_term_string}"},"query-input":{"@type":"PropertyValueSpecification","valueRequired":true,"valueName":"search_term_string"}}],"inLanguage":"ca"},{"@type":"Organization","@id":"https:\/\/pscsvh.com\/ca\/#organization","name":"PSC SVH","url":"https:\/\/pscsvh.com\/ca\/","logo":{"@type":"ImageObject","inLanguage":"ca","@id":"https:\/\/pscsvh.com\/ca\/#\/schema\/logo\/image\/","url":"https:\/\/pscsvh.com\/wp-content\/uploads\/2022\/06\/cropped-Logo_SVh2-300x158-1.png","contentUrl":"https:\/\/pscsvh.com\/wp-content\/uploads\/2022\/06\/cropped-Logo_SVh2-300x158-1.png","width":300,"height":158,"caption":"PSC SVH"},"image":{"@id":"https:\/\/pscsvh.com\/ca\/#\/schema\/logo\/image\/"}},{"@type":"Person","@id":"https:\/\/pscsvh.com\/ca\/#\/schema\/person\/6ad2cedf14b82878e2897de3ed64f1f9","name":"PSC SVH","image":{"@type":"ImageObject","inLanguage":"ca","@id":"https:\/\/pscsvh.com\/ca\/#\/schema\/person\/image\/","url":"https:\/\/secure.gravatar.com\/avatar\/a019c39072cc7d669be4d6e2cda099b4e834789e55938a3ec58bef829a37db42?s=96&d=mm&r=g","contentUrl":"https:\/\/secure.gravatar.com\/avatar\/a019c39072cc7d669be4d6e2cda099b4e834789e55938a3ec58bef829a37db42?s=96&d=mm&r=g","caption":"PSC SVH"},"url":"https:\/\/pscsvh.com\/ca\/author\/admin-2\/"}]}},"_links":{"self":[{"href":"https:\/\/pscsvh.com\/ca\/wp-json\/wp\/v2\/posts\/3142","targetHints":{"allow":["GET"]}}],"collection":[{"href":"https:\/\/pscsvh.com\/ca\/wp-json\/wp\/v2\/posts"}],"about":[{"href":"https:\/\/pscsvh.com\/ca\/wp-json\/wp\/v2\/types\/post"}],"author":[{"embeddable":true,"href":"https:\/\/pscsvh.com\/ca\/wp-json\/wp\/v2\/users\/2"}],"replies":[{"embeddable":true,"href":"https:\/\/pscsvh.com\/ca\/wp-json\/wp\/v2\/comments?post=3142"}],"version-history":[{"count":1,"href":"https:\/\/pscsvh.com\/ca\/wp-json\/wp\/v2\/posts\/3142\/revisions"}],"predecessor-version":[{"id":3143,"href":"https:\/\/pscsvh.com\/ca\/wp-json\/wp\/v2\/posts\/3142\/revisions\/3143"}],"wp:featuredmedia":[{"embeddable":true,"href":"https:\/\/pscsvh.com\/ca\/wp-json\/wp\/v2\/media\/2957"}],"wp:attachment":[{"href":"https:\/\/pscsvh.com\/ca\/wp-json\/wp\/v2\/media?parent=3142"}],"wp:term":[{"taxonomy":"category","embeddable":true,"href":"https:\/\/pscsvh.com\/ca\/wp-json\/wp\/v2\/categories?post=3142"},{"taxonomy":"post_tag","embeddable":true,"href":"https:\/\/pscsvh.com\/ca\/wp-json\/wp\/v2\/tags?post=3142"},{"taxonomy":"citadela-post-location","embeddable":true,"href":"https:\/\/pscsvh.com\/ca\/wp-json\/wp\/v2\/citadela-post-location?post=3142"}],"curies":[{"name":"wp","href":"https:\/\/api.w.org\/{rel}","templated":true}]}}