{"id":3128,"date":"2022-06-27T16:13:00","date_gmt":"2022-06-27T14:13:00","guid":{"rendered":"https:\/\/pscsvh.com\/assemblea-ordinaria-del-psc-a-sant-vicenc-dels-horts\/"},"modified":"2022-07-17T18:05:32","modified_gmt":"2022-07-17T16:05:32","slug":"assemblea-ordinaria-del-psc-a-sant-vicenc-dels-horts","status":"publish","type":"post","link":"https:\/\/pscsvh.com\/ca\/assemblea-ordinaria-del-psc-a-sant-vicenc-dels-horts\/","title":{"rendered":"Assemblea Ordin\u00e0ria del PSC a Sant Vicen\u00e7 dels Horts"},"content":{"rendered":"\n<p>Dilluns 27 de juny s&#8217;ha desenvolupat l&#8217;Assemblea Ordin\u00e0ria del PSC Sant Vicen\u00e7 dels Horts <\/p>\n\n<p>En aquesta assemblea s&#8217;ha aprovat el seg\u00fcent:<\/p>\n\n<ul class=\"wp-block-list\"><li>Acta de l&#8217;Assemblea anterior<\/li><li>Valoraci\u00f3 de la situaci\u00f3 pol\u00edtica actual<\/li><li>Donar compte de la situaci\u00f3 actual de les obres en curs.<\/li><\/ul>\n\n<p>En aquesta Assemblea del PSC Sant Vicen\u00e7 tamb\u00e9 s&#8217;han comentat els actes que es desenvoluparan com a partit pol\u00edtic per a la Festa Major d&#8217;Estiu Sant Vicen\u00e7 dels Horts, juntament amb els companys i companyes de Sant Vicen\u00e7 a Positiu.<\/p>\n\n<p>Assistiren a l&#8217;assemblea l&#8217;alcalde <a href=\"https:\/\/www.instagram.com\/miguelcomino\/\" target=\"_blank\" rel=\"noreferrer noopener\">Miguel Comino<\/a> , les regidores: <a href=\"https:\/\/www.instagram.com\/mireiavergessvh\/\" target=\"_blank\" rel=\"noreferrer noopener\">Mireia Verg\u00e9s<\/a> , <a href=\"https:\/\/www.instagram.com\/capelladesladevesa\/\" target=\"_blank\" rel=\"noreferrer noopener\">Paqui Capellades<\/a> , <a href=\"https:\/\/www.instagram.com\/higueras_patricia\/\" target=\"_blank\" rel=\"noreferrer noopener\">Patricia Higueras<\/a> i <a href=\"https:\/\/www.instagram.com\/maria_pelaezsvh\/\" target=\"_blank\" rel=\"noreferrer noopener\">Mar\u00eda Pel\u00e1ez<\/a> , i els regidors: <a href=\"https:\/\/www.instagram.com\/isidre.svh\/\" target=\"_blank\" rel=\"noreferrer noopener\">Isidre Bautista<\/a> , <a href=\"https:\/\/www.instagram.com\/juanramon.torresblanco\/\" target=\"_blank\" rel=\"noreferrer noopener\">Juan Ram\u00f3n Torres<\/a> i <a href=\"https:\/\/www.instagram.com\/xgasvh\/\" target=\"_blank\" rel=\"noreferrer noopener\">Xavi G\u00f3mez<\/a> .<\/p>\n\n<figure class=\"wp-block-image size-large\"><a href=\"https:\/\/pscsvh.com\/wp-content\/uploads\/2022\/06\/WhatsApp-Image-2022-06-27-at-7.18.08-PM.jpeg\"><img loading=\"lazy\" decoding=\"async\" width=\"1024\" height=\"1024\" src=\"https:\/\/pscsvh.com\/wp-content\/uploads\/2022\/06\/WhatsApp-Image-2022-06-27-at-7.18.08-PM-1024x1024.jpeg\" alt=\"\" class=\"wp-image-2887\" srcset=\"https:\/\/pscsvh.com\/wp-content\/uploads\/2022\/06\/WhatsApp-Image-2022-06-27-at-7.18.08-PM-1024x1024.jpeg 1024w, https:\/\/pscsvh.com\/wp-content\/uploads\/2022\/06\/WhatsApp-Image-2022-06-27-at-7.18.08-PM-300x300.jpeg 300w, https:\/\/pscsvh.com\/wp-content\/uploads\/2022\/06\/WhatsApp-Image-2022-06-27-at-7.18.08-PM-150x150.jpeg 150w, https:\/\/pscsvh.com\/wp-content\/uploads\/2022\/06\/WhatsApp-Image-2022-06-27-at-7.18.08-PM-768x768.jpeg 768w, https:\/\/pscsvh.com\/wp-content\/uploads\/2022\/06\/WhatsApp-Image-2022-06-27-at-7.18.08-PM-1536x1536.jpeg 1536w, https:\/\/pscsvh.com\/wp-content\/uploads\/2022\/06\/WhatsApp-Image-2022-06-27-at-7.18.08-PM.jpeg 2048w\" sizes=\"auto, (max-width: 1024px) 100vw, 1024px\" \/><\/a><\/figure>\n","protected":false},"excerpt":{"rendered":"<p>Dilluns 27 de juny s&#8217;ha desenvolupat l&#8217;Assemblea Ordin\u00e0ria del PSC Sant Vicen\u00e7 dels Horts <\/p>\n","protected":false},"author":2,"featured_media":2890,"comment_status":"closed","ping_status":"closed","sticky":false,"template":"","format":"standard","meta":{"_citadela_custom_class":"","footnotes":""},"categories":[57],"tags":[116],"citadela-post-location":[42],"class_list":["post-3128","post","type-post","status-publish","format-standard","has-post-thumbnail","hentry","category-actualitat-vicentina","tag-assemblea-psc"],"yoast_head":"<!-- This site is optimized with the Yoast SEO plugin v24.7 - https:\/\/yoast.com\/wordpress\/plugins\/seo\/ -->\n<title>Assemblea Ordin\u00e0ria del PSC a Sant Vicen\u00e7 dels Horts - PSC SVH<\/title>\n<meta name=\"description\" content=\"Assemblea Ordin\u00e0ria del PSC a Sant Vicen\u00e7 dels Horts. Dilluns 27 de juny s&#039;ha desenvolupat l&#039;Assemblea Ordin\u00e0ria del PSC Sant Vicen\u00e7 dels Horts\" \/>\n<meta name=\"robots\" content=\"index, follow, max-snippet:-1, max-image-preview:large, max-video-preview:-1\" \/>\n<link rel=\"canonical\" href=\"https:\/\/pscsvh.com\/ca\/assemblea-ordinaria-del-psc-a-sant-vicenc-dels-horts\/\" \/>\n<meta property=\"og:locale\" content=\"ca_ES\" \/>\n<meta property=\"og:type\" content=\"article\" \/>\n<meta property=\"og:title\" content=\"Assemblea Ordin\u00e0ria del PSC a Sant Vicen\u00e7 dels Horts - PSC SVH\" \/>\n<meta property=\"og:description\" content=\"Assemblea Ordin\u00e0ria del PSC a Sant Vicen\u00e7 dels Horts. Dilluns 27 de juny s&#039;ha desenvolupat l&#039;Assemblea Ordin\u00e0ria del PSC Sant Vicen\u00e7 dels Horts\" \/>\n<meta property=\"og:url\" content=\"https:\/\/pscsvh.com\/ca\/assemblea-ordinaria-del-psc-a-sant-vicenc-dels-horts\/\" \/>\n<meta property=\"og:site_name\" content=\"PSC SVH\" \/>\n<meta property=\"article:published_time\" content=\"2022-06-27T14:13:00+00:00\" \/>\n<meta property=\"article:modified_time\" content=\"2022-07-17T16:05:32+00:00\" \/>\n<meta property=\"og:image\" content=\"https:\/\/pscsvh.com\/wp-content\/uploads\/2022\/06\/WhatsApp-Image-2022-06-27-at-7.17.33-PM.jpeg\" \/>\n\t<meta property=\"og:image:width\" content=\"2048\" \/>\n\t<meta property=\"og:image:height\" content=\"1150\" \/>\n\t<meta property=\"og:image:type\" content=\"image\/jpeg\" \/>\n<meta name=\"author\" content=\"PSC SVH\" \/>\n<meta name=\"twitter:card\" content=\"summary_large_image\" \/>\n<meta name=\"twitter:label1\" content=\"Escrit per\" \/>\n\t<meta name=\"twitter:data1\" content=\"PSC SVH\" \/>\n\t<meta name=\"twitter:label2\" content=\"Temps estimat de lectura\" \/>\n\t<meta name=\"twitter:data2\" content=\"1 minut\" \/>\n<script type=\"application\/ld+json\" class=\"yoast-schema-graph\">{\"@context\":\"https:\/\/schema.org\",\"@graph\":[{\"@type\":\"Article\",\"@id\":\"https:\/\/pscsvh.com\/ca\/assemblea-ordinaria-del-psc-a-sant-vicenc-dels-horts\/#article\",\"isPartOf\":{\"@id\":\"https:\/\/pscsvh.com\/ca\/assemblea-ordinaria-del-psc-a-sant-vicenc-dels-horts\/\"},\"author\":{\"name\":\"PSC SVH\",\"@id\":\"https:\/\/pscsvh.com\/ca\/#\/schema\/person\/6ad2cedf14b82878e2897de3ed64f1f9\"},\"headline\":\"Assemblea Ordin\u00e0ria del PSC a Sant Vicen\u00e7 dels Horts\",\"datePublished\":\"2022-06-27T14:13:00+00:00\",\"dateModified\":\"2022-07-17T16:05:32+00:00\",\"mainEntityOfPage\":{\"@id\":\"https:\/\/pscsvh.com\/ca\/assemblea-ordinaria-del-psc-a-sant-vicenc-dels-horts\/\"},\"wordCount\":136,\"publisher\":{\"@id\":\"https:\/\/pscsvh.com\/ca\/#organization\"},\"image\":{\"@id\":\"https:\/\/pscsvh.com\/ca\/assemblea-ordinaria-del-psc-a-sant-vicenc-dels-horts\/#primaryimage\"},\"thumbnailUrl\":\"https:\/\/pscsvh.com\/wp-content\/uploads\/2022\/06\/WhatsApp-Image-2022-06-27-at-7.17.33-PM.jpeg\",\"keywords\":[\"Assemblea PSC\"],\"articleSection\":[\"Actualitat Vicentina\"],\"inLanguage\":\"ca\"},{\"@type\":\"WebPage\",\"@id\":\"https:\/\/pscsvh.com\/ca\/assemblea-ordinaria-del-psc-a-sant-vicenc-dels-horts\/\",\"url\":\"https:\/\/pscsvh.com\/ca\/assemblea-ordinaria-del-psc-a-sant-vicenc-dels-horts\/\",\"name\":\"Assemblea Ordin\u00e0ria del PSC a Sant Vicen\u00e7 dels Horts - PSC SVH\",\"isPartOf\":{\"@id\":\"https:\/\/pscsvh.com\/ca\/#website\"},\"primaryImageOfPage\":{\"@id\":\"https:\/\/pscsvh.com\/ca\/assemblea-ordinaria-del-psc-a-sant-vicenc-dels-horts\/#primaryimage\"},\"image\":{\"@id\":\"https:\/\/pscsvh.com\/ca\/assemblea-ordinaria-del-psc-a-sant-vicenc-dels-horts\/#primaryimage\"},\"thumbnailUrl\":\"https:\/\/pscsvh.com\/wp-content\/uploads\/2022\/06\/WhatsApp-Image-2022-06-27-at-7.17.33-PM.jpeg\",\"datePublished\":\"2022-06-27T14:13:00+00:00\",\"dateModified\":\"2022-07-17T16:05:32+00:00\",\"description\":\"Assemblea Ordin\u00e0ria del PSC a Sant Vicen\u00e7 dels Horts. Dilluns 27 de juny s'ha desenvolupat l'Assemblea Ordin\u00e0ria del PSC Sant Vicen\u00e7 dels Horts\",\"breadcrumb\":{\"@id\":\"https:\/\/pscsvh.com\/ca\/assemblea-ordinaria-del-psc-a-sant-vicenc-dels-horts\/#breadcrumb\"},\"inLanguage\":\"ca\",\"potentialAction\":[{\"@type\":\"ReadAction\",\"target\":[\"https:\/\/pscsvh.com\/ca\/assemblea-ordinaria-del-psc-a-sant-vicenc-dels-horts\/\"]}]},{\"@type\":\"ImageObject\",\"inLanguage\":\"ca\",\"@id\":\"https:\/\/pscsvh.com\/ca\/assemblea-ordinaria-del-psc-a-sant-vicenc-dels-horts\/#primaryimage\",\"url\":\"https:\/\/pscsvh.com\/wp-content\/uploads\/2022\/06\/WhatsApp-Image-2022-06-27-at-7.17.33-PM.jpeg\",\"contentUrl\":\"https:\/\/pscsvh.com\/wp-content\/uploads\/2022\/06\/WhatsApp-Image-2022-06-27-at-7.17.33-PM.jpeg\",\"width\":2048,\"height\":1150},{\"@type\":\"BreadcrumbList\",\"@id\":\"https:\/\/pscsvh.com\/ca\/assemblea-ordinaria-del-psc-a-sant-vicenc-dels-horts\/#breadcrumb\",\"itemListElement\":[{\"@type\":\"ListItem\",\"position\":1,\"name\":\"Portada\",\"item\":\"https:\/\/pscsvh.com\/ca\/\"},{\"@type\":\"ListItem\",\"position\":2,\"name\":\"Assemblea Ordin\u00e0ria del PSC a Sant Vicen\u00e7 dels Horts\"}]},{\"@type\":\"WebSite\",\"@id\":\"https:\/\/pscsvh.com\/ca\/#website\",\"url\":\"https:\/\/pscsvh.com\/ca\/\",\"name\":\"PSC SVH\",\"description\":\"El cambio que suma\",\"publisher\":{\"@id\":\"https:\/\/pscsvh.com\/ca\/#organization\"},\"potentialAction\":[{\"@type\":\"SearchAction\",\"target\":{\"@type\":\"EntryPoint\",\"urlTemplate\":\"https:\/\/pscsvh.com\/ca\/?s={search_term_string}\"},\"query-input\":{\"@type\":\"PropertyValueSpecification\",\"valueRequired\":true,\"valueName\":\"search_term_string\"}}],\"inLanguage\":\"ca\"},{\"@type\":\"Organization\",\"@id\":\"https:\/\/pscsvh.com\/ca\/#organization\",\"name\":\"PSC SVH\",\"url\":\"https:\/\/pscsvh.com\/ca\/\",\"logo\":{\"@type\":\"ImageObject\",\"inLanguage\":\"ca\",\"@id\":\"https:\/\/pscsvh.com\/ca\/#\/schema\/logo\/image\/\",\"url\":\"https:\/\/pscsvh.com\/wp-content\/uploads\/2022\/06\/cropped-Logo_SVh2-300x158-1.png\",\"contentUrl\":\"https:\/\/pscsvh.com\/wp-content\/uploads\/2022\/06\/cropped-Logo_SVh2-300x158-1.png\",\"width\":300,\"height\":158,\"caption\":\"PSC SVH\"},\"image\":{\"@id\":\"https:\/\/pscsvh.com\/ca\/#\/schema\/logo\/image\/\"}},{\"@type\":\"Person\",\"@id\":\"https:\/\/pscsvh.com\/ca\/#\/schema\/person\/6ad2cedf14b82878e2897de3ed64f1f9\",\"name\":\"PSC SVH\",\"image\":{\"@type\":\"ImageObject\",\"inLanguage\":\"ca\",\"@id\":\"https:\/\/pscsvh.com\/ca\/#\/schema\/person\/image\/\",\"url\":\"https:\/\/secure.gravatar.com\/avatar\/a019c39072cc7d669be4d6e2cda099b4e834789e55938a3ec58bef829a37db42?s=96&d=mm&r=g\",\"contentUrl\":\"https:\/\/secure.gravatar.com\/avatar\/a019c39072cc7d669be4d6e2cda099b4e834789e55938a3ec58bef829a37db42?s=96&d=mm&r=g\",\"caption\":\"PSC SVH\"},\"url\":\"https:\/\/pscsvh.com\/ca\/author\/admin-2\/\"}]}<\/script>\n<!-- \/ Yoast SEO plugin. -->","yoast_head_json":{"title":"Assemblea Ordin\u00e0ria del PSC a Sant Vicen\u00e7 dels Horts - PSC SVH","description":"Assemblea Ordin\u00e0ria del PSC a Sant Vicen\u00e7 dels Horts. Dilluns 27 de juny s'ha desenvolupat l'Assemblea Ordin\u00e0ria del PSC Sant Vicen\u00e7 dels Horts","robots":{"index":"index","follow":"follow","max-snippet":"max-snippet:-1","max-image-preview":"max-image-preview:large","max-video-preview":"max-video-preview:-1"},"canonical":"https:\/\/pscsvh.com\/ca\/assemblea-ordinaria-del-psc-a-sant-vicenc-dels-horts\/","og_locale":"ca_ES","og_type":"article","og_title":"Assemblea Ordin\u00e0ria del PSC a Sant Vicen\u00e7 dels Horts - PSC SVH","og_description":"Assemblea Ordin\u00e0ria del PSC a Sant Vicen\u00e7 dels Horts. Dilluns 27 de juny s'ha desenvolupat l'Assemblea Ordin\u00e0ria del PSC Sant Vicen\u00e7 dels Horts","og_url":"https:\/\/pscsvh.com\/ca\/assemblea-ordinaria-del-psc-a-sant-vicenc-dels-horts\/","og_site_name":"PSC SVH","article_published_time":"2022-06-27T14:13:00+00:00","article_modified_time":"2022-07-17T16:05:32+00:00","og_image":[{"width":2048,"height":1150,"url":"https:\/\/pscsvh.com\/wp-content\/uploads\/2022\/06\/WhatsApp-Image-2022-06-27-at-7.17.33-PM.jpeg","type":"image\/jpeg"}],"author":"PSC SVH","twitter_card":"summary_large_image","twitter_misc":{"Escrit per":"PSC SVH","Temps estimat de lectura":"1 minut"},"schema":{"@context":"https:\/\/schema.org","@graph":[{"@type":"Article","@id":"https:\/\/pscsvh.com\/ca\/assemblea-ordinaria-del-psc-a-sant-vicenc-dels-horts\/#article","isPartOf":{"@id":"https:\/\/pscsvh.com\/ca\/assemblea-ordinaria-del-psc-a-sant-vicenc-dels-horts\/"},"author":{"name":"PSC SVH","@id":"https:\/\/pscsvh.com\/ca\/#\/schema\/person\/6ad2cedf14b82878e2897de3ed64f1f9"},"headline":"Assemblea Ordin\u00e0ria del PSC a Sant Vicen\u00e7 dels Horts","datePublished":"2022-06-27T14:13:00+00:00","dateModified":"2022-07-17T16:05:32+00:00","mainEntityOfPage":{"@id":"https:\/\/pscsvh.com\/ca\/assemblea-ordinaria-del-psc-a-sant-vicenc-dels-horts\/"},"wordCount":136,"publisher":{"@id":"https:\/\/pscsvh.com\/ca\/#organization"},"image":{"@id":"https:\/\/pscsvh.com\/ca\/assemblea-ordinaria-del-psc-a-sant-vicenc-dels-horts\/#primaryimage"},"thumbnailUrl":"https:\/\/pscsvh.com\/wp-content\/uploads\/2022\/06\/WhatsApp-Image-2022-06-27-at-7.17.33-PM.jpeg","keywords":["Assemblea PSC"],"articleSection":["Actualitat Vicentina"],"inLanguage":"ca"},{"@type":"WebPage","@id":"https:\/\/pscsvh.com\/ca\/assemblea-ordinaria-del-psc-a-sant-vicenc-dels-horts\/","url":"https:\/\/pscsvh.com\/ca\/assemblea-ordinaria-del-psc-a-sant-vicenc-dels-horts\/","name":"Assemblea Ordin\u00e0ria del PSC a Sant Vicen\u00e7 dels Horts - PSC SVH","isPartOf":{"@id":"https:\/\/pscsvh.com\/ca\/#website"},"primaryImageOfPage":{"@id":"https:\/\/pscsvh.com\/ca\/assemblea-ordinaria-del-psc-a-sant-vicenc-dels-horts\/#primaryimage"},"image":{"@id":"https:\/\/pscsvh.com\/ca\/assemblea-ordinaria-del-psc-a-sant-vicenc-dels-horts\/#primaryimage"},"thumbnailUrl":"https:\/\/pscsvh.com\/wp-content\/uploads\/2022\/06\/WhatsApp-Image-2022-06-27-at-7.17.33-PM.jpeg","datePublished":"2022-06-27T14:13:00+00:00","dateModified":"2022-07-17T16:05:32+00:00","description":"Assemblea Ordin\u00e0ria del PSC a Sant Vicen\u00e7 dels Horts. Dilluns 27 de juny s'ha desenvolupat l'Assemblea Ordin\u00e0ria del PSC Sant Vicen\u00e7 dels Horts","breadcrumb":{"@id":"https:\/\/pscsvh.com\/ca\/assemblea-ordinaria-del-psc-a-sant-vicenc-dels-horts\/#breadcrumb"},"inLanguage":"ca","potentialAction":[{"@type":"ReadAction","target":["https:\/\/pscsvh.com\/ca\/assemblea-ordinaria-del-psc-a-sant-vicenc-dels-horts\/"]}]},{"@type":"ImageObject","inLanguage":"ca","@id":"https:\/\/pscsvh.com\/ca\/assemblea-ordinaria-del-psc-a-sant-vicenc-dels-horts\/#primaryimage","url":"https:\/\/pscsvh.com\/wp-content\/uploads\/2022\/06\/WhatsApp-Image-2022-06-27-at-7.17.33-PM.jpeg","contentUrl":"https:\/\/pscsvh.com\/wp-content\/uploads\/2022\/06\/WhatsApp-Image-2022-06-27-at-7.17.33-PM.jpeg","width":2048,"height":1150},{"@type":"BreadcrumbList","@id":"https:\/\/pscsvh.com\/ca\/assemblea-ordinaria-del-psc-a-sant-vicenc-dels-horts\/#breadcrumb","itemListElement":[{"@type":"ListItem","position":1,"name":"Portada","item":"https:\/\/pscsvh.com\/ca\/"},{"@type":"ListItem","position":2,"name":"Assemblea Ordin\u00e0ria del PSC a Sant Vicen\u00e7 dels Horts"}]},{"@type":"WebSite","@id":"https:\/\/pscsvh.com\/ca\/#website","url":"https:\/\/pscsvh.com\/ca\/","name":"PSC SVH","description":"El cambio que suma","publisher":{"@id":"https:\/\/pscsvh.com\/ca\/#organization"},"potentialAction":[{"@type":"SearchAction","target":{"@type":"EntryPoint","urlTemplate":"https:\/\/pscsvh.com\/ca\/?s={search_term_string}"},"query-input":{"@type":"PropertyValueSpecification","valueRequired":true,"valueName":"search_term_string"}}],"inLanguage":"ca"},{"@type":"Organization","@id":"https:\/\/pscsvh.com\/ca\/#organization","name":"PSC SVH","url":"https:\/\/pscsvh.com\/ca\/","logo":{"@type":"ImageObject","inLanguage":"ca","@id":"https:\/\/pscsvh.com\/ca\/#\/schema\/logo\/image\/","url":"https:\/\/pscsvh.com\/wp-content\/uploads\/2022\/06\/cropped-Logo_SVh2-300x158-1.png","contentUrl":"https:\/\/pscsvh.com\/wp-content\/uploads\/2022\/06\/cropped-Logo_SVh2-300x158-1.png","width":300,"height":158,"caption":"PSC SVH"},"image":{"@id":"https:\/\/pscsvh.com\/ca\/#\/schema\/logo\/image\/"}},{"@type":"Person","@id":"https:\/\/pscsvh.com\/ca\/#\/schema\/person\/6ad2cedf14b82878e2897de3ed64f1f9","name":"PSC SVH","image":{"@type":"ImageObject","inLanguage":"ca","@id":"https:\/\/pscsvh.com\/ca\/#\/schema\/person\/image\/","url":"https:\/\/secure.gravatar.com\/avatar\/a019c39072cc7d669be4d6e2cda099b4e834789e55938a3ec58bef829a37db42?s=96&d=mm&r=g","contentUrl":"https:\/\/secure.gravatar.com\/avatar\/a019c39072cc7d669be4d6e2cda099b4e834789e55938a3ec58bef829a37db42?s=96&d=mm&r=g","caption":"PSC SVH"},"url":"https:\/\/pscsvh.com\/ca\/author\/admin-2\/"}]}},"_links":{"self":[{"href":"https:\/\/pscsvh.com\/ca\/wp-json\/wp\/v2\/posts\/3128","targetHints":{"allow":["GET"]}}],"collection":[{"href":"https:\/\/pscsvh.com\/ca\/wp-json\/wp\/v2\/posts"}],"about":[{"href":"https:\/\/pscsvh.com\/ca\/wp-json\/wp\/v2\/types\/post"}],"author":[{"embeddable":true,"href":"https:\/\/pscsvh.com\/ca\/wp-json\/wp\/v2\/users\/2"}],"replies":[{"embeddable":true,"href":"https:\/\/pscsvh.com\/ca\/wp-json\/wp\/v2\/comments?post=3128"}],"version-history":[{"count":3,"href":"https:\/\/pscsvh.com\/ca\/wp-json\/wp\/v2\/posts\/3128\/revisions"}],"predecessor-version":[{"id":3131,"href":"https:\/\/pscsvh.com\/ca\/wp-json\/wp\/v2\/posts\/3128\/revisions\/3131"}],"wp:featuredmedia":[{"embeddable":true,"href":"https:\/\/pscsvh.com\/ca\/wp-json\/wp\/v2\/media\/2890"}],"wp:attachment":[{"href":"https:\/\/pscsvh.com\/ca\/wp-json\/wp\/v2\/media?parent=3128"}],"wp:term":[{"taxonomy":"category","embeddable":true,"href":"https:\/\/pscsvh.com\/ca\/wp-json\/wp\/v2\/categories?post=3128"},{"taxonomy":"post_tag","embeddable":true,"href":"https:\/\/pscsvh.com\/ca\/wp-json\/wp\/v2\/tags?post=3128"},{"taxonomy":"citadela-post-location","embeddable":true,"href":"https:\/\/pscsvh.com\/ca\/wp-json\/wp\/v2\/citadela-post-location?post=3128"}],"curies":[{"name":"wp","href":"https:\/\/api.w.org\/{rel}","templated":true}]}}