{"id":3126,"date":"2022-06-25T15:32:00","date_gmt":"2022-06-25T13:32:00","guid":{"rendered":"https:\/\/pscsvh.com\/mercat-de-pages-a-sant-vicenc-dels-horts\/"},"modified":"2022-07-17T18:04:49","modified_gmt":"2022-07-17T16:04:49","slug":"mercat-de-pages-a-sant-vicenc-dels-horts","status":"publish","type":"post","link":"https:\/\/pscsvh.com\/ca\/mercat-de-pages-a-sant-vicenc-dels-horts\/","title":{"rendered":"Mercat de Pag\u00e8s a Sant Vicen\u00e7 dels Horts"},"content":{"rendered":"\n<h3 class=\"wp-block-heading\">Les regidores del PSC <a href=\"https:\/\/www.instagram.com\/maria_pelaezsvh\/\" target=\"_blank\" rel=\"noreferrer noopener\">Mar\u00eda Pelaez<\/a> i <a href=\"https:\/\/www.instagram.com\/capelladesladevesa\/\" target=\"_blank\" rel=\"noreferrer noopener\">Paqui Capellades<\/a> van assistir al Vermut del Mirabol\u00e0<\/h3>\n\n<p>Aquest dissabte 25 de juny en el marc de l&#8217;activitat setmanal del <em>Mercat de Pag\u00e8s<\/em> que se celebra setmanalment a Sant Vicen\u00e7 dels Horts, s&#8217;ha dut a terme un cicle de cuina en directe amb c\u00f2ctels de Mirabol\u00e0, vermut i m\u00fasica ambiental a la Pla\u00e7a Nac\u00eds Dilluns amb el Mercat de Pag\u00e8s.<\/p>\n\n<p>El Mirabol\u00e0 \u00e9s un arbre fruiter de la fam\u00edlia de les ros\u00e0cies que t\u00e9 una producci\u00f3 molt curta al calendari, de fet, madura al mes de juny.<\/p>\n\n<figure class=\"wp-block-image size-full\"><img loading=\"lazy\" decoding=\"async\" width=\"835\" height=\"1024\" src=\"https:\/\/pscsvh.com\/wp-content\/uploads\/2022\/06\/WhatsApp-Image-2022-06-26-at-10.46.27-PM-1.jpeg\" alt=\"\" class=\"wp-image-2858\" srcset=\"https:\/\/pscsvh.com\/wp-content\/uploads\/2022\/06\/WhatsApp-Image-2022-06-26-at-10.46.27-PM-1.jpeg 835w, https:\/\/pscsvh.com\/wp-content\/uploads\/2022\/06\/WhatsApp-Image-2022-06-26-at-10.46.27-PM-1-245x300.jpeg 245w, https:\/\/pscsvh.com\/wp-content\/uploads\/2022\/06\/WhatsApp-Image-2022-06-26-at-10.46.27-PM-1-768x942.jpeg 768w\" sizes=\"auto, (max-width: 835px) 100vw, 835px\" \/><\/figure>\n","protected":false},"excerpt":{"rendered":"<p>Les regidores del PSC Mar\u00eda Pelaez i Paqui Capellades van assistir al Vermut del Mirabol\u00e0<\/p>\n","protected":false},"author":2,"featured_media":2861,"comment_status":"closed","ping_status":"closed","sticky":false,"template":"","format":"standard","meta":{"_citadela_custom_class":"","footnotes":""},"categories":[57],"tags":[],"citadela-post-location":[42],"class_list":["post-3126","post","type-post","status-publish","format-standard","has-post-thumbnail","hentry","category-actualitat-vicentina"],"yoast_head":"<!-- This site is optimized with the Yoast SEO plugin v24.7 - https:\/\/yoast.com\/wordpress\/plugins\/seo\/ -->\n<title>Mercat de Pag\u00e8s a Sant Vicen\u00e7 dels Horts - PSC SVH<\/title>\n<meta name=\"description\" content=\"Mercat de Pag\u00e8s a Sant Vicen\u00e7 dels Horts. Les regidores del PSC Mar\u00eda Pelaez i Paqui Capellades van assistir al Vermut del Mirabol\u00e0.\" \/>\n<meta name=\"robots\" content=\"index, follow, max-snippet:-1, max-image-preview:large, max-video-preview:-1\" \/>\n<link rel=\"canonical\" href=\"https:\/\/pscsvh.com\/ca\/mercat-de-pages-a-sant-vicenc-dels-horts\/\" \/>\n<meta property=\"og:locale\" content=\"ca_ES\" \/>\n<meta property=\"og:type\" content=\"article\" \/>\n<meta property=\"og:title\" content=\"Mercat de Pag\u00e8s a Sant Vicen\u00e7 dels Horts - PSC SVH\" \/>\n<meta property=\"og:description\" content=\"Mercat de Pag\u00e8s a Sant Vicen\u00e7 dels Horts. Les regidores del PSC Mar\u00eda Pelaez i Paqui Capellades van assistir al Vermut del Mirabol\u00e0.\" \/>\n<meta property=\"og:url\" content=\"https:\/\/pscsvh.com\/ca\/mercat-de-pages-a-sant-vicenc-dels-horts\/\" \/>\n<meta property=\"og:site_name\" content=\"PSC SVH\" \/>\n<meta property=\"article:published_time\" content=\"2022-06-25T13:32:00+00:00\" \/>\n<meta property=\"article:modified_time\" content=\"2022-07-17T16:04:49+00:00\" \/>\n<meta property=\"og:image\" content=\"https:\/\/pscsvh.com\/wp-content\/uploads\/2022\/06\/WhatsApp-Image-2022-06-26-at-10.46.26-PM.jpeg\" \/>\n\t<meta property=\"og:image:width\" content=\"1024\" \/>\n\t<meta property=\"og:image:height\" content=\"768\" \/>\n\t<meta property=\"og:image:type\" content=\"image\/jpeg\" \/>\n<meta name=\"author\" content=\"PSC SVH\" \/>\n<meta name=\"twitter:card\" content=\"summary_large_image\" \/>\n<meta name=\"twitter:label1\" content=\"Escrit per\" \/>\n\t<meta name=\"twitter:data1\" content=\"PSC SVH\" \/>\n\t<meta name=\"twitter:label2\" content=\"Temps estimat de lectura\" \/>\n\t<meta name=\"twitter:data2\" content=\"1 minut\" \/>\n<script type=\"application\/ld+json\" class=\"yoast-schema-graph\">{\"@context\":\"https:\/\/schema.org\",\"@graph\":[{\"@type\":\"Article\",\"@id\":\"https:\/\/pscsvh.com\/ca\/mercat-de-pages-a-sant-vicenc-dels-horts\/#article\",\"isPartOf\":{\"@id\":\"https:\/\/pscsvh.com\/ca\/mercat-de-pages-a-sant-vicenc-dels-horts\/\"},\"author\":{\"name\":\"PSC SVH\",\"@id\":\"https:\/\/pscsvh.com\/ca\/#\/schema\/person\/6ad2cedf14b82878e2897de3ed64f1f9\"},\"headline\":\"Mercat de Pag\u00e8s a Sant Vicen\u00e7 dels Horts\",\"datePublished\":\"2022-06-25T13:32:00+00:00\",\"dateModified\":\"2022-07-17T16:04:49+00:00\",\"mainEntityOfPage\":{\"@id\":\"https:\/\/pscsvh.com\/ca\/mercat-de-pages-a-sant-vicenc-dels-horts\/\"},\"wordCount\":113,\"publisher\":{\"@id\":\"https:\/\/pscsvh.com\/ca\/#organization\"},\"image\":{\"@id\":\"https:\/\/pscsvh.com\/ca\/mercat-de-pages-a-sant-vicenc-dels-horts\/#primaryimage\"},\"thumbnailUrl\":\"https:\/\/pscsvh.com\/wp-content\/uploads\/2022\/06\/WhatsApp-Image-2022-06-26-at-10.46.26-PM.jpeg\",\"articleSection\":[\"Actualitat Vicentina\"],\"inLanguage\":\"ca\"},{\"@type\":\"WebPage\",\"@id\":\"https:\/\/pscsvh.com\/ca\/mercat-de-pages-a-sant-vicenc-dels-horts\/\",\"url\":\"https:\/\/pscsvh.com\/ca\/mercat-de-pages-a-sant-vicenc-dels-horts\/\",\"name\":\"Mercat de Pag\u00e8s a Sant Vicen\u00e7 dels Horts - PSC SVH\",\"isPartOf\":{\"@id\":\"https:\/\/pscsvh.com\/ca\/#website\"},\"primaryImageOfPage\":{\"@id\":\"https:\/\/pscsvh.com\/ca\/mercat-de-pages-a-sant-vicenc-dels-horts\/#primaryimage\"},\"image\":{\"@id\":\"https:\/\/pscsvh.com\/ca\/mercat-de-pages-a-sant-vicenc-dels-horts\/#primaryimage\"},\"thumbnailUrl\":\"https:\/\/pscsvh.com\/wp-content\/uploads\/2022\/06\/WhatsApp-Image-2022-06-26-at-10.46.26-PM.jpeg\",\"datePublished\":\"2022-06-25T13:32:00+00:00\",\"dateModified\":\"2022-07-17T16:04:49+00:00\",\"description\":\"Mercat de Pag\u00e8s a Sant Vicen\u00e7 dels Horts. Les regidores del PSC Mar\u00eda Pelaez i Paqui Capellades van assistir al Vermut del Mirabol\u00e0.\",\"breadcrumb\":{\"@id\":\"https:\/\/pscsvh.com\/ca\/mercat-de-pages-a-sant-vicenc-dels-horts\/#breadcrumb\"},\"inLanguage\":\"ca\",\"potentialAction\":[{\"@type\":\"ReadAction\",\"target\":[\"https:\/\/pscsvh.com\/ca\/mercat-de-pages-a-sant-vicenc-dels-horts\/\"]}]},{\"@type\":\"ImageObject\",\"inLanguage\":\"ca\",\"@id\":\"https:\/\/pscsvh.com\/ca\/mercat-de-pages-a-sant-vicenc-dels-horts\/#primaryimage\",\"url\":\"https:\/\/pscsvh.com\/wp-content\/uploads\/2022\/06\/WhatsApp-Image-2022-06-26-at-10.46.26-PM.jpeg\",\"contentUrl\":\"https:\/\/pscsvh.com\/wp-content\/uploads\/2022\/06\/WhatsApp-Image-2022-06-26-at-10.46.26-PM.jpeg\",\"width\":1024,\"height\":768},{\"@type\":\"BreadcrumbList\",\"@id\":\"https:\/\/pscsvh.com\/ca\/mercat-de-pages-a-sant-vicenc-dels-horts\/#breadcrumb\",\"itemListElement\":[{\"@type\":\"ListItem\",\"position\":1,\"name\":\"Portada\",\"item\":\"https:\/\/pscsvh.com\/ca\/\"},{\"@type\":\"ListItem\",\"position\":2,\"name\":\"Mercat de Pag\u00e8s a Sant Vicen\u00e7 dels Horts\"}]},{\"@type\":\"WebSite\",\"@id\":\"https:\/\/pscsvh.com\/ca\/#website\",\"url\":\"https:\/\/pscsvh.com\/ca\/\",\"name\":\"PSC SVH\",\"description\":\"El cambio que suma\",\"publisher\":{\"@id\":\"https:\/\/pscsvh.com\/ca\/#organization\"},\"potentialAction\":[{\"@type\":\"SearchAction\",\"target\":{\"@type\":\"EntryPoint\",\"urlTemplate\":\"https:\/\/pscsvh.com\/ca\/?s={search_term_string}\"},\"query-input\":{\"@type\":\"PropertyValueSpecification\",\"valueRequired\":true,\"valueName\":\"search_term_string\"}}],\"inLanguage\":\"ca\"},{\"@type\":\"Organization\",\"@id\":\"https:\/\/pscsvh.com\/ca\/#organization\",\"name\":\"PSC SVH\",\"url\":\"https:\/\/pscsvh.com\/ca\/\",\"logo\":{\"@type\":\"ImageObject\",\"inLanguage\":\"ca\",\"@id\":\"https:\/\/pscsvh.com\/ca\/#\/schema\/logo\/image\/\",\"url\":\"https:\/\/pscsvh.com\/wp-content\/uploads\/2022\/06\/cropped-Logo_SVh2-300x158-1.png\",\"contentUrl\":\"https:\/\/pscsvh.com\/wp-content\/uploads\/2022\/06\/cropped-Logo_SVh2-300x158-1.png\",\"width\":300,\"height\":158,\"caption\":\"PSC SVH\"},\"image\":{\"@id\":\"https:\/\/pscsvh.com\/ca\/#\/schema\/logo\/image\/\"}},{\"@type\":\"Person\",\"@id\":\"https:\/\/pscsvh.com\/ca\/#\/schema\/person\/6ad2cedf14b82878e2897de3ed64f1f9\",\"name\":\"PSC SVH\",\"image\":{\"@type\":\"ImageObject\",\"inLanguage\":\"ca\",\"@id\":\"https:\/\/pscsvh.com\/ca\/#\/schema\/person\/image\/\",\"url\":\"https:\/\/secure.gravatar.com\/avatar\/a019c39072cc7d669be4d6e2cda099b4e834789e55938a3ec58bef829a37db42?s=96&d=mm&r=g\",\"contentUrl\":\"https:\/\/secure.gravatar.com\/avatar\/a019c39072cc7d669be4d6e2cda099b4e834789e55938a3ec58bef829a37db42?s=96&d=mm&r=g\",\"caption\":\"PSC SVH\"},\"url\":\"https:\/\/pscsvh.com\/ca\/author\/admin-2\/\"}]}<\/script>\n<!-- \/ Yoast SEO plugin. -->","yoast_head_json":{"title":"Mercat de Pag\u00e8s a Sant Vicen\u00e7 dels Horts - PSC SVH","description":"Mercat de Pag\u00e8s a Sant Vicen\u00e7 dels Horts. Les regidores del PSC Mar\u00eda Pelaez i Paqui Capellades van assistir al Vermut del Mirabol\u00e0.","robots":{"index":"index","follow":"follow","max-snippet":"max-snippet:-1","max-image-preview":"max-image-preview:large","max-video-preview":"max-video-preview:-1"},"canonical":"https:\/\/pscsvh.com\/ca\/mercat-de-pages-a-sant-vicenc-dels-horts\/","og_locale":"ca_ES","og_type":"article","og_title":"Mercat de Pag\u00e8s a Sant Vicen\u00e7 dels Horts - PSC SVH","og_description":"Mercat de Pag\u00e8s a Sant Vicen\u00e7 dels Horts. Les regidores del PSC Mar\u00eda Pelaez i Paqui Capellades van assistir al Vermut del Mirabol\u00e0.","og_url":"https:\/\/pscsvh.com\/ca\/mercat-de-pages-a-sant-vicenc-dels-horts\/","og_site_name":"PSC SVH","article_published_time":"2022-06-25T13:32:00+00:00","article_modified_time":"2022-07-17T16:04:49+00:00","og_image":[{"width":1024,"height":768,"url":"https:\/\/pscsvh.com\/wp-content\/uploads\/2022\/06\/WhatsApp-Image-2022-06-26-at-10.46.26-PM.jpeg","type":"image\/jpeg"}],"author":"PSC SVH","twitter_card":"summary_large_image","twitter_misc":{"Escrit per":"PSC SVH","Temps estimat de lectura":"1 minut"},"schema":{"@context":"https:\/\/schema.org","@graph":[{"@type":"Article","@id":"https:\/\/pscsvh.com\/ca\/mercat-de-pages-a-sant-vicenc-dels-horts\/#article","isPartOf":{"@id":"https:\/\/pscsvh.com\/ca\/mercat-de-pages-a-sant-vicenc-dels-horts\/"},"author":{"name":"PSC SVH","@id":"https:\/\/pscsvh.com\/ca\/#\/schema\/person\/6ad2cedf14b82878e2897de3ed64f1f9"},"headline":"Mercat de Pag\u00e8s a Sant Vicen\u00e7 dels Horts","datePublished":"2022-06-25T13:32:00+00:00","dateModified":"2022-07-17T16:04:49+00:00","mainEntityOfPage":{"@id":"https:\/\/pscsvh.com\/ca\/mercat-de-pages-a-sant-vicenc-dels-horts\/"},"wordCount":113,"publisher":{"@id":"https:\/\/pscsvh.com\/ca\/#organization"},"image":{"@id":"https:\/\/pscsvh.com\/ca\/mercat-de-pages-a-sant-vicenc-dels-horts\/#primaryimage"},"thumbnailUrl":"https:\/\/pscsvh.com\/wp-content\/uploads\/2022\/06\/WhatsApp-Image-2022-06-26-at-10.46.26-PM.jpeg","articleSection":["Actualitat Vicentina"],"inLanguage":"ca"},{"@type":"WebPage","@id":"https:\/\/pscsvh.com\/ca\/mercat-de-pages-a-sant-vicenc-dels-horts\/","url":"https:\/\/pscsvh.com\/ca\/mercat-de-pages-a-sant-vicenc-dels-horts\/","name":"Mercat de Pag\u00e8s a Sant Vicen\u00e7 dels Horts - PSC SVH","isPartOf":{"@id":"https:\/\/pscsvh.com\/ca\/#website"},"primaryImageOfPage":{"@id":"https:\/\/pscsvh.com\/ca\/mercat-de-pages-a-sant-vicenc-dels-horts\/#primaryimage"},"image":{"@id":"https:\/\/pscsvh.com\/ca\/mercat-de-pages-a-sant-vicenc-dels-horts\/#primaryimage"},"thumbnailUrl":"https:\/\/pscsvh.com\/wp-content\/uploads\/2022\/06\/WhatsApp-Image-2022-06-26-at-10.46.26-PM.jpeg","datePublished":"2022-06-25T13:32:00+00:00","dateModified":"2022-07-17T16:04:49+00:00","description":"Mercat de Pag\u00e8s a Sant Vicen\u00e7 dels Horts. Les regidores del PSC Mar\u00eda Pelaez i Paqui Capellades van assistir al Vermut del Mirabol\u00e0.","breadcrumb":{"@id":"https:\/\/pscsvh.com\/ca\/mercat-de-pages-a-sant-vicenc-dels-horts\/#breadcrumb"},"inLanguage":"ca","potentialAction":[{"@type":"ReadAction","target":["https:\/\/pscsvh.com\/ca\/mercat-de-pages-a-sant-vicenc-dels-horts\/"]}]},{"@type":"ImageObject","inLanguage":"ca","@id":"https:\/\/pscsvh.com\/ca\/mercat-de-pages-a-sant-vicenc-dels-horts\/#primaryimage","url":"https:\/\/pscsvh.com\/wp-content\/uploads\/2022\/06\/WhatsApp-Image-2022-06-26-at-10.46.26-PM.jpeg","contentUrl":"https:\/\/pscsvh.com\/wp-content\/uploads\/2022\/06\/WhatsApp-Image-2022-06-26-at-10.46.26-PM.jpeg","width":1024,"height":768},{"@type":"BreadcrumbList","@id":"https:\/\/pscsvh.com\/ca\/mercat-de-pages-a-sant-vicenc-dels-horts\/#breadcrumb","itemListElement":[{"@type":"ListItem","position":1,"name":"Portada","item":"https:\/\/pscsvh.com\/ca\/"},{"@type":"ListItem","position":2,"name":"Mercat de Pag\u00e8s a Sant Vicen\u00e7 dels Horts"}]},{"@type":"WebSite","@id":"https:\/\/pscsvh.com\/ca\/#website","url":"https:\/\/pscsvh.com\/ca\/","name":"PSC SVH","description":"El cambio que suma","publisher":{"@id":"https:\/\/pscsvh.com\/ca\/#organization"},"potentialAction":[{"@type":"SearchAction","target":{"@type":"EntryPoint","urlTemplate":"https:\/\/pscsvh.com\/ca\/?s={search_term_string}"},"query-input":{"@type":"PropertyValueSpecification","valueRequired":true,"valueName":"search_term_string"}}],"inLanguage":"ca"},{"@type":"Organization","@id":"https:\/\/pscsvh.com\/ca\/#organization","name":"PSC SVH","url":"https:\/\/pscsvh.com\/ca\/","logo":{"@type":"ImageObject","inLanguage":"ca","@id":"https:\/\/pscsvh.com\/ca\/#\/schema\/logo\/image\/","url":"https:\/\/pscsvh.com\/wp-content\/uploads\/2022\/06\/cropped-Logo_SVh2-300x158-1.png","contentUrl":"https:\/\/pscsvh.com\/wp-content\/uploads\/2022\/06\/cropped-Logo_SVh2-300x158-1.png","width":300,"height":158,"caption":"PSC SVH"},"image":{"@id":"https:\/\/pscsvh.com\/ca\/#\/schema\/logo\/image\/"}},{"@type":"Person","@id":"https:\/\/pscsvh.com\/ca\/#\/schema\/person\/6ad2cedf14b82878e2897de3ed64f1f9","name":"PSC SVH","image":{"@type":"ImageObject","inLanguage":"ca","@id":"https:\/\/pscsvh.com\/ca\/#\/schema\/person\/image\/","url":"https:\/\/secure.gravatar.com\/avatar\/a019c39072cc7d669be4d6e2cda099b4e834789e55938a3ec58bef829a37db42?s=96&d=mm&r=g","contentUrl":"https:\/\/secure.gravatar.com\/avatar\/a019c39072cc7d669be4d6e2cda099b4e834789e55938a3ec58bef829a37db42?s=96&d=mm&r=g","caption":"PSC SVH"},"url":"https:\/\/pscsvh.com\/ca\/author\/admin-2\/"}]}},"_links":{"self":[{"href":"https:\/\/pscsvh.com\/ca\/wp-json\/wp\/v2\/posts\/3126","targetHints":{"allow":["GET"]}}],"collection":[{"href":"https:\/\/pscsvh.com\/ca\/wp-json\/wp\/v2\/posts"}],"about":[{"href":"https:\/\/pscsvh.com\/ca\/wp-json\/wp\/v2\/types\/post"}],"author":[{"embeddable":true,"href":"https:\/\/pscsvh.com\/ca\/wp-json\/wp\/v2\/users\/2"}],"replies":[{"embeddable":true,"href":"https:\/\/pscsvh.com\/ca\/wp-json\/wp\/v2\/comments?post=3126"}],"version-history":[{"count":1,"href":"https:\/\/pscsvh.com\/ca\/wp-json\/wp\/v2\/posts\/3126\/revisions"}],"predecessor-version":[{"id":3127,"href":"https:\/\/pscsvh.com\/ca\/wp-json\/wp\/v2\/posts\/3126\/revisions\/3127"}],"wp:featuredmedia":[{"embeddable":true,"href":"https:\/\/pscsvh.com\/ca\/wp-json\/wp\/v2\/media\/2861"}],"wp:attachment":[{"href":"https:\/\/pscsvh.com\/ca\/wp-json\/wp\/v2\/media?parent=3126"}],"wp:term":[{"taxonomy":"category","embeddable":true,"href":"https:\/\/pscsvh.com\/ca\/wp-json\/wp\/v2\/categories?post=3126"},{"taxonomy":"post_tag","embeddable":true,"href":"https:\/\/pscsvh.com\/ca\/wp-json\/wp\/v2\/tags?post=3126"},{"taxonomy":"citadela-post-location","embeddable":true,"href":"https:\/\/pscsvh.com\/ca\/wp-json\/wp\/v2\/citadela-post-location?post=3126"}],"curies":[{"name":"wp","href":"https:\/\/api.w.org\/{rel}","templated":true}]}}