{"id":2665,"date":"2022-06-12T07:11:00","date_gmt":"2022-06-12T05:11:00","guid":{"rendered":"https:\/\/pscsvh.com\/vermut-rumber-a-la-casa-dandalusia-de-sant-vicenc-dels-horts\/"},"modified":"2022-06-26T20:08:35","modified_gmt":"2022-06-26T18:08:35","slug":"vermut-rumber-a-la-casa-dandalusia-de-sant-vicenc-dels-horts","status":"publish","type":"post","link":"https:\/\/pscsvh.com\/ca\/vermut-rumber-a-la-casa-dandalusia-de-sant-vicenc-dels-horts\/","title":{"rendered":"Vermut rumber a la Casa d&#8217;Andalusia de Sant Vicen\u00e7 dels Horts"},"content":{"rendered":"\n<p>La <a href=\"https:\/\/www.instagram.com\/casa_andalucia_svh\/\" target=\"_blank\" rel=\"noreferrer noopener\">Casa d&#8217;Andalusia<\/a> de Sant Vicen\u00e7 dels Horts, va organitzar aquest diumenge un vermut rumber amb m\u00fasica en directe amb <a href=\"https:\/\/www.instagram.com\/eesteer_15\/\" target=\"_blank\" rel=\"noreferrer noopener\">Esther Mart\u00ednez<\/a> , <a href=\"https:\/\/www.instagram.com\/juanlomo_\/\" target=\"_blank\" rel=\"noreferrer noopener\">Juan Lomo<\/a> a la guitarra i <a href=\"https:\/\/www.instagram.com\/juanjo.dm\/\" target=\"_blank\" rel=\"noreferrer noopener\">Juanjo<\/a> a la percussi\u00f3.<\/p>\n\n<p>El PSC Sant Vicen\u00e7, va estar present en aquest vermut rumber amb l&#8217;alcalde Miguel Comino, i els regidors <a href=\"https:\/\/www.instagram.com\/juanramon.torresblanco\/\" target=\"_blank\" rel=\"noreferrer noopener\">Juan Ram\u00f3n Torres<\/a> i <a href=\"https:\/\/www.instagram.com\/isidre.svh\/\" target=\"_blank\" rel=\"noreferrer noopener\">Isidre Bautista.<\/a><\/p>\n\n<p>A la imatge es pot veure a la Presidenta juntament amb l&#8217;alcalde i regidors.<\/p>\n","protected":false},"excerpt":{"rendered":"<p>El PSC Sant Vicen\u00e7, va estar present en aquest vermut rumber amb l&#8217;alcalde Miguel Comino, i els regidors Juan Ram\u00f3n Torres i Isidre Bautista.<\/p>\n","protected":false},"author":2,"featured_media":2662,"comment_status":"closed","ping_status":"closed","sticky":false,"template":"","format":"standard","meta":{"_citadela_custom_class":"","footnotes":""},"categories":[57],"tags":[83],"citadela-post-location":[42],"class_list":["post-2665","post","type-post","status-publish","format-standard","has-post-thumbnail","hentry","category-actualitat-vicentina","tag-casa-dandalusia"],"yoast_head":"<!-- This site is optimized with the Yoast SEO plugin v24.7 - https:\/\/yoast.com\/wordpress\/plugins\/seo\/ -->\n<title>Vermut rumber a la Casa d&#039;Andalusia de Sant Vicen\u00e7 dels Horts - PSC SVH<\/title>\n<meta name=\"description\" content=\"Vermut rumber a la Casa d&#039;Andalusia de Sant Vicen\u00e7 dels Horts. El PSC Sant Vicen\u00e7, va estar present en aquest vermut rumber amb l&#039;alcalde Miguel Comino, i els regidors Juan Ram\u00f3n Torres i Isidre Bautista.\" \/>\n<meta name=\"robots\" content=\"index, follow, max-snippet:-1, max-image-preview:large, max-video-preview:-1\" \/>\n<link rel=\"canonical\" href=\"https:\/\/pscsvh.com\/ca\/vermut-rumber-a-la-casa-dandalusia-de-sant-vicenc-dels-horts\/\" \/>\n<meta property=\"og:locale\" content=\"ca_ES\" \/>\n<meta property=\"og:type\" content=\"article\" \/>\n<meta property=\"og:title\" content=\"Vermut rumber a la Casa d&#039;Andalusia de Sant Vicen\u00e7 dels Horts - PSC SVH\" \/>\n<meta property=\"og:description\" content=\"Vermut rumber a la Casa d&#039;Andalusia de Sant Vicen\u00e7 dels Horts. El PSC Sant Vicen\u00e7, va estar present en aquest vermut rumber amb l&#039;alcalde Miguel Comino, i els regidors Juan Ram\u00f3n Torres i Isidre Bautista.\" \/>\n<meta property=\"og:url\" content=\"https:\/\/pscsvh.com\/ca\/vermut-rumber-a-la-casa-dandalusia-de-sant-vicenc-dels-horts\/\" \/>\n<meta property=\"og:site_name\" content=\"PSC SVH\" \/>\n<meta property=\"article:published_time\" content=\"2022-06-12T05:11:00+00:00\" \/>\n<meta property=\"article:modified_time\" content=\"2022-06-26T18:08:35+00:00\" \/>\n<meta property=\"og:image\" content=\"https:\/\/pscsvh.com\/wp-content\/uploads\/2022\/06\/Vermut-rumbero.jpeg\" \/>\n\t<meta property=\"og:image:width\" content=\"1600\" \/>\n\t<meta property=\"og:image:height\" content=\"1200\" \/>\n\t<meta property=\"og:image:type\" content=\"image\/jpeg\" \/>\n<meta name=\"author\" content=\"PSC SVH\" \/>\n<meta name=\"twitter:card\" content=\"summary_large_image\" \/>\n<meta name=\"twitter:label1\" content=\"Escrit per\" \/>\n\t<meta name=\"twitter:data1\" content=\"PSC SVH\" \/>\n<script type=\"application\/ld+json\" class=\"yoast-schema-graph\">{\"@context\":\"https:\/\/schema.org\",\"@graph\":[{\"@type\":\"Article\",\"@id\":\"https:\/\/pscsvh.com\/ca\/vermut-rumber-a-la-casa-dandalusia-de-sant-vicenc-dels-horts\/#article\",\"isPartOf\":{\"@id\":\"https:\/\/pscsvh.com\/ca\/vermut-rumber-a-la-casa-dandalusia-de-sant-vicenc-dels-horts\/\"},\"author\":{\"name\":\"PSC SVH\",\"@id\":\"https:\/\/pscsvh.com\/ca\/#\/schema\/person\/6ad2cedf14b82878e2897de3ed64f1f9\"},\"headline\":\"Vermut rumber a la Casa d&#8217;Andalusia de Sant Vicen\u00e7 dels Horts\",\"datePublished\":\"2022-06-12T05:11:00+00:00\",\"dateModified\":\"2022-06-26T18:08:35+00:00\",\"mainEntityOfPage\":{\"@id\":\"https:\/\/pscsvh.com\/ca\/vermut-rumber-a-la-casa-dandalusia-de-sant-vicenc-dels-horts\/\"},\"wordCount\":88,\"publisher\":{\"@id\":\"https:\/\/pscsvh.com\/ca\/#organization\"},\"image\":{\"@id\":\"https:\/\/pscsvh.com\/ca\/vermut-rumber-a-la-casa-dandalusia-de-sant-vicenc-dels-horts\/#primaryimage\"},\"thumbnailUrl\":\"https:\/\/pscsvh.com\/wp-content\/uploads\/2022\/06\/Vermut-rumbero.jpeg\",\"keywords\":[\"Casa d'Andalusia\"],\"articleSection\":[\"Actualitat Vicentina\"],\"inLanguage\":\"ca\"},{\"@type\":\"WebPage\",\"@id\":\"https:\/\/pscsvh.com\/ca\/vermut-rumber-a-la-casa-dandalusia-de-sant-vicenc-dels-horts\/\",\"url\":\"https:\/\/pscsvh.com\/ca\/vermut-rumber-a-la-casa-dandalusia-de-sant-vicenc-dels-horts\/\",\"name\":\"Vermut rumber a la Casa d'Andalusia de Sant Vicen\u00e7 dels Horts - PSC SVH\",\"isPartOf\":{\"@id\":\"https:\/\/pscsvh.com\/ca\/#website\"},\"primaryImageOfPage\":{\"@id\":\"https:\/\/pscsvh.com\/ca\/vermut-rumber-a-la-casa-dandalusia-de-sant-vicenc-dels-horts\/#primaryimage\"},\"image\":{\"@id\":\"https:\/\/pscsvh.com\/ca\/vermut-rumber-a-la-casa-dandalusia-de-sant-vicenc-dels-horts\/#primaryimage\"},\"thumbnailUrl\":\"https:\/\/pscsvh.com\/wp-content\/uploads\/2022\/06\/Vermut-rumbero.jpeg\",\"datePublished\":\"2022-06-12T05:11:00+00:00\",\"dateModified\":\"2022-06-26T18:08:35+00:00\",\"description\":\"Vermut rumber a la Casa d'Andalusia de Sant Vicen\u00e7 dels Horts. El PSC Sant Vicen\u00e7, va estar present en aquest vermut rumber amb l'alcalde Miguel Comino, i els regidors Juan Ram\u00f3n Torres i Isidre Bautista.\",\"breadcrumb\":{\"@id\":\"https:\/\/pscsvh.com\/ca\/vermut-rumber-a-la-casa-dandalusia-de-sant-vicenc-dels-horts\/#breadcrumb\"},\"inLanguage\":\"ca\",\"potentialAction\":[{\"@type\":\"ReadAction\",\"target\":[\"https:\/\/pscsvh.com\/ca\/vermut-rumber-a-la-casa-dandalusia-de-sant-vicenc-dels-horts\/\"]}]},{\"@type\":\"ImageObject\",\"inLanguage\":\"ca\",\"@id\":\"https:\/\/pscsvh.com\/ca\/vermut-rumber-a-la-casa-dandalusia-de-sant-vicenc-dels-horts\/#primaryimage\",\"url\":\"https:\/\/pscsvh.com\/wp-content\/uploads\/2022\/06\/Vermut-rumbero.jpeg\",\"contentUrl\":\"https:\/\/pscsvh.com\/wp-content\/uploads\/2022\/06\/Vermut-rumbero.jpeg\",\"width\":1600,\"height\":1200},{\"@type\":\"BreadcrumbList\",\"@id\":\"https:\/\/pscsvh.com\/ca\/vermut-rumber-a-la-casa-dandalusia-de-sant-vicenc-dels-horts\/#breadcrumb\",\"itemListElement\":[{\"@type\":\"ListItem\",\"position\":1,\"name\":\"Portada\",\"item\":\"https:\/\/pscsvh.com\/ca\/\"},{\"@type\":\"ListItem\",\"position\":2,\"name\":\"Vermut rumber a la Casa d&#8217;Andalusia de Sant Vicen\u00e7 dels Horts\"}]},{\"@type\":\"WebSite\",\"@id\":\"https:\/\/pscsvh.com\/ca\/#website\",\"url\":\"https:\/\/pscsvh.com\/ca\/\",\"name\":\"PSC SVH\",\"description\":\"El cambio que suma\",\"publisher\":{\"@id\":\"https:\/\/pscsvh.com\/ca\/#organization\"},\"potentialAction\":[{\"@type\":\"SearchAction\",\"target\":{\"@type\":\"EntryPoint\",\"urlTemplate\":\"https:\/\/pscsvh.com\/ca\/?s={search_term_string}\"},\"query-input\":{\"@type\":\"PropertyValueSpecification\",\"valueRequired\":true,\"valueName\":\"search_term_string\"}}],\"inLanguage\":\"ca\"},{\"@type\":\"Organization\",\"@id\":\"https:\/\/pscsvh.com\/ca\/#organization\",\"name\":\"PSC SVH\",\"url\":\"https:\/\/pscsvh.com\/ca\/\",\"logo\":{\"@type\":\"ImageObject\",\"inLanguage\":\"ca\",\"@id\":\"https:\/\/pscsvh.com\/ca\/#\/schema\/logo\/image\/\",\"url\":\"https:\/\/pscsvh.com\/wp-content\/uploads\/2022\/06\/cropped-Logo_SVh2-300x158-1.png\",\"contentUrl\":\"https:\/\/pscsvh.com\/wp-content\/uploads\/2022\/06\/cropped-Logo_SVh2-300x158-1.png\",\"width\":300,\"height\":158,\"caption\":\"PSC SVH\"},\"image\":{\"@id\":\"https:\/\/pscsvh.com\/ca\/#\/schema\/logo\/image\/\"}},{\"@type\":\"Person\",\"@id\":\"https:\/\/pscsvh.com\/ca\/#\/schema\/person\/6ad2cedf14b82878e2897de3ed64f1f9\",\"name\":\"PSC SVH\",\"image\":{\"@type\":\"ImageObject\",\"inLanguage\":\"ca\",\"@id\":\"https:\/\/pscsvh.com\/ca\/#\/schema\/person\/image\/\",\"url\":\"https:\/\/secure.gravatar.com\/avatar\/a019c39072cc7d669be4d6e2cda099b4e834789e55938a3ec58bef829a37db42?s=96&d=mm&r=g\",\"contentUrl\":\"https:\/\/secure.gravatar.com\/avatar\/a019c39072cc7d669be4d6e2cda099b4e834789e55938a3ec58bef829a37db42?s=96&d=mm&r=g\",\"caption\":\"PSC SVH\"},\"url\":\"https:\/\/pscsvh.com\/ca\/author\/admin-2\/\"}]}<\/script>\n<!-- \/ Yoast SEO plugin. -->","yoast_head_json":{"title":"Vermut rumber a la Casa d'Andalusia de Sant Vicen\u00e7 dels Horts - PSC SVH","description":"Vermut rumber a la Casa d'Andalusia de Sant Vicen\u00e7 dels Horts. El PSC Sant Vicen\u00e7, va estar present en aquest vermut rumber amb l'alcalde Miguel Comino, i els regidors Juan Ram\u00f3n Torres i Isidre Bautista.","robots":{"index":"index","follow":"follow","max-snippet":"max-snippet:-1","max-image-preview":"max-image-preview:large","max-video-preview":"max-video-preview:-1"},"canonical":"https:\/\/pscsvh.com\/ca\/vermut-rumber-a-la-casa-dandalusia-de-sant-vicenc-dels-horts\/","og_locale":"ca_ES","og_type":"article","og_title":"Vermut rumber a la Casa d'Andalusia de Sant Vicen\u00e7 dels Horts - PSC SVH","og_description":"Vermut rumber a la Casa d'Andalusia de Sant Vicen\u00e7 dels Horts. El PSC Sant Vicen\u00e7, va estar present en aquest vermut rumber amb l'alcalde Miguel Comino, i els regidors Juan Ram\u00f3n Torres i Isidre Bautista.","og_url":"https:\/\/pscsvh.com\/ca\/vermut-rumber-a-la-casa-dandalusia-de-sant-vicenc-dels-horts\/","og_site_name":"PSC SVH","article_published_time":"2022-06-12T05:11:00+00:00","article_modified_time":"2022-06-26T18:08:35+00:00","og_image":[{"width":1600,"height":1200,"url":"https:\/\/pscsvh.com\/wp-content\/uploads\/2022\/06\/Vermut-rumbero.jpeg","type":"image\/jpeg"}],"author":"PSC SVH","twitter_card":"summary_large_image","twitter_misc":{"Escrit per":"PSC SVH"},"schema":{"@context":"https:\/\/schema.org","@graph":[{"@type":"Article","@id":"https:\/\/pscsvh.com\/ca\/vermut-rumber-a-la-casa-dandalusia-de-sant-vicenc-dels-horts\/#article","isPartOf":{"@id":"https:\/\/pscsvh.com\/ca\/vermut-rumber-a-la-casa-dandalusia-de-sant-vicenc-dels-horts\/"},"author":{"name":"PSC SVH","@id":"https:\/\/pscsvh.com\/ca\/#\/schema\/person\/6ad2cedf14b82878e2897de3ed64f1f9"},"headline":"Vermut rumber a la Casa d&#8217;Andalusia de Sant Vicen\u00e7 dels Horts","datePublished":"2022-06-12T05:11:00+00:00","dateModified":"2022-06-26T18:08:35+00:00","mainEntityOfPage":{"@id":"https:\/\/pscsvh.com\/ca\/vermut-rumber-a-la-casa-dandalusia-de-sant-vicenc-dels-horts\/"},"wordCount":88,"publisher":{"@id":"https:\/\/pscsvh.com\/ca\/#organization"},"image":{"@id":"https:\/\/pscsvh.com\/ca\/vermut-rumber-a-la-casa-dandalusia-de-sant-vicenc-dels-horts\/#primaryimage"},"thumbnailUrl":"https:\/\/pscsvh.com\/wp-content\/uploads\/2022\/06\/Vermut-rumbero.jpeg","keywords":["Casa d'Andalusia"],"articleSection":["Actualitat Vicentina"],"inLanguage":"ca"},{"@type":"WebPage","@id":"https:\/\/pscsvh.com\/ca\/vermut-rumber-a-la-casa-dandalusia-de-sant-vicenc-dels-horts\/","url":"https:\/\/pscsvh.com\/ca\/vermut-rumber-a-la-casa-dandalusia-de-sant-vicenc-dels-horts\/","name":"Vermut rumber a la Casa d'Andalusia de Sant Vicen\u00e7 dels Horts - PSC SVH","isPartOf":{"@id":"https:\/\/pscsvh.com\/ca\/#website"},"primaryImageOfPage":{"@id":"https:\/\/pscsvh.com\/ca\/vermut-rumber-a-la-casa-dandalusia-de-sant-vicenc-dels-horts\/#primaryimage"},"image":{"@id":"https:\/\/pscsvh.com\/ca\/vermut-rumber-a-la-casa-dandalusia-de-sant-vicenc-dels-horts\/#primaryimage"},"thumbnailUrl":"https:\/\/pscsvh.com\/wp-content\/uploads\/2022\/06\/Vermut-rumbero.jpeg","datePublished":"2022-06-12T05:11:00+00:00","dateModified":"2022-06-26T18:08:35+00:00","description":"Vermut rumber a la Casa d'Andalusia de Sant Vicen\u00e7 dels Horts. El PSC Sant Vicen\u00e7, va estar present en aquest vermut rumber amb l'alcalde Miguel Comino, i els regidors Juan Ram\u00f3n Torres i Isidre Bautista.","breadcrumb":{"@id":"https:\/\/pscsvh.com\/ca\/vermut-rumber-a-la-casa-dandalusia-de-sant-vicenc-dels-horts\/#breadcrumb"},"inLanguage":"ca","potentialAction":[{"@type":"ReadAction","target":["https:\/\/pscsvh.com\/ca\/vermut-rumber-a-la-casa-dandalusia-de-sant-vicenc-dels-horts\/"]}]},{"@type":"ImageObject","inLanguage":"ca","@id":"https:\/\/pscsvh.com\/ca\/vermut-rumber-a-la-casa-dandalusia-de-sant-vicenc-dels-horts\/#primaryimage","url":"https:\/\/pscsvh.com\/wp-content\/uploads\/2022\/06\/Vermut-rumbero.jpeg","contentUrl":"https:\/\/pscsvh.com\/wp-content\/uploads\/2022\/06\/Vermut-rumbero.jpeg","width":1600,"height":1200},{"@type":"BreadcrumbList","@id":"https:\/\/pscsvh.com\/ca\/vermut-rumber-a-la-casa-dandalusia-de-sant-vicenc-dels-horts\/#breadcrumb","itemListElement":[{"@type":"ListItem","position":1,"name":"Portada","item":"https:\/\/pscsvh.com\/ca\/"},{"@type":"ListItem","position":2,"name":"Vermut rumber a la Casa d&#8217;Andalusia de Sant Vicen\u00e7 dels Horts"}]},{"@type":"WebSite","@id":"https:\/\/pscsvh.com\/ca\/#website","url":"https:\/\/pscsvh.com\/ca\/","name":"PSC SVH","description":"El cambio que suma","publisher":{"@id":"https:\/\/pscsvh.com\/ca\/#organization"},"potentialAction":[{"@type":"SearchAction","target":{"@type":"EntryPoint","urlTemplate":"https:\/\/pscsvh.com\/ca\/?s={search_term_string}"},"query-input":{"@type":"PropertyValueSpecification","valueRequired":true,"valueName":"search_term_string"}}],"inLanguage":"ca"},{"@type":"Organization","@id":"https:\/\/pscsvh.com\/ca\/#organization","name":"PSC SVH","url":"https:\/\/pscsvh.com\/ca\/","logo":{"@type":"ImageObject","inLanguage":"ca","@id":"https:\/\/pscsvh.com\/ca\/#\/schema\/logo\/image\/","url":"https:\/\/pscsvh.com\/wp-content\/uploads\/2022\/06\/cropped-Logo_SVh2-300x158-1.png","contentUrl":"https:\/\/pscsvh.com\/wp-content\/uploads\/2022\/06\/cropped-Logo_SVh2-300x158-1.png","width":300,"height":158,"caption":"PSC SVH"},"image":{"@id":"https:\/\/pscsvh.com\/ca\/#\/schema\/logo\/image\/"}},{"@type":"Person","@id":"https:\/\/pscsvh.com\/ca\/#\/schema\/person\/6ad2cedf14b82878e2897de3ed64f1f9","name":"PSC SVH","image":{"@type":"ImageObject","inLanguage":"ca","@id":"https:\/\/pscsvh.com\/ca\/#\/schema\/person\/image\/","url":"https:\/\/secure.gravatar.com\/avatar\/a019c39072cc7d669be4d6e2cda099b4e834789e55938a3ec58bef829a37db42?s=96&d=mm&r=g","contentUrl":"https:\/\/secure.gravatar.com\/avatar\/a019c39072cc7d669be4d6e2cda099b4e834789e55938a3ec58bef829a37db42?s=96&d=mm&r=g","caption":"PSC SVH"},"url":"https:\/\/pscsvh.com\/ca\/author\/admin-2\/"}]}},"_links":{"self":[{"href":"https:\/\/pscsvh.com\/ca\/wp-json\/wp\/v2\/posts\/2665","targetHints":{"allow":["GET"]}}],"collection":[{"href":"https:\/\/pscsvh.com\/ca\/wp-json\/wp\/v2\/posts"}],"about":[{"href":"https:\/\/pscsvh.com\/ca\/wp-json\/wp\/v2\/types\/post"}],"author":[{"embeddable":true,"href":"https:\/\/pscsvh.com\/ca\/wp-json\/wp\/v2\/users\/2"}],"replies":[{"embeddable":true,"href":"https:\/\/pscsvh.com\/ca\/wp-json\/wp\/v2\/comments?post=2665"}],"version-history":[{"count":4,"href":"https:\/\/pscsvh.com\/ca\/wp-json\/wp\/v2\/posts\/2665\/revisions"}],"predecessor-version":[{"id":2834,"href":"https:\/\/pscsvh.com\/ca\/wp-json\/wp\/v2\/posts\/2665\/revisions\/2834"}],"wp:featuredmedia":[{"embeddable":true,"href":"https:\/\/pscsvh.com\/ca\/wp-json\/wp\/v2\/media\/2662"}],"wp:attachment":[{"href":"https:\/\/pscsvh.com\/ca\/wp-json\/wp\/v2\/media?parent=2665"}],"wp:term":[{"taxonomy":"category","embeddable":true,"href":"https:\/\/pscsvh.com\/ca\/wp-json\/wp\/v2\/categories?post=2665"},{"taxonomy":"post_tag","embeddable":true,"href":"https:\/\/pscsvh.com\/ca\/wp-json\/wp\/v2\/tags?post=2665"},{"taxonomy":"citadela-post-location","embeddable":true,"href":"https:\/\/pscsvh.com\/ca\/wp-json\/wp\/v2\/citadela-post-location?post=2665"}],"curies":[{"name":"wp","href":"https:\/\/api.w.org\/{rel}","templated":true}]}}