{"id":2632,"date":"2022-06-12T21:07:00","date_gmt":"2022-06-12T19:07:00","guid":{"rendered":"https:\/\/pscsvh.com\/caminada-solidaria-a-sant-vicenc-dels-horts\/"},"modified":"2022-06-19T21:10:12","modified_gmt":"2022-06-19T19:10:12","slug":"caminada-solidaria-a-sant-vicenc-dels-horts","status":"publish","type":"post","link":"https:\/\/pscsvh.com\/ca\/caminada-solidaria-a-sant-vicenc-dels-horts\/","title":{"rendered":"Caminada solid\u00e0ria a Sant Vicen\u00e7 dels Horts"},"content":{"rendered":"\n<h3 class=\"wp-block-heading\">Caminada solid\u00e0ria organitzada per l&#8217; <em>Associaci\u00f3 de Temps Lleure<\/em> a Sant Vicen\u00e7 dels Horts<\/h3>\n\n<p><em><a href=\"https:\/\/www.instagram.com\/tempsdelleure_svh\/\" target=\"_blank\" rel=\"noreferrer noopener\">L&#8217;Associaci\u00f3 de temps Lleure<\/a><\/em> organitza una caminada solid\u00e0ria per recollir material sanitari amb destinaci\u00f3 a Ucra\u00efna. Durant la jornada es van recollir diferents materials com aigua oxigenada, iode, alcohol sanitari, cot\u00f3, tiretes i esparadrap entre d&#8217;altres.<\/p>\n\n<p>Els regidors del PSC <a href=\"https:\/\/www.instagram.com\/juanramon.torresblanco\/\" target=\"_blank\" rel=\"noreferrer noopener\">Juan Ram\u00f3n Torres<\/a> i <a href=\"https:\/\/www.instagram.com\/isidre.svh\/\" target=\"_blank\" rel=\"noreferrer noopener\">Isidre Bautista<\/a> es van fer un selfie molt simp\u00e0tic durant la caminada.<\/p>\n\n<figure class=\"wp-block-image size-large\"><a href=\"https:\/\/pscsvh.com\/wp-content\/uploads\/2022\/06\/Caminata-solidaria-en-sant-Vicenc.jpeg\"><img loading=\"lazy\" decoding=\"async\" width=\"1024\" height=\"576\" src=\"https:\/\/pscsvh.com\/wp-content\/uploads\/2022\/06\/Caminata-solidaria-en-sant-Vicenc-1024x576.jpeg\" alt=\"\" class=\"wp-image-2627\" srcset=\"https:\/\/pscsvh.com\/wp-content\/uploads\/2022\/06\/Caminata-solidaria-en-sant-Vicenc-1024x576.jpeg 1024w, https:\/\/pscsvh.com\/wp-content\/uploads\/2022\/06\/Caminata-solidaria-en-sant-Vicenc-300x169.jpeg 300w, https:\/\/pscsvh.com\/wp-content\/uploads\/2022\/06\/Caminata-solidaria-en-sant-Vicenc-768x432.jpeg 768w, https:\/\/pscsvh.com\/wp-content\/uploads\/2022\/06\/Caminata-solidaria-en-sant-Vicenc-1536x864.jpeg 1536w, https:\/\/pscsvh.com\/wp-content\/uploads\/2022\/06\/Caminata-solidaria-en-sant-Vicenc.jpeg 2048w\" sizes=\"auto, (max-width: 1024px) 100vw, 1024px\" \/><\/a><\/figure>\n\n<p>L&#8217;alcalde <a href=\"https:\/\/www.instagram.com\/miguelcomino\/\" target=\"_blank\" rel=\"noreferrer noopener\">Miguel Comino<\/a> i el regidor Juan Ram\u00f3n Torres van fer-se una foto amb les persones de l&#8217;organitzaci\u00f3 de la caminada solid\u00e0ria.<\/p>\n\n<figure class=\"wp-block-image size-large\"><a href=\"https:\/\/pscsvh.com\/wp-content\/uploads\/2022\/06\/Caminata-solidaria-en-sant-Vicenc-dels-Horts.jpeg\"><img loading=\"lazy\" decoding=\"async\" width=\"1024\" height=\"473\" src=\"https:\/\/pscsvh.com\/wp-content\/uploads\/2022\/06\/Caminata-solidaria-en-sant-Vicenc-dels-Horts-1024x473.jpeg\" alt=\"\" class=\"wp-image-2629\" srcset=\"https:\/\/pscsvh.com\/wp-content\/uploads\/2022\/06\/Caminata-solidaria-en-sant-Vicenc-dels-Horts-1024x473.jpeg 1024w, https:\/\/pscsvh.com\/wp-content\/uploads\/2022\/06\/Caminata-solidaria-en-sant-Vicenc-dels-Horts-300x139.jpeg 300w, https:\/\/pscsvh.com\/wp-content\/uploads\/2022\/06\/Caminata-solidaria-en-sant-Vicenc-dels-Horts-768x355.jpeg 768w, https:\/\/pscsvh.com\/wp-content\/uploads\/2022\/06\/Caminata-solidaria-en-sant-Vicenc-dels-Horts-1536x709.jpeg 1536w, https:\/\/pscsvh.com\/wp-content\/uploads\/2022\/06\/Caminata-solidaria-en-sant-Vicenc-dels-Horts.jpeg 1600w\" sizes=\"auto, (max-width: 1024px) 100vw, 1024px\" \/><\/a><\/figure>\n","protected":false},"excerpt":{"rendered":"<p>Caminada solid\u00e0ria organitzada per l&#8217;Associaci\u00f3 de Temps Lleure a Sant Vicen\u00e7 dels Horts<\/p>\n","protected":false},"author":2,"featured_media":2630,"comment_status":"closed","ping_status":"closed","sticky":false,"template":"","format":"standard","meta":{"_citadela_custom_class":"","footnotes":""},"categories":[57],"tags":[79],"citadela-post-location":[42],"class_list":["post-2632","post","type-post","status-publish","format-standard","has-post-thumbnail","hentry","category-actualitat-vicentina","tag-caminada-solidaria"],"yoast_head":"<!-- This site is optimized with the Yoast SEO plugin v24.7 - https:\/\/yoast.com\/wordpress\/plugins\/seo\/ -->\n<title>Caminada solid\u00e0ria a Sant Vicen\u00e7 dels Horts - PSC SVH<\/title>\n<meta name=\"description\" content=\"Caminada solid\u00e0ria a Sant Vicen\u00e7 dels Horts. Caminada solid\u00e0ria organitzada per l&#039;Associaci\u00f3 de Temps Lleure a Sant Vicen\u00e7 dels Horts\" \/>\n<meta name=\"robots\" content=\"index, follow, max-snippet:-1, max-image-preview:large, max-video-preview:-1\" \/>\n<link rel=\"canonical\" href=\"https:\/\/pscsvh.com\/ca\/caminada-solidaria-a-sant-vicenc-dels-horts\/\" \/>\n<meta property=\"og:locale\" content=\"ca_ES\" \/>\n<meta property=\"og:type\" content=\"article\" \/>\n<meta property=\"og:title\" content=\"Caminada solid\u00e0ria a Sant Vicen\u00e7 dels Horts - PSC SVH\" \/>\n<meta property=\"og:description\" content=\"Caminada solid\u00e0ria a Sant Vicen\u00e7 dels Horts. Caminada solid\u00e0ria organitzada per l&#039;Associaci\u00f3 de Temps Lleure a Sant Vicen\u00e7 dels Horts\" \/>\n<meta property=\"og:url\" content=\"https:\/\/pscsvh.com\/ca\/caminada-solidaria-a-sant-vicenc-dels-horts\/\" \/>\n<meta property=\"og:site_name\" content=\"PSC SVH\" \/>\n<meta property=\"article:published_time\" content=\"2022-06-12T19:07:00+00:00\" \/>\n<meta property=\"article:modified_time\" content=\"2022-06-19T19:10:12+00:00\" \/>\n<meta property=\"og:image\" content=\"https:\/\/pscsvh.com\/wp-content\/uploads\/2022\/06\/Caminata-solidaria-en-sant-Vicenc-dels-Horts.jpeg\" \/>\n\t<meta property=\"og:image:width\" content=\"1600\" \/>\n\t<meta property=\"og:image:height\" content=\"739\" \/>\n\t<meta property=\"og:image:type\" content=\"image\/jpeg\" \/>\n<meta name=\"author\" content=\"PSC SVH\" \/>\n<meta name=\"twitter:card\" content=\"summary_large_image\" \/>\n<meta name=\"twitter:label1\" content=\"Escrit per\" \/>\n\t<meta name=\"twitter:data1\" content=\"PSC SVH\" \/>\n<script type=\"application\/ld+json\" class=\"yoast-schema-graph\">{\"@context\":\"https:\/\/schema.org\",\"@graph\":[{\"@type\":\"Article\",\"@id\":\"https:\/\/pscsvh.com\/ca\/caminada-solidaria-a-sant-vicenc-dels-horts\/#article\",\"isPartOf\":{\"@id\":\"https:\/\/pscsvh.com\/ca\/caminada-solidaria-a-sant-vicenc-dels-horts\/\"},\"author\":{\"name\":\"PSC SVH\",\"@id\":\"https:\/\/pscsvh.com\/ca\/#\/schema\/person\/6ad2cedf14b82878e2897de3ed64f1f9\"},\"headline\":\"Caminada solid\u00e0ria a Sant Vicen\u00e7 dels Horts\",\"datePublished\":\"2022-06-12T19:07:00+00:00\",\"dateModified\":\"2022-06-19T19:10:12+00:00\",\"mainEntityOfPage\":{\"@id\":\"https:\/\/pscsvh.com\/ca\/caminada-solidaria-a-sant-vicenc-dels-horts\/\"},\"wordCount\":111,\"publisher\":{\"@id\":\"https:\/\/pscsvh.com\/ca\/#organization\"},\"image\":{\"@id\":\"https:\/\/pscsvh.com\/ca\/caminada-solidaria-a-sant-vicenc-dels-horts\/#primaryimage\"},\"thumbnailUrl\":\"https:\/\/pscsvh.com\/wp-content\/uploads\/2022\/06\/Caminata-solidaria-en-sant-Vicenc-dels-Horts.jpeg\",\"keywords\":[\"Caminada solid\u00e0ria\"],\"articleSection\":[\"Actualitat Vicentina\"],\"inLanguage\":\"ca\"},{\"@type\":\"WebPage\",\"@id\":\"https:\/\/pscsvh.com\/ca\/caminada-solidaria-a-sant-vicenc-dels-horts\/\",\"url\":\"https:\/\/pscsvh.com\/ca\/caminada-solidaria-a-sant-vicenc-dels-horts\/\",\"name\":\"Caminada solid\u00e0ria a Sant Vicen\u00e7 dels Horts - PSC SVH\",\"isPartOf\":{\"@id\":\"https:\/\/pscsvh.com\/ca\/#website\"},\"primaryImageOfPage\":{\"@id\":\"https:\/\/pscsvh.com\/ca\/caminada-solidaria-a-sant-vicenc-dels-horts\/#primaryimage\"},\"image\":{\"@id\":\"https:\/\/pscsvh.com\/ca\/caminada-solidaria-a-sant-vicenc-dels-horts\/#primaryimage\"},\"thumbnailUrl\":\"https:\/\/pscsvh.com\/wp-content\/uploads\/2022\/06\/Caminata-solidaria-en-sant-Vicenc-dels-Horts.jpeg\",\"datePublished\":\"2022-06-12T19:07:00+00:00\",\"dateModified\":\"2022-06-19T19:10:12+00:00\",\"description\":\"Caminada solid\u00e0ria a Sant Vicen\u00e7 dels Horts. Caminada solid\u00e0ria organitzada per l'Associaci\u00f3 de Temps Lleure a Sant Vicen\u00e7 dels Horts\",\"breadcrumb\":{\"@id\":\"https:\/\/pscsvh.com\/ca\/caminada-solidaria-a-sant-vicenc-dels-horts\/#breadcrumb\"},\"inLanguage\":\"ca\",\"potentialAction\":[{\"@type\":\"ReadAction\",\"target\":[\"https:\/\/pscsvh.com\/ca\/caminada-solidaria-a-sant-vicenc-dels-horts\/\"]}]},{\"@type\":\"ImageObject\",\"inLanguage\":\"ca\",\"@id\":\"https:\/\/pscsvh.com\/ca\/caminada-solidaria-a-sant-vicenc-dels-horts\/#primaryimage\",\"url\":\"https:\/\/pscsvh.com\/wp-content\/uploads\/2022\/06\/Caminata-solidaria-en-sant-Vicenc-dels-Horts.jpeg\",\"contentUrl\":\"https:\/\/pscsvh.com\/wp-content\/uploads\/2022\/06\/Caminata-solidaria-en-sant-Vicenc-dels-Horts.jpeg\",\"width\":1600,\"height\":739},{\"@type\":\"BreadcrumbList\",\"@id\":\"https:\/\/pscsvh.com\/ca\/caminada-solidaria-a-sant-vicenc-dels-horts\/#breadcrumb\",\"itemListElement\":[{\"@type\":\"ListItem\",\"position\":1,\"name\":\"Portada\",\"item\":\"https:\/\/pscsvh.com\/ca\/\"},{\"@type\":\"ListItem\",\"position\":2,\"name\":\"Caminada solid\u00e0ria a Sant Vicen\u00e7 dels Horts\"}]},{\"@type\":\"WebSite\",\"@id\":\"https:\/\/pscsvh.com\/ca\/#website\",\"url\":\"https:\/\/pscsvh.com\/ca\/\",\"name\":\"PSC SVH\",\"description\":\"El cambio que suma\",\"publisher\":{\"@id\":\"https:\/\/pscsvh.com\/ca\/#organization\"},\"potentialAction\":[{\"@type\":\"SearchAction\",\"target\":{\"@type\":\"EntryPoint\",\"urlTemplate\":\"https:\/\/pscsvh.com\/ca\/?s={search_term_string}\"},\"query-input\":{\"@type\":\"PropertyValueSpecification\",\"valueRequired\":true,\"valueName\":\"search_term_string\"}}],\"inLanguage\":\"ca\"},{\"@type\":\"Organization\",\"@id\":\"https:\/\/pscsvh.com\/ca\/#organization\",\"name\":\"PSC SVH\",\"url\":\"https:\/\/pscsvh.com\/ca\/\",\"logo\":{\"@type\":\"ImageObject\",\"inLanguage\":\"ca\",\"@id\":\"https:\/\/pscsvh.com\/ca\/#\/schema\/logo\/image\/\",\"url\":\"https:\/\/pscsvh.com\/wp-content\/uploads\/2022\/06\/cropped-Logo_SVh2-300x158-1.png\",\"contentUrl\":\"https:\/\/pscsvh.com\/wp-content\/uploads\/2022\/06\/cropped-Logo_SVh2-300x158-1.png\",\"width\":300,\"height\":158,\"caption\":\"PSC SVH\"},\"image\":{\"@id\":\"https:\/\/pscsvh.com\/ca\/#\/schema\/logo\/image\/\"}},{\"@type\":\"Person\",\"@id\":\"https:\/\/pscsvh.com\/ca\/#\/schema\/person\/6ad2cedf14b82878e2897de3ed64f1f9\",\"name\":\"PSC SVH\",\"image\":{\"@type\":\"ImageObject\",\"inLanguage\":\"ca\",\"@id\":\"https:\/\/pscsvh.com\/ca\/#\/schema\/person\/image\/\",\"url\":\"https:\/\/secure.gravatar.com\/avatar\/a019c39072cc7d669be4d6e2cda099b4e834789e55938a3ec58bef829a37db42?s=96&d=mm&r=g\",\"contentUrl\":\"https:\/\/secure.gravatar.com\/avatar\/a019c39072cc7d669be4d6e2cda099b4e834789e55938a3ec58bef829a37db42?s=96&d=mm&r=g\",\"caption\":\"PSC SVH\"},\"url\":\"https:\/\/pscsvh.com\/ca\/author\/admin-2\/\"}]}<\/script>\n<!-- \/ Yoast SEO plugin. -->","yoast_head_json":{"title":"Caminada solid\u00e0ria a Sant Vicen\u00e7 dels Horts - PSC SVH","description":"Caminada solid\u00e0ria a Sant Vicen\u00e7 dels Horts. Caminada solid\u00e0ria organitzada per l'Associaci\u00f3 de Temps Lleure a Sant Vicen\u00e7 dels Horts","robots":{"index":"index","follow":"follow","max-snippet":"max-snippet:-1","max-image-preview":"max-image-preview:large","max-video-preview":"max-video-preview:-1"},"canonical":"https:\/\/pscsvh.com\/ca\/caminada-solidaria-a-sant-vicenc-dels-horts\/","og_locale":"ca_ES","og_type":"article","og_title":"Caminada solid\u00e0ria a Sant Vicen\u00e7 dels Horts - PSC SVH","og_description":"Caminada solid\u00e0ria a Sant Vicen\u00e7 dels Horts. Caminada solid\u00e0ria organitzada per l'Associaci\u00f3 de Temps Lleure a Sant Vicen\u00e7 dels Horts","og_url":"https:\/\/pscsvh.com\/ca\/caminada-solidaria-a-sant-vicenc-dels-horts\/","og_site_name":"PSC SVH","article_published_time":"2022-06-12T19:07:00+00:00","article_modified_time":"2022-06-19T19:10:12+00:00","og_image":[{"width":1600,"height":739,"url":"https:\/\/pscsvh.com\/wp-content\/uploads\/2022\/06\/Caminata-solidaria-en-sant-Vicenc-dels-Horts.jpeg","type":"image\/jpeg"}],"author":"PSC SVH","twitter_card":"summary_large_image","twitter_misc":{"Escrit per":"PSC SVH"},"schema":{"@context":"https:\/\/schema.org","@graph":[{"@type":"Article","@id":"https:\/\/pscsvh.com\/ca\/caminada-solidaria-a-sant-vicenc-dels-horts\/#article","isPartOf":{"@id":"https:\/\/pscsvh.com\/ca\/caminada-solidaria-a-sant-vicenc-dels-horts\/"},"author":{"name":"PSC SVH","@id":"https:\/\/pscsvh.com\/ca\/#\/schema\/person\/6ad2cedf14b82878e2897de3ed64f1f9"},"headline":"Caminada solid\u00e0ria a Sant Vicen\u00e7 dels Horts","datePublished":"2022-06-12T19:07:00+00:00","dateModified":"2022-06-19T19:10:12+00:00","mainEntityOfPage":{"@id":"https:\/\/pscsvh.com\/ca\/caminada-solidaria-a-sant-vicenc-dels-horts\/"},"wordCount":111,"publisher":{"@id":"https:\/\/pscsvh.com\/ca\/#organization"},"image":{"@id":"https:\/\/pscsvh.com\/ca\/caminada-solidaria-a-sant-vicenc-dels-horts\/#primaryimage"},"thumbnailUrl":"https:\/\/pscsvh.com\/wp-content\/uploads\/2022\/06\/Caminata-solidaria-en-sant-Vicenc-dels-Horts.jpeg","keywords":["Caminada solid\u00e0ria"],"articleSection":["Actualitat Vicentina"],"inLanguage":"ca"},{"@type":"WebPage","@id":"https:\/\/pscsvh.com\/ca\/caminada-solidaria-a-sant-vicenc-dels-horts\/","url":"https:\/\/pscsvh.com\/ca\/caminada-solidaria-a-sant-vicenc-dels-horts\/","name":"Caminada solid\u00e0ria a Sant Vicen\u00e7 dels Horts - PSC SVH","isPartOf":{"@id":"https:\/\/pscsvh.com\/ca\/#website"},"primaryImageOfPage":{"@id":"https:\/\/pscsvh.com\/ca\/caminada-solidaria-a-sant-vicenc-dels-horts\/#primaryimage"},"image":{"@id":"https:\/\/pscsvh.com\/ca\/caminada-solidaria-a-sant-vicenc-dels-horts\/#primaryimage"},"thumbnailUrl":"https:\/\/pscsvh.com\/wp-content\/uploads\/2022\/06\/Caminata-solidaria-en-sant-Vicenc-dels-Horts.jpeg","datePublished":"2022-06-12T19:07:00+00:00","dateModified":"2022-06-19T19:10:12+00:00","description":"Caminada solid\u00e0ria a Sant Vicen\u00e7 dels Horts. Caminada solid\u00e0ria organitzada per l'Associaci\u00f3 de Temps Lleure a Sant Vicen\u00e7 dels Horts","breadcrumb":{"@id":"https:\/\/pscsvh.com\/ca\/caminada-solidaria-a-sant-vicenc-dels-horts\/#breadcrumb"},"inLanguage":"ca","potentialAction":[{"@type":"ReadAction","target":["https:\/\/pscsvh.com\/ca\/caminada-solidaria-a-sant-vicenc-dels-horts\/"]}]},{"@type":"ImageObject","inLanguage":"ca","@id":"https:\/\/pscsvh.com\/ca\/caminada-solidaria-a-sant-vicenc-dels-horts\/#primaryimage","url":"https:\/\/pscsvh.com\/wp-content\/uploads\/2022\/06\/Caminata-solidaria-en-sant-Vicenc-dels-Horts.jpeg","contentUrl":"https:\/\/pscsvh.com\/wp-content\/uploads\/2022\/06\/Caminata-solidaria-en-sant-Vicenc-dels-Horts.jpeg","width":1600,"height":739},{"@type":"BreadcrumbList","@id":"https:\/\/pscsvh.com\/ca\/caminada-solidaria-a-sant-vicenc-dels-horts\/#breadcrumb","itemListElement":[{"@type":"ListItem","position":1,"name":"Portada","item":"https:\/\/pscsvh.com\/ca\/"},{"@type":"ListItem","position":2,"name":"Caminada solid\u00e0ria a Sant Vicen\u00e7 dels Horts"}]},{"@type":"WebSite","@id":"https:\/\/pscsvh.com\/ca\/#website","url":"https:\/\/pscsvh.com\/ca\/","name":"PSC SVH","description":"El cambio que suma","publisher":{"@id":"https:\/\/pscsvh.com\/ca\/#organization"},"potentialAction":[{"@type":"SearchAction","target":{"@type":"EntryPoint","urlTemplate":"https:\/\/pscsvh.com\/ca\/?s={search_term_string}"},"query-input":{"@type":"PropertyValueSpecification","valueRequired":true,"valueName":"search_term_string"}}],"inLanguage":"ca"},{"@type":"Organization","@id":"https:\/\/pscsvh.com\/ca\/#organization","name":"PSC SVH","url":"https:\/\/pscsvh.com\/ca\/","logo":{"@type":"ImageObject","inLanguage":"ca","@id":"https:\/\/pscsvh.com\/ca\/#\/schema\/logo\/image\/","url":"https:\/\/pscsvh.com\/wp-content\/uploads\/2022\/06\/cropped-Logo_SVh2-300x158-1.png","contentUrl":"https:\/\/pscsvh.com\/wp-content\/uploads\/2022\/06\/cropped-Logo_SVh2-300x158-1.png","width":300,"height":158,"caption":"PSC SVH"},"image":{"@id":"https:\/\/pscsvh.com\/ca\/#\/schema\/logo\/image\/"}},{"@type":"Person","@id":"https:\/\/pscsvh.com\/ca\/#\/schema\/person\/6ad2cedf14b82878e2897de3ed64f1f9","name":"PSC SVH","image":{"@type":"ImageObject","inLanguage":"ca","@id":"https:\/\/pscsvh.com\/ca\/#\/schema\/person\/image\/","url":"https:\/\/secure.gravatar.com\/avatar\/a019c39072cc7d669be4d6e2cda099b4e834789e55938a3ec58bef829a37db42?s=96&d=mm&r=g","contentUrl":"https:\/\/secure.gravatar.com\/avatar\/a019c39072cc7d669be4d6e2cda099b4e834789e55938a3ec58bef829a37db42?s=96&d=mm&r=g","caption":"PSC SVH"},"url":"https:\/\/pscsvh.com\/ca\/author\/admin-2\/"}]}},"_links":{"self":[{"href":"https:\/\/pscsvh.com\/ca\/wp-json\/wp\/v2\/posts\/2632","targetHints":{"allow":["GET"]}}],"collection":[{"href":"https:\/\/pscsvh.com\/ca\/wp-json\/wp\/v2\/posts"}],"about":[{"href":"https:\/\/pscsvh.com\/ca\/wp-json\/wp\/v2\/types\/post"}],"author":[{"embeddable":true,"href":"https:\/\/pscsvh.com\/ca\/wp-json\/wp\/v2\/users\/2"}],"replies":[{"embeddable":true,"href":"https:\/\/pscsvh.com\/ca\/wp-json\/wp\/v2\/comments?post=2632"}],"version-history":[{"count":3,"href":"https:\/\/pscsvh.com\/ca\/wp-json\/wp\/v2\/posts\/2632\/revisions"}],"predecessor-version":[{"id":2635,"href":"https:\/\/pscsvh.com\/ca\/wp-json\/wp\/v2\/posts\/2632\/revisions\/2635"}],"wp:featuredmedia":[{"embeddable":true,"href":"https:\/\/pscsvh.com\/ca\/wp-json\/wp\/v2\/media\/2630"}],"wp:attachment":[{"href":"https:\/\/pscsvh.com\/ca\/wp-json\/wp\/v2\/media?parent=2632"}],"wp:term":[{"taxonomy":"category","embeddable":true,"href":"https:\/\/pscsvh.com\/ca\/wp-json\/wp\/v2\/categories?post=2632"},{"taxonomy":"post_tag","embeddable":true,"href":"https:\/\/pscsvh.com\/ca\/wp-json\/wp\/v2\/tags?post=2632"},{"taxonomy":"citadela-post-location","embeddable":true,"href":"https:\/\/pscsvh.com\/ca\/wp-json\/wp\/v2\/citadela-post-location?post=2632"}],"curies":[{"name":"wp","href":"https:\/\/api.w.org\/{rel}","templated":true}]}}