{"id":2584,"date":"2022-06-10T19:02:00","date_gmt":"2022-06-10T17:02:00","guid":{"rendered":"https:\/\/pscsvh.com\/festes-al-barri-de-la-vinyala-a-sant-vicenc-dels-horts\/"},"modified":"2022-06-19T19:48:54","modified_gmt":"2022-06-19T17:48:54","slug":"festes-al-barri-de-la-vinyala-a-sant-vicenc-dels-horts","status":"publish","type":"post","link":"https:\/\/pscsvh.com\/ca\/festes-al-barri-de-la-vinyala-a-sant-vicenc-dels-horts\/","title":{"rendered":"Festes al Barri de la Vinyala a Sant Vicen\u00e7 dels Horts"},"content":{"rendered":"\n<h3 class=\"wp-block-heading\">Diversos regidors del PSC Sant Vicen\u00e7 dels Horts, van gaudir de les festes de la Vinyala i Poble Nou.<\/h3>\n\n<p>L&#8217;Associaci\u00f3 de Ve\u00efns de la Vinyala, presidida pel senyor <a href=\"https:\/\/www.instagram.com\/antoniomartosmu\/\" target=\"_blank\" rel=\"noreferrer noopener\">Antonio Martos<\/a> va organitzar durant el cap de setmana del 10 al 12 de juny les festes de Barri.<\/p>\n\n<p>La regidora del PSC Sant Vicen\u00e7 <a href=\"https:\/\/www.instagram.com\/mireiavergessvh\/\" target=\"_blank\" rel=\"noreferrer noopener\">Mireia Verg\u00e8s,<\/a> el regidor <a href=\"https:\/\/www.instagram.com\/isidre.svh\/\" target=\"_blank\" rel=\"noreferrer noopener\">Isidre Bautista<\/a> i l&#8217;alcalde <a href=\"https:\/\/www.instagram.com\/miguelcomino\/\" target=\"_blank\" rel=\"noreferrer noopener\">Miguel Comino<\/a> van assistir a les festes del Barri de la Vinyala i van estar conversant amb els ve\u00efns i les ve\u00efnes i atenent les seves peticions, a m\u00e9s de passar una bona estona amb les activitats organitzades .<\/p>\n\n<p>Entre les activitats que es van realitzar hi havia m\u00fasica, botifarrada, jocs infantils, festa Holi, festa de l&#8217;escuma, havaneres i correfoc.<\/p>\n\n<p><strong><em>Des del PSC Sant Vicen\u00e7 volem felicitar l&#8217;Associaci\u00f3 de Ve\u00efns de la Vinyala per l&#8217;esfor\u00e7 i la dedicaci\u00f3 a l&#8217;organitzaci\u00f3 d&#8217;aquestes festes de barri.<\/em><\/strong><\/p>\n\n<figure class=\"wp-block-image size-full\"><img loading=\"lazy\" decoding=\"async\" width=\"590\" height=\"786\" src=\"https:\/\/pscsvh.com\/wp-content\/uploads\/2022\/06\/FIESTA-LA-VINYALA-2.jpeg\" alt=\"\" class=\"wp-image-2569\" srcset=\"https:\/\/pscsvh.com\/wp-content\/uploads\/2022\/06\/FIESTA-LA-VINYALA-2.jpeg 590w, https:\/\/pscsvh.com\/wp-content\/uploads\/2022\/06\/FIESTA-LA-VINYALA-2-225x300.jpeg 225w\" sizes=\"auto, (max-width: 590px) 100vw, 590px\" \/><\/figure>\n","protected":false},"excerpt":{"rendered":"<p>La regidora del PSC Sant Vicen\u00e7 Mireia Verg\u00e8s, el regidor Isidre Bautista i l&#8217;alcalde Miguel Comino van assistir a les festes del Barri de la Vinyala i van estar conversant amb els ve\u00efns i les ve\u00efnes i atenent les seves peticions, a m\u00e9s de passar una bona estona amb les activitats organitzades .<\/p>\n","protected":false},"author":2,"featured_media":2568,"comment_status":"open","ping_status":"closed","sticky":false,"template":"","format":"standard","meta":{"_citadela_custom_class":"","footnotes":""},"categories":[68],"tags":[69],"citadela-post-location":[],"class_list":["post-2584","post","type-post","status-publish","format-standard","has-post-thumbnail","hentry","category-festes-de-barri","tag-associacio-de-veins-de-la-vinyala"],"yoast_head":"<!-- This site is optimized with the Yoast SEO plugin v24.7 - https:\/\/yoast.com\/wordpress\/plugins\/seo\/ -->\n<title>Festes al Barri de la Vinyala a Sant Vicen\u00e7 dels Horts - PSC SVH<\/title>\n<meta name=\"description\" content=\"Festes al Barri de la Vinyala a Sant Vicen\u00e7 dels Horts. Diversos regidors del PSC Sant Vicen\u00e7 dels Horts, van gaudir de les festes.\" \/>\n<meta name=\"robots\" content=\"index, follow, max-snippet:-1, max-image-preview:large, max-video-preview:-1\" \/>\n<link rel=\"canonical\" href=\"https:\/\/pscsvh.com\/ca\/festes-al-barri-de-la-vinyala-a-sant-vicenc-dels-horts\/\" \/>\n<meta property=\"og:locale\" content=\"ca_ES\" \/>\n<meta property=\"og:type\" content=\"article\" \/>\n<meta property=\"og:title\" content=\"Festes al Barri de la Vinyala a Sant Vicen\u00e7 dels Horts - PSC SVH\" \/>\n<meta property=\"og:description\" content=\"Festes al Barri de la Vinyala a Sant Vicen\u00e7 dels Horts. Diversos regidors del PSC Sant Vicen\u00e7 dels Horts, van gaudir de les festes.\" \/>\n<meta property=\"og:url\" content=\"https:\/\/pscsvh.com\/ca\/festes-al-barri-de-la-vinyala-a-sant-vicenc-dels-horts\/\" \/>\n<meta property=\"og:site_name\" content=\"PSC SVH\" \/>\n<meta property=\"article:published_time\" content=\"2022-06-10T17:02:00+00:00\" \/>\n<meta property=\"article:modified_time\" content=\"2022-06-19T17:48:54+00:00\" \/>\n<meta property=\"og:image\" content=\"https:\/\/pscsvh.com\/wp-content\/uploads\/2022\/06\/FIESTA-LA-VINYALA.jpeg\" \/>\n\t<meta property=\"og:image:width\" content=\"1124\" \/>\n\t<meta property=\"og:image:height\" content=\"843\" \/>\n\t<meta property=\"og:image:type\" content=\"image\/jpeg\" \/>\n<meta name=\"author\" content=\"PSC SVH\" \/>\n<meta name=\"twitter:card\" content=\"summary_large_image\" \/>\n<meta name=\"twitter:label1\" content=\"Escrit per\" \/>\n\t<meta name=\"twitter:data1\" content=\"PSC SVH\" \/>\n\t<meta name=\"twitter:label2\" content=\"Temps estimat de lectura\" \/>\n\t<meta name=\"twitter:data2\" content=\"1 minut\" \/>\n<script type=\"application\/ld+json\" class=\"yoast-schema-graph\">{\"@context\":\"https:\/\/schema.org\",\"@graph\":[{\"@type\":\"Article\",\"@id\":\"https:\/\/pscsvh.com\/ca\/festes-al-barri-de-la-vinyala-a-sant-vicenc-dels-horts\/#article\",\"isPartOf\":{\"@id\":\"https:\/\/pscsvh.com\/ca\/festes-al-barri-de-la-vinyala-a-sant-vicenc-dels-horts\/\"},\"author\":{\"name\":\"PSC SVH\",\"@id\":\"https:\/\/pscsvh.com\/ca\/#\/schema\/person\/6ad2cedf14b82878e2897de3ed64f1f9\"},\"headline\":\"Festes al Barri de la Vinyala a Sant Vicen\u00e7 dels Horts\",\"datePublished\":\"2022-06-10T17:02:00+00:00\",\"dateModified\":\"2022-06-19T17:48:54+00:00\",\"mainEntityOfPage\":{\"@id\":\"https:\/\/pscsvh.com\/ca\/festes-al-barri-de-la-vinyala-a-sant-vicenc-dels-horts\/\"},\"wordCount\":167,\"commentCount\":0,\"publisher\":{\"@id\":\"https:\/\/pscsvh.com\/ca\/#organization\"},\"image\":{\"@id\":\"https:\/\/pscsvh.com\/ca\/festes-al-barri-de-la-vinyala-a-sant-vicenc-dels-horts\/#primaryimage\"},\"thumbnailUrl\":\"https:\/\/pscsvh.com\/wp-content\/uploads\/2022\/06\/FIESTA-LA-VINYALA.jpeg\",\"keywords\":[\"Associaci\u00f3 de ve\u00efns de la Vinyala\"],\"articleSection\":[\"Festes de Barri\"],\"inLanguage\":\"ca\",\"potentialAction\":[{\"@type\":\"CommentAction\",\"name\":\"Comment\",\"target\":[\"https:\/\/pscsvh.com\/ca\/festes-al-barri-de-la-vinyala-a-sant-vicenc-dels-horts\/#respond\"]}]},{\"@type\":\"WebPage\",\"@id\":\"https:\/\/pscsvh.com\/ca\/festes-al-barri-de-la-vinyala-a-sant-vicenc-dels-horts\/\",\"url\":\"https:\/\/pscsvh.com\/ca\/festes-al-barri-de-la-vinyala-a-sant-vicenc-dels-horts\/\",\"name\":\"Festes al Barri de la Vinyala a Sant Vicen\u00e7 dels Horts - PSC SVH\",\"isPartOf\":{\"@id\":\"https:\/\/pscsvh.com\/ca\/#website\"},\"primaryImageOfPage\":{\"@id\":\"https:\/\/pscsvh.com\/ca\/festes-al-barri-de-la-vinyala-a-sant-vicenc-dels-horts\/#primaryimage\"},\"image\":{\"@id\":\"https:\/\/pscsvh.com\/ca\/festes-al-barri-de-la-vinyala-a-sant-vicenc-dels-horts\/#primaryimage\"},\"thumbnailUrl\":\"https:\/\/pscsvh.com\/wp-content\/uploads\/2022\/06\/FIESTA-LA-VINYALA.jpeg\",\"datePublished\":\"2022-06-10T17:02:00+00:00\",\"dateModified\":\"2022-06-19T17:48:54+00:00\",\"description\":\"Festes al Barri de la Vinyala a Sant Vicen\u00e7 dels Horts. Diversos regidors del PSC Sant Vicen\u00e7 dels Horts, van gaudir de les festes.\",\"breadcrumb\":{\"@id\":\"https:\/\/pscsvh.com\/ca\/festes-al-barri-de-la-vinyala-a-sant-vicenc-dels-horts\/#breadcrumb\"},\"inLanguage\":\"ca\",\"potentialAction\":[{\"@type\":\"ReadAction\",\"target\":[\"https:\/\/pscsvh.com\/ca\/festes-al-barri-de-la-vinyala-a-sant-vicenc-dels-horts\/\"]}]},{\"@type\":\"ImageObject\",\"inLanguage\":\"ca\",\"@id\":\"https:\/\/pscsvh.com\/ca\/festes-al-barri-de-la-vinyala-a-sant-vicenc-dels-horts\/#primaryimage\",\"url\":\"https:\/\/pscsvh.com\/wp-content\/uploads\/2022\/06\/FIESTA-LA-VINYALA.jpeg\",\"contentUrl\":\"https:\/\/pscsvh.com\/wp-content\/uploads\/2022\/06\/FIESTA-LA-VINYALA.jpeg\",\"width\":1124,\"height\":843},{\"@type\":\"BreadcrumbList\",\"@id\":\"https:\/\/pscsvh.com\/ca\/festes-al-barri-de-la-vinyala-a-sant-vicenc-dels-horts\/#breadcrumb\",\"itemListElement\":[{\"@type\":\"ListItem\",\"position\":1,\"name\":\"Portada\",\"item\":\"https:\/\/pscsvh.com\/ca\/\"},{\"@type\":\"ListItem\",\"position\":2,\"name\":\"Festes al Barri de la Vinyala a Sant Vicen\u00e7 dels Horts\"}]},{\"@type\":\"WebSite\",\"@id\":\"https:\/\/pscsvh.com\/ca\/#website\",\"url\":\"https:\/\/pscsvh.com\/ca\/\",\"name\":\"PSC SVH\",\"description\":\"El cambio que suma\",\"publisher\":{\"@id\":\"https:\/\/pscsvh.com\/ca\/#organization\"},\"potentialAction\":[{\"@type\":\"SearchAction\",\"target\":{\"@type\":\"EntryPoint\",\"urlTemplate\":\"https:\/\/pscsvh.com\/ca\/?s={search_term_string}\"},\"query-input\":{\"@type\":\"PropertyValueSpecification\",\"valueRequired\":true,\"valueName\":\"search_term_string\"}}],\"inLanguage\":\"ca\"},{\"@type\":\"Organization\",\"@id\":\"https:\/\/pscsvh.com\/ca\/#organization\",\"name\":\"PSC SVH\",\"url\":\"https:\/\/pscsvh.com\/ca\/\",\"logo\":{\"@type\":\"ImageObject\",\"inLanguage\":\"ca\",\"@id\":\"https:\/\/pscsvh.com\/ca\/#\/schema\/logo\/image\/\",\"url\":\"https:\/\/pscsvh.com\/wp-content\/uploads\/2022\/06\/cropped-Logo_SVh2-300x158-1.png\",\"contentUrl\":\"https:\/\/pscsvh.com\/wp-content\/uploads\/2022\/06\/cropped-Logo_SVh2-300x158-1.png\",\"width\":300,\"height\":158,\"caption\":\"PSC SVH\"},\"image\":{\"@id\":\"https:\/\/pscsvh.com\/ca\/#\/schema\/logo\/image\/\"}},{\"@type\":\"Person\",\"@id\":\"https:\/\/pscsvh.com\/ca\/#\/schema\/person\/6ad2cedf14b82878e2897de3ed64f1f9\",\"name\":\"PSC SVH\",\"image\":{\"@type\":\"ImageObject\",\"inLanguage\":\"ca\",\"@id\":\"https:\/\/pscsvh.com\/ca\/#\/schema\/person\/image\/\",\"url\":\"https:\/\/secure.gravatar.com\/avatar\/a019c39072cc7d669be4d6e2cda099b4e834789e55938a3ec58bef829a37db42?s=96&d=mm&r=g\",\"contentUrl\":\"https:\/\/secure.gravatar.com\/avatar\/a019c39072cc7d669be4d6e2cda099b4e834789e55938a3ec58bef829a37db42?s=96&d=mm&r=g\",\"caption\":\"PSC SVH\"},\"url\":\"https:\/\/pscsvh.com\/ca\/author\/admin-2\/\"}]}<\/script>\n<!-- \/ Yoast SEO plugin. -->","yoast_head_json":{"title":"Festes al Barri de la Vinyala a Sant Vicen\u00e7 dels Horts - PSC SVH","description":"Festes al Barri de la Vinyala a Sant Vicen\u00e7 dels Horts. Diversos regidors del PSC Sant Vicen\u00e7 dels Horts, van gaudir de les festes.","robots":{"index":"index","follow":"follow","max-snippet":"max-snippet:-1","max-image-preview":"max-image-preview:large","max-video-preview":"max-video-preview:-1"},"canonical":"https:\/\/pscsvh.com\/ca\/festes-al-barri-de-la-vinyala-a-sant-vicenc-dels-horts\/","og_locale":"ca_ES","og_type":"article","og_title":"Festes al Barri de la Vinyala a Sant Vicen\u00e7 dels Horts - PSC SVH","og_description":"Festes al Barri de la Vinyala a Sant Vicen\u00e7 dels Horts. Diversos regidors del PSC Sant Vicen\u00e7 dels Horts, van gaudir de les festes.","og_url":"https:\/\/pscsvh.com\/ca\/festes-al-barri-de-la-vinyala-a-sant-vicenc-dels-horts\/","og_site_name":"PSC SVH","article_published_time":"2022-06-10T17:02:00+00:00","article_modified_time":"2022-06-19T17:48:54+00:00","og_image":[{"width":1124,"height":843,"url":"https:\/\/pscsvh.com\/wp-content\/uploads\/2022\/06\/FIESTA-LA-VINYALA.jpeg","type":"image\/jpeg"}],"author":"PSC SVH","twitter_card":"summary_large_image","twitter_misc":{"Escrit per":"PSC SVH","Temps estimat de lectura":"1 minut"},"schema":{"@context":"https:\/\/schema.org","@graph":[{"@type":"Article","@id":"https:\/\/pscsvh.com\/ca\/festes-al-barri-de-la-vinyala-a-sant-vicenc-dels-horts\/#article","isPartOf":{"@id":"https:\/\/pscsvh.com\/ca\/festes-al-barri-de-la-vinyala-a-sant-vicenc-dels-horts\/"},"author":{"name":"PSC SVH","@id":"https:\/\/pscsvh.com\/ca\/#\/schema\/person\/6ad2cedf14b82878e2897de3ed64f1f9"},"headline":"Festes al Barri de la Vinyala a Sant Vicen\u00e7 dels Horts","datePublished":"2022-06-10T17:02:00+00:00","dateModified":"2022-06-19T17:48:54+00:00","mainEntityOfPage":{"@id":"https:\/\/pscsvh.com\/ca\/festes-al-barri-de-la-vinyala-a-sant-vicenc-dels-horts\/"},"wordCount":167,"commentCount":0,"publisher":{"@id":"https:\/\/pscsvh.com\/ca\/#organization"},"image":{"@id":"https:\/\/pscsvh.com\/ca\/festes-al-barri-de-la-vinyala-a-sant-vicenc-dels-horts\/#primaryimage"},"thumbnailUrl":"https:\/\/pscsvh.com\/wp-content\/uploads\/2022\/06\/FIESTA-LA-VINYALA.jpeg","keywords":["Associaci\u00f3 de ve\u00efns de la Vinyala"],"articleSection":["Festes de Barri"],"inLanguage":"ca","potentialAction":[{"@type":"CommentAction","name":"Comment","target":["https:\/\/pscsvh.com\/ca\/festes-al-barri-de-la-vinyala-a-sant-vicenc-dels-horts\/#respond"]}]},{"@type":"WebPage","@id":"https:\/\/pscsvh.com\/ca\/festes-al-barri-de-la-vinyala-a-sant-vicenc-dels-horts\/","url":"https:\/\/pscsvh.com\/ca\/festes-al-barri-de-la-vinyala-a-sant-vicenc-dels-horts\/","name":"Festes al Barri de la Vinyala a Sant Vicen\u00e7 dels Horts - PSC SVH","isPartOf":{"@id":"https:\/\/pscsvh.com\/ca\/#website"},"primaryImageOfPage":{"@id":"https:\/\/pscsvh.com\/ca\/festes-al-barri-de-la-vinyala-a-sant-vicenc-dels-horts\/#primaryimage"},"image":{"@id":"https:\/\/pscsvh.com\/ca\/festes-al-barri-de-la-vinyala-a-sant-vicenc-dels-horts\/#primaryimage"},"thumbnailUrl":"https:\/\/pscsvh.com\/wp-content\/uploads\/2022\/06\/FIESTA-LA-VINYALA.jpeg","datePublished":"2022-06-10T17:02:00+00:00","dateModified":"2022-06-19T17:48:54+00:00","description":"Festes al Barri de la Vinyala a Sant Vicen\u00e7 dels Horts. Diversos regidors del PSC Sant Vicen\u00e7 dels Horts, van gaudir de les festes.","breadcrumb":{"@id":"https:\/\/pscsvh.com\/ca\/festes-al-barri-de-la-vinyala-a-sant-vicenc-dels-horts\/#breadcrumb"},"inLanguage":"ca","potentialAction":[{"@type":"ReadAction","target":["https:\/\/pscsvh.com\/ca\/festes-al-barri-de-la-vinyala-a-sant-vicenc-dels-horts\/"]}]},{"@type":"ImageObject","inLanguage":"ca","@id":"https:\/\/pscsvh.com\/ca\/festes-al-barri-de-la-vinyala-a-sant-vicenc-dels-horts\/#primaryimage","url":"https:\/\/pscsvh.com\/wp-content\/uploads\/2022\/06\/FIESTA-LA-VINYALA.jpeg","contentUrl":"https:\/\/pscsvh.com\/wp-content\/uploads\/2022\/06\/FIESTA-LA-VINYALA.jpeg","width":1124,"height":843},{"@type":"BreadcrumbList","@id":"https:\/\/pscsvh.com\/ca\/festes-al-barri-de-la-vinyala-a-sant-vicenc-dels-horts\/#breadcrumb","itemListElement":[{"@type":"ListItem","position":1,"name":"Portada","item":"https:\/\/pscsvh.com\/ca\/"},{"@type":"ListItem","position":2,"name":"Festes al Barri de la Vinyala a Sant Vicen\u00e7 dels Horts"}]},{"@type":"WebSite","@id":"https:\/\/pscsvh.com\/ca\/#website","url":"https:\/\/pscsvh.com\/ca\/","name":"PSC SVH","description":"El cambio que suma","publisher":{"@id":"https:\/\/pscsvh.com\/ca\/#organization"},"potentialAction":[{"@type":"SearchAction","target":{"@type":"EntryPoint","urlTemplate":"https:\/\/pscsvh.com\/ca\/?s={search_term_string}"},"query-input":{"@type":"PropertyValueSpecification","valueRequired":true,"valueName":"search_term_string"}}],"inLanguage":"ca"},{"@type":"Organization","@id":"https:\/\/pscsvh.com\/ca\/#organization","name":"PSC SVH","url":"https:\/\/pscsvh.com\/ca\/","logo":{"@type":"ImageObject","inLanguage":"ca","@id":"https:\/\/pscsvh.com\/ca\/#\/schema\/logo\/image\/","url":"https:\/\/pscsvh.com\/wp-content\/uploads\/2022\/06\/cropped-Logo_SVh2-300x158-1.png","contentUrl":"https:\/\/pscsvh.com\/wp-content\/uploads\/2022\/06\/cropped-Logo_SVh2-300x158-1.png","width":300,"height":158,"caption":"PSC SVH"},"image":{"@id":"https:\/\/pscsvh.com\/ca\/#\/schema\/logo\/image\/"}},{"@type":"Person","@id":"https:\/\/pscsvh.com\/ca\/#\/schema\/person\/6ad2cedf14b82878e2897de3ed64f1f9","name":"PSC SVH","image":{"@type":"ImageObject","inLanguage":"ca","@id":"https:\/\/pscsvh.com\/ca\/#\/schema\/person\/image\/","url":"https:\/\/secure.gravatar.com\/avatar\/a019c39072cc7d669be4d6e2cda099b4e834789e55938a3ec58bef829a37db42?s=96&d=mm&r=g","contentUrl":"https:\/\/secure.gravatar.com\/avatar\/a019c39072cc7d669be4d6e2cda099b4e834789e55938a3ec58bef829a37db42?s=96&d=mm&r=g","caption":"PSC SVH"},"url":"https:\/\/pscsvh.com\/ca\/author\/admin-2\/"}]}},"_links":{"self":[{"href":"https:\/\/pscsvh.com\/ca\/wp-json\/wp\/v2\/posts\/2584","targetHints":{"allow":["GET"]}}],"collection":[{"href":"https:\/\/pscsvh.com\/ca\/wp-json\/wp\/v2\/posts"}],"about":[{"href":"https:\/\/pscsvh.com\/ca\/wp-json\/wp\/v2\/types\/post"}],"author":[{"embeddable":true,"href":"https:\/\/pscsvh.com\/ca\/wp-json\/wp\/v2\/users\/2"}],"replies":[{"embeddable":true,"href":"https:\/\/pscsvh.com\/ca\/wp-json\/wp\/v2\/comments?post=2584"}],"version-history":[{"count":3,"href":"https:\/\/pscsvh.com\/ca\/wp-json\/wp\/v2\/posts\/2584\/revisions"}],"predecessor-version":[{"id":2588,"href":"https:\/\/pscsvh.com\/ca\/wp-json\/wp\/v2\/posts\/2584\/revisions\/2588"}],"wp:featuredmedia":[{"embeddable":true,"href":"https:\/\/pscsvh.com\/ca\/wp-json\/wp\/v2\/media\/2568"}],"wp:attachment":[{"href":"https:\/\/pscsvh.com\/ca\/wp-json\/wp\/v2\/media?parent=2584"}],"wp:term":[{"taxonomy":"category","embeddable":true,"href":"https:\/\/pscsvh.com\/ca\/wp-json\/wp\/v2\/categories?post=2584"},{"taxonomy":"post_tag","embeddable":true,"href":"https:\/\/pscsvh.com\/ca\/wp-json\/wp\/v2\/tags?post=2584"},{"taxonomy":"citadela-post-location","embeddable":true,"href":"https:\/\/pscsvh.com\/ca\/wp-json\/wp\/v2\/citadela-post-location?post=2584"}],"curies":[{"name":"wp","href":"https:\/\/api.w.org\/{rel}","templated":true}]}}