{"id":2387,"date":"2022-04-28T19:54:00","date_gmt":"2022-04-28T17:54:00","guid":{"rendered":"https:\/\/pscsvh.com\/visita-al-parc-del-pi-gros\/"},"modified":"2022-06-03T19:53:10","modified_gmt":"2022-06-03T17:53:10","slug":"visita-al-parc-del-pi-gros","status":"publish","type":"post","link":"https:\/\/pscsvh.com\/ca\/visita-al-parc-del-pi-gros\/","title":{"rendered":"Visita al parc del Pi Gros"},"content":{"rendered":"\n<p><strong>L&#8217;acalde de Sant Vicen\u00e7 dels Horts, <a href=\"https:\/\/pscsvh.com\/ca\/alcalde\/\" target=\"_blank\" rel=\"noreferrer noopener\">Miquel Comin<\/a> i la Regidora Mar\u00eda Pel\u00e1ez visiten la zona del Pi Gros amb motiu de les obres per millorar l&#8217;accessibilitat.<\/strong><\/p>\n\n<p>L&#8217;objectiu d&#8217;aquestes obres consisteix a aconseguir el 100% d&#8217;accessibilitat tant a la zona de les barbacoes com al <em>cam\u00ed de la Font<\/em> .<\/p>\n\n<p>Aquesta visita es va realitzar juntament amb l&#8217;Associaci\u00f3 <a href=\"https:\/\/adiscap.blogspot.com\/\" target=\"_blank\" rel=\"noreferrer noopener\">ADISCAP<\/a> per valorar i comentar les intervencions que es faran.<\/p>\n\n<p><\/p>\n\n<figure class=\"wp-block-gallery has-nested-images columns-default is-cropped wp-block-gallery-1 is-layout-flex wp-block-gallery-is-layout-flex\">\n<figure class=\"wp-block-image size-large\"><img loading=\"lazy\" decoding=\"async\" width=\"960\" height=\"539\" data-id=\"2251\" src=\"https:\/\/pscsvh.com\/wp-content\/uploads\/2022\/05\/02-1.jpg\" alt=\"\" class=\"wp-image-2251\" srcset=\"https:\/\/pscsvh.com\/wp-content\/uploads\/2022\/05\/02-1.jpg 960w, https:\/\/pscsvh.com\/wp-content\/uploads\/2022\/05\/02-1-300x168.jpg 300w, https:\/\/pscsvh.com\/wp-content\/uploads\/2022\/05\/02-1-768x431.jpg 768w\" sizes=\"auto, (max-width: 960px) 100vw, 960px\" \/><\/figure>\n\n\n<figure class=\"wp-block-image size-large\"><img loading=\"lazy\" decoding=\"async\" width=\"768\" height=\"1024\" data-id=\"2257\" src=\"https:\/\/pscsvh.com\/wp-content\/uploads\/2022\/05\/03-1-768x1024.jpg\" alt=\"\" class=\"wp-image-2257\" srcset=\"https:\/\/pscsvh.com\/wp-content\/uploads\/2022\/05\/03-1-768x1024.jpg 768w, https:\/\/pscsvh.com\/wp-content\/uploads\/2022\/05\/03-1-225x300.jpg 225w, https:\/\/pscsvh.com\/wp-content\/uploads\/2022\/05\/03-1-1152x1536.jpg 1152w, https:\/\/pscsvh.com\/wp-content\/uploads\/2022\/05\/03-1.jpg 1200w\" sizes=\"auto, (max-width: 768px) 100vw, 768px\" \/><\/figure>\n\n\n<figure class=\"wp-block-image size-large\"><img loading=\"lazy\" decoding=\"async\" width=\"575\" height=\"1024\" data-id=\"2253\" src=\"https:\/\/pscsvh.com\/wp-content\/uploads\/2022\/05\/04-1-575x1024.jpg\" alt=\"\" class=\"wp-image-2253\" srcset=\"https:\/\/pscsvh.com\/wp-content\/uploads\/2022\/05\/04-1-575x1024.jpg 575w, https:\/\/pscsvh.com\/wp-content\/uploads\/2022\/05\/04-1-168x300.jpg 168w, https:\/\/pscsvh.com\/wp-content\/uploads\/2022\/05\/04-1-768x1368.jpg 768w, https:\/\/pscsvh.com\/wp-content\/uploads\/2022\/05\/04-1-862x1536.jpg 862w, https:\/\/pscsvh.com\/wp-content\/uploads\/2022\/05\/04-1.jpg 898w\" sizes=\"auto, (max-width: 575px) 100vw, 575px\" \/><\/figure>\n\n\n<figure class=\"wp-block-image size-large\"><img loading=\"lazy\" decoding=\"async\" width=\"960\" height=\"539\" data-id=\"2249\" src=\"https:\/\/pscsvh.com\/wp-content\/uploads\/2022\/05\/01-2.jpg\" alt=\"\" class=\"wp-image-2249\" srcset=\"https:\/\/pscsvh.com\/wp-content\/uploads\/2022\/05\/01-2.jpg 960w, https:\/\/pscsvh.com\/wp-content\/uploads\/2022\/05\/01-2-300x168.jpg 300w, https:\/\/pscsvh.com\/wp-content\/uploads\/2022\/05\/01-2-768x431.jpg 768w\" sizes=\"auto, (max-width: 960px) 100vw, 960px\" \/><\/figure>\n\n\n<figure class=\"wp-block-image size-large\"><img loading=\"lazy\" decoding=\"async\" width=\"1024\" height=\"769\" data-id=\"2255\" src=\"https:\/\/pscsvh.com\/wp-content\/uploads\/2022\/05\/05-1-1024x769.jpg\" alt=\"\" class=\"wp-image-2255\" srcset=\"https:\/\/pscsvh.com\/wp-content\/uploads\/2022\/05\/05-1-1024x769.jpg 1024w, https:\/\/pscsvh.com\/wp-content\/uploads\/2022\/05\/05-1-300x225.jpg 300w, https:\/\/pscsvh.com\/wp-content\/uploads\/2022\/05\/05-1-768x577.jpg 768w, https:\/\/pscsvh.com\/wp-content\/uploads\/2022\/05\/05-1-1536x1154.jpg 1536w, https:\/\/pscsvh.com\/wp-content\/uploads\/2022\/05\/05-1-640x480.jpg 640w, https:\/\/pscsvh.com\/wp-content\/uploads\/2022\/05\/05-1-480x360.jpg 480w, https:\/\/pscsvh.com\/wp-content\/uploads\/2022\/05\/05-1.jpg 2048w\" sizes=\"auto, (max-width: 1024px) 100vw, 1024px\" \/><\/figure><\/figure>\n","protected":false},"excerpt":{"rendered":"<p>Miguel Comino i la Regidora Mar\u00eda Pel\u00e1ez visiten la zona del Pino Gordo amb motiu de les obres per millorar l&#8217;accessibilitat.<\/p>\n","protected":false},"author":2,"featured_media":2250,"comment_status":"closed","ping_status":"closed","sticky":false,"template":"","format":"standard","meta":{"_citadela_custom_class":"","footnotes":""},"categories":[43],"tags":[46,47],"citadela-post-location":[42],"class_list":["post-2387","post","type-post","status-publish","format-standard","has-post-thumbnail","hentry","category-actualidad-vicentina","tag-accesibilidad","tag-pino-gordo"],"yoast_head":"<!-- This site is optimized with the Yoast SEO plugin v24.7 - https:\/\/yoast.com\/wordpress\/plugins\/seo\/ -->\n<title>Visita al parc del Pi Gros - PSC SVH a Sant Vicen\u00e7 dels Horts<\/title>\n<meta name=\"description\" content=\"Visita al parc del Pi Gordo. L&#039;acalde de Sant Vicen\u00e7 dels Horts, Miquel Comino i la Regidora Mar\u00eda Pel\u00e1ez visiten la zona del Pi Gordo amb motiu de les obres per millorar l&#039;accessibilitat.\" \/>\n<meta name=\"robots\" content=\"index, follow, max-snippet:-1, max-image-preview:large, max-video-preview:-1\" \/>\n<link rel=\"canonical\" href=\"https:\/\/pscsvh.com\/ca\/visita-al-parc-del-pi-gros\/\" \/>\n<meta property=\"og:locale\" content=\"ca_ES\" \/>\n<meta property=\"og:type\" content=\"article\" \/>\n<meta property=\"og:title\" content=\"Visita al parc del Pi Gros - PSC SVH a Sant Vicen\u00e7 dels Horts\" \/>\n<meta property=\"og:description\" content=\"Visita al parc del Pi Gordo. L&#039;acalde de Sant Vicen\u00e7 dels Horts, Miquel Comino i la Regidora Mar\u00eda Pel\u00e1ez visiten la zona del Pi Gordo amb motiu de les obres per millorar l&#039;accessibilitat.\" \/>\n<meta property=\"og:url\" content=\"https:\/\/pscsvh.com\/ca\/visita-al-parc-del-pi-gros\/\" \/>\n<meta property=\"og:site_name\" content=\"PSC SVH\" \/>\n<meta property=\"article:published_time\" content=\"2022-04-28T17:54:00+00:00\" \/>\n<meta property=\"article:modified_time\" content=\"2022-06-03T17:53:10+00:00\" \/>\n<meta property=\"og:image\" content=\"https:\/\/pscsvh.com\/wp-content\/uploads\/2022\/05\/01-2.jpg\" \/>\n\t<meta property=\"og:image:width\" content=\"960\" \/>\n\t<meta property=\"og:image:height\" content=\"539\" \/>\n\t<meta property=\"og:image:type\" content=\"image\/jpeg\" \/>\n<meta name=\"author\" content=\"PSC SVH\" \/>\n<meta name=\"twitter:card\" content=\"summary_large_image\" \/>\n<meta name=\"twitter:label1\" content=\"Escrit per\" \/>\n\t<meta name=\"twitter:data1\" content=\"PSC SVH\" \/>\n<script type=\"application\/ld+json\" class=\"yoast-schema-graph\">{\"@context\":\"https:\/\/schema.org\",\"@graph\":[{\"@type\":\"Article\",\"@id\":\"https:\/\/pscsvh.com\/ca\/visita-al-parc-del-pi-gros\/#article\",\"isPartOf\":{\"@id\":\"https:\/\/pscsvh.com\/ca\/visita-al-parc-del-pi-gros\/\"},\"author\":{\"name\":\"PSC SVH\",\"@id\":\"https:\/\/pscsvh.com\/ca\/#\/schema\/person\/6ad2cedf14b82878e2897de3ed64f1f9\"},\"headline\":\"Visita al parc del Pi Gros\",\"datePublished\":\"2022-04-28T17:54:00+00:00\",\"dateModified\":\"2022-06-03T17:53:10+00:00\",\"mainEntityOfPage\":{\"@id\":\"https:\/\/pscsvh.com\/ca\/visita-al-parc-del-pi-gros\/\"},\"wordCount\":80,\"publisher\":{\"@id\":\"https:\/\/pscsvh.com\/ca\/#organization\"},\"image\":{\"@id\":\"https:\/\/pscsvh.com\/ca\/visita-al-parc-del-pi-gros\/#primaryimage\"},\"thumbnailUrl\":\"https:\/\/pscsvh.com\/wp-content\/uploads\/2022\/05\/01-2.jpg\",\"keywords\":[\"Accesibilidad\",\"Pino Gordo\"],\"articleSection\":[\"Actualidad Vicentina\"],\"inLanguage\":\"ca\"},{\"@type\":\"WebPage\",\"@id\":\"https:\/\/pscsvh.com\/ca\/visita-al-parc-del-pi-gros\/\",\"url\":\"https:\/\/pscsvh.com\/ca\/visita-al-parc-del-pi-gros\/\",\"name\":\"Visita al parc del Pi Gros - PSC SVH a Sant Vicen\u00e7 dels Horts\",\"isPartOf\":{\"@id\":\"https:\/\/pscsvh.com\/ca\/#website\"},\"primaryImageOfPage\":{\"@id\":\"https:\/\/pscsvh.com\/ca\/visita-al-parc-del-pi-gros\/#primaryimage\"},\"image\":{\"@id\":\"https:\/\/pscsvh.com\/ca\/visita-al-parc-del-pi-gros\/#primaryimage\"},\"thumbnailUrl\":\"https:\/\/pscsvh.com\/wp-content\/uploads\/2022\/05\/01-2.jpg\",\"datePublished\":\"2022-04-28T17:54:00+00:00\",\"dateModified\":\"2022-06-03T17:53:10+00:00\",\"description\":\"Visita al parc del Pi Gordo. L'acalde de Sant Vicen\u00e7 dels Horts, Miquel Comino i la Regidora Mar\u00eda Pel\u00e1ez visiten la zona del Pi Gordo amb motiu de les obres per millorar l'accessibilitat.\",\"breadcrumb\":{\"@id\":\"https:\/\/pscsvh.com\/ca\/visita-al-parc-del-pi-gros\/#breadcrumb\"},\"inLanguage\":\"ca\",\"potentialAction\":[{\"@type\":\"ReadAction\",\"target\":[\"https:\/\/pscsvh.com\/ca\/visita-al-parc-del-pi-gros\/\"]}]},{\"@type\":\"ImageObject\",\"inLanguage\":\"ca\",\"@id\":\"https:\/\/pscsvh.com\/ca\/visita-al-parc-del-pi-gros\/#primaryimage\",\"url\":\"https:\/\/pscsvh.com\/wp-content\/uploads\/2022\/05\/01-2.jpg\",\"contentUrl\":\"https:\/\/pscsvh.com\/wp-content\/uploads\/2022\/05\/01-2.jpg\",\"width\":960,\"height\":539},{\"@type\":\"BreadcrumbList\",\"@id\":\"https:\/\/pscsvh.com\/ca\/visita-al-parc-del-pi-gros\/#breadcrumb\",\"itemListElement\":[{\"@type\":\"ListItem\",\"position\":1,\"name\":\"Portada\",\"item\":\"https:\/\/pscsvh.com\/ca\/\"},{\"@type\":\"ListItem\",\"position\":2,\"name\":\"Visita al parc del Pi Gros\"}]},{\"@type\":\"WebSite\",\"@id\":\"https:\/\/pscsvh.com\/ca\/#website\",\"url\":\"https:\/\/pscsvh.com\/ca\/\",\"name\":\"PSC SVH\",\"description\":\"El cambio que suma\",\"publisher\":{\"@id\":\"https:\/\/pscsvh.com\/ca\/#organization\"},\"potentialAction\":[{\"@type\":\"SearchAction\",\"target\":{\"@type\":\"EntryPoint\",\"urlTemplate\":\"https:\/\/pscsvh.com\/ca\/?s={search_term_string}\"},\"query-input\":{\"@type\":\"PropertyValueSpecification\",\"valueRequired\":true,\"valueName\":\"search_term_string\"}}],\"inLanguage\":\"ca\"},{\"@type\":\"Organization\",\"@id\":\"https:\/\/pscsvh.com\/ca\/#organization\",\"name\":\"PSC SVH\",\"url\":\"https:\/\/pscsvh.com\/ca\/\",\"logo\":{\"@type\":\"ImageObject\",\"inLanguage\":\"ca\",\"@id\":\"https:\/\/pscsvh.com\/ca\/#\/schema\/logo\/image\/\",\"url\":\"https:\/\/pscsvh.com\/wp-content\/uploads\/2022\/06\/cropped-Logo_SVh2-300x158-1.png\",\"contentUrl\":\"https:\/\/pscsvh.com\/wp-content\/uploads\/2022\/06\/cropped-Logo_SVh2-300x158-1.png\",\"width\":300,\"height\":158,\"caption\":\"PSC SVH\"},\"image\":{\"@id\":\"https:\/\/pscsvh.com\/ca\/#\/schema\/logo\/image\/\"}},{\"@type\":\"Person\",\"@id\":\"https:\/\/pscsvh.com\/ca\/#\/schema\/person\/6ad2cedf14b82878e2897de3ed64f1f9\",\"name\":\"PSC SVH\",\"image\":{\"@type\":\"ImageObject\",\"inLanguage\":\"ca\",\"@id\":\"https:\/\/pscsvh.com\/ca\/#\/schema\/person\/image\/\",\"url\":\"https:\/\/secure.gravatar.com\/avatar\/a019c39072cc7d669be4d6e2cda099b4e834789e55938a3ec58bef829a37db42?s=96&d=mm&r=g\",\"contentUrl\":\"https:\/\/secure.gravatar.com\/avatar\/a019c39072cc7d669be4d6e2cda099b4e834789e55938a3ec58bef829a37db42?s=96&d=mm&r=g\",\"caption\":\"PSC SVH\"},\"url\":\"https:\/\/pscsvh.com\/ca\/author\/admin-2\/\"}]}<\/script>\n<!-- \/ Yoast SEO plugin. -->","yoast_head_json":{"title":"Visita al parc del Pi Gros - PSC SVH a Sant Vicen\u00e7 dels Horts","description":"Visita al parc del Pi Gordo. L'acalde de Sant Vicen\u00e7 dels Horts, Miquel Comino i la Regidora Mar\u00eda Pel\u00e1ez visiten la zona del Pi Gordo amb motiu de les obres per millorar l'accessibilitat.","robots":{"index":"index","follow":"follow","max-snippet":"max-snippet:-1","max-image-preview":"max-image-preview:large","max-video-preview":"max-video-preview:-1"},"canonical":"https:\/\/pscsvh.com\/ca\/visita-al-parc-del-pi-gros\/","og_locale":"ca_ES","og_type":"article","og_title":"Visita al parc del Pi Gros - PSC SVH a Sant Vicen\u00e7 dels Horts","og_description":"Visita al parc del Pi Gordo. L'acalde de Sant Vicen\u00e7 dels Horts, Miquel Comino i la Regidora Mar\u00eda Pel\u00e1ez visiten la zona del Pi Gordo amb motiu de les obres per millorar l'accessibilitat.","og_url":"https:\/\/pscsvh.com\/ca\/visita-al-parc-del-pi-gros\/","og_site_name":"PSC SVH","article_published_time":"2022-04-28T17:54:00+00:00","article_modified_time":"2022-06-03T17:53:10+00:00","og_image":[{"width":960,"height":539,"url":"https:\/\/pscsvh.com\/wp-content\/uploads\/2022\/05\/01-2.jpg","type":"image\/jpeg"}],"author":"PSC SVH","twitter_card":"summary_large_image","twitter_misc":{"Escrit per":"PSC SVH"},"schema":{"@context":"https:\/\/schema.org","@graph":[{"@type":"Article","@id":"https:\/\/pscsvh.com\/ca\/visita-al-parc-del-pi-gros\/#article","isPartOf":{"@id":"https:\/\/pscsvh.com\/ca\/visita-al-parc-del-pi-gros\/"},"author":{"name":"PSC SVH","@id":"https:\/\/pscsvh.com\/ca\/#\/schema\/person\/6ad2cedf14b82878e2897de3ed64f1f9"},"headline":"Visita al parc del Pi Gros","datePublished":"2022-04-28T17:54:00+00:00","dateModified":"2022-06-03T17:53:10+00:00","mainEntityOfPage":{"@id":"https:\/\/pscsvh.com\/ca\/visita-al-parc-del-pi-gros\/"},"wordCount":80,"publisher":{"@id":"https:\/\/pscsvh.com\/ca\/#organization"},"image":{"@id":"https:\/\/pscsvh.com\/ca\/visita-al-parc-del-pi-gros\/#primaryimage"},"thumbnailUrl":"https:\/\/pscsvh.com\/wp-content\/uploads\/2022\/05\/01-2.jpg","keywords":["Accesibilidad","Pino Gordo"],"articleSection":["Actualidad Vicentina"],"inLanguage":"ca"},{"@type":"WebPage","@id":"https:\/\/pscsvh.com\/ca\/visita-al-parc-del-pi-gros\/","url":"https:\/\/pscsvh.com\/ca\/visita-al-parc-del-pi-gros\/","name":"Visita al parc del Pi Gros - PSC SVH a Sant Vicen\u00e7 dels Horts","isPartOf":{"@id":"https:\/\/pscsvh.com\/ca\/#website"},"primaryImageOfPage":{"@id":"https:\/\/pscsvh.com\/ca\/visita-al-parc-del-pi-gros\/#primaryimage"},"image":{"@id":"https:\/\/pscsvh.com\/ca\/visita-al-parc-del-pi-gros\/#primaryimage"},"thumbnailUrl":"https:\/\/pscsvh.com\/wp-content\/uploads\/2022\/05\/01-2.jpg","datePublished":"2022-04-28T17:54:00+00:00","dateModified":"2022-06-03T17:53:10+00:00","description":"Visita al parc del Pi Gordo. L'acalde de Sant Vicen\u00e7 dels Horts, Miquel Comino i la Regidora Mar\u00eda Pel\u00e1ez visiten la zona del Pi Gordo amb motiu de les obres per millorar l'accessibilitat.","breadcrumb":{"@id":"https:\/\/pscsvh.com\/ca\/visita-al-parc-del-pi-gros\/#breadcrumb"},"inLanguage":"ca","potentialAction":[{"@type":"ReadAction","target":["https:\/\/pscsvh.com\/ca\/visita-al-parc-del-pi-gros\/"]}]},{"@type":"ImageObject","inLanguage":"ca","@id":"https:\/\/pscsvh.com\/ca\/visita-al-parc-del-pi-gros\/#primaryimage","url":"https:\/\/pscsvh.com\/wp-content\/uploads\/2022\/05\/01-2.jpg","contentUrl":"https:\/\/pscsvh.com\/wp-content\/uploads\/2022\/05\/01-2.jpg","width":960,"height":539},{"@type":"BreadcrumbList","@id":"https:\/\/pscsvh.com\/ca\/visita-al-parc-del-pi-gros\/#breadcrumb","itemListElement":[{"@type":"ListItem","position":1,"name":"Portada","item":"https:\/\/pscsvh.com\/ca\/"},{"@type":"ListItem","position":2,"name":"Visita al parc del Pi Gros"}]},{"@type":"WebSite","@id":"https:\/\/pscsvh.com\/ca\/#website","url":"https:\/\/pscsvh.com\/ca\/","name":"PSC SVH","description":"El cambio que suma","publisher":{"@id":"https:\/\/pscsvh.com\/ca\/#organization"},"potentialAction":[{"@type":"SearchAction","target":{"@type":"EntryPoint","urlTemplate":"https:\/\/pscsvh.com\/ca\/?s={search_term_string}"},"query-input":{"@type":"PropertyValueSpecification","valueRequired":true,"valueName":"search_term_string"}}],"inLanguage":"ca"},{"@type":"Organization","@id":"https:\/\/pscsvh.com\/ca\/#organization","name":"PSC SVH","url":"https:\/\/pscsvh.com\/ca\/","logo":{"@type":"ImageObject","inLanguage":"ca","@id":"https:\/\/pscsvh.com\/ca\/#\/schema\/logo\/image\/","url":"https:\/\/pscsvh.com\/wp-content\/uploads\/2022\/06\/cropped-Logo_SVh2-300x158-1.png","contentUrl":"https:\/\/pscsvh.com\/wp-content\/uploads\/2022\/06\/cropped-Logo_SVh2-300x158-1.png","width":300,"height":158,"caption":"PSC SVH"},"image":{"@id":"https:\/\/pscsvh.com\/ca\/#\/schema\/logo\/image\/"}},{"@type":"Person","@id":"https:\/\/pscsvh.com\/ca\/#\/schema\/person\/6ad2cedf14b82878e2897de3ed64f1f9","name":"PSC SVH","image":{"@type":"ImageObject","inLanguage":"ca","@id":"https:\/\/pscsvh.com\/ca\/#\/schema\/person\/image\/","url":"https:\/\/secure.gravatar.com\/avatar\/a019c39072cc7d669be4d6e2cda099b4e834789e55938a3ec58bef829a37db42?s=96&d=mm&r=g","contentUrl":"https:\/\/secure.gravatar.com\/avatar\/a019c39072cc7d669be4d6e2cda099b4e834789e55938a3ec58bef829a37db42?s=96&d=mm&r=g","caption":"PSC SVH"},"url":"https:\/\/pscsvh.com\/ca\/author\/admin-2\/"}]}},"_links":{"self":[{"href":"https:\/\/pscsvh.com\/ca\/wp-json\/wp\/v2\/posts\/2387","targetHints":{"allow":["GET"]}}],"collection":[{"href":"https:\/\/pscsvh.com\/ca\/wp-json\/wp\/v2\/posts"}],"about":[{"href":"https:\/\/pscsvh.com\/ca\/wp-json\/wp\/v2\/types\/post"}],"author":[{"embeddable":true,"href":"https:\/\/pscsvh.com\/ca\/wp-json\/wp\/v2\/users\/2"}],"replies":[{"embeddable":true,"href":"https:\/\/pscsvh.com\/ca\/wp-json\/wp\/v2\/comments?post=2387"}],"version-history":[{"count":2,"href":"https:\/\/pscsvh.com\/ca\/wp-json\/wp\/v2\/posts\/2387\/revisions"}],"predecessor-version":[{"id":2389,"href":"https:\/\/pscsvh.com\/ca\/wp-json\/wp\/v2\/posts\/2387\/revisions\/2389"}],"wp:featuredmedia":[{"embeddable":true,"href":"https:\/\/pscsvh.com\/ca\/wp-json\/wp\/v2\/media\/2250"}],"wp:attachment":[{"href":"https:\/\/pscsvh.com\/ca\/wp-json\/wp\/v2\/media?parent=2387"}],"wp:term":[{"taxonomy":"category","embeddable":true,"href":"https:\/\/pscsvh.com\/ca\/wp-json\/wp\/v2\/categories?post=2387"},{"taxonomy":"post_tag","embeddable":true,"href":"https:\/\/pscsvh.com\/ca\/wp-json\/wp\/v2\/tags?post=2387"},{"taxonomy":"citadela-post-location","embeddable":true,"href":"https:\/\/pscsvh.com\/ca\/wp-json\/wp\/v2\/citadela-post-location?post=2387"}],"curies":[{"name":"wp","href":"https:\/\/api.w.org\/{rel}","templated":true}]}}