{"id":2379,"date":"2022-03-03T17:12:00","date_gmt":"2022-03-03T16:12:00","guid":{"rendered":"https:\/\/pscsvh.com\/psc-i-sant-vicenc-a-positiu-visiten-el-barri-de-vila-vella\/"},"modified":"2022-06-03T19:48:33","modified_gmt":"2022-06-03T17:48:33","slug":"psc-i-sant-vicenc-a-positiu-visiten-el-barri-de-vila-vella","status":"publish","type":"post","link":"https:\/\/pscsvh.com\/ca\/psc-i-sant-vicenc-a-positiu-visiten-el-barri-de-vila-vella\/","title":{"rendered":"PSC i Sant Vicen\u00e7 a Positiu visiten el barri de Vila Vella"},"content":{"rendered":"\n<p><strong>Aquest mat\u00ed, els companys i companyes del PSC Sant Vicen\u00e7 i Sant Vicen\u00e7 a Positiu, han compartit el seu temps amb les ve\u00efnes i els ve\u00efns que s&#8217;han acostat a peu de carrer.<\/strong><\/p>\n\n<p>Durant aquesta jornada, hem pogut explicar les inversions de 3 milions d&#8217;euros per al Barri de Vila Vella.<\/p>\n\n<ul class=\"wp-block-list\"><li>M\u00e9s comer\u00e7<\/li><li>M\u00e9s sostenibilitat<\/li><li>M\u00e9s espai p\u00fablic<\/li><li>Menys contaminaci\u00f3<\/li><li>En definitiva, <strong>m\u00e9s vida al barri de Vila Vella<\/strong><\/li><\/ul>\n<p>La nova escola bressol de <strong>Petit Mamut<\/strong> i la reforma del carrer Barcelona i el carrer Comer\u00e7, estan encaminades per potenciar el comer\u00e7 local i millorar la qualitat de vida de les persones.<\/p>\n\n<p>El millor de la jornada ha estat poder compartir i escoltar les propostes de les ve\u00efnes i els ve\u00efns de la zona.<\/p>\n\n<figure class=\"wp-block-gallery has-nested-images columns-default is-cropped wp-block-gallery-1 is-layout-flex wp-block-gallery-is-layout-flex\">\n<figure class=\"wp-block-image size-large\"><img loading=\"lazy\" decoding=\"async\" width=\"1024\" height=\"768\" data-id=\"2190\" src=\"https:\/\/pscsvh.com\/wp-content\/uploads\/2022\/05\/01-1024x768.jpeg\" alt=\"\" class=\"wp-image-2190\" srcset=\"https:\/\/pscsvh.com\/wp-content\/uploads\/2022\/05\/01-1024x768.jpeg 1024w, https:\/\/pscsvh.com\/wp-content\/uploads\/2022\/05\/01-300x225.jpeg 300w, https:\/\/pscsvh.com\/wp-content\/uploads\/2022\/05\/01-768x576.jpeg 768w, https:\/\/pscsvh.com\/wp-content\/uploads\/2022\/05\/01-1536x1152.jpeg 1536w, https:\/\/pscsvh.com\/wp-content\/uploads\/2022\/05\/01-640x480.jpeg 640w, https:\/\/pscsvh.com\/wp-content\/uploads\/2022\/05\/01-480x360.jpeg 480w, https:\/\/pscsvh.com\/wp-content\/uploads\/2022\/05\/01.jpeg 2048w\" sizes=\"auto, (max-width: 1024px) 100vw, 1024px\" \/><\/figure>\n\n\n<figure class=\"wp-block-image size-large\"><img loading=\"lazy\" decoding=\"async\" width=\"768\" height=\"1024\" data-id=\"2188\" src=\"https:\/\/pscsvh.com\/wp-content\/uploads\/2022\/05\/02-768x1024.jpeg\" alt=\"\" class=\"wp-image-2188\" srcset=\"https:\/\/pscsvh.com\/wp-content\/uploads\/2022\/05\/02-768x1024.jpeg 768w, https:\/\/pscsvh.com\/wp-content\/uploads\/2022\/05\/02-225x300.jpeg 225w, https:\/\/pscsvh.com\/wp-content\/uploads\/2022\/05\/02-1152x1536.jpeg 1152w, https:\/\/pscsvh.com\/wp-content\/uploads\/2022\/05\/02.jpeg 1536w\" sizes=\"auto, (max-width: 768px) 100vw, 768px\" \/><\/figure>\n\n\n<figure class=\"wp-block-image size-large\"><img loading=\"lazy\" decoding=\"async\" width=\"1024\" height=\"616\" data-id=\"2191\" src=\"https:\/\/pscsvh.com\/wp-content\/uploads\/2022\/05\/WhatsApp-Image-2022-03-05-at-13.52.02-1-1024x616.jpeg\" alt=\"\" class=\"wp-image-2191\" srcset=\"https:\/\/pscsvh.com\/wp-content\/uploads\/2022\/05\/WhatsApp-Image-2022-03-05-at-13.52.02-1-1024x616.jpeg 1024w, https:\/\/pscsvh.com\/wp-content\/uploads\/2022\/05\/WhatsApp-Image-2022-03-05-at-13.52.02-1-300x181.jpeg 300w, https:\/\/pscsvh.com\/wp-content\/uploads\/2022\/05\/WhatsApp-Image-2022-03-05-at-13.52.02-1-768x462.jpeg 768w, https:\/\/pscsvh.com\/wp-content\/uploads\/2022\/05\/WhatsApp-Image-2022-03-05-at-13.52.02-1-1536x925.jpeg 1536w, https:\/\/pscsvh.com\/wp-content\/uploads\/2022\/05\/WhatsApp-Image-2022-03-05-at-13.52.02-1.jpeg 1688w\" sizes=\"auto, (max-width: 1024px) 100vw, 1024px\" \/><\/figure>\n\n\n<figure class=\"wp-block-image size-large\"><img loading=\"lazy\" decoding=\"async\" width=\"768\" height=\"494\" data-id=\"2186\" src=\"https:\/\/pscsvh.com\/wp-content\/uploads\/2022\/05\/03.jpeg\" alt=\"\" class=\"wp-image-2186\" srcset=\"https:\/\/pscsvh.com\/wp-content\/uploads\/2022\/05\/03.jpeg 768w, https:\/\/pscsvh.com\/wp-content\/uploads\/2022\/05\/03-300x193.jpeg 300w\" sizes=\"auto, (max-width: 768px) 100vw, 768px\" \/><\/figure><\/figure>\n","protected":false},"excerpt":{"rendered":"<p>Aquest mat\u00ed, els companys i companyes del PSC Sant Vicen\u00e7 i Sant Vicen\u00e7 a Positiu, han compartit el seu temps amb les ve\u00efnes i els ve\u00efns que s&#8217;han acostat a peu de carrer.<\/p>\n","protected":false},"author":2,"featured_media":2193,"comment_status":"open","ping_status":"closed","sticky":false,"template":"","format":"standard","meta":{"_citadela_custom_class":"","footnotes":""},"categories":[40],"tags":[41],"citadela-post-location":[42],"class_list":["post-2379","post","type-post","status-publish","format-standard","has-post-thumbnail","hentry","category-carpas","tag-vila-vella"],"yoast_head":"<!-- This site is optimized with the Yoast SEO plugin v24.7 - https:\/\/yoast.com\/wordpress\/plugins\/seo\/ -->\n<title>PSC i Sant Vicen\u00e7 a Positiu visiten el barri de Vila Vella - PSC SVH<\/title>\n<meta name=\"robots\" content=\"index, follow, max-snippet:-1, max-image-preview:large, max-video-preview:-1\" \/>\n<link rel=\"canonical\" href=\"https:\/\/pscsvh.com\/ca\/psc-i-sant-vicenc-a-positiu-visiten-el-barri-de-vila-vella\/\" \/>\n<meta property=\"og:locale\" content=\"ca_ES\" \/>\n<meta property=\"og:type\" content=\"article\" \/>\n<meta property=\"og:title\" content=\"PSC i Sant Vicen\u00e7 a Positiu visiten el barri de Vila Vella - PSC SVH\" \/>\n<meta property=\"og:description\" content=\"Aquest mat\u00ed, els companys i companyes del PSC Sant Vicen\u00e7 i Sant Vicen\u00e7 a Positiu, han compartit el seu temps amb les ve\u00efnes i els ve\u00efns que s&#039;han acostat a peu de carrer.\" \/>\n<meta property=\"og:url\" content=\"https:\/\/pscsvh.com\/ca\/psc-i-sant-vicenc-a-positiu-visiten-el-barri-de-vila-vella\/\" \/>\n<meta property=\"og:site_name\" content=\"PSC SVH\" \/>\n<meta property=\"article:published_time\" content=\"2022-03-03T16:12:00+00:00\" \/>\n<meta property=\"article:modified_time\" content=\"2022-06-03T17:48:33+00:00\" \/>\n<meta property=\"og:image\" content=\"https:\/\/pscsvh.com\/wp-content\/uploads\/2022\/05\/WhatsApp-Image-2022-03-05-at-13.52.02-1.jpeg\" \/>\n\t<meta property=\"og:image:width\" content=\"1688\" \/>\n\t<meta property=\"og:image:height\" content=\"1016\" \/>\n\t<meta property=\"og:image:type\" content=\"image\/jpeg\" \/>\n<meta name=\"author\" content=\"PSC SVH\" \/>\n<meta name=\"twitter:card\" content=\"summary_large_image\" \/>\n<meta name=\"twitter:label1\" content=\"Escrit per\" \/>\n\t<meta name=\"twitter:data1\" content=\"PSC SVH\" \/>\n\t<meta name=\"twitter:label2\" content=\"Temps estimat de lectura\" \/>\n\t<meta name=\"twitter:data2\" content=\"1 minut\" \/>\n<script type=\"application\/ld+json\" class=\"yoast-schema-graph\">{\"@context\":\"https:\/\/schema.org\",\"@graph\":[{\"@type\":\"Article\",\"@id\":\"https:\/\/pscsvh.com\/ca\/psc-i-sant-vicenc-a-positiu-visiten-el-barri-de-vila-vella\/#article\",\"isPartOf\":{\"@id\":\"https:\/\/pscsvh.com\/ca\/psc-i-sant-vicenc-a-positiu-visiten-el-barri-de-vila-vella\/\"},\"author\":{\"name\":\"PSC SVH\",\"@id\":\"https:\/\/pscsvh.com\/ca\/#\/schema\/person\/6ad2cedf14b82878e2897de3ed64f1f9\"},\"headline\":\"PSC i Sant Vicen\u00e7 a Positiu visiten el barri de Vila Vella\",\"datePublished\":\"2022-03-03T16:12:00+00:00\",\"dateModified\":\"2022-06-03T17:48:33+00:00\",\"mainEntityOfPage\":{\"@id\":\"https:\/\/pscsvh.com\/ca\/psc-i-sant-vicenc-a-positiu-visiten-el-barri-de-vila-vella\/\"},\"wordCount\":146,\"commentCount\":0,\"publisher\":{\"@id\":\"https:\/\/pscsvh.com\/ca\/#organization\"},\"image\":{\"@id\":\"https:\/\/pscsvh.com\/ca\/psc-i-sant-vicenc-a-positiu-visiten-el-barri-de-vila-vella\/#primaryimage\"},\"thumbnailUrl\":\"https:\/\/pscsvh.com\/wp-content\/uploads\/2022\/05\/WhatsApp-Image-2022-03-05-at-13.52.02-1.jpeg\",\"keywords\":[\"Vila Vella\"],\"articleSection\":[\"Carpas\"],\"inLanguage\":\"ca\",\"potentialAction\":[{\"@type\":\"CommentAction\",\"name\":\"Comment\",\"target\":[\"https:\/\/pscsvh.com\/ca\/psc-i-sant-vicenc-a-positiu-visiten-el-barri-de-vila-vella\/#respond\"]}]},{\"@type\":\"WebPage\",\"@id\":\"https:\/\/pscsvh.com\/ca\/psc-i-sant-vicenc-a-positiu-visiten-el-barri-de-vila-vella\/\",\"url\":\"https:\/\/pscsvh.com\/ca\/psc-i-sant-vicenc-a-positiu-visiten-el-barri-de-vila-vella\/\",\"name\":\"PSC i Sant Vicen\u00e7 a Positiu visiten el barri de Vila Vella - PSC SVH\",\"isPartOf\":{\"@id\":\"https:\/\/pscsvh.com\/ca\/#website\"},\"primaryImageOfPage\":{\"@id\":\"https:\/\/pscsvh.com\/ca\/psc-i-sant-vicenc-a-positiu-visiten-el-barri-de-vila-vella\/#primaryimage\"},\"image\":{\"@id\":\"https:\/\/pscsvh.com\/ca\/psc-i-sant-vicenc-a-positiu-visiten-el-barri-de-vila-vella\/#primaryimage\"},\"thumbnailUrl\":\"https:\/\/pscsvh.com\/wp-content\/uploads\/2022\/05\/WhatsApp-Image-2022-03-05-at-13.52.02-1.jpeg\",\"datePublished\":\"2022-03-03T16:12:00+00:00\",\"dateModified\":\"2022-06-03T17:48:33+00:00\",\"breadcrumb\":{\"@id\":\"https:\/\/pscsvh.com\/ca\/psc-i-sant-vicenc-a-positiu-visiten-el-barri-de-vila-vella\/#breadcrumb\"},\"inLanguage\":\"ca\",\"potentialAction\":[{\"@type\":\"ReadAction\",\"target\":[\"https:\/\/pscsvh.com\/ca\/psc-i-sant-vicenc-a-positiu-visiten-el-barri-de-vila-vella\/\"]}]},{\"@type\":\"ImageObject\",\"inLanguage\":\"ca\",\"@id\":\"https:\/\/pscsvh.com\/ca\/psc-i-sant-vicenc-a-positiu-visiten-el-barri-de-vila-vella\/#primaryimage\",\"url\":\"https:\/\/pscsvh.com\/wp-content\/uploads\/2022\/05\/WhatsApp-Image-2022-03-05-at-13.52.02-1.jpeg\",\"contentUrl\":\"https:\/\/pscsvh.com\/wp-content\/uploads\/2022\/05\/WhatsApp-Image-2022-03-05-at-13.52.02-1.jpeg\",\"width\":1688,\"height\":1016},{\"@type\":\"BreadcrumbList\",\"@id\":\"https:\/\/pscsvh.com\/ca\/psc-i-sant-vicenc-a-positiu-visiten-el-barri-de-vila-vella\/#breadcrumb\",\"itemListElement\":[{\"@type\":\"ListItem\",\"position\":1,\"name\":\"Portada\",\"item\":\"https:\/\/pscsvh.com\/ca\/\"},{\"@type\":\"ListItem\",\"position\":2,\"name\":\"PSC i Sant Vicen\u00e7 a Positiu visiten el barri de Vila Vella\"}]},{\"@type\":\"WebSite\",\"@id\":\"https:\/\/pscsvh.com\/ca\/#website\",\"url\":\"https:\/\/pscsvh.com\/ca\/\",\"name\":\"PSC SVH\",\"description\":\"El cambio que suma\",\"publisher\":{\"@id\":\"https:\/\/pscsvh.com\/ca\/#organization\"},\"potentialAction\":[{\"@type\":\"SearchAction\",\"target\":{\"@type\":\"EntryPoint\",\"urlTemplate\":\"https:\/\/pscsvh.com\/ca\/?s={search_term_string}\"},\"query-input\":{\"@type\":\"PropertyValueSpecification\",\"valueRequired\":true,\"valueName\":\"search_term_string\"}}],\"inLanguage\":\"ca\"},{\"@type\":\"Organization\",\"@id\":\"https:\/\/pscsvh.com\/ca\/#organization\",\"name\":\"PSC SVH\",\"url\":\"https:\/\/pscsvh.com\/ca\/\",\"logo\":{\"@type\":\"ImageObject\",\"inLanguage\":\"ca\",\"@id\":\"https:\/\/pscsvh.com\/ca\/#\/schema\/logo\/image\/\",\"url\":\"https:\/\/pscsvh.com\/wp-content\/uploads\/2022\/06\/cropped-Logo_SVh2-300x158-1.png\",\"contentUrl\":\"https:\/\/pscsvh.com\/wp-content\/uploads\/2022\/06\/cropped-Logo_SVh2-300x158-1.png\",\"width\":300,\"height\":158,\"caption\":\"PSC SVH\"},\"image\":{\"@id\":\"https:\/\/pscsvh.com\/ca\/#\/schema\/logo\/image\/\"}},{\"@type\":\"Person\",\"@id\":\"https:\/\/pscsvh.com\/ca\/#\/schema\/person\/6ad2cedf14b82878e2897de3ed64f1f9\",\"name\":\"PSC SVH\",\"image\":{\"@type\":\"ImageObject\",\"inLanguage\":\"ca\",\"@id\":\"https:\/\/pscsvh.com\/ca\/#\/schema\/person\/image\/\",\"url\":\"https:\/\/secure.gravatar.com\/avatar\/a019c39072cc7d669be4d6e2cda099b4e834789e55938a3ec58bef829a37db42?s=96&d=mm&r=g\",\"contentUrl\":\"https:\/\/secure.gravatar.com\/avatar\/a019c39072cc7d669be4d6e2cda099b4e834789e55938a3ec58bef829a37db42?s=96&d=mm&r=g\",\"caption\":\"PSC SVH\"},\"url\":\"https:\/\/pscsvh.com\/ca\/author\/admin-2\/\"}]}<\/script>\n<!-- \/ Yoast SEO plugin. -->","yoast_head_json":{"title":"PSC i Sant Vicen\u00e7 a Positiu visiten el barri de Vila Vella - PSC SVH","robots":{"index":"index","follow":"follow","max-snippet":"max-snippet:-1","max-image-preview":"max-image-preview:large","max-video-preview":"max-video-preview:-1"},"canonical":"https:\/\/pscsvh.com\/ca\/psc-i-sant-vicenc-a-positiu-visiten-el-barri-de-vila-vella\/","og_locale":"ca_ES","og_type":"article","og_title":"PSC i Sant Vicen\u00e7 a Positiu visiten el barri de Vila Vella - PSC SVH","og_description":"Aquest mat\u00ed, els companys i companyes del PSC Sant Vicen\u00e7 i Sant Vicen\u00e7 a Positiu, han compartit el seu temps amb les ve\u00efnes i els ve\u00efns que s'han acostat a peu de carrer.","og_url":"https:\/\/pscsvh.com\/ca\/psc-i-sant-vicenc-a-positiu-visiten-el-barri-de-vila-vella\/","og_site_name":"PSC SVH","article_published_time":"2022-03-03T16:12:00+00:00","article_modified_time":"2022-06-03T17:48:33+00:00","og_image":[{"width":1688,"height":1016,"url":"https:\/\/pscsvh.com\/wp-content\/uploads\/2022\/05\/WhatsApp-Image-2022-03-05-at-13.52.02-1.jpeg","type":"image\/jpeg"}],"author":"PSC SVH","twitter_card":"summary_large_image","twitter_misc":{"Escrit per":"PSC SVH","Temps estimat de lectura":"1 minut"},"schema":{"@context":"https:\/\/schema.org","@graph":[{"@type":"Article","@id":"https:\/\/pscsvh.com\/ca\/psc-i-sant-vicenc-a-positiu-visiten-el-barri-de-vila-vella\/#article","isPartOf":{"@id":"https:\/\/pscsvh.com\/ca\/psc-i-sant-vicenc-a-positiu-visiten-el-barri-de-vila-vella\/"},"author":{"name":"PSC SVH","@id":"https:\/\/pscsvh.com\/ca\/#\/schema\/person\/6ad2cedf14b82878e2897de3ed64f1f9"},"headline":"PSC i Sant Vicen\u00e7 a Positiu visiten el barri de Vila Vella","datePublished":"2022-03-03T16:12:00+00:00","dateModified":"2022-06-03T17:48:33+00:00","mainEntityOfPage":{"@id":"https:\/\/pscsvh.com\/ca\/psc-i-sant-vicenc-a-positiu-visiten-el-barri-de-vila-vella\/"},"wordCount":146,"commentCount":0,"publisher":{"@id":"https:\/\/pscsvh.com\/ca\/#organization"},"image":{"@id":"https:\/\/pscsvh.com\/ca\/psc-i-sant-vicenc-a-positiu-visiten-el-barri-de-vila-vella\/#primaryimage"},"thumbnailUrl":"https:\/\/pscsvh.com\/wp-content\/uploads\/2022\/05\/WhatsApp-Image-2022-03-05-at-13.52.02-1.jpeg","keywords":["Vila Vella"],"articleSection":["Carpas"],"inLanguage":"ca","potentialAction":[{"@type":"CommentAction","name":"Comment","target":["https:\/\/pscsvh.com\/ca\/psc-i-sant-vicenc-a-positiu-visiten-el-barri-de-vila-vella\/#respond"]}]},{"@type":"WebPage","@id":"https:\/\/pscsvh.com\/ca\/psc-i-sant-vicenc-a-positiu-visiten-el-barri-de-vila-vella\/","url":"https:\/\/pscsvh.com\/ca\/psc-i-sant-vicenc-a-positiu-visiten-el-barri-de-vila-vella\/","name":"PSC i Sant Vicen\u00e7 a Positiu visiten el barri de Vila Vella - PSC SVH","isPartOf":{"@id":"https:\/\/pscsvh.com\/ca\/#website"},"primaryImageOfPage":{"@id":"https:\/\/pscsvh.com\/ca\/psc-i-sant-vicenc-a-positiu-visiten-el-barri-de-vila-vella\/#primaryimage"},"image":{"@id":"https:\/\/pscsvh.com\/ca\/psc-i-sant-vicenc-a-positiu-visiten-el-barri-de-vila-vella\/#primaryimage"},"thumbnailUrl":"https:\/\/pscsvh.com\/wp-content\/uploads\/2022\/05\/WhatsApp-Image-2022-03-05-at-13.52.02-1.jpeg","datePublished":"2022-03-03T16:12:00+00:00","dateModified":"2022-06-03T17:48:33+00:00","breadcrumb":{"@id":"https:\/\/pscsvh.com\/ca\/psc-i-sant-vicenc-a-positiu-visiten-el-barri-de-vila-vella\/#breadcrumb"},"inLanguage":"ca","potentialAction":[{"@type":"ReadAction","target":["https:\/\/pscsvh.com\/ca\/psc-i-sant-vicenc-a-positiu-visiten-el-barri-de-vila-vella\/"]}]},{"@type":"ImageObject","inLanguage":"ca","@id":"https:\/\/pscsvh.com\/ca\/psc-i-sant-vicenc-a-positiu-visiten-el-barri-de-vila-vella\/#primaryimage","url":"https:\/\/pscsvh.com\/wp-content\/uploads\/2022\/05\/WhatsApp-Image-2022-03-05-at-13.52.02-1.jpeg","contentUrl":"https:\/\/pscsvh.com\/wp-content\/uploads\/2022\/05\/WhatsApp-Image-2022-03-05-at-13.52.02-1.jpeg","width":1688,"height":1016},{"@type":"BreadcrumbList","@id":"https:\/\/pscsvh.com\/ca\/psc-i-sant-vicenc-a-positiu-visiten-el-barri-de-vila-vella\/#breadcrumb","itemListElement":[{"@type":"ListItem","position":1,"name":"Portada","item":"https:\/\/pscsvh.com\/ca\/"},{"@type":"ListItem","position":2,"name":"PSC i Sant Vicen\u00e7 a Positiu visiten el barri de Vila Vella"}]},{"@type":"WebSite","@id":"https:\/\/pscsvh.com\/ca\/#website","url":"https:\/\/pscsvh.com\/ca\/","name":"PSC SVH","description":"El cambio que suma","publisher":{"@id":"https:\/\/pscsvh.com\/ca\/#organization"},"potentialAction":[{"@type":"SearchAction","target":{"@type":"EntryPoint","urlTemplate":"https:\/\/pscsvh.com\/ca\/?s={search_term_string}"},"query-input":{"@type":"PropertyValueSpecification","valueRequired":true,"valueName":"search_term_string"}}],"inLanguage":"ca"},{"@type":"Organization","@id":"https:\/\/pscsvh.com\/ca\/#organization","name":"PSC SVH","url":"https:\/\/pscsvh.com\/ca\/","logo":{"@type":"ImageObject","inLanguage":"ca","@id":"https:\/\/pscsvh.com\/ca\/#\/schema\/logo\/image\/","url":"https:\/\/pscsvh.com\/wp-content\/uploads\/2022\/06\/cropped-Logo_SVh2-300x158-1.png","contentUrl":"https:\/\/pscsvh.com\/wp-content\/uploads\/2022\/06\/cropped-Logo_SVh2-300x158-1.png","width":300,"height":158,"caption":"PSC SVH"},"image":{"@id":"https:\/\/pscsvh.com\/ca\/#\/schema\/logo\/image\/"}},{"@type":"Person","@id":"https:\/\/pscsvh.com\/ca\/#\/schema\/person\/6ad2cedf14b82878e2897de3ed64f1f9","name":"PSC SVH","image":{"@type":"ImageObject","inLanguage":"ca","@id":"https:\/\/pscsvh.com\/ca\/#\/schema\/person\/image\/","url":"https:\/\/secure.gravatar.com\/avatar\/a019c39072cc7d669be4d6e2cda099b4e834789e55938a3ec58bef829a37db42?s=96&d=mm&r=g","contentUrl":"https:\/\/secure.gravatar.com\/avatar\/a019c39072cc7d669be4d6e2cda099b4e834789e55938a3ec58bef829a37db42?s=96&d=mm&r=g","caption":"PSC SVH"},"url":"https:\/\/pscsvh.com\/ca\/author\/admin-2\/"}]}},"_links":{"self":[{"href":"https:\/\/pscsvh.com\/ca\/wp-json\/wp\/v2\/posts\/2379","targetHints":{"allow":["GET"]}}],"collection":[{"href":"https:\/\/pscsvh.com\/ca\/wp-json\/wp\/v2\/posts"}],"about":[{"href":"https:\/\/pscsvh.com\/ca\/wp-json\/wp\/v2\/types\/post"}],"author":[{"embeddable":true,"href":"https:\/\/pscsvh.com\/ca\/wp-json\/wp\/v2\/users\/2"}],"replies":[{"embeddable":true,"href":"https:\/\/pscsvh.com\/ca\/wp-json\/wp\/v2\/comments?post=2379"}],"version-history":[{"count":1,"href":"https:\/\/pscsvh.com\/ca\/wp-json\/wp\/v2\/posts\/2379\/revisions"}],"predecessor-version":[{"id":2380,"href":"https:\/\/pscsvh.com\/ca\/wp-json\/wp\/v2\/posts\/2379\/revisions\/2380"}],"wp:featuredmedia":[{"embeddable":true,"href":"https:\/\/pscsvh.com\/ca\/wp-json\/wp\/v2\/media\/2193"}],"wp:attachment":[{"href":"https:\/\/pscsvh.com\/ca\/wp-json\/wp\/v2\/media?parent=2379"}],"wp:term":[{"taxonomy":"category","embeddable":true,"href":"https:\/\/pscsvh.com\/ca\/wp-json\/wp\/v2\/categories?post=2379"},{"taxonomy":"post_tag","embeddable":true,"href":"https:\/\/pscsvh.com\/ca\/wp-json\/wp\/v2\/tags?post=2379"},{"taxonomy":"citadela-post-location","embeddable":true,"href":"https:\/\/pscsvh.com\/ca\/wp-json\/wp\/v2\/citadela-post-location?post=2379"}],"curies":[{"name":"wp","href":"https:\/\/api.w.org\/{rel}","templated":true}]}}