{"id":2377,"date":"2022-02-04T20:23:00","date_gmt":"2022-02-04T19:23:00","guid":{"rendered":"https:\/\/pscsvh.com\/signem-un-acord-de-pressupostos-per-al-2022-amb-sant-vicenc-en-comu\/"},"modified":"2022-06-03T19:47:25","modified_gmt":"2022-06-03T17:47:25","slug":"signem-un-acord-de-pressupostos-per-al-2022-amb-sant-vicenc-en-comu","status":"publish","type":"post","link":"https:\/\/pscsvh.com\/ca\/signem-un-acord-de-pressupostos-per-al-2022-amb-sant-vicenc-en-comu\/","title":{"rendered":"Signem un acord de pressupostos per al 2022 amb Sant Vicen\u00e7 En Com\u00fa"},"content":{"rendered":"\n<p><strong>PSC Sant Vicen\u00e7 signem un acord de pressupostos per al 2022 amb Sant Vicen\u00e7 En Com\u00fa Podem <\/strong><\/p>\n\n<p>PSC i En Com\u00fa Podem signem un acord per aprovar els Pressupostos de 2022 basat en tres eixos principals:<\/p>\n\n<ul class=\"wp-block-list\"><li>La dimensi\u00f3 verda de la transici\u00f3 ecol\u00f2gica<\/li><li>La dimensi\u00f3 social i feminista<\/li><li>La dimensi\u00f3 participativa del Govern. Una governan\u00e7a relacional<\/li><\/ul>\n<figure class=\"wp-block-gallery has-nested-images columns-default is-cropped wp-block-gallery-1 is-layout-flex wp-block-gallery-is-layout-flex\">\n<figure class=\"wp-block-image size-large\"><img loading=\"lazy\" decoding=\"async\" width=\"700\" height=\"525\" data-id=\"2261\" src=\"https:\/\/pscsvh.com\/wp-content\/uploads\/2022\/05\/02-1.jpeg\" alt=\"\" class=\"wp-image-2261\" srcset=\"https:\/\/pscsvh.com\/wp-content\/uploads\/2022\/05\/02-1.jpeg 700w, https:\/\/pscsvh.com\/wp-content\/uploads\/2022\/05\/02-1-300x225.jpeg 300w, https:\/\/pscsvh.com\/wp-content\/uploads\/2022\/05\/02-1-640x480.jpeg 640w, https:\/\/pscsvh.com\/wp-content\/uploads\/2022\/05\/02-1-480x360.jpeg 480w\" sizes=\"auto, (max-width: 700px) 100vw, 700px\" \/><\/figure>\n\n\n<figure class=\"wp-block-image size-large\"><img loading=\"lazy\" decoding=\"async\" width=\"700\" height=\"525\" data-id=\"2263\" src=\"https:\/\/pscsvh.com\/wp-content\/uploads\/2022\/05\/03-1.jpeg\" alt=\"\" class=\"wp-image-2263\" srcset=\"https:\/\/pscsvh.com\/wp-content\/uploads\/2022\/05\/03-1.jpeg 700w, https:\/\/pscsvh.com\/wp-content\/uploads\/2022\/05\/03-1-300x225.jpeg 300w, https:\/\/pscsvh.com\/wp-content\/uploads\/2022\/05\/03-1-640x480.jpeg 640w, https:\/\/pscsvh.com\/wp-content\/uploads\/2022\/05\/03-1-480x360.jpeg 480w\" sizes=\"auto, (max-width: 700px) 100vw, 700px\" \/><\/figure><\/figure>\n","protected":false},"excerpt":{"rendered":"<p>PSC Sant Vicen\u00e7 signem un acord de pressupostos per al 2022 amb Sant Vicen\u00e7 En Com\u00fa Podem <\/p>\n","protected":false},"author":2,"featured_media":2266,"comment_status":"closed","ping_status":"closed","sticky":false,"template":"","format":"standard","meta":{"_citadela_custom_class":"","footnotes":""},"categories":[48],"tags":[49],"citadela-post-location":[42],"class_list":["post-2377","post","type-post","status-publish","format-standard","has-post-thumbnail","hentry","category-acuerdos","tag-presupuesto"],"yoast_head":"<!-- This site is optimized with the Yoast SEO plugin v24.7 - https:\/\/yoast.com\/wordpress\/plugins\/seo\/ -->\n<title>Signem un acord de pressupostos per al 2022 amb Sant Vicen\u00e7 En Com\u00fa - PSC SVH<\/title>\n<meta name=\"description\" content=\"Vam signar un acord de pressupostos per al 2022 amb Sant Vicen\u00e7 En Com\u00fa. PSC Sant Vicen\u00e7 signem un acord de pressupostos per al 2022 amb Sant Vicen\u00e7 En Com\u00fa Podem\" \/>\n<meta name=\"robots\" content=\"index, follow, max-snippet:-1, max-image-preview:large, max-video-preview:-1\" \/>\n<link rel=\"canonical\" href=\"https:\/\/pscsvh.com\/ca\/signem-un-acord-de-pressupostos-per-al-2022-amb-sant-vicenc-en-comu\/\" \/>\n<meta property=\"og:locale\" content=\"ca_ES\" \/>\n<meta property=\"og:type\" content=\"article\" \/>\n<meta property=\"og:title\" content=\"Signem un acord de pressupostos per al 2022 amb Sant Vicen\u00e7 En Com\u00fa - PSC SVH\" \/>\n<meta property=\"og:description\" content=\"Vam signar un acord de pressupostos per al 2022 amb Sant Vicen\u00e7 En Com\u00fa. PSC Sant Vicen\u00e7 signem un acord de pressupostos per al 2022 amb Sant Vicen\u00e7 En Com\u00fa Podem\" \/>\n<meta property=\"og:url\" content=\"https:\/\/pscsvh.com\/ca\/signem-un-acord-de-pressupostos-per-al-2022-amb-sant-vicenc-en-comu\/\" \/>\n<meta property=\"og:site_name\" content=\"PSC SVH\" \/>\n<meta property=\"article:published_time\" content=\"2022-02-04T19:23:00+00:00\" \/>\n<meta property=\"article:modified_time\" content=\"2022-06-03T17:47:25+00:00\" \/>\n<meta property=\"og:image\" content=\"https:\/\/pscsvh.com\/wp-content\/uploads\/2022\/05\/01-1.jpeg\" \/>\n\t<meta property=\"og:image:width\" content=\"2048\" \/>\n\t<meta property=\"og:image:height\" content=\"1536\" \/>\n\t<meta property=\"og:image:type\" content=\"image\/jpeg\" \/>\n<meta name=\"author\" content=\"PSC SVH\" \/>\n<meta name=\"twitter:card\" content=\"summary_large_image\" \/>\n<meta name=\"twitter:label1\" content=\"Escrit per\" \/>\n\t<meta name=\"twitter:data1\" content=\"PSC SVH\" \/>\n<script type=\"application\/ld+json\" class=\"yoast-schema-graph\">{\"@context\":\"https:\/\/schema.org\",\"@graph\":[{\"@type\":\"Article\",\"@id\":\"https:\/\/pscsvh.com\/ca\/signem-un-acord-de-pressupostos-per-al-2022-amb-sant-vicenc-en-comu\/#article\",\"isPartOf\":{\"@id\":\"https:\/\/pscsvh.com\/ca\/signem-un-acord-de-pressupostos-per-al-2022-amb-sant-vicenc-en-comu\/\"},\"author\":{\"name\":\"PSC SVH\",\"@id\":\"https:\/\/pscsvh.com\/ca\/#\/schema\/person\/6ad2cedf14b82878e2897de3ed64f1f9\"},\"headline\":\"Signem un acord de pressupostos per al 2022 amb Sant Vicen\u00e7 En Com\u00fa\",\"datePublished\":\"2022-02-04T19:23:00+00:00\",\"dateModified\":\"2022-06-03T17:47:25+00:00\",\"mainEntityOfPage\":{\"@id\":\"https:\/\/pscsvh.com\/ca\/signem-un-acord-de-pressupostos-per-al-2022-amb-sant-vicenc-en-comu\/\"},\"wordCount\":68,\"publisher\":{\"@id\":\"https:\/\/pscsvh.com\/ca\/#organization\"},\"image\":{\"@id\":\"https:\/\/pscsvh.com\/ca\/signem-un-acord-de-pressupostos-per-al-2022-amb-sant-vicenc-en-comu\/#primaryimage\"},\"thumbnailUrl\":\"https:\/\/pscsvh.com\/wp-content\/uploads\/2022\/05\/01-1.jpeg\",\"keywords\":[\"Presupuesto\"],\"articleSection\":[\"Acuerdos\"],\"inLanguage\":\"ca\"},{\"@type\":\"WebPage\",\"@id\":\"https:\/\/pscsvh.com\/ca\/signem-un-acord-de-pressupostos-per-al-2022-amb-sant-vicenc-en-comu\/\",\"url\":\"https:\/\/pscsvh.com\/ca\/signem-un-acord-de-pressupostos-per-al-2022-amb-sant-vicenc-en-comu\/\",\"name\":\"Signem un acord de pressupostos per al 2022 amb Sant Vicen\u00e7 En Com\u00fa - PSC SVH\",\"isPartOf\":{\"@id\":\"https:\/\/pscsvh.com\/ca\/#website\"},\"primaryImageOfPage\":{\"@id\":\"https:\/\/pscsvh.com\/ca\/signem-un-acord-de-pressupostos-per-al-2022-amb-sant-vicenc-en-comu\/#primaryimage\"},\"image\":{\"@id\":\"https:\/\/pscsvh.com\/ca\/signem-un-acord-de-pressupostos-per-al-2022-amb-sant-vicenc-en-comu\/#primaryimage\"},\"thumbnailUrl\":\"https:\/\/pscsvh.com\/wp-content\/uploads\/2022\/05\/01-1.jpeg\",\"datePublished\":\"2022-02-04T19:23:00+00:00\",\"dateModified\":\"2022-06-03T17:47:25+00:00\",\"description\":\"Vam signar un acord de pressupostos per al 2022 amb Sant Vicen\u00e7 En Com\u00fa. PSC Sant Vicen\u00e7 signem un acord de pressupostos per al 2022 amb Sant Vicen\u00e7 En Com\u00fa Podem\",\"breadcrumb\":{\"@id\":\"https:\/\/pscsvh.com\/ca\/signem-un-acord-de-pressupostos-per-al-2022-amb-sant-vicenc-en-comu\/#breadcrumb\"},\"inLanguage\":\"ca\",\"potentialAction\":[{\"@type\":\"ReadAction\",\"target\":[\"https:\/\/pscsvh.com\/ca\/signem-un-acord-de-pressupostos-per-al-2022-amb-sant-vicenc-en-comu\/\"]}]},{\"@type\":\"ImageObject\",\"inLanguage\":\"ca\",\"@id\":\"https:\/\/pscsvh.com\/ca\/signem-un-acord-de-pressupostos-per-al-2022-amb-sant-vicenc-en-comu\/#primaryimage\",\"url\":\"https:\/\/pscsvh.com\/wp-content\/uploads\/2022\/05\/01-1.jpeg\",\"contentUrl\":\"https:\/\/pscsvh.com\/wp-content\/uploads\/2022\/05\/01-1.jpeg\",\"width\":2048,\"height\":1536},{\"@type\":\"BreadcrumbList\",\"@id\":\"https:\/\/pscsvh.com\/ca\/signem-un-acord-de-pressupostos-per-al-2022-amb-sant-vicenc-en-comu\/#breadcrumb\",\"itemListElement\":[{\"@type\":\"ListItem\",\"position\":1,\"name\":\"Portada\",\"item\":\"https:\/\/pscsvh.com\/ca\/\"},{\"@type\":\"ListItem\",\"position\":2,\"name\":\"Signem un acord de pressupostos per al 2022 amb Sant Vicen\u00e7 En Com\u00fa\"}]},{\"@type\":\"WebSite\",\"@id\":\"https:\/\/pscsvh.com\/ca\/#website\",\"url\":\"https:\/\/pscsvh.com\/ca\/\",\"name\":\"PSC SVH\",\"description\":\"El cambio que suma\",\"publisher\":{\"@id\":\"https:\/\/pscsvh.com\/ca\/#organization\"},\"potentialAction\":[{\"@type\":\"SearchAction\",\"target\":{\"@type\":\"EntryPoint\",\"urlTemplate\":\"https:\/\/pscsvh.com\/ca\/?s={search_term_string}\"},\"query-input\":{\"@type\":\"PropertyValueSpecification\",\"valueRequired\":true,\"valueName\":\"search_term_string\"}}],\"inLanguage\":\"ca\"},{\"@type\":\"Organization\",\"@id\":\"https:\/\/pscsvh.com\/ca\/#organization\",\"name\":\"PSC SVH\",\"url\":\"https:\/\/pscsvh.com\/ca\/\",\"logo\":{\"@type\":\"ImageObject\",\"inLanguage\":\"ca\",\"@id\":\"https:\/\/pscsvh.com\/ca\/#\/schema\/logo\/image\/\",\"url\":\"https:\/\/pscsvh.com\/wp-content\/uploads\/2022\/06\/cropped-Logo_SVh2-300x158-1.png\",\"contentUrl\":\"https:\/\/pscsvh.com\/wp-content\/uploads\/2022\/06\/cropped-Logo_SVh2-300x158-1.png\",\"width\":300,\"height\":158,\"caption\":\"PSC SVH\"},\"image\":{\"@id\":\"https:\/\/pscsvh.com\/ca\/#\/schema\/logo\/image\/\"}},{\"@type\":\"Person\",\"@id\":\"https:\/\/pscsvh.com\/ca\/#\/schema\/person\/6ad2cedf14b82878e2897de3ed64f1f9\",\"name\":\"PSC SVH\",\"image\":{\"@type\":\"ImageObject\",\"inLanguage\":\"ca\",\"@id\":\"https:\/\/pscsvh.com\/ca\/#\/schema\/person\/image\/\",\"url\":\"https:\/\/secure.gravatar.com\/avatar\/a019c39072cc7d669be4d6e2cda099b4e834789e55938a3ec58bef829a37db42?s=96&d=mm&r=g\",\"contentUrl\":\"https:\/\/secure.gravatar.com\/avatar\/a019c39072cc7d669be4d6e2cda099b4e834789e55938a3ec58bef829a37db42?s=96&d=mm&r=g\",\"caption\":\"PSC SVH\"},\"url\":\"https:\/\/pscsvh.com\/ca\/author\/admin-2\/\"}]}<\/script>\n<!-- \/ Yoast SEO plugin. -->","yoast_head_json":{"title":"Signem un acord de pressupostos per al 2022 amb Sant Vicen\u00e7 En Com\u00fa - PSC SVH","description":"Vam signar un acord de pressupostos per al 2022 amb Sant Vicen\u00e7 En Com\u00fa. PSC Sant Vicen\u00e7 signem un acord de pressupostos per al 2022 amb Sant Vicen\u00e7 En Com\u00fa Podem","robots":{"index":"index","follow":"follow","max-snippet":"max-snippet:-1","max-image-preview":"max-image-preview:large","max-video-preview":"max-video-preview:-1"},"canonical":"https:\/\/pscsvh.com\/ca\/signem-un-acord-de-pressupostos-per-al-2022-amb-sant-vicenc-en-comu\/","og_locale":"ca_ES","og_type":"article","og_title":"Signem un acord de pressupostos per al 2022 amb Sant Vicen\u00e7 En Com\u00fa - PSC SVH","og_description":"Vam signar un acord de pressupostos per al 2022 amb Sant Vicen\u00e7 En Com\u00fa. PSC Sant Vicen\u00e7 signem un acord de pressupostos per al 2022 amb Sant Vicen\u00e7 En Com\u00fa Podem","og_url":"https:\/\/pscsvh.com\/ca\/signem-un-acord-de-pressupostos-per-al-2022-amb-sant-vicenc-en-comu\/","og_site_name":"PSC SVH","article_published_time":"2022-02-04T19:23:00+00:00","article_modified_time":"2022-06-03T17:47:25+00:00","og_image":[{"width":2048,"height":1536,"url":"https:\/\/pscsvh.com\/wp-content\/uploads\/2022\/05\/01-1.jpeg","type":"image\/jpeg"}],"author":"PSC SVH","twitter_card":"summary_large_image","twitter_misc":{"Escrit per":"PSC SVH"},"schema":{"@context":"https:\/\/schema.org","@graph":[{"@type":"Article","@id":"https:\/\/pscsvh.com\/ca\/signem-un-acord-de-pressupostos-per-al-2022-amb-sant-vicenc-en-comu\/#article","isPartOf":{"@id":"https:\/\/pscsvh.com\/ca\/signem-un-acord-de-pressupostos-per-al-2022-amb-sant-vicenc-en-comu\/"},"author":{"name":"PSC SVH","@id":"https:\/\/pscsvh.com\/ca\/#\/schema\/person\/6ad2cedf14b82878e2897de3ed64f1f9"},"headline":"Signem un acord de pressupostos per al 2022 amb Sant Vicen\u00e7 En Com\u00fa","datePublished":"2022-02-04T19:23:00+00:00","dateModified":"2022-06-03T17:47:25+00:00","mainEntityOfPage":{"@id":"https:\/\/pscsvh.com\/ca\/signem-un-acord-de-pressupostos-per-al-2022-amb-sant-vicenc-en-comu\/"},"wordCount":68,"publisher":{"@id":"https:\/\/pscsvh.com\/ca\/#organization"},"image":{"@id":"https:\/\/pscsvh.com\/ca\/signem-un-acord-de-pressupostos-per-al-2022-amb-sant-vicenc-en-comu\/#primaryimage"},"thumbnailUrl":"https:\/\/pscsvh.com\/wp-content\/uploads\/2022\/05\/01-1.jpeg","keywords":["Presupuesto"],"articleSection":["Acuerdos"],"inLanguage":"ca"},{"@type":"WebPage","@id":"https:\/\/pscsvh.com\/ca\/signem-un-acord-de-pressupostos-per-al-2022-amb-sant-vicenc-en-comu\/","url":"https:\/\/pscsvh.com\/ca\/signem-un-acord-de-pressupostos-per-al-2022-amb-sant-vicenc-en-comu\/","name":"Signem un acord de pressupostos per al 2022 amb Sant Vicen\u00e7 En Com\u00fa - PSC SVH","isPartOf":{"@id":"https:\/\/pscsvh.com\/ca\/#website"},"primaryImageOfPage":{"@id":"https:\/\/pscsvh.com\/ca\/signem-un-acord-de-pressupostos-per-al-2022-amb-sant-vicenc-en-comu\/#primaryimage"},"image":{"@id":"https:\/\/pscsvh.com\/ca\/signem-un-acord-de-pressupostos-per-al-2022-amb-sant-vicenc-en-comu\/#primaryimage"},"thumbnailUrl":"https:\/\/pscsvh.com\/wp-content\/uploads\/2022\/05\/01-1.jpeg","datePublished":"2022-02-04T19:23:00+00:00","dateModified":"2022-06-03T17:47:25+00:00","description":"Vam signar un acord de pressupostos per al 2022 amb Sant Vicen\u00e7 En Com\u00fa. PSC Sant Vicen\u00e7 signem un acord de pressupostos per al 2022 amb Sant Vicen\u00e7 En Com\u00fa Podem","breadcrumb":{"@id":"https:\/\/pscsvh.com\/ca\/signem-un-acord-de-pressupostos-per-al-2022-amb-sant-vicenc-en-comu\/#breadcrumb"},"inLanguage":"ca","potentialAction":[{"@type":"ReadAction","target":["https:\/\/pscsvh.com\/ca\/signem-un-acord-de-pressupostos-per-al-2022-amb-sant-vicenc-en-comu\/"]}]},{"@type":"ImageObject","inLanguage":"ca","@id":"https:\/\/pscsvh.com\/ca\/signem-un-acord-de-pressupostos-per-al-2022-amb-sant-vicenc-en-comu\/#primaryimage","url":"https:\/\/pscsvh.com\/wp-content\/uploads\/2022\/05\/01-1.jpeg","contentUrl":"https:\/\/pscsvh.com\/wp-content\/uploads\/2022\/05\/01-1.jpeg","width":2048,"height":1536},{"@type":"BreadcrumbList","@id":"https:\/\/pscsvh.com\/ca\/signem-un-acord-de-pressupostos-per-al-2022-amb-sant-vicenc-en-comu\/#breadcrumb","itemListElement":[{"@type":"ListItem","position":1,"name":"Portada","item":"https:\/\/pscsvh.com\/ca\/"},{"@type":"ListItem","position":2,"name":"Signem un acord de pressupostos per al 2022 amb Sant Vicen\u00e7 En Com\u00fa"}]},{"@type":"WebSite","@id":"https:\/\/pscsvh.com\/ca\/#website","url":"https:\/\/pscsvh.com\/ca\/","name":"PSC SVH","description":"El cambio que suma","publisher":{"@id":"https:\/\/pscsvh.com\/ca\/#organization"},"potentialAction":[{"@type":"SearchAction","target":{"@type":"EntryPoint","urlTemplate":"https:\/\/pscsvh.com\/ca\/?s={search_term_string}"},"query-input":{"@type":"PropertyValueSpecification","valueRequired":true,"valueName":"search_term_string"}}],"inLanguage":"ca"},{"@type":"Organization","@id":"https:\/\/pscsvh.com\/ca\/#organization","name":"PSC SVH","url":"https:\/\/pscsvh.com\/ca\/","logo":{"@type":"ImageObject","inLanguage":"ca","@id":"https:\/\/pscsvh.com\/ca\/#\/schema\/logo\/image\/","url":"https:\/\/pscsvh.com\/wp-content\/uploads\/2022\/06\/cropped-Logo_SVh2-300x158-1.png","contentUrl":"https:\/\/pscsvh.com\/wp-content\/uploads\/2022\/06\/cropped-Logo_SVh2-300x158-1.png","width":300,"height":158,"caption":"PSC SVH"},"image":{"@id":"https:\/\/pscsvh.com\/ca\/#\/schema\/logo\/image\/"}},{"@type":"Person","@id":"https:\/\/pscsvh.com\/ca\/#\/schema\/person\/6ad2cedf14b82878e2897de3ed64f1f9","name":"PSC SVH","image":{"@type":"ImageObject","inLanguage":"ca","@id":"https:\/\/pscsvh.com\/ca\/#\/schema\/person\/image\/","url":"https:\/\/secure.gravatar.com\/avatar\/a019c39072cc7d669be4d6e2cda099b4e834789e55938a3ec58bef829a37db42?s=96&d=mm&r=g","contentUrl":"https:\/\/secure.gravatar.com\/avatar\/a019c39072cc7d669be4d6e2cda099b4e834789e55938a3ec58bef829a37db42?s=96&d=mm&r=g","caption":"PSC SVH"},"url":"https:\/\/pscsvh.com\/ca\/author\/admin-2\/"}]}},"_links":{"self":[{"href":"https:\/\/pscsvh.com\/ca\/wp-json\/wp\/v2\/posts\/2377","targetHints":{"allow":["GET"]}}],"collection":[{"href":"https:\/\/pscsvh.com\/ca\/wp-json\/wp\/v2\/posts"}],"about":[{"href":"https:\/\/pscsvh.com\/ca\/wp-json\/wp\/v2\/types\/post"}],"author":[{"embeddable":true,"href":"https:\/\/pscsvh.com\/ca\/wp-json\/wp\/v2\/users\/2"}],"replies":[{"embeddable":true,"href":"https:\/\/pscsvh.com\/ca\/wp-json\/wp\/v2\/comments?post=2377"}],"version-history":[{"count":1,"href":"https:\/\/pscsvh.com\/ca\/wp-json\/wp\/v2\/posts\/2377\/revisions"}],"predecessor-version":[{"id":2378,"href":"https:\/\/pscsvh.com\/ca\/wp-json\/wp\/v2\/posts\/2377\/revisions\/2378"}],"wp:featuredmedia":[{"embeddable":true,"href":"https:\/\/pscsvh.com\/ca\/wp-json\/wp\/v2\/media\/2266"}],"wp:attachment":[{"href":"https:\/\/pscsvh.com\/ca\/wp-json\/wp\/v2\/media?parent=2377"}],"wp:term":[{"taxonomy":"category","embeddable":true,"href":"https:\/\/pscsvh.com\/ca\/wp-json\/wp\/v2\/categories?post=2377"},{"taxonomy":"post_tag","embeddable":true,"href":"https:\/\/pscsvh.com\/ca\/wp-json\/wp\/v2\/tags?post=2377"},{"taxonomy":"citadela-post-location","embeddable":true,"href":"https:\/\/pscsvh.com\/ca\/wp-json\/wp\/v2\/citadela-post-location?post=2377"}],"curies":[{"name":"wp","href":"https:\/\/api.w.org\/{rel}","templated":true}]}}